{"id":254747,"date":"2023-07-05T14:09:44","date_gmt":"2023-07-05T12:09:44","guid":{"rendered":"https:\/\/upmp.news\/?p=254747"},"modified":"2023-07-05T14:11:04","modified_gmt":"2023-07-05T12:11:04","slug":"eu-migrationspakt-polen-ist-unser-schatz-den-wir-schuetzen-muessen","status":"publish","type":"post","link":"https:\/\/upmp.news\/de\/in-polen\/eu-migrationspakt-polen-ist-unser-schatz-den-wir-schuetzen-muessen\/","title":{"rendered":"EU-Migrationspakt: \u201ePolen ist unser Schatz, den wir sch\u00fctzen m\u00fcssen\u201c"},"content":{"rendered":"\n<p><strong>Der Mechanismus der Zwangsumsiedlung sei eine Bedrohung f\u00fcr die Sicherheit Polens, betonte Premierminister Mateusz Morawiecki am Mittwoch. \u201eAlle politischen Kr\u00e4fte sollten eine klare Position zu diesem Thema einnehmen. Deshalb lade ich alle parlamentarischen Klubs und Kreise zu einer Diskussion ein\u201c, f\u00fcgte Morawiecki hinzu.<\/strong> <strong>Dies wird von Upmp.news unter <a href=\"https:\/\/www.polskieradio.pl\/400\/7764\/Artykul\/3202453,eumigrationspakt-polen-ist-unser-schatz-den-wir-sch%C3%BCtzen-m%C3%BCssen%E2%80%9C\">Bezugnahme<\/a> auf \u201ePolskie Radio\u201c gemeldet.<\/strong><\/p>\n\n\n\n<p>\u201eDie wirksamen Ma\u00dfnahmen von Recht und Gerechtigkeit haben uns vor den Pariser Ereignissen in Warschau bewahrt. Alle politischen Kr\u00e4fte sollten in dieser Angelegenheit eine klare Position vertreten. Deshalb lade ich alle parlamentarischen Klubs und Kreise zu einer Diskussion ein. Polen ist unser Schatz, den wir sch\u00fctzen m\u00fcssen\u201c, betonte er.<\/p>\n\n\n\n<p>Am Dienstag besuchte EU-Innenkommissarin Ylva Johansson die italienische Insel Lampedusa, wo sie auf einer Pressekonferenz &#8211; mit Bezug auf den j\u00fcngsten EU-Gipfel in Br\u00fcssel &#8211; anerkannte, dass es ein \u201egro\u00dfer Erfolg\u201c sei, dass nur zwei L\u00e4nder, Polen und Ungarn, sich den Vorschl\u00e4gen zur Umsiedlung von Migranten widersetzt h\u00e4tten.<\/p>\n\n\n\n<p>\u201eDer Vorschlag sieht eine Umsiedlung vor, aber sie ist nicht zwingend. Was verpflichtend ist, ist die Solidarit\u00e4t\u201c, sagte sie. Zugleich pr\u00e4zisierte sie: Die Solidarit\u00e4t ist durch die Gesetzgebung verbindlich gemacht worden. Damit hat die Kommission ein neues Instrument in der Hand. Wenn ein Land sich nicht zur Umsiedlung verpflichtet, muss es zahlen, und zwar nicht nur an L\u00e4nder, die unter Druck stehen, sondern auch an Drittl\u00e4nder.<\/p>\n\n\n\n<p>\u201eWir haben gelernt, dass alles, was auf Freiwilligkeit beruht, schwer zu erreichen ist, aber es handelt sich um langwierige und sichere Prozesse\u201c, versicherte Johansson.<\/p>\n\n\n\n<p>Polen will jedoch weder Asylbewerber aufnehmen noch zahlen, da die Regierung, die M\u00f6glichkeit eines finanziellen Beitrags als \u201eStrafe\u201c f\u00fcr die Verweigerung der Einhaltung der Quoten ansieht.<\/p>\n\n\n\n<p><strong>Polen sollen ein Mitspracherecht haben<\/strong><\/p>\n\n\n\n<p>Die polnische Regierung will ein Referendum \u00fcber die Teilnahme des Landes am EU-Verteilmechanismus f\u00fcr Migranten abhalten. Die Abstimmung soll h\u00f6chstwahrscheinlich parallel zu den Parlamentswahlen im Herbst stattfinden, best\u00e4tigte der Premierminister Mateusz Morawiecki am Montag.&nbsp;<\/p>\n\n\n\n<p>\u201eIm Namen von Millionen polnischer B\u00fcrgerinnen und B\u00fcrger, deren Interessen die PiS-Regierung vertritt, werden wir ein Veto gegen den Mechanismus der Zwangsumsiedlung einlegen. Ein Europa der sicheren Grenzen ist auch ein Europa ohne Zwangsumsiedlungen\u201c, sagte Polens Premierminister Mateusz Morawiecki letzte Woche.<\/p>\n\n\n\n<p>Laut Morawiecki gibt es in der EU einen st\u00e4ndigen Versuch, Zwangsumsiedlungen \u201edurch die Hintert\u00fcr, entgegen den Vertr\u00e4gen und unter Androhung finanzieller Strafen\u201c einzuf\u00fchren. \u201eDie Regierung der PiS wird sicherlich keinen Experimenten, keiner Erpressung bez\u00fcglich der Aufnahme illegaler Einwanderer zustimmen. Ich werde als Premierminister nicht zustimmen, unsere Rechte und unsere Souver\u00e4nit\u00e4t zu verletzen&#8220;.<\/p>\n\n\n\n<p>PAP\/jc<\/p>\n<div class=\"newspaper-x-tags\"><strong><\/strong><span><a href=\"https:\/\/upmp.news\/de\/tag\/mateusz-morawiecki-3\/\" rel=\"tag\">Mateusz Morawiecki<\/a><\/span><a href=\"https:\/\/upmp.news\/de\/tag\/pis-2-2\/\" rel=\"tag\">PiS<\/a> <\/div>","protected":false},"excerpt":{"rendered":"<p>Der Mechanismus der Zwangsumsiedlung sei eine Bedrohung f\u00fcr die Sicherheit Polens, betonte Premierminister Mateusz Morawiecki am Mittwoch. \u201eAlle politischen Kr\u00e4fte sollten eine klare Position zu diesem Thema einnehmen. Deshalb lade ich alle parlamentarischen Klubs und Kreise zu einer Diskussion ein\u201c, f\u00fcgte Morawiecki hinzu. Dies wird von Upmp.news unter Bezugnahme auf \u201ePolskie Radio\u201c gemeldet. \u201eDie wirksamen [&hellip;]<\/p>\n","protected":false},"author":27,"featured_media":254748,"comment_status":"closed","ping_status":"open","sticky":true,"template":"","format":"standard","meta":{"_exactmetrics_skip_tracking":false,"_exactmetrics_sitenote_active":false,"_exactmetrics_sitenote_note":"","_exactmetrics_sitenote_category":0,"footnotes":""},"categories":[20640],"tags":[21267,21268],"class_list":["post-254747","post","type-post","status-publish","format-standard","has-post-thumbnail","hentry","category-in-polen","tag-mateusz-morawiecki-3","tag-pis-2-2"],"yoast_head":"<!-- This site is optimized with the Yoast SEO plugin v27.3 - https:\/\/yoast.com\/product\/yoast-seo-wordpress\/ -->\n<title>EU-Migrationspakt: \u201ePolen ist unser Schatz, den wir sch\u00fctzen m\u00fcssen\u201c &#8211; U.P.M.P<\/title>\n<meta name=\"robots\" content=\"index, follow, max-snippet:-1, max-image-preview:large, max-video-preview:-1\" \/>\n<link rel=\"canonical\" href=\"https:\/\/upmp.news\/de\/in-polen\/eu-migrationspakt-polen-ist-unser-schatz-den-wir-schuetzen-muessen\/\" \/>\n<meta property=\"og:locale\" content=\"de_DE\" \/>\n<meta property=\"og:type\" content=\"article\" \/>\n<meta property=\"og:title\" content=\"EU-Migrationspakt: \u201ePolen ist unser Schatz, den wir sch\u00fctzen m\u00fcssen\u201c &#8211; U.P.M.P\" \/>\n<meta property=\"og:description\" content=\"Der Mechanismus der Zwangsumsiedlung sei eine Bedrohung f\u00fcr die Sicherheit Polens, betonte Premierminister Mateusz Morawiecki am Mittwoch. \u201eAlle politischen Kr\u00e4fte sollten eine klare Position zu diesem Thema einnehmen. Deshalb lade ich alle parlamentarischen Klubs und Kreise zu einer Diskussion ein\u201c, f\u00fcgte Morawiecki hinzu. Dies wird von Upmp.news unter Bezugnahme auf \u201ePolskie Radio\u201c gemeldet. \u201eDie wirksamen [&hellip;]\" \/>\n<meta property=\"og:url\" content=\"https:\/\/upmp.news\/de\/in-polen\/eu-migrationspakt-polen-ist-unser-schatz-den-wir-schuetzen-muessen\/\" \/>\n<meta property=\"og:site_name\" content=\"U.P.M.P\" \/>\n<meta property=\"article:publisher\" content=\"https:\/\/www.facebook.com\/upmp.news\/\" \/>\n<meta property=\"article:published_time\" content=\"2023-07-05T12:09:44+00:00\" \/>\n<meta property=\"article:modified_time\" content=\"2023-07-05T12:11:04+00:00\" \/>\n<meta property=\"og:image\" content=\"https:\/\/upmp.news\/wp-content\/uploads\/2023\/07\/Screenshot-2023-07-05-at-15-05-42-EU-Migrationspakt-Polen-ist-unser-Schatz-den-wir-schutzen-mussen.png\" \/>\n\t<meta property=\"og:image:width\" content=\"937\" \/>\n\t<meta property=\"og:image:height\" content=\"515\" \/>\n\t<meta property=\"og:image:type\" content=\"image\/png\" \/>\n<meta name=\"author\" content=\"vladimyr\" \/>\n<meta name=\"twitter:card\" content=\"summary_large_image\" \/>\n<meta name=\"twitter:creator\" content=\"@maininua\" \/>\n<meta name=\"twitter:site\" content=\"@maininua\" \/>\n<meta name=\"twitter:label1\" content=\"Verfasst von\" \/>\n\t<meta name=\"twitter:data1\" content=\"vladimyr\" \/>\n\t<meta name=\"twitter:label2\" content=\"Gesch\u00e4tzte Lesezeit\" \/>\n\t<meta name=\"twitter:data2\" content=\"3\u00a0Minuten\" \/>\n<script type=\"application\/ld+json\" class=\"yoast-schema-graph\">{\"@context\":\"https:\\\/\\\/schema.org\",\"@graph\":[{\"@type\":\"Article\",\"@id\":\"https:\\\/\\\/upmp.news\\\/de\\\/in-polen\\\/eu-migrationspakt-polen-ist-unser-schatz-den-wir-schuetzen-muessen\\\/#article\",\"isPartOf\":{\"@id\":\"https:\\\/\\\/upmp.news\\\/de\\\/in-polen\\\/eu-migrationspakt-polen-ist-unser-schatz-den-wir-schuetzen-muessen\\\/\"},\"author\":{\"name\":\"vladimyr\",\"@id\":\"https:\\\/\\\/upmp.news\\\/#\\\/schema\\\/person\\\/cebd3113030eb01f184505010f519d71\"},\"headline\":\"EU-Migrationspakt: \u201ePolen ist unser Schatz, den wir sch\u00fctzen m\u00fcssen\u201c\",\"datePublished\":\"2023-07-05T12:09:44+00:00\",\"dateModified\":\"2023-07-05T12:11:04+00:00\",\"mainEntityOfPage\":{\"@id\":\"https:\\\/\\\/upmp.news\\\/de\\\/in-polen\\\/eu-migrationspakt-polen-ist-unser-schatz-den-wir-schuetzen-muessen\\\/\"},\"wordCount\":445,\"image\":{\"@id\":\"https:\\\/\\\/upmp.news\\\/de\\\/in-polen\\\/eu-migrationspakt-polen-ist-unser-schatz-den-wir-schuetzen-muessen\\\/#primaryimage\"},\"thumbnailUrl\":\"https:\\\/\\\/upmp.news\\\/wp-content\\\/uploads\\\/2023\\\/07\\\/Screenshot-2023-07-05-at-15-05-42-EU-Migrationspakt-Polen-ist-unser-Schatz-den-wir-schutzen-mussen.png\",\"keywords\":[\"Mateusz Morawiecki\",\"PiS\"],\"articleSection\":[\"In Polen\"],\"inLanguage\":\"de\"},{\"@type\":\"WebPage\",\"@id\":\"https:\\\/\\\/upmp.news\\\/de\\\/in-polen\\\/eu-migrationspakt-polen-ist-unser-schatz-den-wir-schuetzen-muessen\\\/\",\"url\":\"https:\\\/\\\/upmp.news\\\/de\\\/in-polen\\\/eu-migrationspakt-polen-ist-unser-schatz-den-wir-schuetzen-muessen\\\/\",\"name\":\"EU-Migrationspakt: \u201ePolen ist unser Schatz, den wir sch\u00fctzen m\u00fcssen\u201c &#8211; U.P.M.P\",\"isPartOf\":{\"@id\":\"https:\\\/\\\/upmp.news\\\/#website\"},\"primaryImageOfPage\":{\"@id\":\"https:\\\/\\\/upmp.news\\\/de\\\/in-polen\\\/eu-migrationspakt-polen-ist-unser-schatz-den-wir-schuetzen-muessen\\\/#primaryimage\"},\"image\":{\"@id\":\"https:\\\/\\\/upmp.news\\\/de\\\/in-polen\\\/eu-migrationspakt-polen-ist-unser-schatz-den-wir-schuetzen-muessen\\\/#primaryimage\"},\"thumbnailUrl\":\"https:\\\/\\\/upmp.news\\\/wp-content\\\/uploads\\\/2023\\\/07\\\/Screenshot-2023-07-05-at-15-05-42-EU-Migrationspakt-Polen-ist-unser-Schatz-den-wir-schutzen-mussen.png\",\"datePublished\":\"2023-07-05T12:09:44+00:00\",\"dateModified\":\"2023-07-05T12:11:04+00:00\",\"author\":{\"@id\":\"https:\\\/\\\/upmp.news\\\/#\\\/schema\\\/person\\\/cebd3113030eb01f184505010f519d71\"},\"breadcrumb\":{\"@id\":\"https:\\\/\\\/upmp.news\\\/de\\\/in-polen\\\/eu-migrationspakt-polen-ist-unser-schatz-den-wir-schuetzen-muessen\\\/#breadcrumb\"},\"inLanguage\":\"de\",\"potentialAction\":[{\"@type\":\"ReadAction\",\"target\":[\"https:\\\/\\\/upmp.news\\\/de\\\/in-polen\\\/eu-migrationspakt-polen-ist-unser-schatz-den-wir-schuetzen-muessen\\\/\"]}]},{\"@type\":\"ImageObject\",\"inLanguage\":\"de\",\"@id\":\"https:\\\/\\\/upmp.news\\\/de\\\/in-polen\\\/eu-migrationspakt-polen-ist-unser-schatz-den-wir-schuetzen-muessen\\\/#primaryimage\",\"url\":\"https:\\\/\\\/upmp.news\\\/wp-content\\\/uploads\\\/2023\\\/07\\\/Screenshot-2023-07-05-at-15-05-42-EU-Migrationspakt-Polen-ist-unser-Schatz-den-wir-schutzen-mussen.png\",\"contentUrl\":\"https:\\\/\\\/upmp.news\\\/wp-content\\\/uploads\\\/2023\\\/07\\\/Screenshot-2023-07-05-at-15-05-42-EU-Migrationspakt-Polen-ist-unser-Schatz-den-wir-schutzen-mussen.png\",\"width\":937,\"height\":515,\"caption\":\"Mateusz Morawiecki KPRM\"},{\"@type\":\"BreadcrumbList\",\"@id\":\"https:\\\/\\\/upmp.news\\\/de\\\/in-polen\\\/eu-migrationspakt-polen-ist-unser-schatz-den-wir-schuetzen-muessen\\\/#breadcrumb\",\"itemListElement\":[{\"@type\":\"ListItem\",\"position\":1,\"name\":\"Home\",\"item\":\"https:\\\/\\\/upmp.news\\\/\"},{\"@type\":\"ListItem\",\"position\":2,\"name\":\"EU-Migrationspakt: \u201ePolen ist unser Schatz, den wir sch\u00fctzen m\u00fcssen\u201c\"}]},{\"@type\":\"WebSite\",\"@id\":\"https:\\\/\\\/upmp.news\\\/#website\",\"url\":\"https:\\\/\\\/upmp.news\\\/\",\"name\":\"U.P.M.P\",\"description\":\"\u0423\u043a\u0440\u0430\u0457\u043d\u043e-\u043f\u043e\u043b\u044c\u0441\u044c\u043a\u0430 \u043c\u0435\u0434\u0456\u0430\u043f\u043b\u0430\u0442\u0444\u043e\u0440\u043c\u0430\",\"potentialAction\":[{\"@type\":\"SearchAction\",\"target\":{\"@type\":\"EntryPoint\",\"urlTemplate\":\"https:\\\/\\\/upmp.news\\\/?s={search_term_string}\"},\"query-input\":{\"@type\":\"PropertyValueSpecification\",\"valueRequired\":true,\"valueName\":\"search_term_string\"}}],\"inLanguage\":\"de\"},{\"@type\":\"Person\",\"@id\":\"https:\\\/\\\/upmp.news\\\/#\\\/schema\\\/person\\\/cebd3113030eb01f184505010f519d71\",\"name\":\"vladimyr\",\"image\":{\"@type\":\"ImageObject\",\"inLanguage\":\"de\",\"@id\":\"https:\\\/\\\/upmp.news\\\/wp-content\\\/uploads\\\/2017\\\/12\\\/ava.png\",\"url\":\"https:\\\/\\\/upmp.news\\\/wp-content\\\/uploads\\\/2017\\\/12\\\/ava.png\",\"contentUrl\":\"https:\\\/\\\/upmp.news\\\/wp-content\\\/uploads\\\/2017\\\/12\\\/ava.png\",\"caption\":\"vladimyr\"},\"url\":\"https:\\\/\\\/upmp.news\\\/de\\\/author\\\/vladimyr\\\/\"}]}<\/script>\n<!-- \/ Yoast SEO plugin. -->","yoast_head_json":{"title":"EU-Migrationspakt: \u201ePolen ist unser Schatz, den wir sch\u00fctzen m\u00fcssen\u201c &#8211; U.P.M.P","robots":{"index":"index","follow":"follow","max-snippet":"max-snippet:-1","max-image-preview":"max-image-preview:large","max-video-preview":"max-video-preview:-1"},"canonical":"https:\/\/upmp.news\/de\/in-polen\/eu-migrationspakt-polen-ist-unser-schatz-den-wir-schuetzen-muessen\/","og_locale":"de_DE","og_type":"article","og_title":"EU-Migrationspakt: \u201ePolen ist unser Schatz, den wir sch\u00fctzen m\u00fcssen\u201c &#8211; U.P.M.P","og_description":"Der Mechanismus der Zwangsumsiedlung sei eine Bedrohung f\u00fcr die Sicherheit Polens, betonte Premierminister Mateusz Morawiecki am Mittwoch. \u201eAlle politischen Kr\u00e4fte sollten eine klare Position zu diesem Thema einnehmen. Deshalb lade ich alle parlamentarischen Klubs und Kreise zu einer Diskussion ein\u201c, f\u00fcgte Morawiecki hinzu. Dies wird von Upmp.news unter Bezugnahme auf \u201ePolskie Radio\u201c gemeldet. \u201eDie wirksamen [&hellip;]","og_url":"https:\/\/upmp.news\/de\/in-polen\/eu-migrationspakt-polen-ist-unser-schatz-den-wir-schuetzen-muessen\/","og_site_name":"U.P.M.P","article_publisher":"https:\/\/www.facebook.com\/upmp.news\/","article_published_time":"2023-07-05T12:09:44+00:00","article_modified_time":"2023-07-05T12:11:04+00:00","og_image":[{"width":937,"height":515,"url":"https:\/\/upmp.news\/wp-content\/uploads\/2023\/07\/Screenshot-2023-07-05-at-15-05-42-EU-Migrationspakt-Polen-ist-unser-Schatz-den-wir-schutzen-mussen.png","type":"image\/png"}],"author":"vladimyr","twitter_card":"summary_large_image","twitter_creator":"@maininua","twitter_site":"@maininua","twitter_misc":{"Verfasst von":"vladimyr","Gesch\u00e4tzte Lesezeit":"3\u00a0Minuten"},"schema":{"@context":"https:\/\/schema.org","@graph":[{"@type":"Article","@id":"https:\/\/upmp.news\/de\/in-polen\/eu-migrationspakt-polen-ist-unser-schatz-den-wir-schuetzen-muessen\/#article","isPartOf":{"@id":"https:\/\/upmp.news\/de\/in-polen\/eu-migrationspakt-polen-ist-unser-schatz-den-wir-schuetzen-muessen\/"},"author":{"name":"vladimyr","@id":"https:\/\/upmp.news\/#\/schema\/person\/cebd3113030eb01f184505010f519d71"},"headline":"EU-Migrationspakt: \u201ePolen ist unser Schatz, den wir sch\u00fctzen m\u00fcssen\u201c","datePublished":"2023-07-05T12:09:44+00:00","dateModified":"2023-07-05T12:11:04+00:00","mainEntityOfPage":{"@id":"https:\/\/upmp.news\/de\/in-polen\/eu-migrationspakt-polen-ist-unser-schatz-den-wir-schuetzen-muessen\/"},"wordCount":445,"image":{"@id":"https:\/\/upmp.news\/de\/in-polen\/eu-migrationspakt-polen-ist-unser-schatz-den-wir-schuetzen-muessen\/#primaryimage"},"thumbnailUrl":"https:\/\/upmp.news\/wp-content\/uploads\/2023\/07\/Screenshot-2023-07-05-at-15-05-42-EU-Migrationspakt-Polen-ist-unser-Schatz-den-wir-schutzen-mussen.png","keywords":["Mateusz Morawiecki","PiS"],"articleSection":["In Polen"],"inLanguage":"de"},{"@type":"WebPage","@id":"https:\/\/upmp.news\/de\/in-polen\/eu-migrationspakt-polen-ist-unser-schatz-den-wir-schuetzen-muessen\/","url":"https:\/\/upmp.news\/de\/in-polen\/eu-migrationspakt-polen-ist-unser-schatz-den-wir-schuetzen-muessen\/","name":"EU-Migrationspakt: \u201ePolen ist unser Schatz, den wir sch\u00fctzen m\u00fcssen\u201c &#8211; U.P.M.P","isPartOf":{"@id":"https:\/\/upmp.news\/#website"},"primaryImageOfPage":{"@id":"https:\/\/upmp.news\/de\/in-polen\/eu-migrationspakt-polen-ist-unser-schatz-den-wir-schuetzen-muessen\/#primaryimage"},"image":{"@id":"https:\/\/upmp.news\/de\/in-polen\/eu-migrationspakt-polen-ist-unser-schatz-den-wir-schuetzen-muessen\/#primaryimage"},"thumbnailUrl":"https:\/\/upmp.news\/wp-content\/uploads\/2023\/07\/Screenshot-2023-07-05-at-15-05-42-EU-Migrationspakt-Polen-ist-unser-Schatz-den-wir-schutzen-mussen.png","datePublished":"2023-07-05T12:09:44+00:00","dateModified":"2023-07-05T12:11:04+00:00","author":{"@id":"https:\/\/upmp.news\/#\/schema\/person\/cebd3113030eb01f184505010f519d71"},"breadcrumb":{"@id":"https:\/\/upmp.news\/de\/in-polen\/eu-migrationspakt-polen-ist-unser-schatz-den-wir-schuetzen-muessen\/#breadcrumb"},"inLanguage":"de","potentialAction":[{"@type":"ReadAction","target":["https:\/\/upmp.news\/de\/in-polen\/eu-migrationspakt-polen-ist-unser-schatz-den-wir-schuetzen-muessen\/"]}]},{"@type":"ImageObject","inLanguage":"de","@id":"https:\/\/upmp.news\/de\/in-polen\/eu-migrationspakt-polen-ist-unser-schatz-den-wir-schuetzen-muessen\/#primaryimage","url":"https:\/\/upmp.news\/wp-content\/uploads\/2023\/07\/Screenshot-2023-07-05-at-15-05-42-EU-Migrationspakt-Polen-ist-unser-Schatz-den-wir-schutzen-mussen.png","contentUrl":"https:\/\/upmp.news\/wp-content\/uploads\/2023\/07\/Screenshot-2023-07-05-at-15-05-42-EU-Migrationspakt-Polen-ist-unser-Schatz-den-wir-schutzen-mussen.png","width":937,"height":515,"caption":"Mateusz Morawiecki KPRM"},{"@type":"BreadcrumbList","@id":"https:\/\/upmp.news\/de\/in-polen\/eu-migrationspakt-polen-ist-unser-schatz-den-wir-schuetzen-muessen\/#breadcrumb","itemListElement":[{"@type":"ListItem","position":1,"name":"Home","item":"https:\/\/upmp.news\/"},{"@type":"ListItem","position":2,"name":"EU-Migrationspakt: \u201ePolen ist unser Schatz, den wir sch\u00fctzen m\u00fcssen\u201c"}]},{"@type":"WebSite","@id":"https:\/\/upmp.news\/#website","url":"https:\/\/upmp.news\/","name":"U.P.M.P","description":"\u0423\u043a\u0440\u0430\u0457\u043d\u043e-\u043f\u043e\u043b\u044c\u0441\u044c\u043a\u0430 \u043c\u0435\u0434\u0456\u0430\u043f\u043b\u0430\u0442\u0444\u043e\u0440\u043c\u0430","potentialAction":[{"@type":"SearchAction","target":{"@type":"EntryPoint","urlTemplate":"https:\/\/upmp.news\/?s={search_term_string}"},"query-input":{"@type":"PropertyValueSpecification","valueRequired":true,"valueName":"search_term_string"}}],"inLanguage":"de"},{"@type":"Person","@id":"https:\/\/upmp.news\/#\/schema\/person\/cebd3113030eb01f184505010f519d71","name":"vladimyr","image":{"@type":"ImageObject","inLanguage":"de","@id":"https:\/\/upmp.news\/wp-content\/uploads\/2017\/12\/ava.png","url":"https:\/\/upmp.news\/wp-content\/uploads\/2017\/12\/ava.png","contentUrl":"https:\/\/upmp.news\/wp-content\/uploads\/2017\/12\/ava.png","caption":"vladimyr"},"url":"https:\/\/upmp.news\/de\/author\/vladimyr\/"}]}},"_links":{"self":[{"href":"https:\/\/upmp.news\/de\/wp-json\/wp\/v2\/posts\/254747","targetHints":{"allow":["GET"]}}],"collection":[{"href":"https:\/\/upmp.news\/de\/wp-json\/wp\/v2\/posts"}],"about":[{"href":"https:\/\/upmp.news\/de\/wp-json\/wp\/v2\/types\/post"}],"author":[{"embeddable":true,"href":"https:\/\/upmp.news\/de\/wp-json\/wp\/v2\/users\/27"}],"replies":[{"embeddable":true,"href":"https:\/\/upmp.news\/de\/wp-json\/wp\/v2\/comments?post=254747"}],"version-history":[{"count":1,"href":"https:\/\/upmp.news\/de\/wp-json\/wp\/v2\/posts\/254747\/revisions"}],"predecessor-version":[{"id":254753,"href":"https:\/\/upmp.news\/de\/wp-json\/wp\/v2\/posts\/254747\/revisions\/254753"}],"wp:featuredmedia":[{"embeddable":true,"href":"https:\/\/upmp.news\/de\/wp-json\/wp\/v2\/media\/254748"}],"wp:attachment":[{"href":"https:\/\/upmp.news\/de\/wp-json\/wp\/v2\/media?parent=254747"}],"wp:term":[{"taxonomy":"category","embeddable":true,"href":"https:\/\/upmp.news\/de\/wp-json\/wp\/v2\/categories?post=254747"},{"taxonomy":"post_tag","embeddable":true,"href":"https:\/\/upmp.news\/de\/wp-json\/wp\/v2\/tags?post=254747"}],"curies":[{"name":"wp","href":"https:\/\/api.w.org\/{rel}","templated":true}]}}