{"id":255313,"date":"2023-07-11T16:31:04","date_gmt":"2023-07-11T14:31:04","guid":{"rendered":"https:\/\/upmp.news\/?p=255313"},"modified":"2023-07-11T16:31:05","modified_gmt":"2023-07-11T14:31:05","slug":"polen-mutmasslicher-russischer-spion-festgenommen","status":"publish","type":"post","link":"https:\/\/upmp.news\/de\/in-polen\/polen-mutmasslicher-russischer-spion-festgenommen\/","title":{"rendered":"Polen: Mutma\u00dflicher russischer Spion festgenommen"},"content":{"rendered":"\n<p><strong>Die Agentur f\u00fcr innere Sicherheit hat einen weiteren Spion festgenommen. Dem Mann wird Spionaget\u00e4tigkeit zu Gunsten Russlands vorgeworfen.<\/strong> <strong>Dies wird von Upmp.news unter <a href=\"https:\/\/www.polskieradio.pl\/400\/7764\/Artykul\/3205365,polen-mutma%C3%9Flicher-russischer-spion-festgenommen\">Bezugnahme<\/a> auf \u201ePolskie Radio\u201c gemeldet.<\/strong><\/p>\n\n\n\n<p>Alles deutet darauf hin, dass der Verd\u00e4chtige polnische Milit\u00e4reinrichtungen und Seeh\u00e4fen \u00fcberwachte. Dem Mann drohen bis zu 10 Jahre Haft. Dies ist bereits das 15 festgenommene Mitglied eines Spionagenetzwerks, das im letzten Jahr aufgedeckt worden war.<\/p>\n\n\n\n<p>Von russischer Seite gab es kaum Reaktionen auf den Spionageverdacht. Kreml-Sprecher Dmitri Peskow \u00e4u\u00dferte lediglich, dass &#8222;noch keine detaillierten Informationen&#8220; zu dem Fall vorliegen w\u00fcrden.<\/p>\n\n\n\n<p>Wie die polnische Nachrichtenagentur PAP berichtete, soll das Spionagenetzwerk, dem der Verd\u00e4chtige angeh\u00f6rt haben soll, haupts\u00e4chlich das Eisenbahnnetz des Landes \u00fcberwacht haben. \u00dcber Polen wird ein Gro\u00dfteil der von der EU und der NATO zur Verf\u00fcgung gestellten Milit\u00e4rhilfe in die Ukraine transportiert.<\/p>\n\n\n\n<p>PAP\/jc<\/p>\n<div class=\"newspaper-x-tags\"><strong><\/strong><span><a href=\"https:\/\/upmp.news\/de\/tag\/russischer-spion\/\" rel=\"tag\">russischer Spion<\/a> <\/div>","protected":false},"excerpt":{"rendered":"<p>Die Agentur f\u00fcr innere Sicherheit hat einen weiteren Spion festgenommen. Dem Mann wird Spionaget\u00e4tigkeit zu Gunsten Russlands vorgeworfen. Dies wird von Upmp.news unter Bezugnahme auf \u201ePolskie Radio\u201c gemeldet. Alles deutet darauf hin, dass der Verd\u00e4chtige polnische Milit\u00e4reinrichtungen und Seeh\u00e4fen \u00fcberwachte. Dem Mann drohen bis zu 10 Jahre Haft. Dies ist bereits das 15 festgenommene Mitglied [&hellip;]<\/p>\n","protected":false},"author":27,"featured_media":255314,"comment_status":"closed","ping_status":"open","sticky":true,"template":"","format":"standard","meta":{"_exactmetrics_skip_tracking":false,"_exactmetrics_sitenote_active":false,"_exactmetrics_sitenote_note":"","_exactmetrics_sitenote_category":0,"footnotes":""},"categories":[20640],"tags":[21319],"class_list":["post-255313","post","type-post","status-publish","format-standard","has-post-thumbnail","hentry","category-in-polen","tag-russischer-spion"],"yoast_head":"<!-- This site is optimized with the Yoast SEO plugin v27.3 - https:\/\/yoast.com\/product\/yoast-seo-wordpress\/ -->\n<title>Polen: Mutma\u00dflicher russischer Spion festgenommen &#8211; U.P.M.P<\/title>\n<meta name=\"robots\" content=\"index, follow, max-snippet:-1, max-image-preview:large, max-video-preview:-1\" \/>\n<link rel=\"canonical\" href=\"https:\/\/upmp.news\/de\/in-polen\/polen-mutmasslicher-russischer-spion-festgenommen\/\" \/>\n<meta property=\"og:locale\" content=\"de_DE\" \/>\n<meta property=\"og:type\" content=\"article\" \/>\n<meta property=\"og:title\" content=\"Polen: Mutma\u00dflicher russischer Spion festgenommen &#8211; U.P.M.P\" \/>\n<meta property=\"og:description\" content=\"Die Agentur f\u00fcr innere Sicherheit hat einen weiteren Spion festgenommen. Dem Mann wird Spionaget\u00e4tigkeit zu Gunsten Russlands vorgeworfen. Dies wird von Upmp.news unter Bezugnahme auf \u201ePolskie Radio\u201c gemeldet. Alles deutet darauf hin, dass der Verd\u00e4chtige polnische Milit\u00e4reinrichtungen und Seeh\u00e4fen \u00fcberwachte. Dem Mann drohen bis zu 10 Jahre Haft. Dies ist bereits das 15 festgenommene Mitglied [&hellip;]\" \/>\n<meta property=\"og:url\" content=\"https:\/\/upmp.news\/de\/in-polen\/polen-mutmasslicher-russischer-spion-festgenommen\/\" \/>\n<meta property=\"og:site_name\" content=\"U.P.M.P\" \/>\n<meta property=\"article:publisher\" content=\"https:\/\/www.facebook.com\/upmp.news\/\" \/>\n<meta property=\"article:published_time\" content=\"2023-07-11T14:31:04+00:00\" \/>\n<meta property=\"article:modified_time\" content=\"2023-07-11T14:31:05+00:00\" \/>\n<meta property=\"og:image\" content=\"https:\/\/upmp.news\/wp-content\/uploads\/2023\/07\/Screenshot-2023-07-11-at-17-27-24-Polen-Mutmaslicher-russischer-Spion-festgenommen.png\" \/>\n\t<meta property=\"og:image:width\" content=\"937\" \/>\n\t<meta property=\"og:image:height\" content=\"515\" \/>\n\t<meta property=\"og:image:type\" content=\"image\/png\" \/>\n<meta name=\"author\" content=\"vladimyr\" \/>\n<meta name=\"twitter:card\" content=\"summary_large_image\" \/>\n<meta name=\"twitter:creator\" content=\"@maininua\" \/>\n<meta name=\"twitter:site\" content=\"@maininua\" \/>\n<meta name=\"twitter:label1\" content=\"Verfasst von\" \/>\n\t<meta name=\"twitter:data1\" content=\"vladimyr\" \/>\n\t<meta name=\"twitter:label2\" content=\"Gesch\u00e4tzte Lesezeit\" \/>\n\t<meta name=\"twitter:data2\" content=\"1\u00a0Minute\" \/>\n<script type=\"application\/ld+json\" class=\"yoast-schema-graph\">{\"@context\":\"https:\\\/\\\/schema.org\",\"@graph\":[{\"@type\":\"Article\",\"@id\":\"https:\\\/\\\/upmp.news\\\/de\\\/in-polen\\\/polen-mutmasslicher-russischer-spion-festgenommen\\\/#article\",\"isPartOf\":{\"@id\":\"https:\\\/\\\/upmp.news\\\/de\\\/in-polen\\\/polen-mutmasslicher-russischer-spion-festgenommen\\\/\"},\"author\":{\"name\":\"vladimyr\",\"@id\":\"https:\\\/\\\/upmp.news\\\/#\\\/schema\\\/person\\\/cebd3113030eb01f184505010f519d71\"},\"headline\":\"Polen: Mutma\u00dflicher russischer Spion festgenommen\",\"datePublished\":\"2023-07-11T14:31:04+00:00\",\"dateModified\":\"2023-07-11T14:31:05+00:00\",\"mainEntityOfPage\":{\"@id\":\"https:\\\/\\\/upmp.news\\\/de\\\/in-polen\\\/polen-mutmasslicher-russischer-spion-festgenommen\\\/\"},\"wordCount\":151,\"image\":{\"@id\":\"https:\\\/\\\/upmp.news\\\/de\\\/in-polen\\\/polen-mutmasslicher-russischer-spion-festgenommen\\\/#primaryimage\"},\"thumbnailUrl\":\"https:\\\/\\\/upmp.news\\\/wp-content\\\/uploads\\\/2023\\\/07\\\/Screenshot-2023-07-11-at-17-27-24-Polen-Mutmaslicher-russischer-Spion-festgenommen.png\",\"keywords\":[\"russischer Spion\"],\"articleSection\":[\"In Polen\"],\"inLanguage\":\"de\"},{\"@type\":\"WebPage\",\"@id\":\"https:\\\/\\\/upmp.news\\\/de\\\/in-polen\\\/polen-mutmasslicher-russischer-spion-festgenommen\\\/\",\"url\":\"https:\\\/\\\/upmp.news\\\/de\\\/in-polen\\\/polen-mutmasslicher-russischer-spion-festgenommen\\\/\",\"name\":\"Polen: Mutma\u00dflicher russischer Spion festgenommen &#8211; U.P.M.P\",\"isPartOf\":{\"@id\":\"https:\\\/\\\/upmp.news\\\/#website\"},\"primaryImageOfPage\":{\"@id\":\"https:\\\/\\\/upmp.news\\\/de\\\/in-polen\\\/polen-mutmasslicher-russischer-spion-festgenommen\\\/#primaryimage\"},\"image\":{\"@id\":\"https:\\\/\\\/upmp.news\\\/de\\\/in-polen\\\/polen-mutmasslicher-russischer-spion-festgenommen\\\/#primaryimage\"},\"thumbnailUrl\":\"https:\\\/\\\/upmp.news\\\/wp-content\\\/uploads\\\/2023\\\/07\\\/Screenshot-2023-07-11-at-17-27-24-Polen-Mutmaslicher-russischer-Spion-festgenommen.png\",\"datePublished\":\"2023-07-11T14:31:04+00:00\",\"dateModified\":\"2023-07-11T14:31:05+00:00\",\"author\":{\"@id\":\"https:\\\/\\\/upmp.news\\\/#\\\/schema\\\/person\\\/cebd3113030eb01f184505010f519d71\"},\"breadcrumb\":{\"@id\":\"https:\\\/\\\/upmp.news\\\/de\\\/in-polen\\\/polen-mutmasslicher-russischer-spion-festgenommen\\\/#breadcrumb\"},\"inLanguage\":\"de\",\"potentialAction\":[{\"@type\":\"ReadAction\",\"target\":[\"https:\\\/\\\/upmp.news\\\/de\\\/in-polen\\\/polen-mutmasslicher-russischer-spion-festgenommen\\\/\"]}]},{\"@type\":\"ImageObject\",\"inLanguage\":\"de\",\"@id\":\"https:\\\/\\\/upmp.news\\\/de\\\/in-polen\\\/polen-mutmasslicher-russischer-spion-festgenommen\\\/#primaryimage\",\"url\":\"https:\\\/\\\/upmp.news\\\/wp-content\\\/uploads\\\/2023\\\/07\\\/Screenshot-2023-07-11-at-17-27-24-Polen-Mutmaslicher-russischer-Spion-festgenommen.png\",\"contentUrl\":\"https:\\\/\\\/upmp.news\\\/wp-content\\\/uploads\\\/2023\\\/07\\\/Screenshot-2023-07-11-at-17-27-24-Polen-Mutmaslicher-russischer-Spion-festgenommen.png\",\"width\":937,\"height\":515,\"caption\":\"zdj\u0119cie ilustracyjne Anelo\\\/Shutterstock\"},{\"@type\":\"BreadcrumbList\",\"@id\":\"https:\\\/\\\/upmp.news\\\/de\\\/in-polen\\\/polen-mutmasslicher-russischer-spion-festgenommen\\\/#breadcrumb\",\"itemListElement\":[{\"@type\":\"ListItem\",\"position\":1,\"name\":\"Home\",\"item\":\"https:\\\/\\\/upmp.news\\\/\"},{\"@type\":\"ListItem\",\"position\":2,\"name\":\"Polen: Mutma\u00dflicher russischer Spion festgenommen\"}]},{\"@type\":\"WebSite\",\"@id\":\"https:\\\/\\\/upmp.news\\\/#website\",\"url\":\"https:\\\/\\\/upmp.news\\\/\",\"name\":\"U.P.M.P\",\"description\":\"\u0423\u043a\u0440\u0430\u0457\u043d\u043e-\u043f\u043e\u043b\u044c\u0441\u044c\u043a\u0430 \u043c\u0435\u0434\u0456\u0430\u043f\u043b\u0430\u0442\u0444\u043e\u0440\u043c\u0430\",\"potentialAction\":[{\"@type\":\"SearchAction\",\"target\":{\"@type\":\"EntryPoint\",\"urlTemplate\":\"https:\\\/\\\/upmp.news\\\/?s={search_term_string}\"},\"query-input\":{\"@type\":\"PropertyValueSpecification\",\"valueRequired\":true,\"valueName\":\"search_term_string\"}}],\"inLanguage\":\"de\"},{\"@type\":\"Person\",\"@id\":\"https:\\\/\\\/upmp.news\\\/#\\\/schema\\\/person\\\/cebd3113030eb01f184505010f519d71\",\"name\":\"vladimyr\",\"image\":{\"@type\":\"ImageObject\",\"inLanguage\":\"de\",\"@id\":\"https:\\\/\\\/upmp.news\\\/wp-content\\\/uploads\\\/2017\\\/12\\\/ava.png\",\"url\":\"https:\\\/\\\/upmp.news\\\/wp-content\\\/uploads\\\/2017\\\/12\\\/ava.png\",\"contentUrl\":\"https:\\\/\\\/upmp.news\\\/wp-content\\\/uploads\\\/2017\\\/12\\\/ava.png\",\"caption\":\"vladimyr\"},\"url\":\"https:\\\/\\\/upmp.news\\\/de\\\/author\\\/vladimyr\\\/\"}]}<\/script>\n<!-- \/ Yoast SEO plugin. -->","yoast_head_json":{"title":"Polen: Mutma\u00dflicher russischer Spion festgenommen &#8211; U.P.M.P","robots":{"index":"index","follow":"follow","max-snippet":"max-snippet:-1","max-image-preview":"max-image-preview:large","max-video-preview":"max-video-preview:-1"},"canonical":"https:\/\/upmp.news\/de\/in-polen\/polen-mutmasslicher-russischer-spion-festgenommen\/","og_locale":"de_DE","og_type":"article","og_title":"Polen: Mutma\u00dflicher russischer Spion festgenommen &#8211; U.P.M.P","og_description":"Die Agentur f\u00fcr innere Sicherheit hat einen weiteren Spion festgenommen. Dem Mann wird Spionaget\u00e4tigkeit zu Gunsten Russlands vorgeworfen. Dies wird von Upmp.news unter Bezugnahme auf \u201ePolskie Radio\u201c gemeldet. Alles deutet darauf hin, dass der Verd\u00e4chtige polnische Milit\u00e4reinrichtungen und Seeh\u00e4fen \u00fcberwachte. Dem Mann drohen bis zu 10 Jahre Haft. Dies ist bereits das 15 festgenommene Mitglied [&hellip;]","og_url":"https:\/\/upmp.news\/de\/in-polen\/polen-mutmasslicher-russischer-spion-festgenommen\/","og_site_name":"U.P.M.P","article_publisher":"https:\/\/www.facebook.com\/upmp.news\/","article_published_time":"2023-07-11T14:31:04+00:00","article_modified_time":"2023-07-11T14:31:05+00:00","og_image":[{"width":937,"height":515,"url":"https:\/\/upmp.news\/wp-content\/uploads\/2023\/07\/Screenshot-2023-07-11-at-17-27-24-Polen-Mutmaslicher-russischer-Spion-festgenommen.png","type":"image\/png"}],"author":"vladimyr","twitter_card":"summary_large_image","twitter_creator":"@maininua","twitter_site":"@maininua","twitter_misc":{"Verfasst von":"vladimyr","Gesch\u00e4tzte Lesezeit":"1\u00a0Minute"},"schema":{"@context":"https:\/\/schema.org","@graph":[{"@type":"Article","@id":"https:\/\/upmp.news\/de\/in-polen\/polen-mutmasslicher-russischer-spion-festgenommen\/#article","isPartOf":{"@id":"https:\/\/upmp.news\/de\/in-polen\/polen-mutmasslicher-russischer-spion-festgenommen\/"},"author":{"name":"vladimyr","@id":"https:\/\/upmp.news\/#\/schema\/person\/cebd3113030eb01f184505010f519d71"},"headline":"Polen: Mutma\u00dflicher russischer Spion festgenommen","datePublished":"2023-07-11T14:31:04+00:00","dateModified":"2023-07-11T14:31:05+00:00","mainEntityOfPage":{"@id":"https:\/\/upmp.news\/de\/in-polen\/polen-mutmasslicher-russischer-spion-festgenommen\/"},"wordCount":151,"image":{"@id":"https:\/\/upmp.news\/de\/in-polen\/polen-mutmasslicher-russischer-spion-festgenommen\/#primaryimage"},"thumbnailUrl":"https:\/\/upmp.news\/wp-content\/uploads\/2023\/07\/Screenshot-2023-07-11-at-17-27-24-Polen-Mutmaslicher-russischer-Spion-festgenommen.png","keywords":["russischer Spion"],"articleSection":["In Polen"],"inLanguage":"de"},{"@type":"WebPage","@id":"https:\/\/upmp.news\/de\/in-polen\/polen-mutmasslicher-russischer-spion-festgenommen\/","url":"https:\/\/upmp.news\/de\/in-polen\/polen-mutmasslicher-russischer-spion-festgenommen\/","name":"Polen: Mutma\u00dflicher russischer Spion festgenommen &#8211; U.P.M.P","isPartOf":{"@id":"https:\/\/upmp.news\/#website"},"primaryImageOfPage":{"@id":"https:\/\/upmp.news\/de\/in-polen\/polen-mutmasslicher-russischer-spion-festgenommen\/#primaryimage"},"image":{"@id":"https:\/\/upmp.news\/de\/in-polen\/polen-mutmasslicher-russischer-spion-festgenommen\/#primaryimage"},"thumbnailUrl":"https:\/\/upmp.news\/wp-content\/uploads\/2023\/07\/Screenshot-2023-07-11-at-17-27-24-Polen-Mutmaslicher-russischer-Spion-festgenommen.png","datePublished":"2023-07-11T14:31:04+00:00","dateModified":"2023-07-11T14:31:05+00:00","author":{"@id":"https:\/\/upmp.news\/#\/schema\/person\/cebd3113030eb01f184505010f519d71"},"breadcrumb":{"@id":"https:\/\/upmp.news\/de\/in-polen\/polen-mutmasslicher-russischer-spion-festgenommen\/#breadcrumb"},"inLanguage":"de","potentialAction":[{"@type":"ReadAction","target":["https:\/\/upmp.news\/de\/in-polen\/polen-mutmasslicher-russischer-spion-festgenommen\/"]}]},{"@type":"ImageObject","inLanguage":"de","@id":"https:\/\/upmp.news\/de\/in-polen\/polen-mutmasslicher-russischer-spion-festgenommen\/#primaryimage","url":"https:\/\/upmp.news\/wp-content\/uploads\/2023\/07\/Screenshot-2023-07-11-at-17-27-24-Polen-Mutmaslicher-russischer-Spion-festgenommen.png","contentUrl":"https:\/\/upmp.news\/wp-content\/uploads\/2023\/07\/Screenshot-2023-07-11-at-17-27-24-Polen-Mutmaslicher-russischer-Spion-festgenommen.png","width":937,"height":515,"caption":"zdj\u0119cie ilustracyjne Anelo\/Shutterstock"},{"@type":"BreadcrumbList","@id":"https:\/\/upmp.news\/de\/in-polen\/polen-mutmasslicher-russischer-spion-festgenommen\/#breadcrumb","itemListElement":[{"@type":"ListItem","position":1,"name":"Home","item":"https:\/\/upmp.news\/"},{"@type":"ListItem","position":2,"name":"Polen: Mutma\u00dflicher russischer Spion festgenommen"}]},{"@type":"WebSite","@id":"https:\/\/upmp.news\/#website","url":"https:\/\/upmp.news\/","name":"U.P.M.P","description":"\u0423\u043a\u0440\u0430\u0457\u043d\u043e-\u043f\u043e\u043b\u044c\u0441\u044c\u043a\u0430 \u043c\u0435\u0434\u0456\u0430\u043f\u043b\u0430\u0442\u0444\u043e\u0440\u043c\u0430","potentialAction":[{"@type":"SearchAction","target":{"@type":"EntryPoint","urlTemplate":"https:\/\/upmp.news\/?s={search_term_string}"},"query-input":{"@type":"PropertyValueSpecification","valueRequired":true,"valueName":"search_term_string"}}],"inLanguage":"de"},{"@type":"Person","@id":"https:\/\/upmp.news\/#\/schema\/person\/cebd3113030eb01f184505010f519d71","name":"vladimyr","image":{"@type":"ImageObject","inLanguage":"de","@id":"https:\/\/upmp.news\/wp-content\/uploads\/2017\/12\/ava.png","url":"https:\/\/upmp.news\/wp-content\/uploads\/2017\/12\/ava.png","contentUrl":"https:\/\/upmp.news\/wp-content\/uploads\/2017\/12\/ava.png","caption":"vladimyr"},"url":"https:\/\/upmp.news\/de\/author\/vladimyr\/"}]}},"_links":{"self":[{"href":"https:\/\/upmp.news\/de\/wp-json\/wp\/v2\/posts\/255313","targetHints":{"allow":["GET"]}}],"collection":[{"href":"https:\/\/upmp.news\/de\/wp-json\/wp\/v2\/posts"}],"about":[{"href":"https:\/\/upmp.news\/de\/wp-json\/wp\/v2\/types\/post"}],"author":[{"embeddable":true,"href":"https:\/\/upmp.news\/de\/wp-json\/wp\/v2\/users\/27"}],"replies":[{"embeddable":true,"href":"https:\/\/upmp.news\/de\/wp-json\/wp\/v2\/comments?post=255313"}],"version-history":[{"count":1,"href":"https:\/\/upmp.news\/de\/wp-json\/wp\/v2\/posts\/255313\/revisions"}],"predecessor-version":[{"id":255319,"href":"https:\/\/upmp.news\/de\/wp-json\/wp\/v2\/posts\/255313\/revisions\/255319"}],"wp:featuredmedia":[{"embeddable":true,"href":"https:\/\/upmp.news\/de\/wp-json\/wp\/v2\/media\/255314"}],"wp:attachment":[{"href":"https:\/\/upmp.news\/de\/wp-json\/wp\/v2\/media?parent=255313"}],"wp:term":[{"taxonomy":"category","embeddable":true,"href":"https:\/\/upmp.news\/de\/wp-json\/wp\/v2\/categories?post=255313"},{"taxonomy":"post_tag","embeddable":true,"href":"https:\/\/upmp.news\/de\/wp-json\/wp\/v2\/tags?post=255313"}],"curies":[{"name":"wp","href":"https:\/\/api.w.org\/{rel}","templated":true}]}}