{"id":255320,"date":"2023-07-11T16:36:55","date_gmt":"2023-07-11T14:36:55","guid":{"rendered":"https:\/\/upmp.news\/?p=255320"},"modified":"2023-07-11T16:36:56","modified_gmt":"2023-07-11T14:36:56","slug":"praesident-ostflanke-muss-verstaerkt-werden","status":"publish","type":"post","link":"https:\/\/upmp.news\/de\/in-polen\/praesident-ostflanke-muss-verstaerkt-werden\/","title":{"rendered":"Pr\u00e4sident: Ostflanke muss verst\u00e4rkt werden"},"content":{"rendered":"\n<p><strong>Der heute in Vilnius beginnende NATO-Gipfel wird sich mit \u201eallen Fragen befassen, die f\u00fcr die polnische Sicherheit von Bedeutung sind\u201c, darunter auch mit der Notwendigkeit, die Ostflanke des B\u00fcndnisses zu st\u00e4rken, sagte Polens Staatspr\u00e4sident Andrzej Duda am Montag.<\/strong> <strong>Dies wird von Upmp.news unter <a href=\"https:\/\/www.polskieradio.pl\/400\/7764\/Artykul\/3206010,pr%C3%A4sident-ostflanke-muss-verst%C3%A4rkt-werden\">Bezugnahme<\/a> auf \u201ePolskie Radio\u201c gemeldet.<\/strong><\/p>\n\n\n\n<p>Der Gipfel in Vilnius wird nach dem Treffen in Madrid 2022 der zweite sehr wichtige Nato-Gipfel inmitten des anhaltenden Krieges in der Ukraine sein. \u201eWir hoffen, dass auf dem Gipfel in Vilnius Entscheidungen zu vielen Themen getroffen werden. Bei diesem Treffen werden praktisch alle Fragen er\u00f6rtert, die f\u00fcr die Sicherheit Polens von Bedeutung sind\u201c, betonte Duda.<\/p>\n\n\n\n<p>Wie er hinzuf\u00fcgte, arbeiten die Nato-Mitglieder an einer allgemeinen Verst\u00e4rkung der Ostflanke, f\u00fcr den Fall, dass diese auf irgendeine Weise ernsthaft bedroht wird. \u201eOffensichtlich wird diese Bedrohung derzeit von der Nato klar und deutlich als eine Bedrohung durch Russland definiert, so dass im Falle einer solchen Bedrohung jedes Mitglied verpflichtet ist, konkrete Einheiten zu benennen, die verlegt werden w\u00fcrden, insgesamt bis zu 300.000 Mann.\u201c<\/p>\n\n\n\n<p>Au\u00dferdem betonte der Pr\u00e4sident, die Wichtigkeit des Nato-Beitritts der Ukraine. \u201ePolen ist ein leidenschaftlicher Bef\u00fcrworter des Beitritts der Ukraine zur Nato. Wir wollen, dass die Ukraine so viele Sicherheitsgarantien wie m\u00f6glich erh\u00e4lt und vor allem einen klaren Weg zur Mitgliedschaft in der Nato\u201c.<\/p>\n\n\n\n<p>PAP\/jc<\/p>\n<div class=\"newspaper-x-tags\"><strong><\/strong><span><a href=\"https:\/\/upmp.news\/de\/tag\/andrzej-duda-4\/\" rel=\"tag\">Andrzej Duda<\/a><\/span><a href=\"https:\/\/upmp.news\/de\/tag\/nato-3-3\/\" rel=\"tag\">NATO<\/a><\/span><a href=\"https:\/\/upmp.news\/de\/tag\/vilnius\/\" rel=\"tag\">Vilnius<\/a> <\/div>","protected":false},"excerpt":{"rendered":"<p>Der heute in Vilnius beginnende NATO-Gipfel wird sich mit \u201eallen Fragen befassen, die f\u00fcr die polnische Sicherheit von Bedeutung sind\u201c, darunter auch mit der Notwendigkeit, die Ostflanke des B\u00fcndnisses zu st\u00e4rken, sagte Polens Staatspr\u00e4sident Andrzej Duda am Montag. Dies wird von Upmp.news unter Bezugnahme auf \u201ePolskie Radio\u201c gemeldet. Der Gipfel in Vilnius wird nach dem [&hellip;]<\/p>\n","protected":false},"author":27,"featured_media":255321,"comment_status":"closed","ping_status":"open","sticky":true,"template":"","format":"standard","meta":{"_exactmetrics_skip_tracking":false,"_exactmetrics_sitenote_active":false,"_exactmetrics_sitenote_note":"","_exactmetrics_sitenote_category":0,"footnotes":""},"categories":[20640],"tags":[21321,21320,21322],"class_list":["post-255320","post","type-post","status-publish","format-standard","has-post-thumbnail","hentry","category-in-polen","tag-andrzej-duda-4","tag-nato-3-3","tag-vilnius"],"yoast_head":"<!-- This site is optimized with the Yoast SEO plugin v27.3 - https:\/\/yoast.com\/product\/yoast-seo-wordpress\/ -->\n<title>Pr\u00e4sident: Ostflanke muss verst\u00e4rkt werden &#8211; U.P.M.P<\/title>\n<meta name=\"robots\" content=\"index, follow, max-snippet:-1, max-image-preview:large, max-video-preview:-1\" \/>\n<link rel=\"canonical\" href=\"https:\/\/upmp.news\/de\/in-polen\/praesident-ostflanke-muss-verstaerkt-werden\/\" \/>\n<meta property=\"og:locale\" content=\"de_DE\" \/>\n<meta property=\"og:type\" content=\"article\" \/>\n<meta property=\"og:title\" content=\"Pr\u00e4sident: Ostflanke muss verst\u00e4rkt werden &#8211; U.P.M.P\" \/>\n<meta property=\"og:description\" content=\"Der heute in Vilnius beginnende NATO-Gipfel wird sich mit \u201eallen Fragen befassen, die f\u00fcr die polnische Sicherheit von Bedeutung sind\u201c, darunter auch mit der Notwendigkeit, die Ostflanke des B\u00fcndnisses zu st\u00e4rken, sagte Polens Staatspr\u00e4sident Andrzej Duda am Montag. Dies wird von Upmp.news unter Bezugnahme auf \u201ePolskie Radio\u201c gemeldet. Der Gipfel in Vilnius wird nach dem [&hellip;]\" \/>\n<meta property=\"og:url\" content=\"https:\/\/upmp.news\/de\/in-polen\/praesident-ostflanke-muss-verstaerkt-werden\/\" \/>\n<meta property=\"og:site_name\" content=\"U.P.M.P\" \/>\n<meta property=\"article:publisher\" content=\"https:\/\/www.facebook.com\/upmp.news\/\" \/>\n<meta property=\"article:published_time\" content=\"2023-07-11T14:36:55+00:00\" \/>\n<meta property=\"article:modified_time\" content=\"2023-07-11T14:36:56+00:00\" \/>\n<meta property=\"og:image\" content=\"https:\/\/upmp.news\/wp-content\/uploads\/2023\/07\/Screenshot-2023-07-11-at-17-32-57-Prasident-Ostflanke-muss-verstarkt-werden.png\" \/>\n\t<meta property=\"og:image:width\" content=\"937\" \/>\n\t<meta property=\"og:image:height\" content=\"515\" \/>\n\t<meta property=\"og:image:type\" content=\"image\/png\" \/>\n<meta name=\"author\" content=\"vladimyr\" \/>\n<meta name=\"twitter:card\" content=\"summary_large_image\" \/>\n<meta name=\"twitter:creator\" content=\"@maininua\" \/>\n<meta name=\"twitter:site\" content=\"@maininua\" \/>\n<meta name=\"twitter:label1\" content=\"Verfasst von\" \/>\n\t<meta name=\"twitter:data1\" content=\"vladimyr\" \/>\n\t<meta name=\"twitter:label2\" content=\"Gesch\u00e4tzte Lesezeit\" \/>\n\t<meta name=\"twitter:data2\" content=\"2\u00a0Minuten\" \/>\n<script type=\"application\/ld+json\" class=\"yoast-schema-graph\">{\"@context\":\"https:\\\/\\\/schema.org\",\"@graph\":[{\"@type\":\"Article\",\"@id\":\"https:\\\/\\\/upmp.news\\\/de\\\/in-polen\\\/praesident-ostflanke-muss-verstaerkt-werden\\\/#article\",\"isPartOf\":{\"@id\":\"https:\\\/\\\/upmp.news\\\/de\\\/in-polen\\\/praesident-ostflanke-muss-verstaerkt-werden\\\/\"},\"author\":{\"name\":\"vladimyr\",\"@id\":\"https:\\\/\\\/upmp.news\\\/#\\\/schema\\\/person\\\/cebd3113030eb01f184505010f519d71\"},\"headline\":\"Pr\u00e4sident: Ostflanke muss verst\u00e4rkt werden\",\"datePublished\":\"2023-07-11T14:36:55+00:00\",\"dateModified\":\"2023-07-11T14:36:56+00:00\",\"mainEntityOfPage\":{\"@id\":\"https:\\\/\\\/upmp.news\\\/de\\\/in-polen\\\/praesident-ostflanke-muss-verstaerkt-werden\\\/\"},\"wordCount\":234,\"image\":{\"@id\":\"https:\\\/\\\/upmp.news\\\/de\\\/in-polen\\\/praesident-ostflanke-muss-verstaerkt-werden\\\/#primaryimage\"},\"thumbnailUrl\":\"https:\\\/\\\/upmp.news\\\/wp-content\\\/uploads\\\/2023\\\/07\\\/Screenshot-2023-07-11-at-17-32-57-Prasident-Ostflanke-muss-verstarkt-werden.png\",\"keywords\":[\"Andrzej Duda\",\"NATO\",\"Vilnius\"],\"articleSection\":[\"In Polen\"],\"inLanguage\":\"de\"},{\"@type\":\"WebPage\",\"@id\":\"https:\\\/\\\/upmp.news\\\/de\\\/in-polen\\\/praesident-ostflanke-muss-verstaerkt-werden\\\/\",\"url\":\"https:\\\/\\\/upmp.news\\\/de\\\/in-polen\\\/praesident-ostflanke-muss-verstaerkt-werden\\\/\",\"name\":\"Pr\u00e4sident: Ostflanke muss verst\u00e4rkt werden &#8211; U.P.M.P\",\"isPartOf\":{\"@id\":\"https:\\\/\\\/upmp.news\\\/#website\"},\"primaryImageOfPage\":{\"@id\":\"https:\\\/\\\/upmp.news\\\/de\\\/in-polen\\\/praesident-ostflanke-muss-verstaerkt-werden\\\/#primaryimage\"},\"image\":{\"@id\":\"https:\\\/\\\/upmp.news\\\/de\\\/in-polen\\\/praesident-ostflanke-muss-verstaerkt-werden\\\/#primaryimage\"},\"thumbnailUrl\":\"https:\\\/\\\/upmp.news\\\/wp-content\\\/uploads\\\/2023\\\/07\\\/Screenshot-2023-07-11-at-17-32-57-Prasident-Ostflanke-muss-verstarkt-werden.png\",\"datePublished\":\"2023-07-11T14:36:55+00:00\",\"dateModified\":\"2023-07-11T14:36:56+00:00\",\"author\":{\"@id\":\"https:\\\/\\\/upmp.news\\\/#\\\/schema\\\/person\\\/cebd3113030eb01f184505010f519d71\"},\"breadcrumb\":{\"@id\":\"https:\\\/\\\/upmp.news\\\/de\\\/in-polen\\\/praesident-ostflanke-muss-verstaerkt-werden\\\/#breadcrumb\"},\"inLanguage\":\"de\",\"potentialAction\":[{\"@type\":\"ReadAction\",\"target\":[\"https:\\\/\\\/upmp.news\\\/de\\\/in-polen\\\/praesident-ostflanke-muss-verstaerkt-werden\\\/\"]}]},{\"@type\":\"ImageObject\",\"inLanguage\":\"de\",\"@id\":\"https:\\\/\\\/upmp.news\\\/de\\\/in-polen\\\/praesident-ostflanke-muss-verstaerkt-werden\\\/#primaryimage\",\"url\":\"https:\\\/\\\/upmp.news\\\/wp-content\\\/uploads\\\/2023\\\/07\\\/Screenshot-2023-07-11-at-17-32-57-Prasident-Ostflanke-muss-verstarkt-werden.png\",\"contentUrl\":\"https:\\\/\\\/upmp.news\\\/wp-content\\\/uploads\\\/2023\\\/07\\\/Screenshot-2023-07-11-at-17-32-57-Prasident-Ostflanke-muss-verstarkt-werden.png\",\"width\":937,\"height\":515,\"caption\":\"Prezydent Andrzej Duda przylecia\u0142 ju\u017c do Wilna. W stolicy Litwy we\u017amie udzia\u0142 w szczycie NATO Twitter\\\/KPRP\"},{\"@type\":\"BreadcrumbList\",\"@id\":\"https:\\\/\\\/upmp.news\\\/de\\\/in-polen\\\/praesident-ostflanke-muss-verstaerkt-werden\\\/#breadcrumb\",\"itemListElement\":[{\"@type\":\"ListItem\",\"position\":1,\"name\":\"Home\",\"item\":\"https:\\\/\\\/upmp.news\\\/\"},{\"@type\":\"ListItem\",\"position\":2,\"name\":\"Pr\u00e4sident: Ostflanke muss verst\u00e4rkt werden\"}]},{\"@type\":\"WebSite\",\"@id\":\"https:\\\/\\\/upmp.news\\\/#website\",\"url\":\"https:\\\/\\\/upmp.news\\\/\",\"name\":\"U.P.M.P\",\"description\":\"\u0423\u043a\u0440\u0430\u0457\u043d\u043e-\u043f\u043e\u043b\u044c\u0441\u044c\u043a\u0430 \u043c\u0435\u0434\u0456\u0430\u043f\u043b\u0430\u0442\u0444\u043e\u0440\u043c\u0430\",\"potentialAction\":[{\"@type\":\"SearchAction\",\"target\":{\"@type\":\"EntryPoint\",\"urlTemplate\":\"https:\\\/\\\/upmp.news\\\/?s={search_term_string}\"},\"query-input\":{\"@type\":\"PropertyValueSpecification\",\"valueRequired\":true,\"valueName\":\"search_term_string\"}}],\"inLanguage\":\"de\"},{\"@type\":\"Person\",\"@id\":\"https:\\\/\\\/upmp.news\\\/#\\\/schema\\\/person\\\/cebd3113030eb01f184505010f519d71\",\"name\":\"vladimyr\",\"image\":{\"@type\":\"ImageObject\",\"inLanguage\":\"de\",\"@id\":\"https:\\\/\\\/upmp.news\\\/wp-content\\\/uploads\\\/2017\\\/12\\\/ava.png\",\"url\":\"https:\\\/\\\/upmp.news\\\/wp-content\\\/uploads\\\/2017\\\/12\\\/ava.png\",\"contentUrl\":\"https:\\\/\\\/upmp.news\\\/wp-content\\\/uploads\\\/2017\\\/12\\\/ava.png\",\"caption\":\"vladimyr\"},\"url\":\"https:\\\/\\\/upmp.news\\\/de\\\/author\\\/vladimyr\\\/\"}]}<\/script>\n<!-- \/ Yoast SEO plugin. -->","yoast_head_json":{"title":"Pr\u00e4sident: Ostflanke muss verst\u00e4rkt werden &#8211; U.P.M.P","robots":{"index":"index","follow":"follow","max-snippet":"max-snippet:-1","max-image-preview":"max-image-preview:large","max-video-preview":"max-video-preview:-1"},"canonical":"https:\/\/upmp.news\/de\/in-polen\/praesident-ostflanke-muss-verstaerkt-werden\/","og_locale":"de_DE","og_type":"article","og_title":"Pr\u00e4sident: Ostflanke muss verst\u00e4rkt werden &#8211; U.P.M.P","og_description":"Der heute in Vilnius beginnende NATO-Gipfel wird sich mit \u201eallen Fragen befassen, die f\u00fcr die polnische Sicherheit von Bedeutung sind\u201c, darunter auch mit der Notwendigkeit, die Ostflanke des B\u00fcndnisses zu st\u00e4rken, sagte Polens Staatspr\u00e4sident Andrzej Duda am Montag. Dies wird von Upmp.news unter Bezugnahme auf \u201ePolskie Radio\u201c gemeldet. Der Gipfel in Vilnius wird nach dem [&hellip;]","og_url":"https:\/\/upmp.news\/de\/in-polen\/praesident-ostflanke-muss-verstaerkt-werden\/","og_site_name":"U.P.M.P","article_publisher":"https:\/\/www.facebook.com\/upmp.news\/","article_published_time":"2023-07-11T14:36:55+00:00","article_modified_time":"2023-07-11T14:36:56+00:00","og_image":[{"width":937,"height":515,"url":"https:\/\/upmp.news\/wp-content\/uploads\/2023\/07\/Screenshot-2023-07-11-at-17-32-57-Prasident-Ostflanke-muss-verstarkt-werden.png","type":"image\/png"}],"author":"vladimyr","twitter_card":"summary_large_image","twitter_creator":"@maininua","twitter_site":"@maininua","twitter_misc":{"Verfasst von":"vladimyr","Gesch\u00e4tzte Lesezeit":"2\u00a0Minuten"},"schema":{"@context":"https:\/\/schema.org","@graph":[{"@type":"Article","@id":"https:\/\/upmp.news\/de\/in-polen\/praesident-ostflanke-muss-verstaerkt-werden\/#article","isPartOf":{"@id":"https:\/\/upmp.news\/de\/in-polen\/praesident-ostflanke-muss-verstaerkt-werden\/"},"author":{"name":"vladimyr","@id":"https:\/\/upmp.news\/#\/schema\/person\/cebd3113030eb01f184505010f519d71"},"headline":"Pr\u00e4sident: Ostflanke muss verst\u00e4rkt werden","datePublished":"2023-07-11T14:36:55+00:00","dateModified":"2023-07-11T14:36:56+00:00","mainEntityOfPage":{"@id":"https:\/\/upmp.news\/de\/in-polen\/praesident-ostflanke-muss-verstaerkt-werden\/"},"wordCount":234,"image":{"@id":"https:\/\/upmp.news\/de\/in-polen\/praesident-ostflanke-muss-verstaerkt-werden\/#primaryimage"},"thumbnailUrl":"https:\/\/upmp.news\/wp-content\/uploads\/2023\/07\/Screenshot-2023-07-11-at-17-32-57-Prasident-Ostflanke-muss-verstarkt-werden.png","keywords":["Andrzej Duda","NATO","Vilnius"],"articleSection":["In Polen"],"inLanguage":"de"},{"@type":"WebPage","@id":"https:\/\/upmp.news\/de\/in-polen\/praesident-ostflanke-muss-verstaerkt-werden\/","url":"https:\/\/upmp.news\/de\/in-polen\/praesident-ostflanke-muss-verstaerkt-werden\/","name":"Pr\u00e4sident: Ostflanke muss verst\u00e4rkt werden &#8211; U.P.M.P","isPartOf":{"@id":"https:\/\/upmp.news\/#website"},"primaryImageOfPage":{"@id":"https:\/\/upmp.news\/de\/in-polen\/praesident-ostflanke-muss-verstaerkt-werden\/#primaryimage"},"image":{"@id":"https:\/\/upmp.news\/de\/in-polen\/praesident-ostflanke-muss-verstaerkt-werden\/#primaryimage"},"thumbnailUrl":"https:\/\/upmp.news\/wp-content\/uploads\/2023\/07\/Screenshot-2023-07-11-at-17-32-57-Prasident-Ostflanke-muss-verstarkt-werden.png","datePublished":"2023-07-11T14:36:55+00:00","dateModified":"2023-07-11T14:36:56+00:00","author":{"@id":"https:\/\/upmp.news\/#\/schema\/person\/cebd3113030eb01f184505010f519d71"},"breadcrumb":{"@id":"https:\/\/upmp.news\/de\/in-polen\/praesident-ostflanke-muss-verstaerkt-werden\/#breadcrumb"},"inLanguage":"de","potentialAction":[{"@type":"ReadAction","target":["https:\/\/upmp.news\/de\/in-polen\/praesident-ostflanke-muss-verstaerkt-werden\/"]}]},{"@type":"ImageObject","inLanguage":"de","@id":"https:\/\/upmp.news\/de\/in-polen\/praesident-ostflanke-muss-verstaerkt-werden\/#primaryimage","url":"https:\/\/upmp.news\/wp-content\/uploads\/2023\/07\/Screenshot-2023-07-11-at-17-32-57-Prasident-Ostflanke-muss-verstarkt-werden.png","contentUrl":"https:\/\/upmp.news\/wp-content\/uploads\/2023\/07\/Screenshot-2023-07-11-at-17-32-57-Prasident-Ostflanke-muss-verstarkt-werden.png","width":937,"height":515,"caption":"Prezydent Andrzej Duda przylecia\u0142 ju\u017c do Wilna. W stolicy Litwy we\u017amie udzia\u0142 w szczycie NATO Twitter\/KPRP"},{"@type":"BreadcrumbList","@id":"https:\/\/upmp.news\/de\/in-polen\/praesident-ostflanke-muss-verstaerkt-werden\/#breadcrumb","itemListElement":[{"@type":"ListItem","position":1,"name":"Home","item":"https:\/\/upmp.news\/"},{"@type":"ListItem","position":2,"name":"Pr\u00e4sident: Ostflanke muss verst\u00e4rkt werden"}]},{"@type":"WebSite","@id":"https:\/\/upmp.news\/#website","url":"https:\/\/upmp.news\/","name":"U.P.M.P","description":"\u0423\u043a\u0440\u0430\u0457\u043d\u043e-\u043f\u043e\u043b\u044c\u0441\u044c\u043a\u0430 \u043c\u0435\u0434\u0456\u0430\u043f\u043b\u0430\u0442\u0444\u043e\u0440\u043c\u0430","potentialAction":[{"@type":"SearchAction","target":{"@type":"EntryPoint","urlTemplate":"https:\/\/upmp.news\/?s={search_term_string}"},"query-input":{"@type":"PropertyValueSpecification","valueRequired":true,"valueName":"search_term_string"}}],"inLanguage":"de"},{"@type":"Person","@id":"https:\/\/upmp.news\/#\/schema\/person\/cebd3113030eb01f184505010f519d71","name":"vladimyr","image":{"@type":"ImageObject","inLanguage":"de","@id":"https:\/\/upmp.news\/wp-content\/uploads\/2017\/12\/ava.png","url":"https:\/\/upmp.news\/wp-content\/uploads\/2017\/12\/ava.png","contentUrl":"https:\/\/upmp.news\/wp-content\/uploads\/2017\/12\/ava.png","caption":"vladimyr"},"url":"https:\/\/upmp.news\/de\/author\/vladimyr\/"}]}},"_links":{"self":[{"href":"https:\/\/upmp.news\/de\/wp-json\/wp\/v2\/posts\/255320","targetHints":{"allow":["GET"]}}],"collection":[{"href":"https:\/\/upmp.news\/de\/wp-json\/wp\/v2\/posts"}],"about":[{"href":"https:\/\/upmp.news\/de\/wp-json\/wp\/v2\/types\/post"}],"author":[{"embeddable":true,"href":"https:\/\/upmp.news\/de\/wp-json\/wp\/v2\/users\/27"}],"replies":[{"embeddable":true,"href":"https:\/\/upmp.news\/de\/wp-json\/wp\/v2\/comments?post=255320"}],"version-history":[{"count":1,"href":"https:\/\/upmp.news\/de\/wp-json\/wp\/v2\/posts\/255320\/revisions"}],"predecessor-version":[{"id":255326,"href":"https:\/\/upmp.news\/de\/wp-json\/wp\/v2\/posts\/255320\/revisions\/255326"}],"wp:featuredmedia":[{"embeddable":true,"href":"https:\/\/upmp.news\/de\/wp-json\/wp\/v2\/media\/255321"}],"wp:attachment":[{"href":"https:\/\/upmp.news\/de\/wp-json\/wp\/v2\/media?parent=255320"}],"wp:term":[{"taxonomy":"category","embeddable":true,"href":"https:\/\/upmp.news\/de\/wp-json\/wp\/v2\/categories?post=255320"},{"taxonomy":"post_tag","embeddable":true,"href":"https:\/\/upmp.news\/de\/wp-json\/wp\/v2\/tags?post=255320"}],"curies":[{"name":"wp","href":"https:\/\/api.w.org\/{rel}","templated":true}]}}