{"id":256052,"date":"2023-07-19T09:58:54","date_gmt":"2023-07-19T07:58:54","guid":{"rendered":"https:\/\/upmp.news\/?p=256052"},"modified":"2023-07-19T18:18:40","modified_gmt":"2023-07-19T16:18:40","slug":"fake-der-angriff-auf-die-krimbruecke-sei-ein-terrorakt","status":"publish","type":"post","link":"https:\/\/upmp.news\/de\/in-der-ukraine\/fake-der-angriff-auf-die-krimbruecke-sei-ein-terrorakt\/","title":{"rendered":"Fake: Der Angriff auf die Krimbr\u00fccke sei ein \u201eTerrorakt\u201c"},"content":{"rendered":"\n<p><strong>Der Angriff auf die Krimbr\u00fccke am 17. Juli dieses Jahres kam f\u00fcr Russland als Land, das die besetzte \u041dalbinsel als \u201euneinnehmbare Festung\u201c positionierte, durchaus \u00fcberraschend.<\/strong><\/p>\n<p>Es scheint, dass die sogenannte \u201ezweitst\u00e4rkste Armee der Welt\u201c unbedingt Konsequenzen aus dem Angriff im Oktober 2022 ziehen sollte \u2013 allerdings scheinen Moskaus Drohungen mit \u201emassiven Vergeltungsma\u00dfnahmen\u201c gepaart mit Beteuerungen \u00fcber die St\u00e4rke der Verteidigung nichts zu n\u00fctzen mehr als Tapferkeit. Doch nun schlagen die Russen und ihre Verb\u00fcndeten vor, ein weiteres Szenario des \u201eInformationswiderstands\u201c zu organisieren.<\/p>\n<p>Das populistische Portal Philosophia Perennis (PP), das sich auf verschiedene Arten von F\u00e4lschungen und Manipulationen zur \u201eIslamisierung Europas\u201c und zum \u201elinken Totalitarismus\u201c spezialisiert, ver\u00f6ffentlichte das Material des Journalisten David Berger mit dem vielsagenden Titel \u201eUkrainischer Terroranschlag auf Krim-\u0412r\u00fccke &#8211; Zivilisten Get\u00f6tet.\u201c<\/p>\n\n\n\n<p>Nat\u00fcrlich wird sich ein hypothetisch unvoreingenommener Leser, der sich dazu entschlie\u00dft, sich \u2013 auch hypothetisch \u2013 mit dem Thema aus eben diesem konkreten Material vertraut zu machen, nach der Lekt\u00fcre des Titels bereits eine gewisse Vorstellung von der Problematik im Allgemeinen machen. Allerdings w\u00e4re es wahrscheinlich gut, wenn die Aufmerksamkeit nur auf den Titel beschr\u00e4nkt w\u00e4re \u2013 denn das \u201eInteressanteste\u201c beginnt selbst im Text.<\/p>\n\n\n\n<p>Zusammen mit dem eingeladenen Experten Max Otte kommt der Autor zu dem Schluss, dass der Angriff auf die Br\u00fccke \u201eein weiterer Terrorakt seitens Kiews ist, genau wie der fr\u00fchere Angriff auf die Nord Stream-Gaspipelines\u201c (eine separate F\u00e4lschung, die wir schon bedeckt haben). Auf \u201eTerrorismus\u201c weise die Tatsache hin, dass der Eisenbahnteil der Br\u00fccke angeblich relativ intakt geblieben sei (eigentlich wird er haupts\u00e4chlich zum Transport von Waffen genutzt), sowie die Tatsache, dass zwei Zivilisten infolge dieser Ereignisse ums Leben kamen ( was ebenfalls unbestritten ist).<\/p>\n\n\n\n<p>Gleichzeitig verbergen Berger und Otte ihr Engagement f\u00fcr Frieden und Sicherheit hinter der Klage, dass dieser Angriff Moskau nun \u201edie H\u00e4nde frei macht\u201c hinsichtlich des Vorgehens in der Ukraine (gleichzeitig zitieren sie ernsthaft die Horrorgeschichten von Russische Propagandisten \u00fcber die \u201eEroberung von Odesa und Mykolajiw\u201c und die \u201eAbschneidung der Ukraine vom Meer\u201c), die K\u00fcndigung des \u201eGetreideabkommens\u201c und &#8230; Angriffe auf zivile Infrastruktur.<\/p>\n\n\n\n<p>An dieser Stelle wollten wir ausrufen: \u201eEcht?!\u201c<\/p>\n\n\n\n<p>Gehen wir die Punkte durch, um nicht vom Hauptthema des Beitrags abgelenkt zu werden:<\/p>\n\n\n\n<p>&#8211; Russland hat bereits Hunderte und Tausende Angriffe auf ukrainische zivile Infrastrukturobjekte ohne \u201eVorw\u00e4nde\u201c oder \u201eProvokationen\u201c ver\u00fcbt \u2013 und das bereits vor dem Angriff auf die Krimbr\u00fccke im Oktober (z. B. wurden bereits mehrere Angriffe am 24. Februar 2022 gemacht) \u2013 es ist ja ganz offensichtlich, dass diese Pl\u00e4ne des Kommandos der Russischen F\u00f6deration damals von nichts anderem als dem Wunsch getrieben waren, der Zivilbev\u00f6lkerung maximales Leid zuzuf\u00fcgen, f\u00fcr sie unertr\u00e4gliche Lebensbedingungen zu schaffen;<\/p>\n\n\n\n<p>&#8211; \u201eDie Besetzung von Odessa und Mykolajiw\u201c war vom ersten Tag des ausgewachsenen Krieges an eine der h\u00e4ufigsten Thesen (eine Art \u201eHit\u201c) der russischen Propaganda, die schon zu Beginn nicht umgesetzt werden konnte , als die Ressourcen am gr\u00f6\u00dften waren \u2013 ganz zu schweigen von der aktuellen Lage der russischen Streitkr\u00e4fte nach erheblichen Personalverlusten im Donbass und dem Verlust der Vorherrschaft in der Schwarzmeerregion;<\/p>\n\n\n\n<p>&#8211; Russland weigerte sich am 14. und 15. Juli, das \u201eGetreideabkommen\u201c zu verl\u00e4ngern, also wenige Tage vor dem Angriff auf die Krimbr\u00fccke; Der Grund daf\u00fcr war im Kreml, dass der Gro\u00dfteil des Getreides angeblich in die L\u00e4nder des Westens und nicht in den \u201eglobalen S\u00fcden\u201c verkauft werden sollte \u2013 gleichzeitig nannte Moskau die Bedingung f\u00fcr die Verl\u00e4ngerung des Abkommens \u201eaus irgendeinem Grund\u201c nicht die \u00dcberwachung der Verk\u00e4ufe, sondern die Aufhebung der Sanktionen gegen die staatlich kontrollierte Rosselkhozbank.<\/p>\n\n\n\n<p>Ich frage mich, wie diese Fakten in das Weltbild von Berger und Otte passen?<\/p>\n\n\n\n<p>Das Hauptthema dieses Materials sind jedoch nicht genau diese tiefgreifende Fragen, sondern vielmehr die Einstufung des Angriffs auf die Br\u00fccke als Terroranschlag. Zur St\u00fctzung seiner These f\u00fchrt der Autor die Argumente eines \u201eungenauen Angriffs\u201c und des Todes von Zivilisten als Folge dieses Ereignisses an: Sie sagen, dass dies ausreichende Gr\u00fcnde seien, es als solchen zu qualifizieren. Auf den ersten Blick eine eher rationale und humane Sichtweise \u2013 doch schaut man genau hin?<\/p>\n\n\n\n<p>Es ist offensichtlich, dass die legitimen Ziele des Gegners milit\u00e4rischer Natur sind. Um sie zu unterscheiden, lohnt es sich, auf die Definition von Art.. 52 I des Protokolls von 1970 zu den Genfer Abkommen von 1949 zu verweisen:<\/p>\n\n\n\n<p>\u201eMilit\u00e4rische Ziele sind auf solche Objekte beschr\u00e4nkt, die aufgrund ihrer Beschaffenheit, ihres Standorts, ihres Zwecks oder ihrer Verwendung einen wirksamen Beitrag zu milit\u00e4rischen Operationen leisten und deren vollst\u00e4ndige oder teilweise Zerst\u00f6rung, Eroberung oder Neutralisierung unter den gegebenen Umst\u00e4nden einen wirksamen Beitrag leistet gewisser milit\u00e4rischer Vorteil.\u201c<\/p>\n\n\n\n<p>Der Begriff \u201eMilit\u00e4risches Ziel\u201c umfasst Kombattanten der feindlichen Streitkr\u00e4fte und deren milit\u00e4rische Waffen, Fahrzeuge, Ausr\u00fcstung und Anlagen und kann auch andere Objekte von milit\u00e4rischer Bedeutung wie Br\u00fccken, Kommunikationst\u00fcrme, \u00d6l \u2013 und Energieerzeugungsanlagen umfassen, sofern diese Objekte fallen unter den oben genannten Kriterien. Die Kriterien erfordern, dass Kommandeure und andere, die den Einsatz planen, die notwendigen Entscheidungen auf fundierte Weise und auf der Grundlage ihrer Einsch\u00e4tzung anderer treffen &#8211; aus allen Quellen, die ihnen zum richtigen Zeitpunkt praktisch zur Verf\u00fcgung steht. Offensichtlich k\u00f6nnen sich die Umst\u00e4nde \u00e4ndern: z.B., wenn ein Feind eine zivile Einrichtung in der Natur f\u00fcr einen bestimmten Zweck nutzt (z. B. ein Munitionsdepot in einer verlassenen Schule errichtet), wird diese Einrichtung zu einem legitimen Ziel f\u00fcr das Milit\u00e4r, aber sobald Wenn sich die Umst\u00e4nde \u00e4ndern, wird sich auch die zivile Nutzung erholen (zum Beispiel kehren die Kinder zur Schule zur\u00fcck) \u2013 Angriffe sind inakzeptabel.<\/p>\n\n\n\n<p>Russland nutzt die illegal gebaute Krimbr\u00fccke seit Beginn des Eisenbahnverkehrs auf dieser Br\u00fccke f\u00fcr den Transport milit\u00e4rischer G\u00fcter, von Granaten bis hin zu Treibstoff f\u00fcr Panzer und Flugzeuge. Dies macht es zu einem legitimen Ziel.<\/p>\n\n\n\n<p>Was die parallele Bewegung der Zivilbev\u00f6lkerung auf der Br\u00fccke betrifft, so geht das humanit\u00e4re V\u00f6lkerrecht im Allgemeinen davon aus, dass der Tod von Zivilisten w\u00e4hrend eines bewaffneten Konflikts, \u201ewie gro\u00df und bedauerlich er auch sein mag, nicht selbst ein Kriegsverbrechen ist\u201c. Das humanit\u00e4re V\u00f6lkerrecht und das R\u00f6mische Statut erlauben es Kriegf\u00fchrenden, verh\u00e4ltnism\u00e4\u00dfige Angriffe auf milit\u00e4rische Ziele zu starten, selbst wenn bekannt ist, dass einzelne Zivilisten get\u00f6tet oder verletzt werden. Eine Straftat liegt vor, wenn ein vors\u00e4tzlicher Angriff speziell gegen Zivilisten (Artikel 8 Absatz 2 Buchstabe b Ziffer I des Statuts) oder ein Angriff auf ein milit\u00e4risches Ziel vorliegt, in dem Wissen, dass der dabei entstehende Schaden f\u00fcr die Zivilbev\u00f6lkerung offensichtlich w\u00e4re im Verh\u00e4ltnis zum erwarteten Ergebnis \u00fcberm\u00e4\u00dfig hoch ist (Artikel 8 Absatz 2 Buchstabe b Ziffer IV).<\/p>\n\n\n\n<p>Selbst wenn wir die nachgewiesenen prorussischen Sympathien des durch den Anschlag ums Leben gekommenen Paares au\u00dfer Acht lassen und die Situation aus rein rechtlicher Sicht bewerten, wird deutlich, dass diese Menschen sich aller Risiken bewusst waren und eine gef\u00e4hrliche Handlung eingingen Reise in das besetzte Gebiet auf einem Weg in der N\u00e4he des Kriegsgebiets.<\/p>\n\n\n\n<p>Wenn man alle oben genannten Faktoren abw\u00e4gt, scheint es, dass der Angriff auf die Krimbr\u00fccke ein durch milit\u00e4rische Notwendigkeit gerechtfertigter Schritt war \u2013 ihn jedoch als Terroranschlag zu brandmarken, ist ein reiner Propaganda-Ausdruck.<\/p>\n\n\n\n<p><strong>Bohdan Myronenko<\/strong><\/p>\n\n\n\n<p><em>Das Material wurde im Rahmen des Projekts \u201eStop Lie\u201c des \u201eWohlt\u00e4tigen Fonds der Polnisch-Ukrainischen Partnerschaft\u201c im Rahmen des Projekts \u201eUrgent EU Support for Civil Society\u201c erstellt, das vom Initiativzentrum zur F\u00f6rderung von Aktivit\u00e4t und Entwicklung \u201cEinigkeit\u201d mit der finanziellen Unterst\u00fctzung der Europ\u00e4ischen Union umgesetzt wird. Der Inhalt liegt in der alleinigen Verantwortung vom Autor und spiegelt nicht unbedingt die Position der Europ\u00e4ischen Union wider.<\/em><\/p>\n\n\n\n<p><a href=\"https:\/\/www.facebook.com\/hashtag\/%D0%BF%D1%80%D1%8F%D0%BC%D1%83%D1%94%D0%BC%D0%BE%D1%80%D0%B0%D0%B7%D0%BE%D0%BC?__eep__=6&amp;__cft__[0]=AZUWgygLHtxoLmIIQt0vg2V9v-x2oX-ENlqUwUGLMoFUB7A6ozyYl5Uxumh-D8GXEyTVQfZyH19_SWW6Bgy-hbcU5OdtMwZV0IO7DRfBrxIs6N9yt7hQGF7W0dT_sck7Ca57ARIcGs2dqq4OftJwpEl-fqkVi3S9m4KIyCI7U2aCRS07Jx3k-8kxhYP1dJV719A&amp;__tn__=*NK-R\" target=\"_blank\" rel=\"noreferrer noopener\">#\u041f\u0440\u044f\u043c\u0443\u0454\u043c\u043e\u0420\u0430\u0437\u043e\u043c<\/a> <a href=\"https:\/\/www.facebook.com\/hashtag\/teameurope?__eep__=6&amp;__cft__[0]=AZUWgygLHtxoLmIIQt0vg2V9v-x2oX-ENlqUwUGLMoFUB7A6ozyYl5Uxumh-D8GXEyTVQfZyH19_SWW6Bgy-hbcU5OdtMwZV0IO7DRfBrxIs6N9yt7hQGF7W0dT_sck7Ca57ARIcGs2dqq4OftJwpEl-fqkVi3S9m4KIyCI7U2aCRS07Jx3k-8kxhYP1dJV719A&amp;__tn__=*NK-R\" target=\"_blank\" rel=\"noreferrer noopener\">#TeamEurope<\/a> <a href=\"https:\/\/www.facebook.com\/hashtag\/movingforwardtogether?__eep__=6&amp;__cft__[0]=AZUWgygLHtxoLmIIQt0vg2V9v-x2oX-ENlqUwUGLMoFUB7A6ozyYl5Uxumh-D8GXEyTVQfZyH19_SWW6Bgy-hbcU5OdtMwZV0IO7DRfBrxIs6N9yt7hQGF7W0dT_sck7Ca57ARIcGs2dqq4OftJwpEl-fqkVi3S9m4KIyCI7U2aCRS07Jx3k-8kxhYP1dJV719A&amp;__tn__=*NK-R\" target=\"_blank\" rel=\"noreferrer noopener\">#MovingForwardTogether<\/a> <a href=\"https:\/\/www.facebook.com\/hashtag\/isarednannia?__eep__=6&amp;__cft__[0]=AZUWgygLHtxoLmIIQt0vg2V9v-x2oX-ENlqUwUGLMoFUB7A6ozyYl5Uxumh-D8GXEyTVQfZyH19_SWW6Bgy-hbcU5OdtMwZV0IO7DRfBrxIs6N9yt7hQGF7W0dT_sck7Ca57ARIcGs2dqq4OftJwpEl-fqkVi3S9m4KIyCI7U2aCRS07Jx3k-8kxhYP1dJV719A&amp;__tn__=*NK-R\" target=\"_blank\" rel=\"noreferrer noopener\">#ISAREdnannia<\/a> <a href=\"https:\/\/www.facebook.com\/hashtag\/stoplie?__eep__=6&amp;__cft__[0]=AZUWgygLHtxoLmIIQt0vg2V9v-x2oX-ENlqUwUGLMoFUB7A6ozyYl5Uxumh-D8GXEyTVQfZyH19_SWW6Bgy-hbcU5OdtMwZV0IO7DRfBrxIs6N9yt7hQGF7W0dT_sck7Ca57ARIcGs2dqq4OftJwpEl-fqkVi3S9m4KIyCI7U2aCRS07Jx3k-8kxhYP1dJV719A&amp;__tn__=*NK-R\" target=\"_blank\" rel=\"noreferrer noopener\">#StopLie<\/a><\/p>\n\n\n\n<p><a href=\"https:\/\/www.facebook.com\/isar.ednannia?__cft__[0]=AZUWgygLHtxoLmIIQt0vg2V9v-x2oX-ENlqUwUGLMoFUB7A6ozyYl5Uxumh-D8GXEyTVQfZyH19_SWW6Bgy-hbcU5OdtMwZV0IO7DRfBrxIs6N9yt7hQGF7W0dT_sck7Ca57ARIcGs2dqq4OftJwpEl-fqkVi3S9m4KIyCI7U2aCRS07Jx3k-8kxhYP1dJV719A&amp;__tn__=-]K-R\" target=\"_blank\" rel=\"noreferrer noopener\">Isar Ednannia<\/a><a href=\"https:\/\/www.facebook.com\/EUDelegationUkraine?__cft__[0]=AZUWgygLHtxoLmIIQt0vg2V9v-x2oX-ENlqUwUGLMoFUB7A6ozyYl5Uxumh-D8GXEyTVQfZyH19_SWW6Bgy-hbcU5OdtMwZV0IO7DRfBrxIs6N9yt7hQGF7W0dT_sck7Ca57ARIcGs2dqq4OftJwpEl-fqkVi3S9m4KIyCI7U2aCRS07Jx3k-8kxhYP1dJV719A&amp;__tn__=-]K-R\" target=\"_blank\" rel=\"noreferrer noopener\"> European Union in Ukraine<\/a><a href=\"https:\/\/www.facebook.com\/bf.pol.ukr.partnerstwa?__cft__[0]=AZUWgygLHtxoLmIIQt0vg2V9v-x2oX-ENlqUwUGLMoFUB7A6ozyYl5Uxumh-D8GXEyTVQfZyH19_SWW6Bgy-hbcU5OdtMwZV0IO7DRfBrxIs6N9yt7hQGF7W0dT_sck7Ca57ARIcGs2dqq4OftJwpEl-fqkVi3S9m4KIyCI7U2aCRS07Jx3k-8kxhYP1dJV719A&amp;__tn__=-]K-R\" target=\"_blank\" rel=\"noreferrer noopener\"> \u0411\u043b\u0430\u0433\u043e\u0434\u0456\u0439\u043d\u0438\u0439 \u0444\u043e\u043d\u0434 \u043f\u043e\u043b\u044c\u0441\u044c\u043a\u043e-\u0443\u043a\u0440\u0430\u0457\u043d\u0441\u044c\u043a\u043e\u0433\u043e \u043f\u0430\u0440\u0442\u043d\u0435\u0440\u0441\u0442\u0432\u0430<\/a><\/p>\n","protected":false},"excerpt":{"rendered":"<p>Der Angriff auf die Krimbr\u00fccke am 17. Juli dieses Jahres kam f\u00fcr Russland als Land, das die besetzte \u041dalbinsel als \u201euneinnehmbare Festung\u201c positionierte, durchaus \u00fcberraschend. Es scheint, dass die sogenannte \u201ezweitst\u00e4rkste Armee der Welt\u201c unbedingt Konsequenzen aus dem Angriff im Oktober 2022 ziehen sollte \u2013 allerdings scheinen Moskaus Drohungen mit \u201emassiven Vergeltungsma\u00dfnahmen\u201c gepaart mit Beteuerungen [&hellip;]<\/p>\n","protected":false},"author":27,"featured_media":256053,"comment_status":"closed","ping_status":"open","sticky":true,"template":"","format":"standard","meta":{"_exactmetrics_skip_tracking":false,"_exactmetrics_sitenote_active":false,"_exactmetrics_sitenote_note":"","_exactmetrics_sitenote_category":0,"footnotes":""},"categories":[20641,20638],"tags":[],"class_list":["post-256052","post","type-post","status-publish","format-standard","has-post-thumbnail","hentry","category-stop-lie-spezialprojekt","category-in-der-ukraine"],"yoast_head":"<!-- This site is optimized with the Yoast SEO plugin v27.3 - https:\/\/yoast.com\/product\/yoast-seo-wordpress\/ -->\n<title>Fake: Der Angriff auf die Krimbr\u00fccke sei ein \u201eTerrorakt\u201c &#8211; U.P.M.P<\/title>\n<meta name=\"robots\" content=\"index, follow, max-snippet:-1, max-image-preview:large, max-video-preview:-1\" \/>\n<link rel=\"canonical\" href=\"https:\/\/upmp.news\/de\/in-der-ukraine\/fake-der-angriff-auf-die-krimbruecke-sei-ein-terrorakt\/\" \/>\n<meta property=\"og:locale\" content=\"de_DE\" \/>\n<meta property=\"og:type\" content=\"article\" \/>\n<meta property=\"og:title\" content=\"Fake: Der Angriff auf die Krimbr\u00fccke sei ein \u201eTerrorakt\u201c &#8211; U.P.M.P\" \/>\n<meta property=\"og:description\" content=\"Der Angriff auf die Krimbr\u00fccke am 17. Juli dieses Jahres kam f\u00fcr Russland als Land, das die besetzte \u041dalbinsel als \u201euneinnehmbare Festung\u201c positionierte, durchaus \u00fcberraschend. Es scheint, dass die sogenannte \u201ezweitst\u00e4rkste Armee der Welt\u201c unbedingt Konsequenzen aus dem Angriff im Oktober 2022 ziehen sollte \u2013 allerdings scheinen Moskaus Drohungen mit \u201emassiven Vergeltungsma\u00dfnahmen\u201c gepaart mit Beteuerungen [&hellip;]\" \/>\n<meta property=\"og:url\" content=\"https:\/\/upmp.news\/de\/in-der-ukraine\/fake-der-angriff-auf-die-krimbruecke-sei-ein-terrorakt\/\" \/>\n<meta property=\"og:site_name\" content=\"U.P.M.P\" \/>\n<meta property=\"article:publisher\" content=\"https:\/\/www.facebook.com\/upmp.news\/\" \/>\n<meta property=\"article:published_time\" content=\"2023-07-19T07:58:54+00:00\" \/>\n<meta property=\"article:modified_time\" content=\"2023-07-19T16:18:40+00:00\" \/>\n<meta property=\"og:image\" content=\"https:\/\/upmp.news\/wp-content\/uploads\/2023\/07\/24_Image-1.jpg\" \/>\n\t<meta property=\"og:image:width\" content=\"827\" \/>\n\t<meta property=\"og:image:height\" content=\"742\" \/>\n\t<meta property=\"og:image:type\" content=\"image\/jpeg\" \/>\n<meta name=\"author\" content=\"vladimyr\" \/>\n<meta name=\"twitter:card\" content=\"summary_large_image\" \/>\n<meta name=\"twitter:creator\" content=\"@maininua\" \/>\n<meta name=\"twitter:site\" content=\"@maininua\" \/>\n<meta name=\"twitter:label1\" content=\"Verfasst von\" \/>\n\t<meta name=\"twitter:data1\" content=\"vladimyr\" \/>\n\t<meta name=\"twitter:label2\" content=\"Gesch\u00e4tzte Lesezeit\" \/>\n\t<meta name=\"twitter:data2\" content=\"7\u00a0Minuten\" \/>\n<script type=\"application\/ld+json\" class=\"yoast-schema-graph\">{\"@context\":\"https:\\\/\\\/schema.org\",\"@graph\":[{\"@type\":\"Article\",\"@id\":\"https:\\\/\\\/upmp.news\\\/de\\\/in-der-ukraine\\\/fake-der-angriff-auf-die-krimbruecke-sei-ein-terrorakt\\\/#article\",\"isPartOf\":{\"@id\":\"https:\\\/\\\/upmp.news\\\/de\\\/in-der-ukraine\\\/fake-der-angriff-auf-die-krimbruecke-sei-ein-terrorakt\\\/\"},\"author\":{\"name\":\"vladimyr\",\"@id\":\"https:\\\/\\\/upmp.news\\\/#\\\/schema\\\/person\\\/cebd3113030eb01f184505010f519d71\"},\"headline\":\"Fake: Der Angriff auf die Krimbr\u00fccke sei ein \u201eTerrorakt\u201c\",\"datePublished\":\"2023-07-19T07:58:54+00:00\",\"dateModified\":\"2023-07-19T16:18:40+00:00\",\"mainEntityOfPage\":{\"@id\":\"https:\\\/\\\/upmp.news\\\/de\\\/in-der-ukraine\\\/fake-der-angriff-auf-die-krimbruecke-sei-ein-terrorakt\\\/\"},\"wordCount\":1309,\"image\":{\"@id\":\"https:\\\/\\\/upmp.news\\\/de\\\/in-der-ukraine\\\/fake-der-angriff-auf-die-krimbruecke-sei-ein-terrorakt\\\/#primaryimage\"},\"thumbnailUrl\":\"https:\\\/\\\/upmp.news\\\/wp-content\\\/uploads\\\/2023\\\/07\\\/24_Image-1.jpg\",\"articleSection\":[\"\\\"Stop Lie\\\"-Spezialprojekt\",\"In der Ukraine\"],\"inLanguage\":\"de\"},{\"@type\":\"WebPage\",\"@id\":\"https:\\\/\\\/upmp.news\\\/de\\\/in-der-ukraine\\\/fake-der-angriff-auf-die-krimbruecke-sei-ein-terrorakt\\\/\",\"url\":\"https:\\\/\\\/upmp.news\\\/de\\\/in-der-ukraine\\\/fake-der-angriff-auf-die-krimbruecke-sei-ein-terrorakt\\\/\",\"name\":\"Fake: Der Angriff auf die Krimbr\u00fccke sei ein \u201eTerrorakt\u201c &#8211; U.P.M.P\",\"isPartOf\":{\"@id\":\"https:\\\/\\\/upmp.news\\\/#website\"},\"primaryImageOfPage\":{\"@id\":\"https:\\\/\\\/upmp.news\\\/de\\\/in-der-ukraine\\\/fake-der-angriff-auf-die-krimbruecke-sei-ein-terrorakt\\\/#primaryimage\"},\"image\":{\"@id\":\"https:\\\/\\\/upmp.news\\\/de\\\/in-der-ukraine\\\/fake-der-angriff-auf-die-krimbruecke-sei-ein-terrorakt\\\/#primaryimage\"},\"thumbnailUrl\":\"https:\\\/\\\/upmp.news\\\/wp-content\\\/uploads\\\/2023\\\/07\\\/24_Image-1.jpg\",\"datePublished\":\"2023-07-19T07:58:54+00:00\",\"dateModified\":\"2023-07-19T16:18:40+00:00\",\"author\":{\"@id\":\"https:\\\/\\\/upmp.news\\\/#\\\/schema\\\/person\\\/cebd3113030eb01f184505010f519d71\"},\"breadcrumb\":{\"@id\":\"https:\\\/\\\/upmp.news\\\/de\\\/in-der-ukraine\\\/fake-der-angriff-auf-die-krimbruecke-sei-ein-terrorakt\\\/#breadcrumb\"},\"inLanguage\":\"de\",\"potentialAction\":[{\"@type\":\"ReadAction\",\"target\":[\"https:\\\/\\\/upmp.news\\\/de\\\/in-der-ukraine\\\/fake-der-angriff-auf-die-krimbruecke-sei-ein-terrorakt\\\/\"]}]},{\"@type\":\"ImageObject\",\"inLanguage\":\"de\",\"@id\":\"https:\\\/\\\/upmp.news\\\/de\\\/in-der-ukraine\\\/fake-der-angriff-auf-die-krimbruecke-sei-ein-terrorakt\\\/#primaryimage\",\"url\":\"https:\\\/\\\/upmp.news\\\/wp-content\\\/uploads\\\/2023\\\/07\\\/24_Image-1.jpg\",\"contentUrl\":\"https:\\\/\\\/upmp.news\\\/wp-content\\\/uploads\\\/2023\\\/07\\\/24_Image-1.jpg\",\"width\":827,\"height\":742,\"caption\":\"Die Illustration von t.me\\\/Tsaplienko\"},{\"@type\":\"BreadcrumbList\",\"@id\":\"https:\\\/\\\/upmp.news\\\/de\\\/in-der-ukraine\\\/fake-der-angriff-auf-die-krimbruecke-sei-ein-terrorakt\\\/#breadcrumb\",\"itemListElement\":[{\"@type\":\"ListItem\",\"position\":1,\"name\":\"Home\",\"item\":\"https:\\\/\\\/upmp.news\\\/\"},{\"@type\":\"ListItem\",\"position\":2,\"name\":\"Fake: Der Angriff auf die Krimbr\u00fccke sei ein \u201eTerrorakt\u201c\"}]},{\"@type\":\"WebSite\",\"@id\":\"https:\\\/\\\/upmp.news\\\/#website\",\"url\":\"https:\\\/\\\/upmp.news\\\/\",\"name\":\"U.P.M.P\",\"description\":\"\u0423\u043a\u0440\u0430\u0457\u043d\u043e-\u043f\u043e\u043b\u044c\u0441\u044c\u043a\u0430 \u043c\u0435\u0434\u0456\u0430\u043f\u043b\u0430\u0442\u0444\u043e\u0440\u043c\u0430\",\"potentialAction\":[{\"@type\":\"SearchAction\",\"target\":{\"@type\":\"EntryPoint\",\"urlTemplate\":\"https:\\\/\\\/upmp.news\\\/?s={search_term_string}\"},\"query-input\":{\"@type\":\"PropertyValueSpecification\",\"valueRequired\":true,\"valueName\":\"search_term_string\"}}],\"inLanguage\":\"de\"},{\"@type\":\"Person\",\"@id\":\"https:\\\/\\\/upmp.news\\\/#\\\/schema\\\/person\\\/cebd3113030eb01f184505010f519d71\",\"name\":\"vladimyr\",\"image\":{\"@type\":\"ImageObject\",\"inLanguage\":\"de\",\"@id\":\"https:\\\/\\\/upmp.news\\\/wp-content\\\/uploads\\\/2017\\\/12\\\/ava.png\",\"url\":\"https:\\\/\\\/upmp.news\\\/wp-content\\\/uploads\\\/2017\\\/12\\\/ava.png\",\"contentUrl\":\"https:\\\/\\\/upmp.news\\\/wp-content\\\/uploads\\\/2017\\\/12\\\/ava.png\",\"caption\":\"vladimyr\"},\"url\":\"https:\\\/\\\/upmp.news\\\/de\\\/author\\\/vladimyr\\\/\"}]}<\/script>\n<!-- \/ Yoast SEO plugin. -->","yoast_head_json":{"title":"Fake: Der Angriff auf die Krimbr\u00fccke sei ein \u201eTerrorakt\u201c &#8211; U.P.M.P","robots":{"index":"index","follow":"follow","max-snippet":"max-snippet:-1","max-image-preview":"max-image-preview:large","max-video-preview":"max-video-preview:-1"},"canonical":"https:\/\/upmp.news\/de\/in-der-ukraine\/fake-der-angriff-auf-die-krimbruecke-sei-ein-terrorakt\/","og_locale":"de_DE","og_type":"article","og_title":"Fake: Der Angriff auf die Krimbr\u00fccke sei ein \u201eTerrorakt\u201c &#8211; U.P.M.P","og_description":"Der Angriff auf die Krimbr\u00fccke am 17. Juli dieses Jahres kam f\u00fcr Russland als Land, das die besetzte \u041dalbinsel als \u201euneinnehmbare Festung\u201c positionierte, durchaus \u00fcberraschend. Es scheint, dass die sogenannte \u201ezweitst\u00e4rkste Armee der Welt\u201c unbedingt Konsequenzen aus dem Angriff im Oktober 2022 ziehen sollte \u2013 allerdings scheinen Moskaus Drohungen mit \u201emassiven Vergeltungsma\u00dfnahmen\u201c gepaart mit Beteuerungen [&hellip;]","og_url":"https:\/\/upmp.news\/de\/in-der-ukraine\/fake-der-angriff-auf-die-krimbruecke-sei-ein-terrorakt\/","og_site_name":"U.P.M.P","article_publisher":"https:\/\/www.facebook.com\/upmp.news\/","article_published_time":"2023-07-19T07:58:54+00:00","article_modified_time":"2023-07-19T16:18:40+00:00","og_image":[{"width":827,"height":742,"url":"https:\/\/upmp.news\/wp-content\/uploads\/2023\/07\/24_Image-1.jpg","type":"image\/jpeg"}],"author":"vladimyr","twitter_card":"summary_large_image","twitter_creator":"@maininua","twitter_site":"@maininua","twitter_misc":{"Verfasst von":"vladimyr","Gesch\u00e4tzte Lesezeit":"7\u00a0Minuten"},"schema":{"@context":"https:\/\/schema.org","@graph":[{"@type":"Article","@id":"https:\/\/upmp.news\/de\/in-der-ukraine\/fake-der-angriff-auf-die-krimbruecke-sei-ein-terrorakt\/#article","isPartOf":{"@id":"https:\/\/upmp.news\/de\/in-der-ukraine\/fake-der-angriff-auf-die-krimbruecke-sei-ein-terrorakt\/"},"author":{"name":"vladimyr","@id":"https:\/\/upmp.news\/#\/schema\/person\/cebd3113030eb01f184505010f519d71"},"headline":"Fake: Der Angriff auf die Krimbr\u00fccke sei ein \u201eTerrorakt\u201c","datePublished":"2023-07-19T07:58:54+00:00","dateModified":"2023-07-19T16:18:40+00:00","mainEntityOfPage":{"@id":"https:\/\/upmp.news\/de\/in-der-ukraine\/fake-der-angriff-auf-die-krimbruecke-sei-ein-terrorakt\/"},"wordCount":1309,"image":{"@id":"https:\/\/upmp.news\/de\/in-der-ukraine\/fake-der-angriff-auf-die-krimbruecke-sei-ein-terrorakt\/#primaryimage"},"thumbnailUrl":"https:\/\/upmp.news\/wp-content\/uploads\/2023\/07\/24_Image-1.jpg","articleSection":["\"Stop Lie\"-Spezialprojekt","In der Ukraine"],"inLanguage":"de"},{"@type":"WebPage","@id":"https:\/\/upmp.news\/de\/in-der-ukraine\/fake-der-angriff-auf-die-krimbruecke-sei-ein-terrorakt\/","url":"https:\/\/upmp.news\/de\/in-der-ukraine\/fake-der-angriff-auf-die-krimbruecke-sei-ein-terrorakt\/","name":"Fake: Der Angriff auf die Krimbr\u00fccke sei ein \u201eTerrorakt\u201c &#8211; U.P.M.P","isPartOf":{"@id":"https:\/\/upmp.news\/#website"},"primaryImageOfPage":{"@id":"https:\/\/upmp.news\/de\/in-der-ukraine\/fake-der-angriff-auf-die-krimbruecke-sei-ein-terrorakt\/#primaryimage"},"image":{"@id":"https:\/\/upmp.news\/de\/in-der-ukraine\/fake-der-angriff-auf-die-krimbruecke-sei-ein-terrorakt\/#primaryimage"},"thumbnailUrl":"https:\/\/upmp.news\/wp-content\/uploads\/2023\/07\/24_Image-1.jpg","datePublished":"2023-07-19T07:58:54+00:00","dateModified":"2023-07-19T16:18:40+00:00","author":{"@id":"https:\/\/upmp.news\/#\/schema\/person\/cebd3113030eb01f184505010f519d71"},"breadcrumb":{"@id":"https:\/\/upmp.news\/de\/in-der-ukraine\/fake-der-angriff-auf-die-krimbruecke-sei-ein-terrorakt\/#breadcrumb"},"inLanguage":"de","potentialAction":[{"@type":"ReadAction","target":["https:\/\/upmp.news\/de\/in-der-ukraine\/fake-der-angriff-auf-die-krimbruecke-sei-ein-terrorakt\/"]}]},{"@type":"ImageObject","inLanguage":"de","@id":"https:\/\/upmp.news\/de\/in-der-ukraine\/fake-der-angriff-auf-die-krimbruecke-sei-ein-terrorakt\/#primaryimage","url":"https:\/\/upmp.news\/wp-content\/uploads\/2023\/07\/24_Image-1.jpg","contentUrl":"https:\/\/upmp.news\/wp-content\/uploads\/2023\/07\/24_Image-1.jpg","width":827,"height":742,"caption":"Die Illustration von t.me\/Tsaplienko"},{"@type":"BreadcrumbList","@id":"https:\/\/upmp.news\/de\/in-der-ukraine\/fake-der-angriff-auf-die-krimbruecke-sei-ein-terrorakt\/#breadcrumb","itemListElement":[{"@type":"ListItem","position":1,"name":"Home","item":"https:\/\/upmp.news\/"},{"@type":"ListItem","position":2,"name":"Fake: Der Angriff auf die Krimbr\u00fccke sei ein \u201eTerrorakt\u201c"}]},{"@type":"WebSite","@id":"https:\/\/upmp.news\/#website","url":"https:\/\/upmp.news\/","name":"U.P.M.P","description":"\u0423\u043a\u0440\u0430\u0457\u043d\u043e-\u043f\u043e\u043b\u044c\u0441\u044c\u043a\u0430 \u043c\u0435\u0434\u0456\u0430\u043f\u043b\u0430\u0442\u0444\u043e\u0440\u043c\u0430","potentialAction":[{"@type":"SearchAction","target":{"@type":"EntryPoint","urlTemplate":"https:\/\/upmp.news\/?s={search_term_string}"},"query-input":{"@type":"PropertyValueSpecification","valueRequired":true,"valueName":"search_term_string"}}],"inLanguage":"de"},{"@type":"Person","@id":"https:\/\/upmp.news\/#\/schema\/person\/cebd3113030eb01f184505010f519d71","name":"vladimyr","image":{"@type":"ImageObject","inLanguage":"de","@id":"https:\/\/upmp.news\/wp-content\/uploads\/2017\/12\/ava.png","url":"https:\/\/upmp.news\/wp-content\/uploads\/2017\/12\/ava.png","contentUrl":"https:\/\/upmp.news\/wp-content\/uploads\/2017\/12\/ava.png","caption":"vladimyr"},"url":"https:\/\/upmp.news\/de\/author\/vladimyr\/"}]}},"_links":{"self":[{"href":"https:\/\/upmp.news\/de\/wp-json\/wp\/v2\/posts\/256052","targetHints":{"allow":["GET"]}}],"collection":[{"href":"https:\/\/upmp.news\/de\/wp-json\/wp\/v2\/posts"}],"about":[{"href":"https:\/\/upmp.news\/de\/wp-json\/wp\/v2\/types\/post"}],"author":[{"embeddable":true,"href":"https:\/\/upmp.news\/de\/wp-json\/wp\/v2\/users\/27"}],"replies":[{"embeddable":true,"href":"https:\/\/upmp.news\/de\/wp-json\/wp\/v2\/comments?post=256052"}],"version-history":[{"count":1,"href":"https:\/\/upmp.news\/de\/wp-json\/wp\/v2\/posts\/256052\/revisions"}],"predecessor-version":[{"id":256058,"href":"https:\/\/upmp.news\/de\/wp-json\/wp\/v2\/posts\/256052\/revisions\/256058"}],"wp:featuredmedia":[{"embeddable":true,"href":"https:\/\/upmp.news\/de\/wp-json\/wp\/v2\/media\/256053"}],"wp:attachment":[{"href":"https:\/\/upmp.news\/de\/wp-json\/wp\/v2\/media?parent=256052"}],"wp:term":[{"taxonomy":"category","embeddable":true,"href":"https:\/\/upmp.news\/de\/wp-json\/wp\/v2\/categories?post=256052"},{"taxonomy":"post_tag","embeddable":true,"href":"https:\/\/upmp.news\/de\/wp-json\/wp\/v2\/tags?post=256052"}],"curies":[{"name":"wp","href":"https:\/\/api.w.org\/{rel}","templated":true}]}}