{"id":266125,"date":"2023-12-25T11:39:47","date_gmt":"2023-12-25T09:39:47","guid":{"rendered":"https:\/\/upmp.news\/?p=266125"},"modified":"2023-12-25T11:39:49","modified_gmt":"2023-12-25T09:39:49","slug":"praesidentenpaar-wuenscht-allen-polen-frohe-weihnachten","status":"publish","type":"post","link":"https:\/\/upmp.news\/de\/in-polen\/praesidentenpaar-wuenscht-allen-polen-frohe-weihnachten\/","title":{"rendered":"Pr\u00e4sidentenpaar w\u00fcnscht allen Polen frohe Weihnachten"},"content":{"rendered":"\n<p><strong>Polens Pr\u00e4sident und die Erste Dame haben eine festliche Botschaft an ihre Landsleute im In- und Ausland gerichtet. Sie w\u00fcnschen allen ein \u201efrohes Weihnachtsfest&#8220; sowie \u201eGesundheit, Frieden und Harmonie&#8220;.<\/strong> <strong>Dies wird von Upmp.news unter <a href=\"https:\/\/www.polskieradio.pl\/400\/7764\/Artykul\/3305575,pr%C3%A4sidentenpaar-w%C3%BCnscht-allen-polen-frohe-weihnachten\">Bezugnahme<\/a> auf \u201ePolskie Radio\u201c gemeldet.<\/strong><\/p>\n\n\n\n<p>Andrzej Duda und Agata Kornhauser-Duda haben in einer am Sonntagmorgen ver\u00f6ffentlichten Videobotschaft ihre Weihnachtsw\u00fcnsche \u00fcbermittelt. Der Pr\u00e4sident ermutigte die Polen, daf\u00fcr zu sorgen, dass \u201ejeder einen Platz f\u00fcr sich am Weihnachtstisch findet&#8220;. Weihnachten sollte auch denjenigen, die einsam sind, ein \u201eGef\u00fchl der Gemeinschaft&#8220; und jenen, die in Not sind, \u201eUnterst\u00fctzung&#8220; geben.<\/p>\n\n\n\n<figure class=\"wp-block-embed is-type-video is-provider-youtube wp-block-embed-youtube wp-embed-aspect-16-9 wp-has-aspect-ratio\"><div class=\"wp-block-embed__wrapper\">\n<div class=\"newspaper-x-video-container\"><iframe loading=\"lazy\" title=\"Para Prezydencka sk\u0142ada \u017cyczenia bo\u017conarodzeniowe\" width=\"750\" height=\"422\" src=\"https:\/\/www.youtube.com\/embed\/0LDuqEJ34AQ?feature=oembed\" frameborder=\"0\" allow=\"accelerometer; autoplay; clipboard-write; encrypted-media; gyroscope; picture-in-picture; web-share\" allowfullscreen><\/iframe><\/div>\n<\/div><\/figure>\n\n\n\n<p>Duda rief seine Landsleute dazu auf, \u201egemeinsam Weihnachtslieder zu singen&#8220;, \u201egl\u00fcckliche Erinnerungen&#8220; und \u201eHoffnungen f\u00fcr das neue Jahr&#8220; zu teilen. Seine Gattin w\u00fcnschte allen ein Weihnachtsfest voller \u201efr\u00f6hlicher Atmosph\u00e4re und Harmonie&#8220;. Wie sie betonte, w\u00fcrden \u201eFreundlichkeit und Solidarit\u00e4t mit den Mitmenschen&#8220;, die die Festtage kennzeichnen, \u201elange in unseren Herzen bleiben&#8220;.<\/p>\n\n\n\n<p>Agata Kornhauser-Duda schloss ihre Ansprache mit Worten: \u201eWir w\u00fcnschen Ihnen ein frohes Weihnachtsfest&#8220;. PAP,<\/p>\n\n\n\n<p>prezydent.pl\/ps<\/p>\n<div class=\"newspaper-x-tags\"><strong><\/strong><span><a href=\"https:\/\/upmp.news\/de\/tag\/agata-kornhauser-duda-5\/\" rel=\"tag\">Agata Kornhauser-Duda<\/a><\/span><a href=\"https:\/\/upmp.news\/de\/tag\/andrzej-duda-4\/\" rel=\"tag\">Andrzej Duda<\/a> <\/div>","protected":false},"excerpt":{"rendered":"<p>Polens Pr\u00e4sident und die Erste Dame haben eine festliche Botschaft an ihre Landsleute im In- und Ausland gerichtet. Sie w\u00fcnschen allen ein \u201efrohes Weihnachtsfest&#8220; sowie \u201eGesundheit, Frieden und Harmonie&#8220;. Dies wird von Upmp.news unter Bezugnahme auf \u201ePolskie Radio\u201c gemeldet. Andrzej Duda und Agata Kornhauser-Duda haben in einer am Sonntagmorgen ver\u00f6ffentlichten Videobotschaft ihre Weihnachtsw\u00fcnsche \u00fcbermittelt. Der [&hellip;]<\/p>\n","protected":false},"author":27,"featured_media":266126,"comment_status":"closed","ping_status":"open","sticky":true,"template":"","format":"standard","meta":{"_exactmetrics_skip_tracking":false,"_exactmetrics_sitenote_active":false,"_exactmetrics_sitenote_note":"","_exactmetrics_sitenote_category":0,"footnotes":""},"categories":[20640],"tags":[22127,21321],"class_list":["post-266125","post","type-post","status-publish","format-standard","has-post-thumbnail","hentry","category-in-polen","tag-agata-kornhauser-duda-5","tag-andrzej-duda-4"],"yoast_head":"<!-- This site is optimized with the Yoast SEO plugin v27.3 - https:\/\/yoast.com\/product\/yoast-seo-wordpress\/ -->\n<title>Pr\u00e4sidentenpaar w\u00fcnscht allen Polen frohe Weihnachten &#8211; U.P.M.P<\/title>\n<meta name=\"robots\" content=\"index, follow, max-snippet:-1, max-image-preview:large, max-video-preview:-1\" \/>\n<link rel=\"canonical\" href=\"https:\/\/upmp.news\/de\/in-polen\/praesidentenpaar-wuenscht-allen-polen-frohe-weihnachten\/\" \/>\n<meta property=\"og:locale\" content=\"de_DE\" \/>\n<meta property=\"og:type\" content=\"article\" \/>\n<meta property=\"og:title\" content=\"Pr\u00e4sidentenpaar w\u00fcnscht allen Polen frohe Weihnachten &#8211; U.P.M.P\" \/>\n<meta property=\"og:description\" content=\"Polens Pr\u00e4sident und die Erste Dame haben eine festliche Botschaft an ihre Landsleute im In- und Ausland gerichtet. Sie w\u00fcnschen allen ein \u201efrohes Weihnachtsfest&#8220; sowie \u201eGesundheit, Frieden und Harmonie&#8220;. Dies wird von Upmp.news unter Bezugnahme auf \u201ePolskie Radio\u201c gemeldet. Andrzej Duda und Agata Kornhauser-Duda haben in einer am Sonntagmorgen ver\u00f6ffentlichten Videobotschaft ihre Weihnachtsw\u00fcnsche \u00fcbermittelt. Der [&hellip;]\" \/>\n<meta property=\"og:url\" content=\"https:\/\/upmp.news\/de\/in-polen\/praesidentenpaar-wuenscht-allen-polen-frohe-weihnachten\/\" \/>\n<meta property=\"og:site_name\" content=\"U.P.M.P\" \/>\n<meta property=\"article:publisher\" content=\"https:\/\/www.facebook.com\/upmp.news\/\" \/>\n<meta property=\"article:published_time\" content=\"2023-12-25T09:39:47+00:00\" \/>\n<meta property=\"article:modified_time\" content=\"2023-12-25T09:39:49+00:00\" \/>\n<meta property=\"og:image\" content=\"https:\/\/upmp.news\/wp-content\/uploads\/2023\/12\/Bozonarodzeniowe-zyczenia-od-pary-prezydenckiej-dla-wszystkich-Polakow-1.png\" \/>\n\t<meta property=\"og:image:width\" content=\"938\" \/>\n\t<meta property=\"og:image:height\" content=\"527\" \/>\n\t<meta property=\"og:image:type\" content=\"image\/png\" \/>\n<meta name=\"author\" content=\"vladimyr\" \/>\n<meta name=\"twitter:card\" content=\"summary_large_image\" \/>\n<meta name=\"twitter:creator\" content=\"@maininua\" \/>\n<meta name=\"twitter:site\" content=\"@maininua\" \/>\n<meta name=\"twitter:label1\" content=\"Verfasst von\" \/>\n\t<meta name=\"twitter:data1\" content=\"vladimyr\" \/>\n\t<meta name=\"twitter:label2\" content=\"Gesch\u00e4tzte Lesezeit\" \/>\n\t<meta name=\"twitter:data2\" content=\"1\u00a0Minute\" \/>\n<script type=\"application\/ld+json\" class=\"yoast-schema-graph\">{\"@context\":\"https:\\\/\\\/schema.org\",\"@graph\":[{\"@type\":\"Article\",\"@id\":\"https:\\\/\\\/upmp.news\\\/de\\\/in-polen\\\/praesidentenpaar-wuenscht-allen-polen-frohe-weihnachten\\\/#article\",\"isPartOf\":{\"@id\":\"https:\\\/\\\/upmp.news\\\/de\\\/in-polen\\\/praesidentenpaar-wuenscht-allen-polen-frohe-weihnachten\\\/\"},\"author\":{\"name\":\"vladimyr\",\"@id\":\"https:\\\/\\\/upmp.news\\\/#\\\/schema\\\/person\\\/cebd3113030eb01f184505010f519d71\"},\"headline\":\"Pr\u00e4sidentenpaar w\u00fcnscht allen Polen frohe Weihnachten\",\"datePublished\":\"2023-12-25T09:39:47+00:00\",\"dateModified\":\"2023-12-25T09:39:49+00:00\",\"mainEntityOfPage\":{\"@id\":\"https:\\\/\\\/upmp.news\\\/de\\\/in-polen\\\/praesidentenpaar-wuenscht-allen-polen-frohe-weihnachten\\\/\"},\"wordCount\":191,\"image\":{\"@id\":\"https:\\\/\\\/upmp.news\\\/de\\\/in-polen\\\/praesidentenpaar-wuenscht-allen-polen-frohe-weihnachten\\\/#primaryimage\"},\"thumbnailUrl\":\"https:\\\/\\\/upmp.news\\\/wp-content\\\/uploads\\\/2023\\\/12\\\/Bozonarodzeniowe-zyczenia-od-pary-prezydenckiej-dla-wszystkich-Polakow-1.png\",\"keywords\":[\"Agata Kornhauser-Duda\",\"Andrzej Duda\"],\"articleSection\":[\"In Polen\"],\"inLanguage\":\"de\"},{\"@type\":\"WebPage\",\"@id\":\"https:\\\/\\\/upmp.news\\\/de\\\/in-polen\\\/praesidentenpaar-wuenscht-allen-polen-frohe-weihnachten\\\/\",\"url\":\"https:\\\/\\\/upmp.news\\\/de\\\/in-polen\\\/praesidentenpaar-wuenscht-allen-polen-frohe-weihnachten\\\/\",\"name\":\"Pr\u00e4sidentenpaar w\u00fcnscht allen Polen frohe Weihnachten &#8211; U.P.M.P\",\"isPartOf\":{\"@id\":\"https:\\\/\\\/upmp.news\\\/#website\"},\"primaryImageOfPage\":{\"@id\":\"https:\\\/\\\/upmp.news\\\/de\\\/in-polen\\\/praesidentenpaar-wuenscht-allen-polen-frohe-weihnachten\\\/#primaryimage\"},\"image\":{\"@id\":\"https:\\\/\\\/upmp.news\\\/de\\\/in-polen\\\/praesidentenpaar-wuenscht-allen-polen-frohe-weihnachten\\\/#primaryimage\"},\"thumbnailUrl\":\"https:\\\/\\\/upmp.news\\\/wp-content\\\/uploads\\\/2023\\\/12\\\/Bozonarodzeniowe-zyczenia-od-pary-prezydenckiej-dla-wszystkich-Polakow-1.png\",\"datePublished\":\"2023-12-25T09:39:47+00:00\",\"dateModified\":\"2023-12-25T09:39:49+00:00\",\"author\":{\"@id\":\"https:\\\/\\\/upmp.news\\\/#\\\/schema\\\/person\\\/cebd3113030eb01f184505010f519d71\"},\"breadcrumb\":{\"@id\":\"https:\\\/\\\/upmp.news\\\/de\\\/in-polen\\\/praesidentenpaar-wuenscht-allen-polen-frohe-weihnachten\\\/#breadcrumb\"},\"inLanguage\":\"de\",\"potentialAction\":[{\"@type\":\"ReadAction\",\"target\":[\"https:\\\/\\\/upmp.news\\\/de\\\/in-polen\\\/praesidentenpaar-wuenscht-allen-polen-frohe-weihnachten\\\/\"]}]},{\"@type\":\"ImageObject\",\"inLanguage\":\"de\",\"@id\":\"https:\\\/\\\/upmp.news\\\/de\\\/in-polen\\\/praesidentenpaar-wuenscht-allen-polen-frohe-weihnachten\\\/#primaryimage\",\"url\":\"https:\\\/\\\/upmp.news\\\/wp-content\\\/uploads\\\/2023\\\/12\\\/Bozonarodzeniowe-zyczenia-od-pary-prezydenckiej-dla-wszystkich-Polakow-1.png\",\"contentUrl\":\"https:\\\/\\\/upmp.news\\\/wp-content\\\/uploads\\\/2023\\\/12\\\/Bozonarodzeniowe-zyczenia-od-pary-prezydenckiej-dla-wszystkich-Polakow-1.png\",\"width\":938,\"height\":527,\"caption\":\"Agata Kornhauser-Duda i Andrzej Duda KPRP \\\/ Grzegorz Jakubowski\"},{\"@type\":\"BreadcrumbList\",\"@id\":\"https:\\\/\\\/upmp.news\\\/de\\\/in-polen\\\/praesidentenpaar-wuenscht-allen-polen-frohe-weihnachten\\\/#breadcrumb\",\"itemListElement\":[{\"@type\":\"ListItem\",\"position\":1,\"name\":\"Home\",\"item\":\"https:\\\/\\\/upmp.news\\\/\"},{\"@type\":\"ListItem\",\"position\":2,\"name\":\"Pr\u00e4sidentenpaar w\u00fcnscht allen Polen frohe Weihnachten\"}]},{\"@type\":\"WebSite\",\"@id\":\"https:\\\/\\\/upmp.news\\\/#website\",\"url\":\"https:\\\/\\\/upmp.news\\\/\",\"name\":\"U.P.M.P\",\"description\":\"\u0423\u043a\u0440\u0430\u0457\u043d\u043e-\u043f\u043e\u043b\u044c\u0441\u044c\u043a\u0430 \u043c\u0435\u0434\u0456\u0430\u043f\u043b\u0430\u0442\u0444\u043e\u0440\u043c\u0430\",\"potentialAction\":[{\"@type\":\"SearchAction\",\"target\":{\"@type\":\"EntryPoint\",\"urlTemplate\":\"https:\\\/\\\/upmp.news\\\/?s={search_term_string}\"},\"query-input\":{\"@type\":\"PropertyValueSpecification\",\"valueRequired\":true,\"valueName\":\"search_term_string\"}}],\"inLanguage\":\"de\"},{\"@type\":\"Person\",\"@id\":\"https:\\\/\\\/upmp.news\\\/#\\\/schema\\\/person\\\/cebd3113030eb01f184505010f519d71\",\"name\":\"vladimyr\",\"image\":{\"@type\":\"ImageObject\",\"inLanguage\":\"de\",\"@id\":\"https:\\\/\\\/upmp.news\\\/wp-content\\\/uploads\\\/2017\\\/12\\\/ava.png\",\"url\":\"https:\\\/\\\/upmp.news\\\/wp-content\\\/uploads\\\/2017\\\/12\\\/ava.png\",\"contentUrl\":\"https:\\\/\\\/upmp.news\\\/wp-content\\\/uploads\\\/2017\\\/12\\\/ava.png\",\"caption\":\"vladimyr\"},\"url\":\"https:\\\/\\\/upmp.news\\\/de\\\/author\\\/vladimyr\\\/\"}]}<\/script>\n<!-- \/ Yoast SEO plugin. -->","yoast_head_json":{"title":"Pr\u00e4sidentenpaar w\u00fcnscht allen Polen frohe Weihnachten &#8211; U.P.M.P","robots":{"index":"index","follow":"follow","max-snippet":"max-snippet:-1","max-image-preview":"max-image-preview:large","max-video-preview":"max-video-preview:-1"},"canonical":"https:\/\/upmp.news\/de\/in-polen\/praesidentenpaar-wuenscht-allen-polen-frohe-weihnachten\/","og_locale":"de_DE","og_type":"article","og_title":"Pr\u00e4sidentenpaar w\u00fcnscht allen Polen frohe Weihnachten &#8211; U.P.M.P","og_description":"Polens Pr\u00e4sident und die Erste Dame haben eine festliche Botschaft an ihre Landsleute im In- und Ausland gerichtet. Sie w\u00fcnschen allen ein \u201efrohes Weihnachtsfest&#8220; sowie \u201eGesundheit, Frieden und Harmonie&#8220;. Dies wird von Upmp.news unter Bezugnahme auf \u201ePolskie Radio\u201c gemeldet. Andrzej Duda und Agata Kornhauser-Duda haben in einer am Sonntagmorgen ver\u00f6ffentlichten Videobotschaft ihre Weihnachtsw\u00fcnsche \u00fcbermittelt. Der [&hellip;]","og_url":"https:\/\/upmp.news\/de\/in-polen\/praesidentenpaar-wuenscht-allen-polen-frohe-weihnachten\/","og_site_name":"U.P.M.P","article_publisher":"https:\/\/www.facebook.com\/upmp.news\/","article_published_time":"2023-12-25T09:39:47+00:00","article_modified_time":"2023-12-25T09:39:49+00:00","og_image":[{"width":938,"height":527,"url":"https:\/\/upmp.news\/wp-content\/uploads\/2023\/12\/Bozonarodzeniowe-zyczenia-od-pary-prezydenckiej-dla-wszystkich-Polakow-1.png","type":"image\/png"}],"author":"vladimyr","twitter_card":"summary_large_image","twitter_creator":"@maininua","twitter_site":"@maininua","twitter_misc":{"Verfasst von":"vladimyr","Gesch\u00e4tzte Lesezeit":"1\u00a0Minute"},"schema":{"@context":"https:\/\/schema.org","@graph":[{"@type":"Article","@id":"https:\/\/upmp.news\/de\/in-polen\/praesidentenpaar-wuenscht-allen-polen-frohe-weihnachten\/#article","isPartOf":{"@id":"https:\/\/upmp.news\/de\/in-polen\/praesidentenpaar-wuenscht-allen-polen-frohe-weihnachten\/"},"author":{"name":"vladimyr","@id":"https:\/\/upmp.news\/#\/schema\/person\/cebd3113030eb01f184505010f519d71"},"headline":"Pr\u00e4sidentenpaar w\u00fcnscht allen Polen frohe Weihnachten","datePublished":"2023-12-25T09:39:47+00:00","dateModified":"2023-12-25T09:39:49+00:00","mainEntityOfPage":{"@id":"https:\/\/upmp.news\/de\/in-polen\/praesidentenpaar-wuenscht-allen-polen-frohe-weihnachten\/"},"wordCount":191,"image":{"@id":"https:\/\/upmp.news\/de\/in-polen\/praesidentenpaar-wuenscht-allen-polen-frohe-weihnachten\/#primaryimage"},"thumbnailUrl":"https:\/\/upmp.news\/wp-content\/uploads\/2023\/12\/Bozonarodzeniowe-zyczenia-od-pary-prezydenckiej-dla-wszystkich-Polakow-1.png","keywords":["Agata Kornhauser-Duda","Andrzej Duda"],"articleSection":["In Polen"],"inLanguage":"de"},{"@type":"WebPage","@id":"https:\/\/upmp.news\/de\/in-polen\/praesidentenpaar-wuenscht-allen-polen-frohe-weihnachten\/","url":"https:\/\/upmp.news\/de\/in-polen\/praesidentenpaar-wuenscht-allen-polen-frohe-weihnachten\/","name":"Pr\u00e4sidentenpaar w\u00fcnscht allen Polen frohe Weihnachten &#8211; U.P.M.P","isPartOf":{"@id":"https:\/\/upmp.news\/#website"},"primaryImageOfPage":{"@id":"https:\/\/upmp.news\/de\/in-polen\/praesidentenpaar-wuenscht-allen-polen-frohe-weihnachten\/#primaryimage"},"image":{"@id":"https:\/\/upmp.news\/de\/in-polen\/praesidentenpaar-wuenscht-allen-polen-frohe-weihnachten\/#primaryimage"},"thumbnailUrl":"https:\/\/upmp.news\/wp-content\/uploads\/2023\/12\/Bozonarodzeniowe-zyczenia-od-pary-prezydenckiej-dla-wszystkich-Polakow-1.png","datePublished":"2023-12-25T09:39:47+00:00","dateModified":"2023-12-25T09:39:49+00:00","author":{"@id":"https:\/\/upmp.news\/#\/schema\/person\/cebd3113030eb01f184505010f519d71"},"breadcrumb":{"@id":"https:\/\/upmp.news\/de\/in-polen\/praesidentenpaar-wuenscht-allen-polen-frohe-weihnachten\/#breadcrumb"},"inLanguage":"de","potentialAction":[{"@type":"ReadAction","target":["https:\/\/upmp.news\/de\/in-polen\/praesidentenpaar-wuenscht-allen-polen-frohe-weihnachten\/"]}]},{"@type":"ImageObject","inLanguage":"de","@id":"https:\/\/upmp.news\/de\/in-polen\/praesidentenpaar-wuenscht-allen-polen-frohe-weihnachten\/#primaryimage","url":"https:\/\/upmp.news\/wp-content\/uploads\/2023\/12\/Bozonarodzeniowe-zyczenia-od-pary-prezydenckiej-dla-wszystkich-Polakow-1.png","contentUrl":"https:\/\/upmp.news\/wp-content\/uploads\/2023\/12\/Bozonarodzeniowe-zyczenia-od-pary-prezydenckiej-dla-wszystkich-Polakow-1.png","width":938,"height":527,"caption":"Agata Kornhauser-Duda i Andrzej Duda KPRP \/ Grzegorz Jakubowski"},{"@type":"BreadcrumbList","@id":"https:\/\/upmp.news\/de\/in-polen\/praesidentenpaar-wuenscht-allen-polen-frohe-weihnachten\/#breadcrumb","itemListElement":[{"@type":"ListItem","position":1,"name":"Home","item":"https:\/\/upmp.news\/"},{"@type":"ListItem","position":2,"name":"Pr\u00e4sidentenpaar w\u00fcnscht allen Polen frohe Weihnachten"}]},{"@type":"WebSite","@id":"https:\/\/upmp.news\/#website","url":"https:\/\/upmp.news\/","name":"U.P.M.P","description":"\u0423\u043a\u0440\u0430\u0457\u043d\u043e-\u043f\u043e\u043b\u044c\u0441\u044c\u043a\u0430 \u043c\u0435\u0434\u0456\u0430\u043f\u043b\u0430\u0442\u0444\u043e\u0440\u043c\u0430","potentialAction":[{"@type":"SearchAction","target":{"@type":"EntryPoint","urlTemplate":"https:\/\/upmp.news\/?s={search_term_string}"},"query-input":{"@type":"PropertyValueSpecification","valueRequired":true,"valueName":"search_term_string"}}],"inLanguage":"de"},{"@type":"Person","@id":"https:\/\/upmp.news\/#\/schema\/person\/cebd3113030eb01f184505010f519d71","name":"vladimyr","image":{"@type":"ImageObject","inLanguage":"de","@id":"https:\/\/upmp.news\/wp-content\/uploads\/2017\/12\/ava.png","url":"https:\/\/upmp.news\/wp-content\/uploads\/2017\/12\/ava.png","contentUrl":"https:\/\/upmp.news\/wp-content\/uploads\/2017\/12\/ava.png","caption":"vladimyr"},"url":"https:\/\/upmp.news\/de\/author\/vladimyr\/"}]}},"_links":{"self":[{"href":"https:\/\/upmp.news\/de\/wp-json\/wp\/v2\/posts\/266125","targetHints":{"allow":["GET"]}}],"collection":[{"href":"https:\/\/upmp.news\/de\/wp-json\/wp\/v2\/posts"}],"about":[{"href":"https:\/\/upmp.news\/de\/wp-json\/wp\/v2\/types\/post"}],"author":[{"embeddable":true,"href":"https:\/\/upmp.news\/de\/wp-json\/wp\/v2\/users\/27"}],"replies":[{"embeddable":true,"href":"https:\/\/upmp.news\/de\/wp-json\/wp\/v2\/comments?post=266125"}],"version-history":[{"count":1,"href":"https:\/\/upmp.news\/de\/wp-json\/wp\/v2\/posts\/266125\/revisions"}],"predecessor-version":[{"id":266131,"href":"https:\/\/upmp.news\/de\/wp-json\/wp\/v2\/posts\/266125\/revisions\/266131"}],"wp:featuredmedia":[{"embeddable":true,"href":"https:\/\/upmp.news\/de\/wp-json\/wp\/v2\/media\/266126"}],"wp:attachment":[{"href":"https:\/\/upmp.news\/de\/wp-json\/wp\/v2\/media?parent=266125"}],"wp:term":[{"taxonomy":"category","embeddable":true,"href":"https:\/\/upmp.news\/de\/wp-json\/wp\/v2\/categories?post=266125"},{"taxonomy":"post_tag","embeddable":true,"href":"https:\/\/upmp.news\/de\/wp-json\/wp\/v2\/tags?post=266125"}],"curies":[{"name":"wp","href":"https:\/\/api.w.org\/{rel}","templated":true}]}}