{"id":277747,"date":"2024-12-16T14:36:28","date_gmt":"2024-12-16T12:36:28","guid":{"rendered":"https:\/\/upmp.news\/?p=277747"},"modified":"2024-12-16T14:36:30","modified_gmt":"2024-12-16T12:36:30","slug":"die-zukunft-der-ukraine-als-pruefstein-fuer-europa","status":"publish","type":"post","link":"https:\/\/upmp.news\/de\/in-der-ukraine\/die-zukunft-der-ukraine-als-pruefstein-fuer-europa\/","title":{"rendered":"&#8222;Die Zukunft der Ukraine als Pr\u00fcfstein f\u00fcr Europa&#8220;"},"content":{"rendered":"\n<p><strong>Welche Gefahren sehen Experten in der von Emmanuel Macron forcierten Idee einer europ\u00e4ischen Friedensmission in der Ukraine? Was sagt die fehlende Glaubw\u00fcrdigkeit des franz\u00f6sischen Vorsto\u00dfes \u00fcber die Kondition des ganzen Kontinents aus? Wie hat der Krieg die Meinung der Ukrainer \u00fcber die Polen beeinflusst? Und: Russische Hacker haben offenbar eine massive Desinformationskampagne vor der letzten Parlamentswahlen in Polen durchgef\u00fchrt.<\/strong> <strong>Dies wird von Upmp.news unter <a href=\"https:\/\/www.polskieradio.pl\/400\/7764\/Artykul\/3459355,Spanische-Tageszeitung-Polen-%C3%BCberholt-Frankreich-und-Deutschland-als-wichtiger-Akteur-in-Europa\">Bezugnahme<\/a> auf \u201ePolskie Radio\u201c gemeldet.<\/strong><\/p>\n\n\n\n<p><strong>Dziennik\/Gazeta Prawna: Tusk und Selenskyj \u00fcber europ\u00e4ische Friedensmission<\/strong><\/p>\n\n\n\n<p>Falls das f\u00fcr heute geplante Treffen von Premierminister Donald Tusk mit Pr\u00e4sident Wolodymyr Selenskyj in Lwiw nicht abgesagt wird, wird es im Zeichen der Diskussion \u00fcber die Stationierung von NATO-Truppen in der Ukraine stattfinden, schreibt Dziennik\/Gazeta Prawna. Ziel dieser Einheiten w\u00e4re die \u00dcberwachung eines Waffenstillstands. Wie das Blatt betont, sei ein solcher Waffenstillstand derzeit jedoch nicht in Sicht. Hinzu komme, dass es in Europa \u2013\u00a0abgesehen von verbalen Zusagen des franz\u00f6sischen Pr\u00e4sidenten Emmanuel Macron \u2013 keine Bereitschaft gibt, eigene Soldaten zu entsenden.<\/p>\n\n\n\n<figure class=\"wp-block-embed is-type-rich is-provider-twitter wp-block-embed-twitter\"><div class=\"wp-block-embed__wrapper\">\n<div class=\"newspaper-x-video-container\"><blockquote class=\"twitter-tweet\" data-width=\"550\" data-dnt=\"true\"><p lang=\"pl\" dir=\"ltr\">\u25b6\ufe0f Dzi\u015b we Lwowie <a href=\"https:\/\/twitter.com\/donaldtusk?ref_src=twsrc%5Etfw\">@donaldtusk<\/a> ma si\u0119 spotka\u0107 z <a href=\"https:\/\/twitter.com\/ZelenskyyUa?ref_src=twsrc%5Etfw\">@ZelenskyyUa<\/a>. Premier b\u0119dzie rozmawia\u0142 o francuskim pomy\u015ble wys\u0142ania wojsk NATO nad Dniepr. Polska jest sceptyczna, Ukraina nieco mniej.<br><br>\ud83d\udd8b\ufe0f Z. Parafianowicz i <a href=\"https:\/\/twitter.com\/mwpotocki?ref_src=twsrc%5Etfw\">@mwpotocki<\/a> <a href=\"https:\/\/t.co\/2hVAoAz6ns\">pic.twitter.com\/2hVAoAz6ns<\/a><\/p>&mdash; Dziennik Gazeta Prawna (@DGPrawna) <a href=\"https:\/\/twitter.com\/DGPrawna\/status\/1868591127882060222?ref_src=twsrc%5Etfw\">December 16, 2024<\/a><\/blockquote><script async src=\"https:\/\/platform.twitter.com\/widgets.js\" charset=\"utf-8\"><\/script><\/div>\n<\/div><\/figure>\n\n\n\n<p>Gespr\u00e4chspartner des Blatts aus Regierungskreisen weisen auf das Risiko von Provokationen hin, die von Russen ausgehen k\u00f6nnten. Angriffe auf westliche Soldaten m\u00fcssten dabei nicht unbedingt unter russischer Flagge erfolgen. Wie, fragt die Zeitung, sollte die NATO reagieren, wenn beispielsweise ein Sprengsatz von einem Mitarbeiter eines privaten Milit\u00e4runternehmens an einem Posten mit polnischen oder franz\u00f6sischen Soldaten gez\u00fcndet w\u00fcrde? Eine solche Firma werde von Sergej Aksjonow, dem international nicht anerkannten Chef der Besatzungsverwaltung der Krim, kontrolliert. \u201eWenn ein Mitarbeiter einer solchen Firma einen Konflikt mit einer NATO-Einheit provoziert, w\u00fcrde die NATO dann der besetzten Krim den Krieg erkl\u00e4ren?\u201c, fragt ein Gespr\u00e4chspartner rhetorisch.<\/p>\n\n\n\n<p>Ein weiteres Problem sei der Kontakt mit Einheiten der international nicht anerkannten \u201eVolksrepublik Donezk\u201c. Diese seien Teil der russischen Streitkr\u00e4fte, w\u00fcrden jedoch eine gewisse Autonomie genie\u00dfen, die der Westen nicht anerkenne. Wie die Gespr\u00e4chspartner des Blatts betonen, k\u00f6nnen sich die NATO-Partner nicht einmal in Bezug auf die simplere Frage\u00a0einer Sicherung des ukrainischen Luftraums einigen. Obwohl Kiew diese Forderung seit Beginn des Krieges stelle, bleibe der Plan jedoch weiterhin weit von einer Umsetzung entfernt.<\/p>\n\n\n\n<p>Vor diesem Kontext bezeichnen die Gespr\u00e4chspartner des Blatts die Idee einer Truppenentsendung derzeit als eine Illusion. Nach einem Treffen mit Macron habe Tusk erkl\u00e4rt, er wolle \u201edie Spekulationen \u00fcber die potenzielle Pr\u00e4senz von Truppen dieses oder jenes Landes in der Ukraine nach einem Waffenstillstand oder Friedensschluss beenden\u201c.<\/p>\n\n\n\n<p>Die eindeutigste Position in der Frage der Entsendung europ\u00e4ischer Einheiten habe, laut \u201eWall Street Journal\u201c Donald Trump. Der designierte US-Pr\u00e4sident wolle, dass europ\u00e4ische Truppen die \u00dcberwachung eines Waffenstillstands \u00fcbernehmen, den er Kiew aufzuzwingen plane.<\/p>\n\n\n\n<p><strong>Rzeczpospolita: Die Zukunft der Ukraine als Pr\u00fcfstein f\u00fcr Europa&nbsp;<\/strong><\/p>\n\n\n\n<p>Es lohnt sich, die Frage zu stellen, warum der Vorschlag des franz\u00f6sischen Pr\u00e4sidenten Emmanuel Macron, zuletzt bei seinem Besuch in Warschau, europ\u00e4ische Staaten milit\u00e4risch direkt in den Krieg in der Ukraine einzubinden, so offensichtlich jeglicher Glaubw\u00fcrdigkeit entbehrt \u2013 und auch genauso von allen behandelt wird, schreibt in seinem Kommentar f\u00fcr die konservativ-liberale Rzeczpospolita der Philosoph und Politikwissenschaftler Marek Cichocki. Liege es nur daran, fragt der Autor, dass sich ein Politiker, der in seinem eigenen Land politisch alles verloren habe und unter dessen F\u00fchrung Frankreich ein schwacher Staat geworden sei, als europ\u00e4ischer Held und \u201eKriegsgott\u201c inszeniere?&nbsp;&nbsp;<\/p>\n\n\n\n<p>Diese Schw\u00e4che betreffe jedoch nicht nur Frankreich. Je weiter sich die Wege der USA und Europas in Fragen der Ukraine, Russlands oder Chinas trennen, desto deutlicher werde das Problem der Glaubw\u00fcrdigkeit der gesamten EU in Bezug auf ihre eigene Sicherheit. Der Moment der Wahrheit werde eher fr\u00fcher als sp\u00e4ter kommen.&nbsp;&nbsp;<\/p>\n\n\n\n<p>Leere Versprechungen, gro\u00dfe Worte, die in der Praxis nichts bedeuten, das Leben in einer eigenen Welt, in der einfache Slogans als Realit\u00e4t gelten, billige politische Effekthascherei, die Weigerung, sich einer realen demokratischen Konfrontation mit Andersdenkenden zu stellen, sowie die Angst vor Verantwortung und dem Eingehen echter Risiken \u2013 all dies habe sich zur dominierenden Charakteristik zu vieler Politiker in verschiedenen europ\u00e4ischen L\u00e4ndern entwickelt. Deshalb werde es immer schwieriger, sie mit der notwendigen Ernsthaftigkeit zu behandeln.&nbsp;&nbsp;<\/p>\n\n\n\n<p>Diese Situation, f\u00e4hrt Cichocki fort, werde besonders gef\u00e4hrlich, wenn Politik, wie jetzt, wieder die grundlegenden Fragen von Sicherheit, Leben und Tod betreffe. Jahrzehnte des Wohlstands und der Sicherheit h\u00e4tten in Europa eine politische Kultur geschaffen, in der viele glauben, dass sich die Europ\u00e4er, insbesondere die \u201eechten\u201c, die westlichen, in Zeiten echter Bedrohung und Risiken irgendwie billig freikaufen k\u00f6nnen. Doch diesmal k\u00f6nnte das schwieriger werden.&nbsp;&nbsp;<\/p>\n\n\n\n<p>Vieles deute darauf hin, dass die neue Trump-Administration Europa eine Rechnung f\u00fcr die Partnerschaft pr\u00e4sentieren werde, die auch die Bereitschaft der europ\u00e4ischen Staaten und Regierungen umfassen werde, tats\u00e4chlich und nicht nur theoretisch an der Sicherstellung von Sicherheitsgarantien f\u00fcr die Ukraine gegen\u00fcber dem aggressiven Russland mitzuwirken. Das w\u00fcrde einen echten Test f\u00fcr Europa und seine Politiker bedeuten.&nbsp;&nbsp;<\/p>\n\n\n\n<p>Es bleibe offen, ob sie den Mut dazu aufbringen oder das tun, was sie gew\u00f6hnlich tun: sich billig freikaufen, um Risiken zu vermeiden, so Marek Cichocki in der Rzeczpospolita.&nbsp;<\/p>\n\n\n\n<p><strong>Rzeczpospolita: Ukrainer denken schlechter \u00fcber Polen<\/strong><\/p>\n\n\n\n<p>Die Sympathie der Ukrainer gegen\u00fcber Polen und den Polen ist laut einer Studie des ukrainischen Instituts Info Sapiens von 83 Prozent im Jahr 2022 auf aktuell 41 Prozent gefallen, schreibt ebenfalls die Rzeczpospolita. Der Bericht des Mieroszewski-Zentrums \u201ePolen und die Polen aus der Sicht der Ukrainer 2024\u201c, lesen wir, nenne mehrere Gr\u00fcnde daf\u00fcr: Polen gelinge es nicht, das Ausma\u00df der Hilfe, die es dem Nachbarland geleistet habe, \u00fcberzeugend zu kommunizieren. Zudem h\u00e4tten\u00a0die Proteste polnischer Landwirte an der Grenze zur Ukraine sowie die kriegsbedingten Emotionen gro\u00dfen Einfluss auf die Wahrnehmung. Russland nutze dar\u00fcber hinaus historische \u00c4ngste aus, um Spannungen zu verst\u00e4rken.<\/p>\n\n\n\n<figure class=\"wp-block-embed is-type-rich is-provider-twitter wp-block-embed-twitter\"><div class=\"wp-block-embed__wrapper\">\n<div class=\"newspaper-x-video-container\"><blockquote class=\"twitter-tweet\" data-width=\"550\" data-dnt=\"true\"><p lang=\"pl\" dir=\"ltr\">\ud83d\udd34TYLKO U NAS. Koniec miesi\u0105ca miodowego. Co Ukrai\u0144cy my\u015bl\u0105 o <a href=\"https:\/\/twitter.com\/hashtag\/Polska?src=hash&amp;ref_src=twsrc%5Etfw\">#Polska<\/a> i Polakach?<br><br>Kliknij w zdj\u0119cie, by przeczyta\u0107 wi\u0119cej\ud83d\udd3d<a href=\"https:\/\/t.co\/xPTp0YZjz3\">https:\/\/t.co\/xPTp0YZjz3<\/a><\/p>&mdash; Rzeczpospolita (@rzeczpospolita) <a href=\"https:\/\/twitter.com\/rzeczpospolita\/status\/1868523268891934997?ref_src=twsrc%5Etfw\">December 16, 2024<\/a><\/blockquote><script async src=\"https:\/\/platform.twitter.com\/widgets.js\" charset=\"utf-8\"><\/script><\/div>\n<\/div><\/figure>\n\n\n\n<p>Die Befragten seien unter anderem nach dem europ\u00e4ischen Land gefragt worden, das der Ukraine milit\u00e4risch und humanit\u00e4r am meisten geholfen habe. Die Liste f\u00fchre mit 34 Prozent Gro\u00dfbritannien an, gefolgt von Deutschland (29 Prozent). Polen liege mit 23 Prozent auf Platz drei, vor Frankreich (3 Prozent). \u201ePolen hat zu Beginn des Krieges als erstes Land Hilfe geleistet. Mit der Zeit wurde jedoch mehr \u00fcber die spektakul\u00e4re Unterst\u00fctzung durch Gro\u00dfbritannien und die USA gesprochen. Au\u00dferdem gelingt es uns nicht, uns gut pr\u00e4sentieren und unser Engagement darzustellen. Wenn wir das nicht tun, k\u00f6nnen wir anderen schwer Vorw\u00fcrfe machen, dass sie das besser k\u00f6nnen\u201c, kommentiert Dr. Agnieszka Bryc von der Nikolaus-Kopernikus-Universit\u00e4t in Toru\u0144.<\/p>\n\n\n\n<p>Der Bericht, so das Blatt, hebe jedoch auch hervor, dass die Ukrainer trotz zwischenzeitlicher Krisen \u00fcberzeugt sind, dass Polen ihnen weiterhin bei der Abwehr der russischen Aggression (86 Prozent) und\u00a0beim EU-Beitritt (76 Prozent) helfen wird. Zudem sehen 46 Prozent der Befragten Polen als den kulturell n\u00e4chsten Nachbarn der Ukraine. Zum Vergleich: Belarus erreiche 9 Prozent, Russland lediglich 4 Prozent.<\/p>\n\n\n\n<p>\u201eDas ist nicht das Ende unserer gemeinsamen Geschichte. Wir sind von einem hohen Ross gefallen, m\u00fcssen uns jedoch wieder aufrappeln und weitermachen. Der Krieg k\u00f6nnte in unterschiedlicher Intensit\u00e4t noch lange andauern. Es ist entscheidend, in unsere bilateralen Beziehungen zu investieren, denn die Geografie l\u00e4sst sich nicht \u00e4ndern. Die Regierungen Polens und der Ukraine m\u00fcssen manchmal unbequeme und unpopul\u00e4re Entscheidungen treffen, auch entgegen der Umfragewerte\u201c, sagt Bartosz Cichocki, der bis 2023 Polens Botschafter in der Ukraine war.<\/p>\n\n\n\n<p><strong>Gazeta Wyborcza: Hacker-Aktion \u201cStimmeF\u00fcrPiS\u201d &#8211; Manipulation vor den Wahlen 2023<\/strong><\/p>\n\n\n\n<p>Kurz vor den Parlamentswahlen 2023 in Polen hat eine Hackergruppe, mutma\u00dflich im Auftrag des russischen Geheimdienstes, eine gro\u00dfangelegte Desinformationskampagne durchgef\u00fchrt, berichtet die linksliberale Gazeta Wyborcza. Ziel sei es gewesen, die \u00f6ffentliche Ordnung in Polen zu destabilisieren. Laut dem Blatt haben die Aktionen massenhafte Versendung manipulativer SMS und die \u00dcbernahme von Infokiosken in Einkaufszentren umfasst.<\/p>\n\n\n\n<p>So habe drei Tage vor den Wahlen, am 12. Oktober 2023 eine Werbefirma festgestellt, dass von einem Kundenkonto bereits 187.743 SMS mit folgendem Inhalt verschickt worden waren:\u201eStimmt f\u00fcr PiS! Wir haben Senioren das Recht auf ein w\u00fcrdiges Alter zur\u00fcckgegeben und werden auch kostenlose Beerdigungen f\u00fcr Rentner erm\u00f6glichen\u201c.<\/p>\n\n\n\n<p>Zus\u00e4tzlich seien 600.000 weitere SMS zur Versendung vorbereitet gewesen. Der Absender sei nicht die PiS-Partei gewesen, sondern eine private Firma, deren Konto offenbar gehackt worden sei. Der Firmeninhaber habe die Kampagne gestoppt, der Inlandsgeheimdienst ABW habe sofort mit Ermittlungen begonnen.<\/p>\n\n\n\n<p><a href=\"https:\/\/bsky.app\/profile\/did:plc:t7zuqso6lxw5luyr36cbqb25\/post\/3ldfqlgiqks2d?ref_src=embed&amp;ref_url=https%253A%252F%252Fwww.polskieradio.pl%252F400%252F7986%252FArtykul%252F3459707%252Cdie-zukunft-der-ukraine-als-pr%2525C3%2525BCfstein-f%2525C3%2525BCr-europa\">https:\/\/bsky.app\/profile\/did:plc:t7zuqso6lxw5luyr36cbqb25\/post\/3ldfqlgiqks2d?ref_src=embed&amp;ref_url=https%253A%252F%252Fwww.polskieradio.pl%252F400%252F7986%252FArtykul%252F3459707%252Cdie-zukunft-der-ukraine-als-pr%2525C3%2525BCfstein-f%2525C3%2525BCr-europa<\/a><\/p>\n\n\n\n<p>Am 14. Oktober 2023, dem Tag vor der Wahl und w\u00e4hrend der Wahlstille, h\u00e4tten Angreifer wiederum die Infokioske in 20 Einkaufszentren landesweit (u.a. in Warschau, Posen, Kattowitz und Stettin) gehackt. Auf den Bildschirmen seien Grafiken mit Bildern von PiS-Politikern wie Mateusz Morawiecki und Jaros\u0142aw Kaczy\u0144ski sowie provokative Slogans aufgetaucht, wie etwa: \u201eKostenlose Beerdigungen f\u00fcr Rentner\u201c, \u201eSaubere Luft \u2013 Verbot des Kohleheizens\u201c, \u201ePflichtwehrdienst \u2013 sichere Heimat\u201c. Einige Grafiken h\u00e4tten die Logos der PiS oder des Verteidigungsministeriums getragen. Die Inhalte h\u00e4tten jedoch nicht dem offiziellen Wahlprogramm der PiS entsprochen.<\/p>\n\n\n\n<p>Laut den Ermittlungen der Staatsanwaltschaft und Experten f\u00fcr Cyberterrorismus haben sich die Hacker Zugang zu den Servern der betroffenen Werbeagenturen verschafft und die Inhalte der Infokioske sowie die SMS-Kampagne manipuliert. Die eingesetzten Methoden und das hohe technische Niveau der Angriffe w\u00fcrden auf eine Beteiligung russischer Geheimdienste hinweisen. Die Aktion passe in das Muster russischer Desinformationskampagnen in Europa. Die Ermittlungen dauern an, lesen wir in der Gazeta Wyborcza.<\/p>\n\n\n\n<p>Autor: Adam de Nisau<\/p>\n<div class=\"newspaper-x-tags\"><strong><\/strong><span><a href=\"https:\/\/upmp.news\/de\/tag\/emmanuel-macron-3\/\" rel=\"tag\">Emmanuel Macron<\/a> <\/div>","protected":false},"excerpt":{"rendered":"<p>Welche Gefahren sehen Experten in der von Emmanuel Macron forcierten Idee einer europ\u00e4ischen Friedensmission in der Ukraine? Was sagt die fehlende Glaubw\u00fcrdigkeit des franz\u00f6sischen Vorsto\u00dfes \u00fcber die Kondition des ganzen Kontinents aus? Wie hat der Krieg die Meinung der Ukrainer \u00fcber die Polen beeinflusst? Und: Russische Hacker haben offenbar eine massive Desinformationskampagne vor der letzten [&hellip;]<\/p>\n","protected":false},"author":27,"featured_media":277748,"comment_status":"closed","ping_status":"open","sticky":true,"template":"","format":"standard","meta":{"_exactmetrics_skip_tracking":false,"_exactmetrics_sitenote_active":false,"_exactmetrics_sitenote_note":"","_exactmetrics_sitenote_category":0,"footnotes":""},"categories":[20638],"tags":[23267],"class_list":["post-277747","post","type-post","status-publish","format-standard","has-post-thumbnail","hentry","category-in-der-ukraine","tag-emmanuel-macron-3"],"yoast_head":"<!-- This site is optimized with the Yoast SEO plugin v27.3 - https:\/\/yoast.com\/product\/yoast-seo-wordpress\/ -->\n<title>&quot;Die Zukunft der Ukraine als Pr\u00fcfstein f\u00fcr Europa&quot; &#8211; U.P.M.P<\/title>\n<meta name=\"robots\" content=\"index, follow, max-snippet:-1, max-image-preview:large, max-video-preview:-1\" \/>\n<link rel=\"canonical\" href=\"https:\/\/upmp.news\/de\/in-der-ukraine\/die-zukunft-der-ukraine-als-pruefstein-fuer-europa\/\" \/>\n<meta property=\"og:locale\" content=\"de_DE\" \/>\n<meta property=\"og:type\" content=\"article\" \/>\n<meta property=\"og:title\" content=\"&quot;Die Zukunft der Ukraine als Pr\u00fcfstein f\u00fcr Europa&quot; &#8211; U.P.M.P\" \/>\n<meta property=\"og:description\" content=\"Welche Gefahren sehen Experten in der von Emmanuel Macron forcierten Idee einer europ\u00e4ischen Friedensmission in der Ukraine? Was sagt die fehlende Glaubw\u00fcrdigkeit des franz\u00f6sischen Vorsto\u00dfes \u00fcber die Kondition des ganzen Kontinents aus? Wie hat der Krieg die Meinung der Ukrainer \u00fcber die Polen beeinflusst? Und: Russische Hacker haben offenbar eine massive Desinformationskampagne vor der letzten [&hellip;]\" \/>\n<meta property=\"og:url\" content=\"https:\/\/upmp.news\/de\/in-der-ukraine\/die-zukunft-der-ukraine-als-pruefstein-fuer-europa\/\" \/>\n<meta property=\"og:site_name\" content=\"U.P.M.P\" \/>\n<meta property=\"article:publisher\" content=\"https:\/\/www.facebook.com\/upmp.news\/\" \/>\n<meta property=\"article:published_time\" content=\"2024-12-16T12:36:28+00:00\" \/>\n<meta property=\"article:modified_time\" content=\"2024-12-16T12:36:30+00:00\" \/>\n<meta property=\"og:image\" content=\"https:\/\/upmp.news\/wp-content\/uploads\/2024\/12\/Die-Zukunft-der-Ukraine-als-Prufstein-fur-Europa.png\" \/>\n\t<meta property=\"og:image:width\" content=\"939\" \/>\n\t<meta property=\"og:image:height\" content=\"516\" \/>\n\t<meta property=\"og:image:type\" content=\"image\/png\" \/>\n<meta name=\"author\" content=\"vladimyr\" \/>\n<meta name=\"twitter:card\" content=\"summary_large_image\" \/>\n<meta name=\"twitter:creator\" content=\"@maininua\" \/>\n<meta name=\"twitter:site\" content=\"@maininua\" \/>\n<meta name=\"twitter:label1\" content=\"Verfasst von\" \/>\n\t<meta name=\"twitter:data1\" content=\"vladimyr\" \/>\n\t<meta name=\"twitter:label2\" content=\"Gesch\u00e4tzte Lesezeit\" \/>\n\t<meta name=\"twitter:data2\" content=\"9\u00a0Minuten\" \/>\n<script type=\"application\/ld+json\" class=\"yoast-schema-graph\">{\"@context\":\"https:\\\/\\\/schema.org\",\"@graph\":[{\"@type\":\"Article\",\"@id\":\"https:\\\/\\\/upmp.news\\\/de\\\/in-der-ukraine\\\/die-zukunft-der-ukraine-als-pruefstein-fuer-europa\\\/#article\",\"isPartOf\":{\"@id\":\"https:\\\/\\\/upmp.news\\\/de\\\/in-der-ukraine\\\/die-zukunft-der-ukraine-als-pruefstein-fuer-europa\\\/\"},\"author\":{\"name\":\"vladimyr\",\"@id\":\"https:\\\/\\\/upmp.news\\\/#\\\/schema\\\/person\\\/cebd3113030eb01f184505010f519d71\"},\"headline\":\"&#8222;Die Zukunft der Ukraine als Pr\u00fcfstein f\u00fcr Europa&#8220;\",\"datePublished\":\"2024-12-16T12:36:28+00:00\",\"dateModified\":\"2024-12-16T12:36:30+00:00\",\"mainEntityOfPage\":{\"@id\":\"https:\\\/\\\/upmp.news\\\/de\\\/in-der-ukraine\\\/die-zukunft-der-ukraine-als-pruefstein-fuer-europa\\\/\"},\"wordCount\":1609,\"image\":{\"@id\":\"https:\\\/\\\/upmp.news\\\/de\\\/in-der-ukraine\\\/die-zukunft-der-ukraine-als-pruefstein-fuer-europa\\\/#primaryimage\"},\"thumbnailUrl\":\"https:\\\/\\\/upmp.news\\\/wp-content\\\/uploads\\\/2024\\\/12\\\/Die-Zukunft-der-Ukraine-als-Prufstein-fur-Europa.png\",\"keywords\":[\"Emmanuel Macron\"],\"articleSection\":[\"In der Ukraine\"],\"inLanguage\":\"de\"},{\"@type\":\"WebPage\",\"@id\":\"https:\\\/\\\/upmp.news\\\/de\\\/in-der-ukraine\\\/die-zukunft-der-ukraine-als-pruefstein-fuer-europa\\\/\",\"url\":\"https:\\\/\\\/upmp.news\\\/de\\\/in-der-ukraine\\\/die-zukunft-der-ukraine-als-pruefstein-fuer-europa\\\/\",\"name\":\"\\\"Die Zukunft der Ukraine als Pr\u00fcfstein f\u00fcr Europa\\\" &#8211; U.P.M.P\",\"isPartOf\":{\"@id\":\"https:\\\/\\\/upmp.news\\\/#website\"},\"primaryImageOfPage\":{\"@id\":\"https:\\\/\\\/upmp.news\\\/de\\\/in-der-ukraine\\\/die-zukunft-der-ukraine-als-pruefstein-fuer-europa\\\/#primaryimage\"},\"image\":{\"@id\":\"https:\\\/\\\/upmp.news\\\/de\\\/in-der-ukraine\\\/die-zukunft-der-ukraine-als-pruefstein-fuer-europa\\\/#primaryimage\"},\"thumbnailUrl\":\"https:\\\/\\\/upmp.news\\\/wp-content\\\/uploads\\\/2024\\\/12\\\/Die-Zukunft-der-Ukraine-als-Prufstein-fur-Europa.png\",\"datePublished\":\"2024-12-16T12:36:28+00:00\",\"dateModified\":\"2024-12-16T12:36:30+00:00\",\"author\":{\"@id\":\"https:\\\/\\\/upmp.news\\\/#\\\/schema\\\/person\\\/cebd3113030eb01f184505010f519d71\"},\"breadcrumb\":{\"@id\":\"https:\\\/\\\/upmp.news\\\/de\\\/in-der-ukraine\\\/die-zukunft-der-ukraine-als-pruefstein-fuer-europa\\\/#breadcrumb\"},\"inLanguage\":\"de\",\"potentialAction\":[{\"@type\":\"ReadAction\",\"target\":[\"https:\\\/\\\/upmp.news\\\/de\\\/in-der-ukraine\\\/die-zukunft-der-ukraine-als-pruefstein-fuer-europa\\\/\"]}]},{\"@type\":\"ImageObject\",\"inLanguage\":\"de\",\"@id\":\"https:\\\/\\\/upmp.news\\\/de\\\/in-der-ukraine\\\/die-zukunft-der-ukraine-als-pruefstein-fuer-europa\\\/#primaryimage\",\"url\":\"https:\\\/\\\/upmp.news\\\/wp-content\\\/uploads\\\/2024\\\/12\\\/Die-Zukunft-der-Ukraine-als-Prufstein-fur-Europa.png\",\"contentUrl\":\"https:\\\/\\\/upmp.news\\\/wp-content\\\/uploads\\\/2024\\\/12\\\/Die-Zukunft-der-Ukraine-als-Prufstein-fur-Europa.png\",\"width\":939,\"height\":516,\"caption\":\"Ukrai\u0144skie media: dow\u00f3dca grupy \\\"Donieck\\\" zosta\u0142 odwo\u0142any. Jego nast\u0119pca odbija\u0142 Cherso\u0144facebook.com\\\/zelenskyy.official\"},{\"@type\":\"BreadcrumbList\",\"@id\":\"https:\\\/\\\/upmp.news\\\/de\\\/in-der-ukraine\\\/die-zukunft-der-ukraine-als-pruefstein-fuer-europa\\\/#breadcrumb\",\"itemListElement\":[{\"@type\":\"ListItem\",\"position\":1,\"name\":\"Home\",\"item\":\"https:\\\/\\\/upmp.news\\\/\"},{\"@type\":\"ListItem\",\"position\":2,\"name\":\"&#8220;Die Zukunft der Ukraine als Pr\u00fcfstein f\u00fcr Europa&#8221;\"}]},{\"@type\":\"WebSite\",\"@id\":\"https:\\\/\\\/upmp.news\\\/#website\",\"url\":\"https:\\\/\\\/upmp.news\\\/\",\"name\":\"U.P.M.P\",\"description\":\"\u0423\u043a\u0440\u0430\u0457\u043d\u043e-\u043f\u043e\u043b\u044c\u0441\u044c\u043a\u0430 \u043c\u0435\u0434\u0456\u0430\u043f\u043b\u0430\u0442\u0444\u043e\u0440\u043c\u0430\",\"potentialAction\":[{\"@type\":\"SearchAction\",\"target\":{\"@type\":\"EntryPoint\",\"urlTemplate\":\"https:\\\/\\\/upmp.news\\\/?s={search_term_string}\"},\"query-input\":{\"@type\":\"PropertyValueSpecification\",\"valueRequired\":true,\"valueName\":\"search_term_string\"}}],\"inLanguage\":\"de\"},{\"@type\":\"Person\",\"@id\":\"https:\\\/\\\/upmp.news\\\/#\\\/schema\\\/person\\\/cebd3113030eb01f184505010f519d71\",\"name\":\"vladimyr\",\"image\":{\"@type\":\"ImageObject\",\"inLanguage\":\"de\",\"@id\":\"https:\\\/\\\/upmp.news\\\/wp-content\\\/uploads\\\/2017\\\/12\\\/ava.png\",\"url\":\"https:\\\/\\\/upmp.news\\\/wp-content\\\/uploads\\\/2017\\\/12\\\/ava.png\",\"contentUrl\":\"https:\\\/\\\/upmp.news\\\/wp-content\\\/uploads\\\/2017\\\/12\\\/ava.png\",\"caption\":\"vladimyr\"},\"url\":\"https:\\\/\\\/upmp.news\\\/de\\\/author\\\/vladimyr\\\/\"}]}<\/script>\n<!-- \/ Yoast SEO plugin. -->","yoast_head_json":{"title":"\"Die Zukunft der Ukraine als Pr\u00fcfstein f\u00fcr Europa\" &#8211; U.P.M.P","robots":{"index":"index","follow":"follow","max-snippet":"max-snippet:-1","max-image-preview":"max-image-preview:large","max-video-preview":"max-video-preview:-1"},"canonical":"https:\/\/upmp.news\/de\/in-der-ukraine\/die-zukunft-der-ukraine-als-pruefstein-fuer-europa\/","og_locale":"de_DE","og_type":"article","og_title":"\"Die Zukunft der Ukraine als Pr\u00fcfstein f\u00fcr Europa\" &#8211; U.P.M.P","og_description":"Welche Gefahren sehen Experten in der von Emmanuel Macron forcierten Idee einer europ\u00e4ischen Friedensmission in der Ukraine? Was sagt die fehlende Glaubw\u00fcrdigkeit des franz\u00f6sischen Vorsto\u00dfes \u00fcber die Kondition des ganzen Kontinents aus? Wie hat der Krieg die Meinung der Ukrainer \u00fcber die Polen beeinflusst? Und: Russische Hacker haben offenbar eine massive Desinformationskampagne vor der letzten [&hellip;]","og_url":"https:\/\/upmp.news\/de\/in-der-ukraine\/die-zukunft-der-ukraine-als-pruefstein-fuer-europa\/","og_site_name":"U.P.M.P","article_publisher":"https:\/\/www.facebook.com\/upmp.news\/","article_published_time":"2024-12-16T12:36:28+00:00","article_modified_time":"2024-12-16T12:36:30+00:00","og_image":[{"width":939,"height":516,"url":"https:\/\/upmp.news\/wp-content\/uploads\/2024\/12\/Die-Zukunft-der-Ukraine-als-Prufstein-fur-Europa.png","type":"image\/png"}],"author":"vladimyr","twitter_card":"summary_large_image","twitter_creator":"@maininua","twitter_site":"@maininua","twitter_misc":{"Verfasst von":"vladimyr","Gesch\u00e4tzte Lesezeit":"9\u00a0Minuten"},"schema":{"@context":"https:\/\/schema.org","@graph":[{"@type":"Article","@id":"https:\/\/upmp.news\/de\/in-der-ukraine\/die-zukunft-der-ukraine-als-pruefstein-fuer-europa\/#article","isPartOf":{"@id":"https:\/\/upmp.news\/de\/in-der-ukraine\/die-zukunft-der-ukraine-als-pruefstein-fuer-europa\/"},"author":{"name":"vladimyr","@id":"https:\/\/upmp.news\/#\/schema\/person\/cebd3113030eb01f184505010f519d71"},"headline":"&#8222;Die Zukunft der Ukraine als Pr\u00fcfstein f\u00fcr Europa&#8220;","datePublished":"2024-12-16T12:36:28+00:00","dateModified":"2024-12-16T12:36:30+00:00","mainEntityOfPage":{"@id":"https:\/\/upmp.news\/de\/in-der-ukraine\/die-zukunft-der-ukraine-als-pruefstein-fuer-europa\/"},"wordCount":1609,"image":{"@id":"https:\/\/upmp.news\/de\/in-der-ukraine\/die-zukunft-der-ukraine-als-pruefstein-fuer-europa\/#primaryimage"},"thumbnailUrl":"https:\/\/upmp.news\/wp-content\/uploads\/2024\/12\/Die-Zukunft-der-Ukraine-als-Prufstein-fur-Europa.png","keywords":["Emmanuel Macron"],"articleSection":["In der Ukraine"],"inLanguage":"de"},{"@type":"WebPage","@id":"https:\/\/upmp.news\/de\/in-der-ukraine\/die-zukunft-der-ukraine-als-pruefstein-fuer-europa\/","url":"https:\/\/upmp.news\/de\/in-der-ukraine\/die-zukunft-der-ukraine-als-pruefstein-fuer-europa\/","name":"\"Die Zukunft der Ukraine als Pr\u00fcfstein f\u00fcr Europa\" &#8211; U.P.M.P","isPartOf":{"@id":"https:\/\/upmp.news\/#website"},"primaryImageOfPage":{"@id":"https:\/\/upmp.news\/de\/in-der-ukraine\/die-zukunft-der-ukraine-als-pruefstein-fuer-europa\/#primaryimage"},"image":{"@id":"https:\/\/upmp.news\/de\/in-der-ukraine\/die-zukunft-der-ukraine-als-pruefstein-fuer-europa\/#primaryimage"},"thumbnailUrl":"https:\/\/upmp.news\/wp-content\/uploads\/2024\/12\/Die-Zukunft-der-Ukraine-als-Prufstein-fur-Europa.png","datePublished":"2024-12-16T12:36:28+00:00","dateModified":"2024-12-16T12:36:30+00:00","author":{"@id":"https:\/\/upmp.news\/#\/schema\/person\/cebd3113030eb01f184505010f519d71"},"breadcrumb":{"@id":"https:\/\/upmp.news\/de\/in-der-ukraine\/die-zukunft-der-ukraine-als-pruefstein-fuer-europa\/#breadcrumb"},"inLanguage":"de","potentialAction":[{"@type":"ReadAction","target":["https:\/\/upmp.news\/de\/in-der-ukraine\/die-zukunft-der-ukraine-als-pruefstein-fuer-europa\/"]}]},{"@type":"ImageObject","inLanguage":"de","@id":"https:\/\/upmp.news\/de\/in-der-ukraine\/die-zukunft-der-ukraine-als-pruefstein-fuer-europa\/#primaryimage","url":"https:\/\/upmp.news\/wp-content\/uploads\/2024\/12\/Die-Zukunft-der-Ukraine-als-Prufstein-fur-Europa.png","contentUrl":"https:\/\/upmp.news\/wp-content\/uploads\/2024\/12\/Die-Zukunft-der-Ukraine-als-Prufstein-fur-Europa.png","width":939,"height":516,"caption":"Ukrai\u0144skie media: dow\u00f3dca grupy \"Donieck\" zosta\u0142 odwo\u0142any. Jego nast\u0119pca odbija\u0142 Cherso\u0144facebook.com\/zelenskyy.official"},{"@type":"BreadcrumbList","@id":"https:\/\/upmp.news\/de\/in-der-ukraine\/die-zukunft-der-ukraine-als-pruefstein-fuer-europa\/#breadcrumb","itemListElement":[{"@type":"ListItem","position":1,"name":"Home","item":"https:\/\/upmp.news\/"},{"@type":"ListItem","position":2,"name":"&#8220;Die Zukunft der Ukraine als Pr\u00fcfstein f\u00fcr Europa&#8221;"}]},{"@type":"WebSite","@id":"https:\/\/upmp.news\/#website","url":"https:\/\/upmp.news\/","name":"U.P.M.P","description":"\u0423\u043a\u0440\u0430\u0457\u043d\u043e-\u043f\u043e\u043b\u044c\u0441\u044c\u043a\u0430 \u043c\u0435\u0434\u0456\u0430\u043f\u043b\u0430\u0442\u0444\u043e\u0440\u043c\u0430","potentialAction":[{"@type":"SearchAction","target":{"@type":"EntryPoint","urlTemplate":"https:\/\/upmp.news\/?s={search_term_string}"},"query-input":{"@type":"PropertyValueSpecification","valueRequired":true,"valueName":"search_term_string"}}],"inLanguage":"de"},{"@type":"Person","@id":"https:\/\/upmp.news\/#\/schema\/person\/cebd3113030eb01f184505010f519d71","name":"vladimyr","image":{"@type":"ImageObject","inLanguage":"de","@id":"https:\/\/upmp.news\/wp-content\/uploads\/2017\/12\/ava.png","url":"https:\/\/upmp.news\/wp-content\/uploads\/2017\/12\/ava.png","contentUrl":"https:\/\/upmp.news\/wp-content\/uploads\/2017\/12\/ava.png","caption":"vladimyr"},"url":"https:\/\/upmp.news\/de\/author\/vladimyr\/"}]}},"_links":{"self":[{"href":"https:\/\/upmp.news\/de\/wp-json\/wp\/v2\/posts\/277747","targetHints":{"allow":["GET"]}}],"collection":[{"href":"https:\/\/upmp.news\/de\/wp-json\/wp\/v2\/posts"}],"about":[{"href":"https:\/\/upmp.news\/de\/wp-json\/wp\/v2\/types\/post"}],"author":[{"embeddable":true,"href":"https:\/\/upmp.news\/de\/wp-json\/wp\/v2\/users\/27"}],"replies":[{"embeddable":true,"href":"https:\/\/upmp.news\/de\/wp-json\/wp\/v2\/comments?post=277747"}],"version-history":[{"count":2,"href":"https:\/\/upmp.news\/de\/wp-json\/wp\/v2\/posts\/277747\/revisions"}],"predecessor-version":[{"id":277754,"href":"https:\/\/upmp.news\/de\/wp-json\/wp\/v2\/posts\/277747\/revisions\/277754"}],"wp:featuredmedia":[{"embeddable":true,"href":"https:\/\/upmp.news\/de\/wp-json\/wp\/v2\/media\/277748"}],"wp:attachment":[{"href":"https:\/\/upmp.news\/de\/wp-json\/wp\/v2\/media?parent=277747"}],"wp:term":[{"taxonomy":"category","embeddable":true,"href":"https:\/\/upmp.news\/de\/wp-json\/wp\/v2\/categories?post=277747"},{"taxonomy":"post_tag","embeddable":true,"href":"https:\/\/upmp.news\/de\/wp-json\/wp\/v2\/tags?post=277747"}],"curies":[{"name":"wp","href":"https:\/\/api.w.org\/{rel}","templated":true}]}}