{"id":260107,"date":"2023-09-22T20:11:01","date_gmt":"2023-09-22T18:11:01","guid":{"rendered":"https:\/\/upmp.news\/?p=260107"},"modified":"2023-09-22T20:11:04","modified_gmt":"2023-09-22T18:11:04","slug":"grain-issue-won-t-affect-polish-ukrainian-relations-polish-president","status":"publish","type":"post","link":"https:\/\/upmp.news\/en\/en-in-polish\/grain-issue-won-t-affect-polish-ukrainian-relations-polish-president\/","title":{"rendered":"Grain issue won\u2019t affect Polish-Ukrainian relations: Polish president"},"content":{"rendered":"\n<p><strong>The issue of Ukrainian grain imports must be resolved, but it won\u2019t affect Polish-Ukrainian relations in a significant way, Poland\u2019s president has said.<\/strong> <strong>It is reported by Upmp.news with <a href=\"https:\/\/www.polskieradio.pl\/395\/9766\/Artykul\/3247009,grain-issue-won%E2%80%99t-affect-polishukrainian-relations-polish-president\">reference<\/a> to \u201cPolskie Radio\u201d.<\/strong><\/p>\n\n\n\n<p>Andrzej Duda made the statement at a conference on the reconstruction of Ukraine, Common Future, in the western Polish city of Pozna\u0144 on Friday, the state news agency PAP reported.<\/p>\n\n\n\n<p>The president said: \u201cFor me, cooperation with Ukraine and support for Ukraine is an issue of historic importance, between our nations and between our countries.\u201d<\/p>\n\n\n\n<p>Duda added that Poland\u2019s assistance for Ukraine and its citizens fleeing the Russian invasion, also extended by the Polish public and by Polish businesses, \u201cconstitutes an enormous capital of interpersonal ties that has&nbsp; emerged between our countries and nations.\u201d&nbsp;&nbsp;&nbsp;<\/p>\n\n\n\n<p>Referring to the issue of <a href=\"https:\/\/www.polskieradio.pl\/395\/9766\/Artykul\/3246568,polish-ukrainian-agriculture-ministers-hold-talks-on-grain-ban-wto-lawsuit\">Ukrainian grain imports<\/a>, the Polish president said: \u201cI have no doubt whatsoever that the dispute over the supply of grain from Ukraine to the Polish market is an absolutely secondary section of Polish-Ukrainian relations as a whole.\u201d<\/p>\n\n\n\n<p>He stressed: \u201cIt\u2019s simply an issue that we must resolve between ourselves.\u201d<\/p>\n\n\n\n<p><a href=\"https:\/\/fb.watch\/ndAjLsaKYi\/\">https:\/\/fb.watch\/ndAjLsaKYi\/<\/a><\/p>\n\n\n\n<p><strong>\u2018Polish businesses have huge role to play in reconstruction of Ukraine\u2019&nbsp;<\/strong><\/p>\n\n\n\n<p>Referring to the reconstruction of Ukraine, Duda told the Common Future conference: \u201cA Ukraine that is rebuilt, and integrated with Europe, will definitely take an important place on the European market and in the European future, also our future.\u201d&nbsp;&nbsp;<\/p>\n\n\n\n<p>He stressed that Poland had been supporting Ukraine right from the beginning of Russia\u2019s February 2022 full-scale invasion.&nbsp;<\/p>\n\n\n\n<p>The Polish president stated: \u201cWe are making every effort to help Ukraine not only maintain independence, but also, as far as possible, sustain the Ukrainian economy. This is extremely important also in view of Ukraine\u2019s aspirations to join the European Union and the conditions it will have to meet to achieve this goal.\u201d<\/p>\n\n\n\n<p>He said&nbsp; that Ukraine had to implement \u201cimportant and challenging reforms\u201d even while being at war, but added that this was also a \u201cbig opportunity\u201d for Kyiv.&nbsp;<\/p>\n\n\n\n<figure class=\"wp-block-embed is-type-rich is-provider-twitter wp-block-embed-twitter\"><div class=\"wp-block-embed__wrapper\">\n<div class=\"newspaper-x-video-container\"><blockquote class=\"twitter-tweet\" data-width=\"550\" data-dnt=\"true\"><p lang=\"pl\" dir=\"ltr\">Prezydent <a href=\"https:\/\/twitter.com\/AndrzejDuda?ref_src=twsrc%5Etfw\">@AndrzejDuda<\/a> podczas Kongresu Odbudowy Ukrainy COMMON FUTURE w <a href=\"https:\/\/twitter.com\/hashtag\/Pozna%C5%84?src=hash&amp;ref_src=twsrc%5Etfw\">#Pozna\u0144<\/a>:<br><br>\ud83d\udcac Dok\u0142adamy wszelkich stara\u0144, by pom\u00f3c Ukrainie nie tylko utrzyma\u0107 niezale\u017cno\u015b\u0107, ale tak\u017ce by w miar\u0119 mo\u017cliwo\u015bci, podtrzyma\u0107 kondycj\u0119 ukrai\u0144skiej gospodarki. To sprawa wielkiej wagi r\u00f3wnie\u017c w\u2026 <a href=\"https:\/\/t.co\/oQhIoe1R5O\">pic.twitter.com\/oQhIoe1R5O<\/a><\/p>&mdash; Kancelaria Prezydenta (@prezydentpl) <a href=\"https:\/\/twitter.com\/prezydentpl\/status\/1705160510876827825?ref_src=twsrc%5Etfw\">September 22, 2023<\/a><\/blockquote><script async src=\"https:\/\/platform.twitter.com\/widgets.js\" charset=\"utf-8\"><\/script><\/div>\n<\/div><\/figure>\n\n\n\n<p>Duda declared: \u201cWe can support Ukraine in this undertaking, by helping raise the country from the destruction of war. In my view, Polish businesses have a huge role to play here,\u201d the PAP news agency reported.<\/p>\n\n\n\n<p>Some 2,000 Polish companies, in sectors such as construction, energy, agri-food, pharmaceuticals and IT, have so far declared an interest in projects to rebuild Ukraine, <a href=\"https:\/\/www.polskieradio.pl\/395\/7786\/Artykul\/3246292,poland-plans-statebacked-insurance-for-firms-eyeing-business-in-ukraine\">according<\/a> to the Polish government.&nbsp;<\/p>\n\n\n\n<p>Friday is day 576 of Russia\u2019s war on Ukraine.<\/p>\n\n\n\n<p>Russia invaded Ukraine on February 24, 2022, launching the largest military campaign in Europe since World War II.<\/p>\n\n\n\n<p>(pm)<\/p>\n\n\n\n<p>Source: <a href=\"https:\/\/www.pap.pl\/aktualnosci\/prezydent-nie-wierze-ze-spor-o-zboze-moze-w-istotny-sposob-wplynac-na-polsko-0\">PAP<\/a>, <a href=\"https:\/\/common-future.pl\/en\">Common Future<\/a>, <a href=\"https:\/\/www.prezydent.pl\/aktualnosci\/wydarzenia\/prezydent-wzial-udzial-w-kongresie-odbudowy-ukrainy,75204\">prezydent.pl<\/a><\/p>\n<div class=\"newspaper-x-tags\"><strong><\/strong><span><a href=\"https:\/\/upmp.news\/en\/tag\/andrzej-duda\/\" rel=\"tag\">ANDRZEJ DUDA<\/a><\/span><a href=\"https:\/\/upmp.news\/en\/tag\/polish-president\/\" rel=\"tag\">Polish president<\/a> <\/div>","protected":false},"excerpt":{"rendered":"<p>The issue of Ukrainian grain imports must be resolved, but it won\u2019t affect Polish-Ukrainian relations in a significant way, Poland\u2019s president has said. It is reported by Upmp.news with reference to \u201cPolskie Radio\u201d. Andrzej Duda made the statement at a conference on the reconstruction of Ukraine, Common Future, in the western Polish city of Pozna\u0144 [&hellip;]<\/p>\n","protected":false},"author":27,"featured_media":260108,"comment_status":"closed","ping_status":"open","sticky":true,"template":"","format":"standard","meta":{"_exactmetrics_skip_tracking":false,"_exactmetrics_sitenote_active":false,"_exactmetrics_sitenote_note":"","_exactmetrics_sitenote_category":0,"footnotes":""},"categories":[2196,2203],"tags":[2477,21578],"class_list":["post-260107","post","type-post","status-publish","format-standard","has-post-thumbnail","hentry","category-en-in-polish","category-en-politika-pl","tag-andrzej-duda","tag-polish-president"],"yoast_head":"<!-- This site is optimized with the Yoast SEO plugin v27.3 - https:\/\/yoast.com\/product\/yoast-seo-wordpress\/ -->\n<title>Grain issue won\u2019t affect Polish-Ukrainian relations: Polish president &#8211; U.P.M.P<\/title>\n<meta name=\"robots\" content=\"index, follow, max-snippet:-1, max-image-preview:large, max-video-preview:-1\" \/>\n<link rel=\"canonical\" href=\"https:\/\/upmp.news\/en\/en-in-polish\/grain-issue-won-t-affect-polish-ukrainian-relations-polish-president\/\" \/>\n<meta property=\"og:locale\" content=\"en_US\" \/>\n<meta property=\"og:type\" content=\"article\" \/>\n<meta property=\"og:title\" content=\"Grain issue won\u2019t affect Polish-Ukrainian relations: Polish president &#8211; U.P.M.P\" \/>\n<meta property=\"og:description\" content=\"The issue of Ukrainian grain imports must be resolved, but it won\u2019t affect Polish-Ukrainian relations in a significant way, Poland\u2019s president has said. It is reported by Upmp.news with reference to \u201cPolskie Radio\u201d. Andrzej Duda made the statement at a conference on the reconstruction of Ukraine, Common Future, in the western Polish city of Pozna\u0144 [&hellip;]\" \/>\n<meta property=\"og:url\" content=\"https:\/\/upmp.news\/en\/en-in-polish\/grain-issue-won-t-affect-polish-ukrainian-relations-polish-president\/\" \/>\n<meta property=\"og:site_name\" content=\"U.P.M.P\" \/>\n<meta property=\"article:publisher\" content=\"https:\/\/www.facebook.com\/upmp.news\/\" \/>\n<meta property=\"article:published_time\" content=\"2023-09-22T18:11:01+00:00\" \/>\n<meta property=\"article:modified_time\" content=\"2023-09-22T18:11:04+00:00\" \/>\n<meta property=\"og:image\" content=\"https:\/\/upmp.news\/wp-content\/uploads\/2023\/09\/44-1.jpg\" \/>\n\t<meta property=\"og:image:width\" content=\"2048\" \/>\n\t<meta property=\"og:image:height\" content=\"1366\" \/>\n\t<meta property=\"og:image:type\" content=\"image\/jpeg\" \/>\n<meta name=\"author\" content=\"vladimyr\" \/>\n<meta name=\"twitter:card\" content=\"summary_large_image\" \/>\n<meta name=\"twitter:creator\" content=\"@maininua\" \/>\n<meta name=\"twitter:site\" content=\"@maininua\" \/>\n<meta name=\"twitter:label1\" content=\"Written by\" \/>\n\t<meta name=\"twitter:data1\" content=\"vladimyr\" \/>\n\t<meta name=\"twitter:label2\" content=\"Est. reading time\" \/>\n\t<meta name=\"twitter:data2\" content=\"3 minutes\" \/>\n<script type=\"application\/ld+json\" class=\"yoast-schema-graph\">{\"@context\":\"https:\\\/\\\/schema.org\",\"@graph\":[{\"@type\":\"Article\",\"@id\":\"https:\\\/\\\/upmp.news\\\/en\\\/en-in-polish\\\/grain-issue-won-t-affect-polish-ukrainian-relations-polish-president\\\/#article\",\"isPartOf\":{\"@id\":\"https:\\\/\\\/upmp.news\\\/en\\\/en-in-polish\\\/grain-issue-won-t-affect-polish-ukrainian-relations-polish-president\\\/\"},\"author\":{\"name\":\"vladimyr\",\"@id\":\"https:\\\/\\\/upmp.news\\\/#\\\/schema\\\/person\\\/cebd3113030eb01f184505010f519d71\"},\"headline\":\"Grain issue won\u2019t affect Polish-Ukrainian relations: Polish president\",\"datePublished\":\"2023-09-22T18:11:01+00:00\",\"dateModified\":\"2023-09-22T18:11:04+00:00\",\"mainEntityOfPage\":{\"@id\":\"https:\\\/\\\/upmp.news\\\/en\\\/en-in-polish\\\/grain-issue-won-t-affect-polish-ukrainian-relations-polish-president\\\/\"},\"wordCount\":495,\"image\":{\"@id\":\"https:\\\/\\\/upmp.news\\\/en\\\/en-in-polish\\\/grain-issue-won-t-affect-polish-ukrainian-relations-polish-president\\\/#primaryimage\"},\"thumbnailUrl\":\"https:\\\/\\\/upmp.news\\\/wp-content\\\/uploads\\\/2023\\\/09\\\/44-1.jpg\",\"keywords\":[\"ANDRZEJ DUDA\",\"Polish president\"],\"articleSection\":[\"Poland\",\"Politics\"],\"inLanguage\":\"en-US\"},{\"@type\":\"WebPage\",\"@id\":\"https:\\\/\\\/upmp.news\\\/en\\\/en-in-polish\\\/grain-issue-won-t-affect-polish-ukrainian-relations-polish-president\\\/\",\"url\":\"https:\\\/\\\/upmp.news\\\/en\\\/en-in-polish\\\/grain-issue-won-t-affect-polish-ukrainian-relations-polish-president\\\/\",\"name\":\"Grain issue won\u2019t affect Polish-Ukrainian relations: Polish president &#8211; U.P.M.P\",\"isPartOf\":{\"@id\":\"https:\\\/\\\/upmp.news\\\/#website\"},\"primaryImageOfPage\":{\"@id\":\"https:\\\/\\\/upmp.news\\\/en\\\/en-in-polish\\\/grain-issue-won-t-affect-polish-ukrainian-relations-polish-president\\\/#primaryimage\"},\"image\":{\"@id\":\"https:\\\/\\\/upmp.news\\\/en\\\/en-in-polish\\\/grain-issue-won-t-affect-polish-ukrainian-relations-polish-president\\\/#primaryimage\"},\"thumbnailUrl\":\"https:\\\/\\\/upmp.news\\\/wp-content\\\/uploads\\\/2023\\\/09\\\/44-1.jpg\",\"datePublished\":\"2023-09-22T18:11:01+00:00\",\"dateModified\":\"2023-09-22T18:11:04+00:00\",\"author\":{\"@id\":\"https:\\\/\\\/upmp.news\\\/#\\\/schema\\\/person\\\/cebd3113030eb01f184505010f519d71\"},\"breadcrumb\":{\"@id\":\"https:\\\/\\\/upmp.news\\\/en\\\/en-in-polish\\\/grain-issue-won-t-affect-polish-ukrainian-relations-polish-president\\\/#breadcrumb\"},\"inLanguage\":\"en-US\",\"potentialAction\":[{\"@type\":\"ReadAction\",\"target\":[\"https:\\\/\\\/upmp.news\\\/en\\\/en-in-polish\\\/grain-issue-won-t-affect-polish-ukrainian-relations-polish-president\\\/\"]}]},{\"@type\":\"ImageObject\",\"inLanguage\":\"en-US\",\"@id\":\"https:\\\/\\\/upmp.news\\\/en\\\/en-in-polish\\\/grain-issue-won-t-affect-polish-ukrainian-relations-polish-president\\\/#primaryimage\",\"url\":\"https:\\\/\\\/upmp.news\\\/wp-content\\\/uploads\\\/2023\\\/09\\\/44-1.jpg\",\"contentUrl\":\"https:\\\/\\\/upmp.news\\\/wp-content\\\/uploads\\\/2023\\\/09\\\/44-1.jpg\",\"width\":2048,\"height\":1366},{\"@type\":\"BreadcrumbList\",\"@id\":\"https:\\\/\\\/upmp.news\\\/en\\\/en-in-polish\\\/grain-issue-won-t-affect-polish-ukrainian-relations-polish-president\\\/#breadcrumb\",\"itemListElement\":[{\"@type\":\"ListItem\",\"position\":1,\"name\":\"Home\",\"item\":\"https:\\\/\\\/upmp.news\\\/\"},{\"@type\":\"ListItem\",\"position\":2,\"name\":\"Grain issue won\u2019t affect Polish-Ukrainian relations: Polish president\"}]},{\"@type\":\"WebSite\",\"@id\":\"https:\\\/\\\/upmp.news\\\/#website\",\"url\":\"https:\\\/\\\/upmp.news\\\/\",\"name\":\"U.P.M.P\",\"description\":\"\u0423\u043a\u0440\u0430\u0457\u043d\u043e-\u043f\u043e\u043b\u044c\u0441\u044c\u043a\u0430 \u043c\u0435\u0434\u0456\u0430\u043f\u043b\u0430\u0442\u0444\u043e\u0440\u043c\u0430\",\"potentialAction\":[{\"@type\":\"SearchAction\",\"target\":{\"@type\":\"EntryPoint\",\"urlTemplate\":\"https:\\\/\\\/upmp.news\\\/?s={search_term_string}\"},\"query-input\":{\"@type\":\"PropertyValueSpecification\",\"valueRequired\":true,\"valueName\":\"search_term_string\"}}],\"inLanguage\":\"en-US\"},{\"@type\":\"Person\",\"@id\":\"https:\\\/\\\/upmp.news\\\/#\\\/schema\\\/person\\\/cebd3113030eb01f184505010f519d71\",\"name\":\"vladimyr\",\"image\":{\"@type\":\"ImageObject\",\"inLanguage\":\"en-US\",\"@id\":\"https:\\\/\\\/upmp.news\\\/wp-content\\\/uploads\\\/2017\\\/12\\\/ava.png\",\"url\":\"https:\\\/\\\/upmp.news\\\/wp-content\\\/uploads\\\/2017\\\/12\\\/ava.png\",\"contentUrl\":\"https:\\\/\\\/upmp.news\\\/wp-content\\\/uploads\\\/2017\\\/12\\\/ava.png\",\"caption\":\"vladimyr\"},\"url\":\"https:\\\/\\\/upmp.news\\\/en\\\/author\\\/vladimyr\\\/\"}]}<\/script>\n<!-- \/ Yoast SEO plugin. -->","yoast_head_json":{"title":"Grain issue won\u2019t affect Polish-Ukrainian relations: Polish president &#8211; U.P.M.P","robots":{"index":"index","follow":"follow","max-snippet":"max-snippet:-1","max-image-preview":"max-image-preview:large","max-video-preview":"max-video-preview:-1"},"canonical":"https:\/\/upmp.news\/en\/en-in-polish\/grain-issue-won-t-affect-polish-ukrainian-relations-polish-president\/","og_locale":"en_US","og_type":"article","og_title":"Grain issue won\u2019t affect Polish-Ukrainian relations: Polish president &#8211; U.P.M.P","og_description":"The issue of Ukrainian grain imports must be resolved, but it won\u2019t affect Polish-Ukrainian relations in a significant way, Poland\u2019s president has said. It is reported by Upmp.news with reference to \u201cPolskie Radio\u201d. Andrzej Duda made the statement at a conference on the reconstruction of Ukraine, Common Future, in the western Polish city of Pozna\u0144 [&hellip;]","og_url":"https:\/\/upmp.news\/en\/en-in-polish\/grain-issue-won-t-affect-polish-ukrainian-relations-polish-president\/","og_site_name":"U.P.M.P","article_publisher":"https:\/\/www.facebook.com\/upmp.news\/","article_published_time":"2023-09-22T18:11:01+00:00","article_modified_time":"2023-09-22T18:11:04+00:00","og_image":[{"width":2048,"height":1366,"url":"https:\/\/upmp.news\/wp-content\/uploads\/2023\/09\/44-1.jpg","type":"image\/jpeg"}],"author":"vladimyr","twitter_card":"summary_large_image","twitter_creator":"@maininua","twitter_site":"@maininua","twitter_misc":{"Written by":"vladimyr","Est. reading time":"3 minutes"},"schema":{"@context":"https:\/\/schema.org","@graph":[{"@type":"Article","@id":"https:\/\/upmp.news\/en\/en-in-polish\/grain-issue-won-t-affect-polish-ukrainian-relations-polish-president\/#article","isPartOf":{"@id":"https:\/\/upmp.news\/en\/en-in-polish\/grain-issue-won-t-affect-polish-ukrainian-relations-polish-president\/"},"author":{"name":"vladimyr","@id":"https:\/\/upmp.news\/#\/schema\/person\/cebd3113030eb01f184505010f519d71"},"headline":"Grain issue won\u2019t affect Polish-Ukrainian relations: Polish president","datePublished":"2023-09-22T18:11:01+00:00","dateModified":"2023-09-22T18:11:04+00:00","mainEntityOfPage":{"@id":"https:\/\/upmp.news\/en\/en-in-polish\/grain-issue-won-t-affect-polish-ukrainian-relations-polish-president\/"},"wordCount":495,"image":{"@id":"https:\/\/upmp.news\/en\/en-in-polish\/grain-issue-won-t-affect-polish-ukrainian-relations-polish-president\/#primaryimage"},"thumbnailUrl":"https:\/\/upmp.news\/wp-content\/uploads\/2023\/09\/44-1.jpg","keywords":["ANDRZEJ DUDA","Polish president"],"articleSection":["Poland","Politics"],"inLanguage":"en-US"},{"@type":"WebPage","@id":"https:\/\/upmp.news\/en\/en-in-polish\/grain-issue-won-t-affect-polish-ukrainian-relations-polish-president\/","url":"https:\/\/upmp.news\/en\/en-in-polish\/grain-issue-won-t-affect-polish-ukrainian-relations-polish-president\/","name":"Grain issue won\u2019t affect Polish-Ukrainian relations: Polish president &#8211; U.P.M.P","isPartOf":{"@id":"https:\/\/upmp.news\/#website"},"primaryImageOfPage":{"@id":"https:\/\/upmp.news\/en\/en-in-polish\/grain-issue-won-t-affect-polish-ukrainian-relations-polish-president\/#primaryimage"},"image":{"@id":"https:\/\/upmp.news\/en\/en-in-polish\/grain-issue-won-t-affect-polish-ukrainian-relations-polish-president\/#primaryimage"},"thumbnailUrl":"https:\/\/upmp.news\/wp-content\/uploads\/2023\/09\/44-1.jpg","datePublished":"2023-09-22T18:11:01+00:00","dateModified":"2023-09-22T18:11:04+00:00","author":{"@id":"https:\/\/upmp.news\/#\/schema\/person\/cebd3113030eb01f184505010f519d71"},"breadcrumb":{"@id":"https:\/\/upmp.news\/en\/en-in-polish\/grain-issue-won-t-affect-polish-ukrainian-relations-polish-president\/#breadcrumb"},"inLanguage":"en-US","potentialAction":[{"@type":"ReadAction","target":["https:\/\/upmp.news\/en\/en-in-polish\/grain-issue-won-t-affect-polish-ukrainian-relations-polish-president\/"]}]},{"@type":"ImageObject","inLanguage":"en-US","@id":"https:\/\/upmp.news\/en\/en-in-polish\/grain-issue-won-t-affect-polish-ukrainian-relations-polish-president\/#primaryimage","url":"https:\/\/upmp.news\/wp-content\/uploads\/2023\/09\/44-1.jpg","contentUrl":"https:\/\/upmp.news\/wp-content\/uploads\/2023\/09\/44-1.jpg","width":2048,"height":1366},{"@type":"BreadcrumbList","@id":"https:\/\/upmp.news\/en\/en-in-polish\/grain-issue-won-t-affect-polish-ukrainian-relations-polish-president\/#breadcrumb","itemListElement":[{"@type":"ListItem","position":1,"name":"Home","item":"https:\/\/upmp.news\/"},{"@type":"ListItem","position":2,"name":"Grain issue won\u2019t affect Polish-Ukrainian relations: Polish president"}]},{"@type":"WebSite","@id":"https:\/\/upmp.news\/#website","url":"https:\/\/upmp.news\/","name":"U.P.M.P","description":"\u0423\u043a\u0440\u0430\u0457\u043d\u043e-\u043f\u043e\u043b\u044c\u0441\u044c\u043a\u0430 \u043c\u0435\u0434\u0456\u0430\u043f\u043b\u0430\u0442\u0444\u043e\u0440\u043c\u0430","potentialAction":[{"@type":"SearchAction","target":{"@type":"EntryPoint","urlTemplate":"https:\/\/upmp.news\/?s={search_term_string}"},"query-input":{"@type":"PropertyValueSpecification","valueRequired":true,"valueName":"search_term_string"}}],"inLanguage":"en-US"},{"@type":"Person","@id":"https:\/\/upmp.news\/#\/schema\/person\/cebd3113030eb01f184505010f519d71","name":"vladimyr","image":{"@type":"ImageObject","inLanguage":"en-US","@id":"https:\/\/upmp.news\/wp-content\/uploads\/2017\/12\/ava.png","url":"https:\/\/upmp.news\/wp-content\/uploads\/2017\/12\/ava.png","contentUrl":"https:\/\/upmp.news\/wp-content\/uploads\/2017\/12\/ava.png","caption":"vladimyr"},"url":"https:\/\/upmp.news\/en\/author\/vladimyr\/"}]}},"_links":{"self":[{"href":"https:\/\/upmp.news\/en\/wp-json\/wp\/v2\/posts\/260107","targetHints":{"allow":["GET"]}}],"collection":[{"href":"https:\/\/upmp.news\/en\/wp-json\/wp\/v2\/posts"}],"about":[{"href":"https:\/\/upmp.news\/en\/wp-json\/wp\/v2\/types\/post"}],"author":[{"embeddable":true,"href":"https:\/\/upmp.news\/en\/wp-json\/wp\/v2\/users\/27"}],"replies":[{"embeddable":true,"href":"https:\/\/upmp.news\/en\/wp-json\/wp\/v2\/comments?post=260107"}],"version-history":[{"count":1,"href":"https:\/\/upmp.news\/en\/wp-json\/wp\/v2\/posts\/260107\/revisions"}],"predecessor-version":[{"id":260113,"href":"https:\/\/upmp.news\/en\/wp-json\/wp\/v2\/posts\/260107\/revisions\/260113"}],"wp:featuredmedia":[{"embeddable":true,"href":"https:\/\/upmp.news\/en\/wp-json\/wp\/v2\/media\/260108"}],"wp:attachment":[{"href":"https:\/\/upmp.news\/en\/wp-json\/wp\/v2\/media?parent=260107"}],"wp:term":[{"taxonomy":"category","embeddable":true,"href":"https:\/\/upmp.news\/en\/wp-json\/wp\/v2\/categories?post=260107"},{"taxonomy":"post_tag","embeddable":true,"href":"https:\/\/upmp.news\/en\/wp-json\/wp\/v2\/tags?post=260107"}],"curies":[{"name":"wp","href":"https:\/\/api.w.org\/{rel}","templated":true}]}}