{"id":10516,"date":"2018-02-21T10:54:53","date_gmt":"2018-02-21T08:54:53","guid":{"rendered":"https:\/\/upmp.news\/?p=10516"},"modified":"2018-02-21T10:54:53","modified_gmt":"2018-02-21T08:54:53","slug":"kto-sieje-wiatr-ten-zbiera-burze-ola-hnatiuk","status":"publish","type":"post","link":"https:\/\/upmp.news\/pl\/pl-in-polish\/pl-suspilstvo-pl\/kto-sieje-wiatr-ten-zbiera-burze-ola-hnatiuk\/","title":{"rendered":"\u201cKto sieje wiatr, ten zbiera burz\u0119\u201d \u2013 Ola Hnatiuk"},"content":{"rendered":"<h2><span lang=\"pl-PL\" style=\"font-size: 24pt; font-family: times new roman,times,serif;\">W dyskusji wywo\u0142anej nowelizacj\u0105 ustawy o IPN zwracano uwag\u0119 przede wszystkim na konsekwencje dla stosunk\u00f3w polsko-izraelskich oraz relacji polsko-\u017cydowskich. Umkn\u0105\u0142 przy tym problem relacji polsko-ukrai\u0144skich. Informuje o tym Upmp.news <a href=\"https:\/\/zbruc.eu\/\">powo\u0142uj\u0105c si\u0119<\/a> na zbruc.eu.<\/span><\/h2>\n<p><span lang=\"pl-PL\" style=\"font-size: 14pt; font-family: times new roman,times,serif;\">Obro\u0144com znowelizowanej ustawy o IPN wydaje si\u0119, \u017ce jej przeciwnicy nie potrafi\u0105 czyta\u0107 ze zrozumieniem oraz \u017ce wyst\u0119puj\u0105 przeciwko niej w jednym tylko celu: by szkalowa\u0107 Polsk\u0119. Tym samym nie tyle odmawiaj\u0105 im prawa g\u0142osu, ile sugeruj\u0105, \u017ce krytycy s\u0105 niezbyt rozgarni\u0119ci oraz \u017ce przejawiaj\u0105 z\u0142\u0105 wol\u0119 (cho\u0107 w domy\u015ble jest tu: nie s\u0105 prawdziwymi Polakami).<\/span><\/p>\n<p><span lang=\"pl-PL\" style=\"font-size: 14pt; font-family: times new roman,times,serif;\">T\u0105 drog\u0105 toczy si\u0119 w Polsce od jakiego\u015b czasu wiele dyskusji, kt\u00f3rych nie da si\u0119 ju\u017c okre\u015bli\u0107 mianem debaty \u2013 w tej bowiem zak\u0142ada si\u0119 elementarny szacunek dla adwersarza. Trudno te\u017c uzna\u0107 za novum pos\u0105dzenie o brak patriotyzmu wszystkich tych, kt\u00f3rzy o\u015bmielaj\u0105 si\u0119 twierdzi\u0107, \u017ce wprowadzenie w \u017cycie tej ustawy wp\u0142ynie negatywnie zar\u00f3wno na polskie relacje mi\u0119dzynarodowe, jak i sytuacj\u0119 wewn\u0119trzn\u0105. Moim zdaniem jej efekt b\u0119dzie trwa\u0142 d\u0142u\u017cej ni\u017c sama ustawa, nie m\u00f3wi\u0105c ju\u017c o dyskusji wok\u00f3\u0142 niej.<\/span><\/p>\n<p><span lang=\"pl-PL\" style=\"font-size: 14pt; font-family: times new roman,times,serif;\">Je\u015bli wi\u0119c zabieram g\u0142os w tej sprawie, to bez nadziei, \u017ce zostanie on wys\u0142uchany i przeanalizowany przez grono zwolennik\u00f3w ustawy (najprawdopodobniej wejdzie ona w \u017cycie jeszcze w tym miesi\u0105cu). Chcia\u0142abym jednak, aby m\u00f3j g\u0142os us\u0142yszeli ci, kt\u00f3rzy krytykuj\u0105c jedne zapisy ustawy, pomijaj\u0105 szkodliwo\u015b\u0107 innych.<\/span><\/p>\n<p><span lang=\"pl-PL\" style=\"font-size: 14pt; font-family: times new roman,times,serif;\"><b>Widmo banderyzmu<\/b><\/span><\/p>\n<p><span lang=\"pl-PL\" style=\"font-size: 14pt; font-family: times new roman,times,serif;\">Zaczn\u0119 od kontekstu, w jakim uchwalono ustaw\u0119: sta\u0142o si\u0119 to dok\u0142adnie w pi\u0119\u0107 dni po wyemitowaniu w programie TVN \u201eSuperwizjer\u201d, po\u015bwi\u0119conego neonazistom i fali wzburzenia, jaka przesz\u0142a przez kraj. Prominentni politycy najpierw pr\u00f3bowali da\u0107 odp\u00f3r, a gdy to nie wysz\u0142o, postanowili zamie\u015b\u0107 problem pod dywan. Zacz\u0119\u0142o si\u0119 od powtarzanego z uporem godnym lepszej sprawy, \u017ce to \u201emargines marginesu\u201d. Od obrony przechodzili te\u017c do ataku: okaza\u0142o si\u0119, \u017ce winna jest stacja telewizyjna, gdy\u017c nale\u017ca\u0142o natychmiast zawiadomi\u0107 prokuratur\u0119, a nie czeka\u0107 wiele miesi\u0119cy z emisj\u0105 materia\u0142u (opr\u00f3cz oczywistej manipulacji, by\u0142a w tym tak\u017ce insynuacja). Okaza\u0142o si\u0119 te\u017c, \u017ce winna jest PO, za czas\u00f3w kt\u00f3rej Duma i Niepodleg\u0142o\u015b\u0107 uzyska\u0142a rejestracj\u0119. Przypuszczam, \u017ce tego rodzaju \u201eargumentacja\u201d nie przekona\u0142a nawet zwolennik\u00f3w ustawy. Wtedy w\u0142a\u015bnie zapad\u0142a decyzja, \u017ce nale\u017cy pos\u0142u\u017cy\u0107 si\u0119 narz\u0119dziem opisywanym przez psycholog\u00f3w jako mechanizm projekcji. W ZSRR w takich wypadkach odpowiadano: \u201ea u was bij\u0105 murzyn\u00f3w\u201d.<\/span><\/p>\n<p><span lang=\"pl-PL\" style=\"font-size: 14pt; font-family: times new roman,times,serif;\">Na podor\u0119dziu by\u0142 projekt nowelizacji ustawy, le\u017c\u0105cy w sejmowej zamra\u017carce od gor\u0105cego lata 2016 roku, kiedy to podj\u0119to uchwa\u0142\u0119, \u017ce zbrodnie pope\u0142nione wobec ludno\u015bci polskiej na Wo\u0142yniu by\u0142y ludob\u00f3jstwem. Uchwa\u0142a ta zdaniem pomys\u0142odawc\u00f3w pozwala\u0142a \u201enadrobi\u0107 stracone ostatnie dwadzie\u015bcia kilka lat, podczas kt\u00f3rych pa\u0144stwo polskie nie potrafi\u0142o we w\u0142a\u015bciwy spos\u00f3b odda\u0107 ho\u0142du pomordowanym Polakom i obywatelom innych narodowo\u015bci na Wo\u0142yniu i Kresach Po\u0142udniowo-Wschodnich II RP\u201d. W ten spos\u00f3b skwitowano \u0107wier\u0107 wieku trwaj\u0105ce wysi\u0142ki \u2013 podejmowane i na najwy\u017cszych szczeblach pa\u0144stwowych, i na poziomie lokalnym, i przez gremia naukowe, i przez reprezentant\u00f3w spo\u0142ecze\u0144stwa obywatelskiego.<\/span><\/p>\n<p><span lang=\"pl-PL\" style=\"font-size: 14pt; font-family: times new roman,times,serif;\">Niestety, od tamtej pory przytoczone przekonanie sta\u0142o si\u0119 powszechne, podobnie jak twierdzenie, \u017ce ukrai\u0144ski nacjonalizm stanowi zagro\u017cenie dla interes\u00f3w pa\u0144stwa polskiego. Widmo banderyzmu na tyle przes\u0142ania realny obraz Ukrainy i Ukrai\u0144c\u00f3w, \u017ce coraz trudniej jest dotrze\u0107 z argumentem popartym badaniami ukrai\u0144skiej opinii publicznej: Polska i Polacy s\u0105 krajem i narodem najbardziej lubianym i podziwianym przez Ukrai\u0144c\u00f3w. Nie trafia te\u017c argument polityczny \u2013 do Rady Najwy\u017cszej Ukrainy partia nacjonalistyczna nie wesz\u0142a i nawet populi\u015bci nie s\u0105 w stanie tam nic ugra\u0107 antypolsk\u0105 kart\u0105. Argument geopolityczny opatrzony etykietk\u0105 \u201edoktryna Giedroycia\u201d w\u0142a\u015bnie ku chwale Ojczyzny od\u0142o\u017cono do lamusa.<\/span><\/p>\n<p><span lang=\"pl-PL\" style=\"font-size: 14pt; font-family: times new roman,times,serif;\">Reasumuj\u0105c uwagi na temat kontekstu: uchwalenie tej ustawy w moim przekonaniu by\u0142o odwr\u00f3ceniem uwagi od wewn\u0119trznego problemu, jakim jest narastaj\u0105cy w Polsce agresywny nacjonalizm i skierowaniem uwagi opinii publicznej na temat, kt\u00f3ry sta\u0142 si\u0119 dy\u017curnym, je\u015bli chodzi o polsk\u0105 polityk\u0119 historyczn\u0105: rozliczenie z ukrai\u0144skim nacjonalizmem. Spodziewano si\u0119 ostrej reakcji ze strony ukrai\u0144skiej, ale nie z Izraela. Zaiste, kto sieje wiatr, burz\u0119 zbiera.<\/span><\/p>\n<p><span lang=\"pl-PL\" style=\"font-size: 14pt; font-family: times new roman,times,serif;\"><b>K\u0142amstwo wo\u0142y\u0144skie<\/b><\/span><\/p>\n<p><span lang=\"pl-PL\" style=\"font-size: 14pt; font-family: times new roman,times,serif;\">Pora przej\u015b\u0107 do analizy tekstu. Jak ju\u017c wspomnia\u0142am, w trakcie ubieg\u0142otygodniowej dyskusji krytykowano przede wszystkim zapis art. 55 a rozdzia\u0142u 6 c (Ochrona dobrego imienia Rzeczypospolitej Polskiej i Narodu Polskiego), w szczeg\u00f3lno\u015bci pytano, \u201edlaczego ofiary i \u015bwiadkowie Zag\u0142ady maj\u0105 wa\u017cy\u0107 s\u0142owa, by nie podpa\u015b\u0107 organom \u015bcigania?\u201d. Wyra\u017cano tak\u017ce w\u0105tpliwo\u015b\u0107 co do mo\u017cliwo\u015bci \u015bcigania przest\u0119pstw z art. 55 a poza granicami kraju (por. w szczeg\u00f3lno\u015bci zamieszczony tu komentarz Zbigniewa Nosowskiego, wskazuj\u0105cy na niejasno\u015bci oraz mo\u017cliwo\u015bci nadu\u017cy\u0107).<\/span><\/p>\n<p><span lang=\"pl-PL\" style=\"font-size: 14pt; font-family: times new roman,times,serif;\">W dyskusji pomini\u0119to natomiast zapis z art. 1, w kt\u00f3rym do punktu 1 a, okre\u015blaj\u0105cego zakres dzia\u0142a\u0144 IPN, po zbrodniach nazistowskich i komunistycznych, a przed innymi przest\u0119pstwami stanowi\u0105cymi zbrodnie przeciwko pokojowi, ludzko\u015bci lub zbrodnie wojenne, dodano zapis: \u201ezbrodnie ukrai\u0144skich nacjonalist\u00f3w i cz\u0142onk\u00f3w ukrai\u0144skich formacji kolaboruj\u0105cych z Trzeci\u0105 Rzesz\u0105 Niemieck\u0105\u201d. W punkcie 2 za\u015b zbrodnie te zdefiniowano jako \u201eczyny pope\u0142nione przez ukrai\u0144skich nacjonalist\u00f3w w latach 1925\u20131950, polegaj\u0105ce na stosowaniu przemocy, terroru lub innych form naruszania praw cz\u0142owieka\u201d, jak te\u017c \u201eudzia\u0142 w eksterminacji ludno\u015bci \u017cydowskiej oraz ludob\u00f3jstwie na obywatelach II Rzeczypospolitej na terenach Wo\u0142ynia i Ma\u0142opolski Wschodniej\u201d.<\/span><\/p>\n<p><span lang=\"pl-PL\" style=\"font-size: 14pt; font-family: times new roman,times,serif;\">Jak si\u0119 ma kontrowersyjna nazwa \u201eMa\u0142opolska Wschodnia\u201d do 1950 roku \u2013 bli\u017cej nie wiadomo. Przypomn\u0119, \u017ce ten niemaj\u0105cy podstaw historycznych termin wprowadzono w dwudziestoleciu mi\u0119dzywojennym bynajmniej nie tylko po to, by odci\u0105\u0107 si\u0119 od \u201eterminu zaborcy\u201d czyli Galicji, ale przede wszystkim po to, by nawet w nazwie zaznaczy\u0107 polsko\u015b\u0107 tych ziem.<\/span><\/p>\n<p><span lang=\"pl-PL\" style=\"font-size: 14pt; font-family: times new roman,times,serif;\">Biuro Analiz Sejmowych w opinii z 7 listopada 2016 r. stwierdzi\u0142o, \u017ce wniesiona nowelizacja \u201enie rodzi zastrze\u017ce\u0144 merytorycznych\u201d i \u201ew pe\u0142ni zas\u0142uguje na aprobat\u0119\u201d, uchylaj\u0105c zastrze\u017cenia poczynione przez Prokuratur\u0119 Generaln\u0105 (w szczeg\u00f3lno\u015bci trudno\u015bci z definicj\u0105 prawn\u0105 poj\u0119cia \u201eukrai\u0144ski nacjonalista\u201d oraz ramy czasowe 1925\u20131950).<\/span><\/p>\n<p><span lang=\"pl-PL\" style=\"font-size: 14pt; font-family: times new roman,times,serif;\">Na posiedzeniu komisji sejmowej, kt\u00f3re odby\u0142o si\u0119 nast\u0119pnego dnia i na kt\u00f3re powo\u0142ano ekspert\u00f3w: prof. W\u0142odzimierza Osadczego, prof. Czes\u0142awa Partacza oraz dr. Wojciecha Muszy\u0144skiego uznano za bezpodstawne zastrze\u017cenia zg\u0142oszone przez pos\u0142a PO Marcina \u015awi\u0119cickiego. Jeden z inicjator\u00f3w nowelizacji, pose\u0142 Kukiz \u201915 Tomasz Rzymkowski, okre\u015bli\u0142 jasno cel: \u201epenalizujemy poj\u0119cie \u201ek\u0142amstwa wo\u0142y\u0144skiego\u201d. Nie pozostawi\u0142 te\u017c z\u0142udze\u0144, \u017ce penalizacja ta stanie si\u0119 narz\u0119dziem walki politycznej: \u201ecz\u0119sto wypowiedzi publiczne, mi\u0119dzy innymi pana pos\u0142a [tu chodzi\u0142o o Marcina \u015awi\u0119cickiego \u2013 O.H.], podwa\u017caj\u0105 fakt ludob\u00f3jstwa na Wo\u0142yniu i temu mi\u0119dzy innymi ma s\u0142u\u017cy\u0107 ta ustawa, aby te i inne bzdury nie by\u0142y powtarzane w polskiej przestrzeni publicznej\u201d.<\/span><\/p>\n<p><span lang=\"pl-PL\" style=\"font-size: 14pt; font-family: times new roman,times,serif;\">Dlatego uwa\u017cam, \u017ce nie ma racji prof. Andrzej Friszke, twierdz\u0105c \u2013 w oparciu o streszczenie innego posiedzenia komisji \u2013 \u017ce \u201eustaw\u0119 uchwalono, by mie\u0107 narz\u0119dzie uderzenia w Grossa i podobnymi tematami si\u0119 zajmuj\u0105cych\u201d. Chodzi\u0142o nie o Jana Tomasza Grossa. I nie o Wo\u0142odymyra Wiatrowycza. Chodzi\u0142o o wszystkich my\u015bl\u0105cych inaczej, ni\u017c nakazuje martyrologiczna wizja dziej\u00f3w.<\/span><\/p>\n<p><span lang=\"pl-PL\" style=\"font-size: 14pt; font-family: times new roman,times,serif;\">Mo\u017cna by mno\u017cy\u0107 przyk\u0142ady wypowiedzi, kt\u00f3re w \u015bwietle ustawy b\u0119d\u0105 podlega\u0107 penalizacji. \u015acigani mog\u0105 by\u0107 nie tylko publicy\u015bci (o czym pisa\u0142 Zbigniew Nosowski). \u015acigane z urz\u0119du czy na podstawie doniesienia organizacji pozarz\u0105dowej mog\u0105 by\u0107 tak\u017ce osoby \u2013 \u015bwiadkowie historii nagrywani w ramach licznych projekt\u00f3w historii m\u00f3wionej, je\u015bli o\u015bmiel\u0105 si\u0119 wspomnie\u0107, \u017ce byli ofiarami przemocy z r\u0105k Polak\u00f3w. Od tej pory takie upublicznione nagrania (np. Muzeum Holocaustu w Waszyngtonie, Instytutu Yad Vashem, czy mniej znane, ale na bie\u017c\u0105co uzupe\u0142niane kolekcje ukrai\u0144skie) b\u0119d\u0105 mog\u0142y sta\u0107 si\u0119 przedmiotem \u015bledztwa. Ofiara raz jeszcze b\u0119dzie przechodzi\u0142a piek\u0142o.<\/span><\/p>\n<p><span lang=\"pl-PL\" style=\"font-size: 14pt; font-family: times new roman,times,serif;\"><b>W\u0142a\u015bnie pope\u0142niam przest\u0119pstwo<\/b><\/span><\/p>\n<p><span lang=\"pl-PL\" style=\"font-size: 14pt; font-family: times new roman,times,serif;\">Na posiedzeniu w listopadzie 2016 r. pose\u0142 Tomasz Rzymkowski stwierdzi\u0142 tak\u017ce, \u017ce \u201ezamordowanych zosta\u0142o ponad 160 tysi\u0119cy naszych rodak\u00f3w w wyj\u0105tkowo brutalny spos\u00f3b. Zamordowani oni zostali przez przedstawicieli narodu ukrai\u0144skiego [\u2026] Wszystkie inne zbrodnie dokonane na narodzie polskim nie mia\u0142y takiej skali, jak ta dokonana na ludno\u015bci Wo\u0142ynia, Ma\u0142opolski Wschodniej i cz\u0119\u015bci wojew\u00f3dztw mieszcz\u0105cych si\u0119 na terenie dzisiejszych wojew\u00f3dztw lubelskiego i podkarpackiego\u201d.<\/span><\/p>\n<p><span lang=\"pl-PL\" style=\"font-size: 14pt; font-family: times new roman,times,serif;\">Wypowied\u017a ta \u2013 nawet je\u015bli zapomnie\u0107 na chwil\u0119 o uw\u0142aczaj\u0105cym sformu\u0142owaniu o dopuszczaj\u0105cych si\u0119 masowych mord\u00f3w \u201eprzedstawicielach narodu ukrai\u0144skiego\u201d \u2013 nie ma nic wsp\u00f3lnego z wiedz\u0105 historyczn\u0105: zar\u00f3wno je\u015bli chodzi o skal\u0119 pope\u0142nionych zbrodni, jak i proporcje (wszak wed\u0142ug pos\u0142a Rzymkowskiego wszystkie inne zbrodnie \u2013 czyli nazistowskie i komunistyczne \u2013 ust\u0119puj\u0105 wobec zbrodni wo\u0142y\u0144skiej).<\/span><\/p>\n<p><span lang=\"pl-PL\" style=\"font-size: 14pt; font-family: times new roman,times,serif;\">Jednak za to w\u0142a\u015bnie zdanie \u2013 w \u015bwietle uchwalonej ustawy \u2013 mo\u017cna poci\u0105gn\u0105\u0107 mnie do odpowiedzialno\u015bci karnej. Dlaczego? Po pierwsze, wypowied\u017a moja nie jest dzia\u0142alno\u015bci\u0105 naukow\u0105, lecz publiczn\u0105; po drugie za\u015b \u201ezaprzecza ustalonym faktom\u201d (prosz\u0119 bardzo, oto gotowy materia\u0142 na donos). Kto b\u0119dzie decydowa\u0142 o tym, jakie fakty s\u0105 ustalone i czy wypowied\u017a pozostaje z nimi w sprzeczno\u015bci? Eksperci? Przez kogo powo\u0142ywani?<\/span><\/p>\n<p><span lang=\"pl-PL\" style=\"font-size: 14pt; font-family: times new roman,times,serif;\">Ekspert powo\u0142any przez pos\u0142a Tomasza Rzymkowskiego, prof. W\u0142odzimierz Osadczy, w trakcie posiedzenia komisji stwierdzi\u0142: \u201eObecnie na Ukrainie szerzy si\u0119 ideologia nacjonalizmu i staje si\u0119 obowi\u0105zuj\u0105c\u0105 ideologi\u0105 pa\u0144stwow\u0105. [\u2026] Edukacja w duchu banderowskim na Ukrainie trwa od przedszkola do lektur naukowych\u201d. Zaprzeczam temu z ca\u0142\u0105 stanowczo\u015bci\u0105. Czy i za to zostan\u0119 poci\u0105gni\u0119ta do odpowiedzialno\u015bci karnej?<\/span><\/p>\n<p><span lang=\"pl-PL\" style=\"font-size: 14pt; font-family: times new roman,times,serif;\"><b>Ukrainiec \u2260 nacjonalista<\/b><\/span><\/p>\n<p><span lang=\"pl-PL\" style=\"font-size: 14pt; font-family: times new roman,times,serif;\">Przejd\u017amy jednak od wymiaru indywidualnego do zbiorowego. Od p\u00f3\u0142tora roku narasta wobec ukrai\u0144skiej mniejszo\u015bci w Polsce agresja s\u0142owna, kt\u00f3r\u0105 mo\u017cna by por\u00f3wna\u0107 z nag\u0142ym wybuchem antysemickich wypowiedzi w ubieg\u0142ym tygodniu. Zr\u00f3wnanie zbrodni nacjonalist\u00f3w ze zbrodniami nazistowskimi czy komunistycznymi \u2013 co uczyniono w ustawie \u2013 zwi\u0119kszy, a nie zmniejszy skal\u0119 agresji. Znak r\u00f3wno\u015bci mi\u0119dzy s\u0142owami Ukrainiec i nacjonalista w publicznych wypowiedziach sta\u0142 si\u0119 nagminny.<\/span><\/p>\n<p><span lang=\"pl-PL\" style=\"font-size: 14pt; font-family: times new roman,times,serif;\">Jaki b\u0119dzie skutek? W szybkim tempie doprowadzimy do stygmatyzacji nie tylko obywateli polskich pochodzenia ukrai\u0144skiego, kt\u00f3rzy do dzi\u015b \u017cyj\u0105 z traum\u0105 zbrodni komunistycznej, jak\u0105 by\u0142a Akcja Wis\u0142a. Teraz \u2013 je\u015bli tylko o\u015bmiel\u0105 si\u0119 o niej m\u00f3wi\u0107 \u2013 zaraz si\u0119 oka\u017ce, \u017ce \u201epomniejszaj\u0105 zbrodnie ukrai\u0144skich nacjonalist\u00f3w\u201d, \u017ce \u201erelatywizuj\u0105\u201d. To przecie\u017c powszechna praktyka nie tylko na forach internetowych, ale i w publicznych wypowiedziach niekt\u00f3rych polityk\u00f3w. Teraz ci, po\u017cal si\u0119 Bo\u017ce, \u201etropiciele banderyzmu\u201d dostali por\u0119czne narz\u0119dzie.<\/span><\/p>\n<p><span lang=\"pl-PL\" style=\"font-size: 14pt; font-family: times new roman,times,serif;\">C\u00f3\u017c, ukrai\u0144ska mniejszo\u015b\u0107 w Polsce jest s\u0142aba i bardzo nieliczna. Nieliczna i s\u0142aba wskutek represyjnej i asymilacyjnej polityki w\u0142adz komunistycznych wobec Ukrai\u0144c\u00f3w. Nieliczna i milkliwa tak\u017ce wskutek \u201eg\u0119by banderyzmu\u201d, przyprawianej konsekwentnie przez ca\u0142e powojenne pi\u0119\u0107dziesi\u0119ciolecie. Jedni woleli opu\u015bci\u0107 kraj, inni woleli si\u0119 nie wyr\u00f3\u017cnia\u0107. Efekt jest taki, \u017ce obywateli polskich ukrai\u0144skiego pochodzenia jest w naszym kraju nieco ponad 30 tysi\u0119cy.<\/span><\/p>\n<p><span lang=\"pl-PL\" style=\"font-size: 14pt; font-family: times new roman,times,serif;\">A co z ukrai\u0144skimi \u201euchod\u017acami\u201d \u2013 tym milionem czy dwoma, jak twierdz\u0105 urz\u0119duj\u0105cy politycy? (\u017carty na bok: z oficjalnych danych statystycznych wynika, \u017ce migrant\u00f3w jest kilkaset tysi\u0119cy, a status uchod\u017acy uzyska\u0142o zaledwie kilkadziesi\u0105t os\u00f3b). Oni tak\u017ce b\u0119d\u0105 woleli si\u0119 nie wyr\u00f3\u017cnia\u0107, tym bardziej, \u017ce ich status jest inny ni\u017c obywateli polskich. Zawsze jednak mog\u0105 zag\u0142osowa\u0107 nogami. Ci bardziej wykszta\u0142ceni czy po prostu bardziej mobilni wybior\u0105 inny kraj. \u201eNiech jad\u0105!\u201d \u2013 takie g\u0142osy padaj\u0105 coraz cz\u0119\u015bciej. Mo\u017ce skorzystaj\u0105 z tej \u201edobrej rady\u201d, by tak to eufemistycznie uj\u0105\u0107. Wr\u00f3c\u0105 na Ukrain\u0119. Tyle \u017ce z now\u0105 polsk\u0105 traum\u0105. Czy naprawd\u0119 na tym nam zale\u017cy?<\/span><\/p>\n<p><span lang=\"pl-PL\" style=\"font-size: 14pt; font-family: times new roman,times,serif;\"><b>Ludzie dialogu do naro\u017cnika<\/b><\/span><\/p>\n<p><span lang=\"pl-PL\" style=\"font-size: 14pt; font-family: times new roman,times,serif;\">Co przyj\u0119cie znowelizowanej ustawy b\u0119dzie oznacza\u0107 dla relacji polsko-ukrai\u0144skich? Przede wszystkim kolejne och\u0142odzenie, cho\u0107 raczej nie zostan\u0105 podj\u0119te kroki analogiczne do tych, jakie poczyniono w Izraelu. Ukrai\u0144scy politycy, prezydent i minister spraw zagranicznych studz\u0105 emocje.<\/span><\/p>\n<p><span lang=\"pl-PL\" style=\"font-size: 14pt; font-family: times new roman,times,serif;\">Zamiast to doceni\u0107, po stronie polskiej stonowane o\u015bwiadczenie MSZ Ukrainy oraz wypowied\u017a prezydenta Poroszenki poczytuje si\u0119 za s\u0142abo\u015b\u0107. Dlaczego? Zapewne polscy politycy uwa\u017caj\u0105, \u017ce Ukraina \u2013 tocz\u0105ca wojn\u0119 z Rosj\u0105 \u2013 b\u0119dzie zmuszona do ust\u0119pstw (nota bene, Ukrai\u0144c\u00f3w, kt\u00f3rzy przypominaj\u0105 o sytuacji swego kraju, strofuje si\u0119: \u201eprzesta\u0144cie si\u0119 obnosi\u0107 ze swoj\u0105 martyrologi\u0105!\u201d). Niekt\u00f3rzy twierdz\u0105 butnie, \u017ce to Ukraina bardziej potrzebuje Polski, ni\u017c Polska Ukrainy (jak ostatnio si\u0119 okaza\u0142o, Izrael te\u017c bardziej potrzebuje Polski). Co to ma wsp\u00f3lnego z partnerstwem strategicznym? Mo\u017ce mi kto\u015b wyt\u0142umaczy, bo ja nie wiem.<\/span><\/p>\n<p><span lang=\"pl-PL\" style=\"font-size: 14pt; font-family: times new roman,times,serif;\">Na Ukrainie r\u00f3wnie\u017c coraz cz\u0119\u015bciej te stonowane o\u015bwiadczenia poczytuje si\u0119 nie za zalet\u0119, a za s\u0142abo\u015b\u0107. Coraz g\u0142o\u015bniejsi s\u0105 ci, kt\u00f3rzy nawo\u0142uj\u0105 do ostrej odpowiedzi. Paradoksem jest, \u017ce przyj\u0119cie tej ustawy, jak te\u017c ubieg\u0142oroczne wypowiedzi ministra Witolda Waszczykowskiego i prezesa PiS Jaros\u0142awa Kaczy\u0144skiego, prawdopodobnie w ko\u0144cu doprowadz\u0105 do efektu kumulacji. Wzmocni\u0105 nacjonalist\u00f3w, a ludzi dialogu zepchn\u0105 w naro\u017cnik. Ale w Polsce znowu b\u0119dzie si\u0119 twierdzi\u0107, \u017ce wszystkiemu s\u0105 winni ukrai\u0144scy nacjonali\u015bci. Bo \u017ad\u017ab\u0142o w oku bli\u017aniego \u0142atwiej dostrzec ni\u017c belk\u0119 we w\u0142asnym.<\/span><\/p>\n<p><span lang=\"pl-PL\" style=\"font-size: 14pt; font-family: times new roman,times,serif;\">Je\u015bli za\u015b chodzi o wymiar historyczny czy kwesti\u0119 upami\u0119tnienia ofiar, to r\u00f3wnie\u017c ustawa nie przyniesie niczego dobrego. Nast\u0105pi zamro\u017cenie dialogu historyk\u00f3w, bo kto b\u0119dzie ryzykowa\u0107 przyjazd do Polski? Fakty b\u0119d\u0105 zatem ustalane jednostronnie. Cz\u0119\u015b\u0107 polityk\u00f3w (by przywo\u0142a\u0107 tylko jedn\u0105, ju\u017c cytowan\u0105 wypowied\u017a pos\u0142a Kukiz \u201915), a tak\u017ce cz\u0119\u015b\u0107 historyk\u00f3w uwa\u017ca, \u017ce fakty ju\u017c zosta\u0142y ustalone. Zatem ka\u017cdy, kto zechce podj\u0105\u0107 nowe badania na ten temat, stanie si\u0119 potencjalnym przest\u0119pc\u0105.<\/span><\/p>\n<p><span lang=\"pl-PL\" style=\"font-size: 14pt; font-family: times new roman,times,serif;\">Mi\u0119dzy bajki mo\u017cna w\u0142o\u017cy\u0107 zapis znowelizowanej ustawy (art. 55a, ust. 3), m\u00f3wi\u0105cy \u201eNie pope\u0142nia przest\u0119pstwa czynu zabronionego okre\u015blonego w ust. 1 i 2, je\u017celi dopu\u015bci\u0142 si\u0119 tego czynu w ramach dzia\u0142alno\u015bci artystycznej lub naukowej\u201d. To martwy przepis. Nie tylko autor, ale i wydawca takiej ksi\u0105\u017cki czy artyku\u0142u nara\u017ca\u0107 si\u0119 b\u0119dzie na d\u0142ugotrwa\u0142e post\u0119powanie s\u0105dowe.<\/span><\/p>\n<p><span lang=\"pl-PL\" style=\"font-size: 14pt; font-family: times new roman,times,serif;\">Nie o wstawanie z kolan zatem chodzi, lecz o pe\u0142zaj\u0105c\u0105 cenzur\u0119 \u2013 najpierw dotycz\u0105c\u0105 jednej kwestii, co do kt\u00f3rej panuje og\u00f3lna zgoda (nie dla \u201epolskich oboz\u00f3w \u015bmierci\u201d), potem nast\u0119pnej, w kt\u00f3rej w\u0142a\u015bnie zapanowa\u0142a og\u00f3lnonarodowa zgoda (zbrodnia wo\u0142y\u0144ska jako ludob\u00f3jstwo). Ani si\u0119 nie obejrzymy, jak nie b\u0119dzie wolno podwa\u017cy\u0107 przewodniej roli partii.<\/span><\/p>\n<p><span lang=\"pl-PL\" style=\"font-size: 14pt; font-family: times new roman,times,serif;\">PS. Jestem profesorem Uniwersytetu Warszawskiego, profesorem i cz\u0142onkiem Rady Naukowej Instytutu Slawistyki PAN oraz cz\u0142onkiem Polskiego PEN Clubu. Wymienione instytucje macierzyste nie ponosz\u0105 jednak odpowiedzialno\u015bci za moje s\u0142owa \u2013 i wnosz\u0119 o niepoci\u0105ganie ich do odpowiedzialno\u015bci karnej.<\/span><\/p>\n<p><span lang=\"pl-PL\" style=\"font-size: 14pt; font-family: times new roman,times,serif;\"><i>Ola (Aleksandra) Hnatiuk \u2013 ukrainistka, t\u0142umaczka, doktor habilitowany nauk humanistycznych, profesor nadzwyczajny w Instytucie Slawistyki PAN, profesor nadzwyczajny w Studium Europy Wschodniej Uniwersytetu Warszawskiego. W latach 2006\u20132010 radca Ambasady RP w Kijowie. Autorka wielu ksi\u0105\u017cek, m.in. \u201cPo\u017cegnanie z imperium. Ukrai\u0144skie dyskusje o to\u017csamo\u015bci\u201d, \u201cOdwaga i strach\u201d (opowie\u015b\u0107 o losach lwowskiej inteligencji podczas II wojny \u015bwiatowej).<\/i><\/span><\/p>\n<div class=\"newspaper-x-tags\"><strong><\/strong><span><a href=\"https:\/\/upmp.news\/pl\/tag\/ola-hnatiuk\/\" rel=\"tag\">Ola Hnatiuk<\/a> <\/div>\n","protected":false},"excerpt":{"rendered":"<p>W dyskusji wywo\u0142anej nowelizacj\u0105 ustawy o IPN zwracano uwag\u0119 przede wszystkim na konsekwencje dla stosunk\u00f3w polsko-izraelskich oraz relacji polsko-\u017cydowskich. Umkn\u0105\u0142 przy tym problem relacji polsko-ukrai\u0144skich. Informuje o tym Upmp.news powo\u0142uj\u0105c si\u0119 na zbruc.eu. Obro\u0144com znowelizowanej ustawy o IPN wydaje si\u0119, \u017ce jej przeciwnicy nie potrafi\u0105 czyta\u0107 ze zrozumieniem oraz \u017ce wyst\u0119puj\u0105 przeciwko niej w jednym [&hellip;]<\/p>\n","protected":false},"author":27,"featured_media":10436,"comment_status":"closed","ping_status":"open","sticky":false,"template":"","format":"standard","meta":{"_exactmetrics_skip_tracking":false,"_exactmetrics_sitenote_active":false,"_exactmetrics_sitenote_note":"","_exactmetrics_sitenote_category":0,"footnotes":""},"categories":[2075,2078],"tags":[3203],"class_list":["post-10516","post","type-post","status-publish","format-standard","has-post-thumbnail","hentry","category-pl-suspilstvo-pl","category-pl-in-polish","tag-ola-hnatiuk"],"yoast_head":"<!-- This site is optimized with the Yoast SEO plugin v27.3 - https:\/\/yoast.com\/product\/yoast-seo-wordpress\/ -->\n<title>\u201cKto sieje wiatr, ten zbiera burz\u0119\u201d \u2013 Ola Hnatiuk &#8211; U.P.M.P<\/title>\n<meta name=\"robots\" content=\"index, follow, max-snippet:-1, max-image-preview:large, max-video-preview:-1\" \/>\n<link rel=\"canonical\" href=\"https:\/\/upmp.news\/pl\/pl-in-polish\/pl-suspilstvo-pl\/kto-sieje-wiatr-ten-zbiera-burze-ola-hnatiuk\/\" \/>\n<meta property=\"og:locale\" content=\"pl_PL\" \/>\n<meta property=\"og:type\" content=\"article\" \/>\n<meta property=\"og:title\" content=\"\u201cKto sieje wiatr, ten zbiera burz\u0119\u201d \u2013 Ola Hnatiuk &#8211; U.P.M.P\" \/>\n<meta property=\"og:description\" content=\"W dyskusji wywo\u0142anej nowelizacj\u0105 ustawy o IPN zwracano uwag\u0119 przede wszystkim na konsekwencje dla stosunk\u00f3w polsko-izraelskich oraz relacji polsko-\u017cydowskich. Umkn\u0105\u0142 przy tym problem relacji polsko-ukrai\u0144skich. Informuje o tym Upmp.news powo\u0142uj\u0105c si\u0119 na zbruc.eu. Obro\u0144com znowelizowanej ustawy o IPN wydaje si\u0119, \u017ce jej przeciwnicy nie potrafi\u0105 czyta\u0107 ze zrozumieniem oraz \u017ce wyst\u0119puj\u0105 przeciwko niej w jednym [&hellip;]\" \/>\n<meta property=\"og:url\" content=\"https:\/\/upmp.news\/pl\/pl-in-polish\/pl-suspilstvo-pl\/kto-sieje-wiatr-ten-zbiera-burze-ola-hnatiuk\/\" \/>\n<meta property=\"og:site_name\" content=\"U.P.M.P\" \/>\n<meta property=\"article:publisher\" content=\"https:\/\/www.facebook.com\/upmp.news\/\" \/>\n<meta property=\"article:published_time\" content=\"2018-02-21T08:54:53+00:00\" \/>\n<meta property=\"og:image\" content=\"https:\/\/upmp.news\/wp-content\/uploads\/2018\/02\/Olga.jpg\" \/>\n\t<meta property=\"og:image:width\" content=\"590\" \/>\n\t<meta property=\"og:image:height\" content=\"398\" \/>\n\t<meta property=\"og:image:type\" content=\"image\/jpeg\" \/>\n<meta name=\"author\" content=\"vladimyr\" \/>\n<meta name=\"twitter:card\" content=\"summary_large_image\" \/>\n<meta name=\"twitter:creator\" content=\"@maininua\" \/>\n<meta name=\"twitter:site\" content=\"@maininua\" \/>\n<meta name=\"twitter:label1\" content=\"Napisane przez\" \/>\n\t<meta name=\"twitter:data1\" content=\"vladimyr\" \/>\n\t<meta name=\"twitter:label2\" content=\"Szacowany czas czytania\" \/>\n\t<meta name=\"twitter:data2\" content=\"13 minut\" \/>\n<script type=\"application\/ld+json\" class=\"yoast-schema-graph\">{\"@context\":\"https:\\\/\\\/schema.org\",\"@graph\":[{\"@type\":\"Article\",\"@id\":\"https:\\\/\\\/upmp.news\\\/pl\\\/pl-in-polish\\\/pl-suspilstvo-pl\\\/kto-sieje-wiatr-ten-zbiera-burze-ola-hnatiuk\\\/#article\",\"isPartOf\":{\"@id\":\"https:\\\/\\\/upmp.news\\\/pl\\\/pl-in-polish\\\/pl-suspilstvo-pl\\\/kto-sieje-wiatr-ten-zbiera-burze-ola-hnatiuk\\\/\"},\"author\":{\"name\":\"vladimyr\",\"@id\":\"https:\\\/\\\/upmp.news\\\/#\\\/schema\\\/person\\\/cebd3113030eb01f184505010f519d71\"},\"headline\":\"\u201cKto sieje wiatr, ten zbiera burz\u0119\u201d \u2013 Ola Hnatiuk\",\"datePublished\":\"2018-02-21T08:54:53+00:00\",\"mainEntityOfPage\":{\"@id\":\"https:\\\/\\\/upmp.news\\\/pl\\\/pl-in-polish\\\/pl-suspilstvo-pl\\\/kto-sieje-wiatr-ten-zbiera-burze-ola-hnatiuk\\\/\"},\"wordCount\":2586,\"image\":{\"@id\":\"https:\\\/\\\/upmp.news\\\/pl\\\/pl-in-polish\\\/pl-suspilstvo-pl\\\/kto-sieje-wiatr-ten-zbiera-burze-ola-hnatiuk\\\/#primaryimage\"},\"thumbnailUrl\":\"https:\\\/\\\/upmp.news\\\/wp-content\\\/uploads\\\/2018\\\/02\\\/Olga.jpg\",\"keywords\":[\"Ola Hnatiuk\"],\"articleSection\":[\"Spo\u0142ecze\u0144stwo\",\"W Polsce\"],\"inLanguage\":\"pl-PL\"},{\"@type\":\"WebPage\",\"@id\":\"https:\\\/\\\/upmp.news\\\/pl\\\/pl-in-polish\\\/pl-suspilstvo-pl\\\/kto-sieje-wiatr-ten-zbiera-burze-ola-hnatiuk\\\/\",\"url\":\"https:\\\/\\\/upmp.news\\\/pl\\\/pl-in-polish\\\/pl-suspilstvo-pl\\\/kto-sieje-wiatr-ten-zbiera-burze-ola-hnatiuk\\\/\",\"name\":\"\u201cKto sieje wiatr, ten zbiera burz\u0119\u201d \u2013 Ola Hnatiuk &#8211; U.P.M.P\",\"isPartOf\":{\"@id\":\"https:\\\/\\\/upmp.news\\\/#website\"},\"primaryImageOfPage\":{\"@id\":\"https:\\\/\\\/upmp.news\\\/pl\\\/pl-in-polish\\\/pl-suspilstvo-pl\\\/kto-sieje-wiatr-ten-zbiera-burze-ola-hnatiuk\\\/#primaryimage\"},\"image\":{\"@id\":\"https:\\\/\\\/upmp.news\\\/pl\\\/pl-in-polish\\\/pl-suspilstvo-pl\\\/kto-sieje-wiatr-ten-zbiera-burze-ola-hnatiuk\\\/#primaryimage\"},\"thumbnailUrl\":\"https:\\\/\\\/upmp.news\\\/wp-content\\\/uploads\\\/2018\\\/02\\\/Olga.jpg\",\"datePublished\":\"2018-02-21T08:54:53+00:00\",\"author\":{\"@id\":\"https:\\\/\\\/upmp.news\\\/#\\\/schema\\\/person\\\/cebd3113030eb01f184505010f519d71\"},\"breadcrumb\":{\"@id\":\"https:\\\/\\\/upmp.news\\\/pl\\\/pl-in-polish\\\/pl-suspilstvo-pl\\\/kto-sieje-wiatr-ten-zbiera-burze-ola-hnatiuk\\\/#breadcrumb\"},\"inLanguage\":\"pl-PL\",\"potentialAction\":[{\"@type\":\"ReadAction\",\"target\":[\"https:\\\/\\\/upmp.news\\\/pl\\\/pl-in-polish\\\/pl-suspilstvo-pl\\\/kto-sieje-wiatr-ten-zbiera-burze-ola-hnatiuk\\\/\"]}]},{\"@type\":\"ImageObject\",\"inLanguage\":\"pl-PL\",\"@id\":\"https:\\\/\\\/upmp.news\\\/pl\\\/pl-in-polish\\\/pl-suspilstvo-pl\\\/kto-sieje-wiatr-ten-zbiera-burze-ola-hnatiuk\\\/#primaryimage\",\"url\":\"https:\\\/\\\/upmp.news\\\/wp-content\\\/uploads\\\/2018\\\/02\\\/Olga.jpg\",\"contentUrl\":\"https:\\\/\\\/upmp.news\\\/wp-content\\\/uploads\\\/2018\\\/02\\\/Olga.jpg\",\"width\":590,\"height\":398},{\"@type\":\"BreadcrumbList\",\"@id\":\"https:\\\/\\\/upmp.news\\\/pl\\\/pl-in-polish\\\/pl-suspilstvo-pl\\\/kto-sieje-wiatr-ten-zbiera-burze-ola-hnatiuk\\\/#breadcrumb\",\"itemListElement\":[{\"@type\":\"ListItem\",\"position\":1,\"name\":\"Home\",\"item\":\"https:\\\/\\\/upmp.news\\\/\"},{\"@type\":\"ListItem\",\"position\":2,\"name\":\"\u201cKto sieje wiatr, ten zbiera burz\u0119\u201d \u2013 Ola Hnatiuk\"}]},{\"@type\":\"WebSite\",\"@id\":\"https:\\\/\\\/upmp.news\\\/#website\",\"url\":\"https:\\\/\\\/upmp.news\\\/\",\"name\":\"U.P.M.P\",\"description\":\"\u0423\u043a\u0440\u0430\u0457\u043d\u043e-\u043f\u043e\u043b\u044c\u0441\u044c\u043a\u0430 \u043c\u0435\u0434\u0456\u0430\u043f\u043b\u0430\u0442\u0444\u043e\u0440\u043c\u0430\",\"potentialAction\":[{\"@type\":\"SearchAction\",\"target\":{\"@type\":\"EntryPoint\",\"urlTemplate\":\"https:\\\/\\\/upmp.news\\\/?s={search_term_string}\"},\"query-input\":{\"@type\":\"PropertyValueSpecification\",\"valueRequired\":true,\"valueName\":\"search_term_string\"}}],\"inLanguage\":\"pl-PL\"},{\"@type\":\"Person\",\"@id\":\"https:\\\/\\\/upmp.news\\\/#\\\/schema\\\/person\\\/cebd3113030eb01f184505010f519d71\",\"name\":\"vladimyr\",\"image\":{\"@type\":\"ImageObject\",\"inLanguage\":\"pl-PL\",\"@id\":\"https:\\\/\\\/upmp.news\\\/wp-content\\\/uploads\\\/2017\\\/12\\\/ava.png\",\"url\":\"https:\\\/\\\/upmp.news\\\/wp-content\\\/uploads\\\/2017\\\/12\\\/ava.png\",\"contentUrl\":\"https:\\\/\\\/upmp.news\\\/wp-content\\\/uploads\\\/2017\\\/12\\\/ava.png\",\"caption\":\"vladimyr\"},\"url\":\"https:\\\/\\\/upmp.news\\\/pl\\\/author\\\/vladimyr\\\/\"}]}<\/script>\n<!-- \/ Yoast SEO plugin. -->","yoast_head_json":{"title":"\u201cKto sieje wiatr, ten zbiera burz\u0119\u201d \u2013 Ola Hnatiuk &#8211; U.P.M.P","robots":{"index":"index","follow":"follow","max-snippet":"max-snippet:-1","max-image-preview":"max-image-preview:large","max-video-preview":"max-video-preview:-1"},"canonical":"https:\/\/upmp.news\/pl\/pl-in-polish\/pl-suspilstvo-pl\/kto-sieje-wiatr-ten-zbiera-burze-ola-hnatiuk\/","og_locale":"pl_PL","og_type":"article","og_title":"\u201cKto sieje wiatr, ten zbiera burz\u0119\u201d \u2013 Ola Hnatiuk &#8211; U.P.M.P","og_description":"W dyskusji wywo\u0142anej nowelizacj\u0105 ustawy o IPN zwracano uwag\u0119 przede wszystkim na konsekwencje dla stosunk\u00f3w polsko-izraelskich oraz relacji polsko-\u017cydowskich. Umkn\u0105\u0142 przy tym problem relacji polsko-ukrai\u0144skich. Informuje o tym Upmp.news powo\u0142uj\u0105c si\u0119 na zbruc.eu. Obro\u0144com znowelizowanej ustawy o IPN wydaje si\u0119, \u017ce jej przeciwnicy nie potrafi\u0105 czyta\u0107 ze zrozumieniem oraz \u017ce wyst\u0119puj\u0105 przeciwko niej w jednym [&hellip;]","og_url":"https:\/\/upmp.news\/pl\/pl-in-polish\/pl-suspilstvo-pl\/kto-sieje-wiatr-ten-zbiera-burze-ola-hnatiuk\/","og_site_name":"U.P.M.P","article_publisher":"https:\/\/www.facebook.com\/upmp.news\/","article_published_time":"2018-02-21T08:54:53+00:00","og_image":[{"width":590,"height":398,"url":"https:\/\/upmp.news\/wp-content\/uploads\/2018\/02\/Olga.jpg","type":"image\/jpeg"}],"author":"vladimyr","twitter_card":"summary_large_image","twitter_creator":"@maininua","twitter_site":"@maininua","twitter_misc":{"Napisane przez":"vladimyr","Szacowany czas czytania":"13 minut"},"schema":{"@context":"https:\/\/schema.org","@graph":[{"@type":"Article","@id":"https:\/\/upmp.news\/pl\/pl-in-polish\/pl-suspilstvo-pl\/kto-sieje-wiatr-ten-zbiera-burze-ola-hnatiuk\/#article","isPartOf":{"@id":"https:\/\/upmp.news\/pl\/pl-in-polish\/pl-suspilstvo-pl\/kto-sieje-wiatr-ten-zbiera-burze-ola-hnatiuk\/"},"author":{"name":"vladimyr","@id":"https:\/\/upmp.news\/#\/schema\/person\/cebd3113030eb01f184505010f519d71"},"headline":"\u201cKto sieje wiatr, ten zbiera burz\u0119\u201d \u2013 Ola Hnatiuk","datePublished":"2018-02-21T08:54:53+00:00","mainEntityOfPage":{"@id":"https:\/\/upmp.news\/pl\/pl-in-polish\/pl-suspilstvo-pl\/kto-sieje-wiatr-ten-zbiera-burze-ola-hnatiuk\/"},"wordCount":2586,"image":{"@id":"https:\/\/upmp.news\/pl\/pl-in-polish\/pl-suspilstvo-pl\/kto-sieje-wiatr-ten-zbiera-burze-ola-hnatiuk\/#primaryimage"},"thumbnailUrl":"https:\/\/upmp.news\/wp-content\/uploads\/2018\/02\/Olga.jpg","keywords":["Ola Hnatiuk"],"articleSection":["Spo\u0142ecze\u0144stwo","W Polsce"],"inLanguage":"pl-PL"},{"@type":"WebPage","@id":"https:\/\/upmp.news\/pl\/pl-in-polish\/pl-suspilstvo-pl\/kto-sieje-wiatr-ten-zbiera-burze-ola-hnatiuk\/","url":"https:\/\/upmp.news\/pl\/pl-in-polish\/pl-suspilstvo-pl\/kto-sieje-wiatr-ten-zbiera-burze-ola-hnatiuk\/","name":"\u201cKto sieje wiatr, ten zbiera burz\u0119\u201d \u2013 Ola Hnatiuk &#8211; U.P.M.P","isPartOf":{"@id":"https:\/\/upmp.news\/#website"},"primaryImageOfPage":{"@id":"https:\/\/upmp.news\/pl\/pl-in-polish\/pl-suspilstvo-pl\/kto-sieje-wiatr-ten-zbiera-burze-ola-hnatiuk\/#primaryimage"},"image":{"@id":"https:\/\/upmp.news\/pl\/pl-in-polish\/pl-suspilstvo-pl\/kto-sieje-wiatr-ten-zbiera-burze-ola-hnatiuk\/#primaryimage"},"thumbnailUrl":"https:\/\/upmp.news\/wp-content\/uploads\/2018\/02\/Olga.jpg","datePublished":"2018-02-21T08:54:53+00:00","author":{"@id":"https:\/\/upmp.news\/#\/schema\/person\/cebd3113030eb01f184505010f519d71"},"breadcrumb":{"@id":"https:\/\/upmp.news\/pl\/pl-in-polish\/pl-suspilstvo-pl\/kto-sieje-wiatr-ten-zbiera-burze-ola-hnatiuk\/#breadcrumb"},"inLanguage":"pl-PL","potentialAction":[{"@type":"ReadAction","target":["https:\/\/upmp.news\/pl\/pl-in-polish\/pl-suspilstvo-pl\/kto-sieje-wiatr-ten-zbiera-burze-ola-hnatiuk\/"]}]},{"@type":"ImageObject","inLanguage":"pl-PL","@id":"https:\/\/upmp.news\/pl\/pl-in-polish\/pl-suspilstvo-pl\/kto-sieje-wiatr-ten-zbiera-burze-ola-hnatiuk\/#primaryimage","url":"https:\/\/upmp.news\/wp-content\/uploads\/2018\/02\/Olga.jpg","contentUrl":"https:\/\/upmp.news\/wp-content\/uploads\/2018\/02\/Olga.jpg","width":590,"height":398},{"@type":"BreadcrumbList","@id":"https:\/\/upmp.news\/pl\/pl-in-polish\/pl-suspilstvo-pl\/kto-sieje-wiatr-ten-zbiera-burze-ola-hnatiuk\/#breadcrumb","itemListElement":[{"@type":"ListItem","position":1,"name":"Home","item":"https:\/\/upmp.news\/"},{"@type":"ListItem","position":2,"name":"\u201cKto sieje wiatr, ten zbiera burz\u0119\u201d \u2013 Ola Hnatiuk"}]},{"@type":"WebSite","@id":"https:\/\/upmp.news\/#website","url":"https:\/\/upmp.news\/","name":"U.P.M.P","description":"\u0423\u043a\u0440\u0430\u0457\u043d\u043e-\u043f\u043e\u043b\u044c\u0441\u044c\u043a\u0430 \u043c\u0435\u0434\u0456\u0430\u043f\u043b\u0430\u0442\u0444\u043e\u0440\u043c\u0430","potentialAction":[{"@type":"SearchAction","target":{"@type":"EntryPoint","urlTemplate":"https:\/\/upmp.news\/?s={search_term_string}"},"query-input":{"@type":"PropertyValueSpecification","valueRequired":true,"valueName":"search_term_string"}}],"inLanguage":"pl-PL"},{"@type":"Person","@id":"https:\/\/upmp.news\/#\/schema\/person\/cebd3113030eb01f184505010f519d71","name":"vladimyr","image":{"@type":"ImageObject","inLanguage":"pl-PL","@id":"https:\/\/upmp.news\/wp-content\/uploads\/2017\/12\/ava.png","url":"https:\/\/upmp.news\/wp-content\/uploads\/2017\/12\/ava.png","contentUrl":"https:\/\/upmp.news\/wp-content\/uploads\/2017\/12\/ava.png","caption":"vladimyr"},"url":"https:\/\/upmp.news\/pl\/author\/vladimyr\/"}]}},"_links":{"self":[{"href":"https:\/\/upmp.news\/pl\/wp-json\/wp\/v2\/posts\/10516","targetHints":{"allow":["GET"]}}],"collection":[{"href":"https:\/\/upmp.news\/pl\/wp-json\/wp\/v2\/posts"}],"about":[{"href":"https:\/\/upmp.news\/pl\/wp-json\/wp\/v2\/types\/post"}],"author":[{"embeddable":true,"href":"https:\/\/upmp.news\/pl\/wp-json\/wp\/v2\/users\/27"}],"replies":[{"embeddable":true,"href":"https:\/\/upmp.news\/pl\/wp-json\/wp\/v2\/comments?post=10516"}],"version-history":[{"count":1,"href":"https:\/\/upmp.news\/pl\/wp-json\/wp\/v2\/posts\/10516\/revisions"}],"predecessor-version":[{"id":10517,"href":"https:\/\/upmp.news\/pl\/wp-json\/wp\/v2\/posts\/10516\/revisions\/10517"}],"wp:featuredmedia":[{"embeddable":true,"href":"https:\/\/upmp.news\/pl\/wp-json\/wp\/v2\/media\/10436"}],"wp:attachment":[{"href":"https:\/\/upmp.news\/pl\/wp-json\/wp\/v2\/media?parent=10516"}],"wp:term":[{"taxonomy":"category","embeddable":true,"href":"https:\/\/upmp.news\/pl\/wp-json\/wp\/v2\/categories?post=10516"},{"taxonomy":"post_tag","embeddable":true,"href":"https:\/\/upmp.news\/pl\/wp-json\/wp\/v2\/tags?post=10516"}],"curies":[{"name":"wp","href":"https:\/\/api.w.org\/{rel}","templated":true}]}}