{"id":10518,"date":"2018-02-21T10:59:55","date_gmt":"2018-02-21T08:59:55","guid":{"rendered":"https:\/\/upmp.news\/?p=10518"},"modified":"2018-02-21T10:59:55","modified_gmt":"2018-02-21T08:59:55","slug":"negocjacje-wicepremierow-glinskiego-i-rozenki-poniosly-fiasko","status":"publish","type":"post","link":"https:\/\/upmp.news\/pl\/pl-in-polish\/pl-politika-pl\/negocjacje-wicepremierow-glinskiego-i-rozenki-poniosly-fiasko\/","title":{"rendered":"Negocjacje wicepremier\u00f3w Gli\u0144skiego i Ro\u017cenki ponios\u0142y fiasko?"},"content":{"rendered":"<h2><span style=\"font-family: times new roman,times,serif; font-size: 24pt;\"><span lang=\"pl-PL\">Andrzej Duda wyrazi\u0142 rozczarowanie wynikami spotkania, oskar\u017caj\u0105c Ukrain\u0119 o powstanie patowej sytuacji. Wo\u0142odymyr Wiatrowycz podkre\u015bla, \u017ce winna temu jest polska ustawa o IPN &#8211; informuje <\/span>Upmp.news<span lang=\"pl-PL\"> <a href=\"http:\/\/www.polradio.pl\/5\/38\/Artykul\/349822\">powo\u0142uj\u0105c si\u0119<\/a> na Polskie Radio.<\/span><\/span><\/h2>\n<p><span lang=\"pl-PL\" style=\"font-family: times new roman,times,serif; font-size: 14pt;\">Wyniki rozm\u00f3w wicepremier\u00f3w Piotra Gli\u0144skiego i Paw\u0142a Rozenki maj\u0105ce na celu z\u0142agodzenie skomplikowanych kwestii w polsko-ukrai\u0144skich relacjach \u2013 przede wszystkim w sprawie pami\u0119ci historycznej \u2013 wywo\u0142a\u0142y niejednoznaczne reakcje zar\u00f3wno po stronie polskiej, jak i ukrai\u0144skiej.<\/span><\/p>\n<p><span style=\"font-family: times new roman,times,serif; font-size: 14pt;\"><span lang=\"pl-PL\">Prezydent Polski Andrzej Duda podczas konferencji prasowej, kt\u00f3ra odby\u0142a si\u0119 w sobot\u0119 po spotkaniu z Prezydent Litwy Dali\u0105 Grybauskait\u0117, o\u015bwiadczy\u0142: \u201eN<\/span>ie b\u0119d\u0119 ukrywa\u0142, \u017ce z du\u017cym smutkiem i rozczarowaniem przyj\u0105\u0142em informacj\u0119 z Warszawy, albowiem by\u0142 to temat, kt\u00f3ry stanowi\u0142 wa\u017cny element moich rozm\u00f3w z panem Prezydentem Poroszenk\u0105 w czasie wizyty w Charkowie. Rozmawiali\u015bmy o tym. P\u00f3\u017aniej odbyli\u015bmy tak\u017ce rozmow\u0119 telefoniczn\u0105 i mia\u0142em nadziej\u0119, \u017ce ten problem uda si\u0119 przezwyci\u0119\u017cy\u0107<span lang=\"pl-PL\">\u201d<\/span> \u2013 <span lang=\"pl-PL\">powiedzia\u0142<\/span>.<\/span><\/p>\n<p><span style=\"font-family: times new roman,times,serif; font-size: 14pt;\"><span lang=\"pl-PL\">Prezydent podkre\u015bli\u0142, \u017ce kwestia zgody na przeprowadzenie ekshumacji jest bardzo wa\u017cna dla Polski: \u201e<\/span>Kwestia ekshumacji, czyli wyja\u015bniania prawdy historycznej, stanowi dla nas element fundamentalny, je\u017celi chodzi o pami\u0119\u0107 historyczn\u0105. I to, \u017ce podczas wczorajszego spotkania, kt\u00f3re mia\u0142o miejsce w Polsce, ten temat w og\u00f3le nie zosta\u0142 podj\u0119ty przez stron\u0119 ukrai\u0144sk\u0105, przyj\u0105\u0142em z du\u017cym rozczarowaniem. Z ca\u0142\u0105 pewno\u015bci\u0105 nie jest to kierunek, jaki wskazywali\u015bmy razem z panem Prezydentem Poroszenk\u0105<span lang=\"pl-PL\">\u201d<\/span> \u2013 <span lang=\"pl-PL\">powiedzia\u0142 Andrzej Duda<\/span>.<\/span><\/p>\n<p><span style=\"font-family: times new roman,times,serif; font-size: 14pt;\">\u201e<span lang=\"pl-PL\">N<\/span>ie ukrywam, \u017ce jestem tym rozczarowany i zasmucony. Ale mam nadziej\u0119, \u017ce w przysz\u0142o\u015bci ten impas uda si\u0119 prze\u0142ama\u0107<span lang=\"pl-PL\">\u201d<\/span> \u2013 <span lang=\"pl-PL\">zaznaczy\u0142<\/span>.<\/span><\/p>\n<p><span lang=\"pl-PL\" style=\"font-family: times new roman,times,serif; font-size: 14pt;\">W sobot\u0119 rano Kancelaria Prezydenta opublikowa\u0142a opini\u0119, wyra\u017caj\u0105c\u0105 \u201eg\u0142\u0119bokie rozczarowanie\u201d wynikiem negocjacji mi\u0119dzy wicepremierami Polski i Ukrainy. O tym Polskie Radio poinformowa\u0142 szef gabinetu prezydenta RP Krzysztof Szczerski.<\/span><\/p>\n<p><span lang=\"pl-PL\" style=\"font-family: times new roman,times,serif; font-size: 14pt;\">Wed\u0142ug jego s\u0142\u00f3w, brak decyzji strony ukrai\u0144skiej w \u201efundamentalnej kwestii\u201d, jak\u0105 jest zniesienie zakazu polskich ekshumacji na terytorium Ukrainy, oznacza powa\u017cny \u201eregres zaufania i nie realizuje mandatu do rozm\u00f3w ustalonego przez prezydent\u00f3w\u201d. A to \u2013 jak opiniuje Kancelaria Prezydenta \u2013\u201eznacz\u0105co obci\u0105\u017ca wzajemne relacje\u201d. <\/span><\/p>\n<p><span style=\"font-family: times new roman,times,serif; font-size: 14pt;\">\u201e<span lang=\"pl-PL\">Liczymy, \u017ce w najbli\u017cszym czasie dojdzie do zniesienia tego zakazu w duchu wype\u0142nienia podj\u0119tych zobowi\u0105za\u0144\u201d<\/span> \u2013 <span lang=\"pl-PL\">zaznaczy\u0142 Krzysztof Szczerski<\/span>.<\/span><\/p>\n<p><span style=\"font-family: times new roman,times,serif; font-size: 14pt;\"><span lang=\"pl-PL\">Dyrektor ukrai\u0144skiego Instytutu Pami\u0119ci Narodowej Wo\u0142odymyr Wiatrowycz z kolei skomentowa\u0142 wypowied\u017a Krzysztofa Szczerskiego w sieci spo\u0142eczno\u015bciowej: \u201eAdministracja Prezydenta Polski jest rozczarowana wynikiem wczorajszego spotkania wicepremier\u00f3w Ukrainy i Polski z powodu braku post\u0119pu w wa\u017cnej dla polskiej strony sprawie. Jednak, t<\/span>o w\u0142a\u015bnie z polskiej strony za ka\u017cdym razem po podj\u0119ciu wst\u0119pnych ustale\u0144 pojawiaj\u0105 si\u0119 inicjatywy, kt\u00f3re wywo\u0142uj\u0105 nowe problemy. Podpisanie przez prezydenta Dud\u0119 zmian w ustawie o IPN ca\u0142kowicie zmieni\u0142o warunki rozm\u00f3w, co do kt\u00f3rych umawiano si\u0119 jeszcze w grudniu<span lang=\"pl-PL\">\u201d.<\/span><\/span><\/p>\n<p><span lang=\"pl-PL\" style=\"font-family: times new roman,times,serif; font-size: 14pt;\">Wypowiadaj\u0105c si\u0119 w tej sprawie podczas briefingu w ramach Monachijskiej Konferencji Bezpiecze\u0144stwa, Prezydent Ukrainy Petro Poroszenko powiedzia\u0142: \u201ePozostaj\u0119 optymist\u0105 i jestem pewny, \u017ce kompromis zostanie osi\u0105gni\u0119ty w najbli\u017cszym czasie\u201d, dodaj\u0105c, \u017ce jego stanowisko w sprawie znowelizowanej ustawy o Instytucie Pami\u0119ci Narodowej pozostaje niezmienne. W sobot\u0119 w Monachium Petro Poroszenko spotka\u0142 si\u0119 po raz pierwszy z Mateuszem Morawieckim. Swoje rozmowy z polskim premierem prezydent Ukrainy okre\u015bli\u0142 jako konstruktywne, zauwa\u017cy\u0142 przy tym, \u017ce rozmowa dotyczy\u0142a m.in. wspomnianej ustawy.<\/span><\/p>\n<div class=\"newspaper-x-tags\"><strong><\/strong><span><a href=\"https:\/\/upmp.news\/pl\/tag\/krzysztof-szczerski\/\" rel=\"tag\">Krzysztof Szczerski<\/a><\/span><a href=\"https:\/\/upmp.news\/pl\/tag\/pawla-rozenki\/\" rel=\"tag\">Paw\u0142a Rozenki<\/a><\/span><a href=\"https:\/\/upmp.news\/pl\/tag\/piotra-glinskiego\/\" rel=\"tag\">Piotra Gli\u0144skiego<\/a><\/span><a href=\"https:\/\/upmp.news\/pl\/tag\/wolodymyr-wiatrowycz\/\" rel=\"tag\">Wo\u0142odymyr Wiatrowycz<\/a> <\/div>\n","protected":false},"excerpt":{"rendered":"<p>Andrzej Duda wyrazi\u0142 rozczarowanie wynikami spotkania, oskar\u017caj\u0105c Ukrain\u0119 o powstanie patowej sytuacji. Wo\u0142odymyr Wiatrowycz podkre\u015bla, \u017ce winna temu jest polska ustawa o IPN &#8211; informuje Upmp.news powo\u0142uj\u0105c si\u0119 na Polskie Radio. Wyniki rozm\u00f3w wicepremier\u00f3w Piotra Gli\u0144skiego i Paw\u0142a Rozenki maj\u0105ce na celu z\u0142agodzenie skomplikowanych kwestii w polsko-ukrai\u0144skich relacjach \u2013 przede wszystkim w sprawie pami\u0119ci historycznej [&hellip;]<\/p>\n","protected":false},"author":27,"featured_media":10460,"comment_status":"closed","ping_status":"open","sticky":false,"template":"","format":"standard","meta":{"_exactmetrics_skip_tracking":false,"_exactmetrics_sitenote_active":false,"_exactmetrics_sitenote_note":"","_exactmetrics_sitenote_category":0,"footnotes":""},"categories":[2067,2078],"tags":[3204,3207,3206,3205],"class_list":["post-10518","post","type-post","status-publish","format-standard","has-post-thumbnail","hentry","category-pl-politika-pl","category-pl-in-polish","tag-krzysztof-szczerski","tag-pawla-rozenki","tag-piotra-glinskiego","tag-wolodymyr-wiatrowycz"],"yoast_head":"<!-- This site is optimized with the Yoast SEO plugin v27.3 - https:\/\/yoast.com\/product\/yoast-seo-wordpress\/ -->\n<title>Negocjacje wicepremier\u00f3w Gli\u0144skiego i Ro\u017cenki ponios\u0142y fiasko? &#8211; U.P.M.P<\/title>\n<meta name=\"robots\" content=\"index, follow, max-snippet:-1, max-image-preview:large, max-video-preview:-1\" \/>\n<link rel=\"canonical\" href=\"https:\/\/upmp.news\/pl\/pl-in-polish\/pl-politika-pl\/negocjacje-wicepremierow-glinskiego-i-rozenki-poniosly-fiasko\/\" \/>\n<meta property=\"og:locale\" content=\"pl_PL\" \/>\n<meta property=\"og:type\" content=\"article\" \/>\n<meta property=\"og:title\" content=\"Negocjacje wicepremier\u00f3w Gli\u0144skiego i Ro\u017cenki ponios\u0142y fiasko? &#8211; U.P.M.P\" \/>\n<meta property=\"og:description\" content=\"Andrzej Duda wyrazi\u0142 rozczarowanie wynikami spotkania, oskar\u017caj\u0105c Ukrain\u0119 o powstanie patowej sytuacji. Wo\u0142odymyr Wiatrowycz podkre\u015bla, \u017ce winna temu jest polska ustawa o IPN &#8211; informuje Upmp.news powo\u0142uj\u0105c si\u0119 na Polskie Radio. Wyniki rozm\u00f3w wicepremier\u00f3w Piotra Gli\u0144skiego i Paw\u0142a Rozenki maj\u0105ce na celu z\u0142agodzenie skomplikowanych kwestii w polsko-ukrai\u0144skich relacjach \u2013 przede wszystkim w sprawie pami\u0119ci historycznej [&hellip;]\" \/>\n<meta property=\"og:url\" content=\"https:\/\/upmp.news\/pl\/pl-in-polish\/pl-politika-pl\/negocjacje-wicepremierow-glinskiego-i-rozenki-poniosly-fiasko\/\" \/>\n<meta property=\"og:site_name\" content=\"U.P.M.P\" \/>\n<meta property=\"article:publisher\" content=\"https:\/\/www.facebook.com\/upmp.news\/\" \/>\n<meta property=\"article:published_time\" content=\"2018-02-21T08:59:55+00:00\" \/>\n<meta property=\"og:image\" content=\"https:\/\/upmp.news\/wp-content\/uploads\/2018\/02\/2-2.jpeg\" \/>\n\t<meta property=\"og:image:width\" content=\"650\" \/>\n\t<meta property=\"og:image:height\" content=\"433\" \/>\n\t<meta property=\"og:image:type\" content=\"image\/jpeg\" \/>\n<meta name=\"author\" content=\"vladimyr\" \/>\n<meta name=\"twitter:card\" content=\"summary_large_image\" \/>\n<meta name=\"twitter:creator\" content=\"@maininua\" \/>\n<meta name=\"twitter:site\" content=\"@maininua\" \/>\n<meta name=\"twitter:label1\" content=\"Napisane przez\" \/>\n\t<meta name=\"twitter:data1\" content=\"vladimyr\" \/>\n\t<meta name=\"twitter:label2\" content=\"Szacowany czas czytania\" \/>\n\t<meta name=\"twitter:data2\" content=\"3 minuty\" \/>\n<script type=\"application\/ld+json\" class=\"yoast-schema-graph\">{\"@context\":\"https:\\\/\\\/schema.org\",\"@graph\":[{\"@type\":\"Article\",\"@id\":\"https:\\\/\\\/upmp.news\\\/pl\\\/pl-in-polish\\\/pl-politika-pl\\\/negocjacje-wicepremierow-glinskiego-i-rozenki-poniosly-fiasko\\\/#article\",\"isPartOf\":{\"@id\":\"https:\\\/\\\/upmp.news\\\/pl\\\/pl-in-polish\\\/pl-politika-pl\\\/negocjacje-wicepremierow-glinskiego-i-rozenki-poniosly-fiasko\\\/\"},\"author\":{\"name\":\"vladimyr\",\"@id\":\"https:\\\/\\\/upmp.news\\\/#\\\/schema\\\/person\\\/cebd3113030eb01f184505010f519d71\"},\"headline\":\"Negocjacje wicepremier\u00f3w Gli\u0144skiego i Ro\u017cenki ponios\u0142y fiasko?\",\"datePublished\":\"2018-02-21T08:59:55+00:00\",\"mainEntityOfPage\":{\"@id\":\"https:\\\/\\\/upmp.news\\\/pl\\\/pl-in-polish\\\/pl-politika-pl\\\/negocjacje-wicepremierow-glinskiego-i-rozenki-poniosly-fiasko\\\/\"},\"wordCount\":576,\"image\":{\"@id\":\"https:\\\/\\\/upmp.news\\\/pl\\\/pl-in-polish\\\/pl-politika-pl\\\/negocjacje-wicepremierow-glinskiego-i-rozenki-poniosly-fiasko\\\/#primaryimage\"},\"thumbnailUrl\":\"https:\\\/\\\/upmp.news\\\/wp-content\\\/uploads\\\/2018\\\/02\\\/2-2.jpeg\",\"keywords\":[\"Krzysztof Szczerski\",\"Paw\u0142a Rozenki\",\"Piotra Gli\u0144skiego\",\"Wo\u0142odymyr Wiatrowycz\"],\"articleSection\":[\"Polityka\",\"W Polsce\"],\"inLanguage\":\"pl-PL\"},{\"@type\":\"WebPage\",\"@id\":\"https:\\\/\\\/upmp.news\\\/pl\\\/pl-in-polish\\\/pl-politika-pl\\\/negocjacje-wicepremierow-glinskiego-i-rozenki-poniosly-fiasko\\\/\",\"url\":\"https:\\\/\\\/upmp.news\\\/pl\\\/pl-in-polish\\\/pl-politika-pl\\\/negocjacje-wicepremierow-glinskiego-i-rozenki-poniosly-fiasko\\\/\",\"name\":\"Negocjacje wicepremier\u00f3w Gli\u0144skiego i Ro\u017cenki ponios\u0142y fiasko? &#8211; U.P.M.P\",\"isPartOf\":{\"@id\":\"https:\\\/\\\/upmp.news\\\/#website\"},\"primaryImageOfPage\":{\"@id\":\"https:\\\/\\\/upmp.news\\\/pl\\\/pl-in-polish\\\/pl-politika-pl\\\/negocjacje-wicepremierow-glinskiego-i-rozenki-poniosly-fiasko\\\/#primaryimage\"},\"image\":{\"@id\":\"https:\\\/\\\/upmp.news\\\/pl\\\/pl-in-polish\\\/pl-politika-pl\\\/negocjacje-wicepremierow-glinskiego-i-rozenki-poniosly-fiasko\\\/#primaryimage\"},\"thumbnailUrl\":\"https:\\\/\\\/upmp.news\\\/wp-content\\\/uploads\\\/2018\\\/02\\\/2-2.jpeg\",\"datePublished\":\"2018-02-21T08:59:55+00:00\",\"author\":{\"@id\":\"https:\\\/\\\/upmp.news\\\/#\\\/schema\\\/person\\\/cebd3113030eb01f184505010f519d71\"},\"breadcrumb\":{\"@id\":\"https:\\\/\\\/upmp.news\\\/pl\\\/pl-in-polish\\\/pl-politika-pl\\\/negocjacje-wicepremierow-glinskiego-i-rozenki-poniosly-fiasko\\\/#breadcrumb\"},\"inLanguage\":\"pl-PL\",\"potentialAction\":[{\"@type\":\"ReadAction\",\"target\":[\"https:\\\/\\\/upmp.news\\\/pl\\\/pl-in-polish\\\/pl-politika-pl\\\/negocjacje-wicepremierow-glinskiego-i-rozenki-poniosly-fiasko\\\/\"]}]},{\"@type\":\"ImageObject\",\"inLanguage\":\"pl-PL\",\"@id\":\"https:\\\/\\\/upmp.news\\\/pl\\\/pl-in-polish\\\/pl-politika-pl\\\/negocjacje-wicepremierow-glinskiego-i-rozenki-poniosly-fiasko\\\/#primaryimage\",\"url\":\"https:\\\/\\\/upmp.news\\\/wp-content\\\/uploads\\\/2018\\\/02\\\/2-2.jpeg\",\"contentUrl\":\"https:\\\/\\\/upmp.news\\\/wp-content\\\/uploads\\\/2018\\\/02\\\/2-2.jpeg\",\"width\":650,\"height\":433},{\"@type\":\"BreadcrumbList\",\"@id\":\"https:\\\/\\\/upmp.news\\\/pl\\\/pl-in-polish\\\/pl-politika-pl\\\/negocjacje-wicepremierow-glinskiego-i-rozenki-poniosly-fiasko\\\/#breadcrumb\",\"itemListElement\":[{\"@type\":\"ListItem\",\"position\":1,\"name\":\"Home\",\"item\":\"https:\\\/\\\/upmp.news\\\/\"},{\"@type\":\"ListItem\",\"position\":2,\"name\":\"Negocjacje wicepremier\u00f3w Gli\u0144skiego i Ro\u017cenki ponios\u0142y fiasko?\"}]},{\"@type\":\"WebSite\",\"@id\":\"https:\\\/\\\/upmp.news\\\/#website\",\"url\":\"https:\\\/\\\/upmp.news\\\/\",\"name\":\"U.P.M.P\",\"description\":\"\u0423\u043a\u0440\u0430\u0457\u043d\u043e-\u043f\u043e\u043b\u044c\u0441\u044c\u043a\u0430 \u043c\u0435\u0434\u0456\u0430\u043f\u043b\u0430\u0442\u0444\u043e\u0440\u043c\u0430\",\"potentialAction\":[{\"@type\":\"SearchAction\",\"target\":{\"@type\":\"EntryPoint\",\"urlTemplate\":\"https:\\\/\\\/upmp.news\\\/?s={search_term_string}\"},\"query-input\":{\"@type\":\"PropertyValueSpecification\",\"valueRequired\":true,\"valueName\":\"search_term_string\"}}],\"inLanguage\":\"pl-PL\"},{\"@type\":\"Person\",\"@id\":\"https:\\\/\\\/upmp.news\\\/#\\\/schema\\\/person\\\/cebd3113030eb01f184505010f519d71\",\"name\":\"vladimyr\",\"image\":{\"@type\":\"ImageObject\",\"inLanguage\":\"pl-PL\",\"@id\":\"https:\\\/\\\/upmp.news\\\/wp-content\\\/uploads\\\/2017\\\/12\\\/ava.png\",\"url\":\"https:\\\/\\\/upmp.news\\\/wp-content\\\/uploads\\\/2017\\\/12\\\/ava.png\",\"contentUrl\":\"https:\\\/\\\/upmp.news\\\/wp-content\\\/uploads\\\/2017\\\/12\\\/ava.png\",\"caption\":\"vladimyr\"},\"url\":\"https:\\\/\\\/upmp.news\\\/pl\\\/author\\\/vladimyr\\\/\"}]}<\/script>\n<!-- \/ Yoast SEO plugin. -->","yoast_head_json":{"title":"Negocjacje wicepremier\u00f3w Gli\u0144skiego i Ro\u017cenki ponios\u0142y fiasko? &#8211; U.P.M.P","robots":{"index":"index","follow":"follow","max-snippet":"max-snippet:-1","max-image-preview":"max-image-preview:large","max-video-preview":"max-video-preview:-1"},"canonical":"https:\/\/upmp.news\/pl\/pl-in-polish\/pl-politika-pl\/negocjacje-wicepremierow-glinskiego-i-rozenki-poniosly-fiasko\/","og_locale":"pl_PL","og_type":"article","og_title":"Negocjacje wicepremier\u00f3w Gli\u0144skiego i Ro\u017cenki ponios\u0142y fiasko? &#8211; U.P.M.P","og_description":"Andrzej Duda wyrazi\u0142 rozczarowanie wynikami spotkania, oskar\u017caj\u0105c Ukrain\u0119 o powstanie patowej sytuacji. Wo\u0142odymyr Wiatrowycz podkre\u015bla, \u017ce winna temu jest polska ustawa o IPN &#8211; informuje Upmp.news powo\u0142uj\u0105c si\u0119 na Polskie Radio. Wyniki rozm\u00f3w wicepremier\u00f3w Piotra Gli\u0144skiego i Paw\u0142a Rozenki maj\u0105ce na celu z\u0142agodzenie skomplikowanych kwestii w polsko-ukrai\u0144skich relacjach \u2013 przede wszystkim w sprawie pami\u0119ci historycznej [&hellip;]","og_url":"https:\/\/upmp.news\/pl\/pl-in-polish\/pl-politika-pl\/negocjacje-wicepremierow-glinskiego-i-rozenki-poniosly-fiasko\/","og_site_name":"U.P.M.P","article_publisher":"https:\/\/www.facebook.com\/upmp.news\/","article_published_time":"2018-02-21T08:59:55+00:00","og_image":[{"width":650,"height":433,"url":"https:\/\/upmp.news\/wp-content\/uploads\/2018\/02\/2-2.jpeg","type":"image\/jpeg"}],"author":"vladimyr","twitter_card":"summary_large_image","twitter_creator":"@maininua","twitter_site":"@maininua","twitter_misc":{"Napisane przez":"vladimyr","Szacowany czas czytania":"3 minuty"},"schema":{"@context":"https:\/\/schema.org","@graph":[{"@type":"Article","@id":"https:\/\/upmp.news\/pl\/pl-in-polish\/pl-politika-pl\/negocjacje-wicepremierow-glinskiego-i-rozenki-poniosly-fiasko\/#article","isPartOf":{"@id":"https:\/\/upmp.news\/pl\/pl-in-polish\/pl-politika-pl\/negocjacje-wicepremierow-glinskiego-i-rozenki-poniosly-fiasko\/"},"author":{"name":"vladimyr","@id":"https:\/\/upmp.news\/#\/schema\/person\/cebd3113030eb01f184505010f519d71"},"headline":"Negocjacje wicepremier\u00f3w Gli\u0144skiego i Ro\u017cenki ponios\u0142y fiasko?","datePublished":"2018-02-21T08:59:55+00:00","mainEntityOfPage":{"@id":"https:\/\/upmp.news\/pl\/pl-in-polish\/pl-politika-pl\/negocjacje-wicepremierow-glinskiego-i-rozenki-poniosly-fiasko\/"},"wordCount":576,"image":{"@id":"https:\/\/upmp.news\/pl\/pl-in-polish\/pl-politika-pl\/negocjacje-wicepremierow-glinskiego-i-rozenki-poniosly-fiasko\/#primaryimage"},"thumbnailUrl":"https:\/\/upmp.news\/wp-content\/uploads\/2018\/02\/2-2.jpeg","keywords":["Krzysztof Szczerski","Paw\u0142a Rozenki","Piotra Gli\u0144skiego","Wo\u0142odymyr Wiatrowycz"],"articleSection":["Polityka","W Polsce"],"inLanguage":"pl-PL"},{"@type":"WebPage","@id":"https:\/\/upmp.news\/pl\/pl-in-polish\/pl-politika-pl\/negocjacje-wicepremierow-glinskiego-i-rozenki-poniosly-fiasko\/","url":"https:\/\/upmp.news\/pl\/pl-in-polish\/pl-politika-pl\/negocjacje-wicepremierow-glinskiego-i-rozenki-poniosly-fiasko\/","name":"Negocjacje wicepremier\u00f3w Gli\u0144skiego i Ro\u017cenki ponios\u0142y fiasko? &#8211; U.P.M.P","isPartOf":{"@id":"https:\/\/upmp.news\/#website"},"primaryImageOfPage":{"@id":"https:\/\/upmp.news\/pl\/pl-in-polish\/pl-politika-pl\/negocjacje-wicepremierow-glinskiego-i-rozenki-poniosly-fiasko\/#primaryimage"},"image":{"@id":"https:\/\/upmp.news\/pl\/pl-in-polish\/pl-politika-pl\/negocjacje-wicepremierow-glinskiego-i-rozenki-poniosly-fiasko\/#primaryimage"},"thumbnailUrl":"https:\/\/upmp.news\/wp-content\/uploads\/2018\/02\/2-2.jpeg","datePublished":"2018-02-21T08:59:55+00:00","author":{"@id":"https:\/\/upmp.news\/#\/schema\/person\/cebd3113030eb01f184505010f519d71"},"breadcrumb":{"@id":"https:\/\/upmp.news\/pl\/pl-in-polish\/pl-politika-pl\/negocjacje-wicepremierow-glinskiego-i-rozenki-poniosly-fiasko\/#breadcrumb"},"inLanguage":"pl-PL","potentialAction":[{"@type":"ReadAction","target":["https:\/\/upmp.news\/pl\/pl-in-polish\/pl-politika-pl\/negocjacje-wicepremierow-glinskiego-i-rozenki-poniosly-fiasko\/"]}]},{"@type":"ImageObject","inLanguage":"pl-PL","@id":"https:\/\/upmp.news\/pl\/pl-in-polish\/pl-politika-pl\/negocjacje-wicepremierow-glinskiego-i-rozenki-poniosly-fiasko\/#primaryimage","url":"https:\/\/upmp.news\/wp-content\/uploads\/2018\/02\/2-2.jpeg","contentUrl":"https:\/\/upmp.news\/wp-content\/uploads\/2018\/02\/2-2.jpeg","width":650,"height":433},{"@type":"BreadcrumbList","@id":"https:\/\/upmp.news\/pl\/pl-in-polish\/pl-politika-pl\/negocjacje-wicepremierow-glinskiego-i-rozenki-poniosly-fiasko\/#breadcrumb","itemListElement":[{"@type":"ListItem","position":1,"name":"Home","item":"https:\/\/upmp.news\/"},{"@type":"ListItem","position":2,"name":"Negocjacje wicepremier\u00f3w Gli\u0144skiego i Ro\u017cenki ponios\u0142y fiasko?"}]},{"@type":"WebSite","@id":"https:\/\/upmp.news\/#website","url":"https:\/\/upmp.news\/","name":"U.P.M.P","description":"\u0423\u043a\u0440\u0430\u0457\u043d\u043e-\u043f\u043e\u043b\u044c\u0441\u044c\u043a\u0430 \u043c\u0435\u0434\u0456\u0430\u043f\u043b\u0430\u0442\u0444\u043e\u0440\u043c\u0430","potentialAction":[{"@type":"SearchAction","target":{"@type":"EntryPoint","urlTemplate":"https:\/\/upmp.news\/?s={search_term_string}"},"query-input":{"@type":"PropertyValueSpecification","valueRequired":true,"valueName":"search_term_string"}}],"inLanguage":"pl-PL"},{"@type":"Person","@id":"https:\/\/upmp.news\/#\/schema\/person\/cebd3113030eb01f184505010f519d71","name":"vladimyr","image":{"@type":"ImageObject","inLanguage":"pl-PL","@id":"https:\/\/upmp.news\/wp-content\/uploads\/2017\/12\/ava.png","url":"https:\/\/upmp.news\/wp-content\/uploads\/2017\/12\/ava.png","contentUrl":"https:\/\/upmp.news\/wp-content\/uploads\/2017\/12\/ava.png","caption":"vladimyr"},"url":"https:\/\/upmp.news\/pl\/author\/vladimyr\/"}]}},"_links":{"self":[{"href":"https:\/\/upmp.news\/pl\/wp-json\/wp\/v2\/posts\/10518","targetHints":{"allow":["GET"]}}],"collection":[{"href":"https:\/\/upmp.news\/pl\/wp-json\/wp\/v2\/posts"}],"about":[{"href":"https:\/\/upmp.news\/pl\/wp-json\/wp\/v2\/types\/post"}],"author":[{"embeddable":true,"href":"https:\/\/upmp.news\/pl\/wp-json\/wp\/v2\/users\/27"}],"replies":[{"embeddable":true,"href":"https:\/\/upmp.news\/pl\/wp-json\/wp\/v2\/comments?post=10518"}],"version-history":[{"count":1,"href":"https:\/\/upmp.news\/pl\/wp-json\/wp\/v2\/posts\/10518\/revisions"}],"predecessor-version":[{"id":10519,"href":"https:\/\/upmp.news\/pl\/wp-json\/wp\/v2\/posts\/10518\/revisions\/10519"}],"wp:featuredmedia":[{"embeddable":true,"href":"https:\/\/upmp.news\/pl\/wp-json\/wp\/v2\/media\/10460"}],"wp:attachment":[{"href":"https:\/\/upmp.news\/pl\/wp-json\/wp\/v2\/media?parent=10518"}],"wp:term":[{"taxonomy":"category","embeddable":true,"href":"https:\/\/upmp.news\/pl\/wp-json\/wp\/v2\/categories?post=10518"},{"taxonomy":"post_tag","embeddable":true,"href":"https:\/\/upmp.news\/pl\/wp-json\/wp\/v2\/tags?post=10518"}],"curies":[{"name":"wp","href":"https:\/\/api.w.org\/{rel}","templated":true}]}}