{"id":117793,"date":"2022-08-15T20:24:08","date_gmt":"2022-08-15T18:24:08","guid":{"rendered":"https:\/\/upmp.news\/?p=117793"},"modified":"2022-08-15T23:30:28","modified_gmt":"2022-08-15T21:30:28","slug":"15-lat-jestesmy-razem","status":"publish","type":"post","link":"https:\/\/upmp.news\/pl\/pl-in-ukraine\/15-lat-jestesmy-razem\/","title":{"rendered":"15 lat jeste\u015bmy razem"},"content":{"rendered":"\n<p><strong>Nasza gazeta ma ju\u017c 15-letni\u0105 histori\u0119. Dok\u0142adnie 15 sierpnia 2007 roku ukaza\u0142 si\u0119 pierwszy numer \u201eKuriera Galicyjskiego\u201d. Dzisiaj na ten egzemplarz archiwalny oprawiony w ramk\u0119 patrzymy ze wzruszeniem. <strong>Informuje o tym Upmp.news <a href=\"https:\/\/kuriergalicyjski.com\/15-lat-jestesmy-razem\/?fbclid=IwAR0J3fhgNwAqIcGvjGwUsmQp6pwXgnMv1btkgqNeXyWuAMODS1NJU_yp9ME\">powo\u0142uj\u0105c<\/a> si\u0119 na<\/strong><\/strong> <strong>Kurier Galicyjski<\/strong>.<\/p>\n\n\n\n<p>Podstawowe cele gazety, zadeklarowane przez za\u0142o\u017cyciela i pierwszego redaktora naczelnego \u201eKuriera Galicyjskiego\u201d pozosta\u0142y niezmienne. To on, Miros\u0142aw Rowicki, w pierwszym numerze gazety umie\u015bci\u0142 deklaracj\u0119, kt\u00f3rej wytyczne s\u0105 ci\u0105gle na czasie ikt\u00f3rych chcemy przestrzega\u0107. A g\u0142osz\u0105 one m.in., \u017ce \u201ejeste\u015bmy otwarci na wsp\u00f3\u0142prac\u0119 ze wszystkimi \u015brodowiskami, organizacjami i innymi zrzeszeniami polskimi i nie tylko polskimi, cho\u0107 te pierwsze maj\u0105 dla nas, ze zrozumia\u0142ych wzgl\u0119d\u00f3w, znaczenie pierwszoplanowe. Chcemy przy tym wsp\u00f3\u0142pracowa\u0107 ze wszystkimi, kt\u00f3rym drogie jest s\u0142owo polskie i polska kultura. Szanujemy i chcemy przedstawia\u0107 na \u0142amach naszego pisma kultur\u0119, dokonania narod\u00f3w i \u015brodowisk, \u017cyj\u0105cych razem z nami na tej ziemi. Czerpiemy ducha z tej jagiello\u0144skiej mozaiki, tak jak czynili to nasi przodkowie w dawnej Rzeczpospolitej. Dlatego te\u017c b\u0119dziemy wspiera\u0107 oparte na prawdzie porozumienie pomi\u0119dzy narodem polskim i ukrai\u0144skim. Uwa\u017camy, \u017ce jest ono racj\u0105 stanu Polski i Ukrainy. Tak, jak racj\u0105 stanu jest wsp\u00f3lna europejska droga. \u0141amy naszego pisma s\u0105 otwarte dla wszystkich\u201d.<\/p>\n\n\n\n<p>Naszymi pracownikami i wsp\u00f3\u0142pracownikami s\u0105 nie tylko Polacy, s\u0105 to r\u00f3wnie\u017c osoby innych narodowo\u015bci. Wi\u0119kszo\u015b\u0107 z nas pisze po polsku, niekt\u00f3re teksty s\u0105 t\u0142umaczone. Liczba naszych dziennikarzy ci\u0105gle si\u0119 powi\u0119ksza, tak jak powi\u0119ksza si\u0119 ilo\u015b\u0107 stron w gazecie oraz zakres dzia\u0142a\u0144 grupy medialnej \u201eKuriera Galicyjskiego\u201d.<\/p>\n\n\n\n<p>Obecnie to ju\u017c nie tylko \u201epapierowa\u201d gazeta. To r\u00f3wnie\u017c portal, pe\u0142ni\u0105cy rol\u0119 internetowej gazety codziennej. To tak\u017ce dynamicznie rozwijaj\u0105ca si\u0119 telewizja internetowa \u201eTV Kurier Galicyjski\u201d i \u201eRadio Kurier Galicyjski\u201d, kt\u00f3re mo\u017cna ogl\u0105da\u0107 i s\u0142ucha\u0107 za po\u015brednictwem YouTube, studio filmu dokumentalnego, magazyn \u201eStudio Lw\u00f3w\u201d w TVP Polonia oraz miesi\u0119cznik dla dzieci \u201eKto ty jeste\u015b\u201d.<\/p>\n\n\n\n<p>Ale to gazeta \u015bwi\u0119tuje swoje 15. urodziny. Z tej racji wi\u0119cej miejsca i czasu zarezerwujmy dla niej. Pierwszy numer \u201eKuriera Galicyjskiego\u201d zawiera\u0142 24 strony, dzisiaj \u2013 32. Zwi\u0119kszy\u0142a si\u0119 liczba pracownik\u00f3w i wsp\u00f3\u0142pracownik\u00f3w. Niestety z powodu wojny i wyjazdu naszych czytelnik\u00f3w za granic\u0119 musieli\u015bmy zmniejszy\u0107 nak\u0142ad druku gazety. Nasza redakcja natomiast prawie w komplecie pozosta\u0142a we Lwowie. Pomimo stresu zwi\u0105zanego ze stanem zagro\u017cenia, staramy si\u0119 pe\u0142ni\u0107 dotychczasowe obowi\u0105zki.<\/p>\n\n\n\n<p>Na \u0142amach naszego pisma ukazujemy wydarzenia bie\u017c\u0105ce zar\u00f3wno polityczne, jak i kulturalne, wywiady, wspomnienia i sporo historii. Wsp\u00f3\u0142pracujemy z Konsulatem Generalnym RP we Lwowie, uczestniczymy w wydarzeniach, kt\u00f3re on organizuje, o kt\u00f3rych nast\u0119pnie informujemy szerokie grono naszych czytelnik\u00f3w.<\/p>\n\n\n\n<p>Na stronach naszej gazety stale jest obecna rubryka \u201eZ pami\u0119tnika przewodnika\u201d, \u201eLegendy starego Stanis\u0142awowa\u201d, umieszczamy przegl\u0105d przedwojennej prasy polskiej, sporadycznie s\u0105 r\u00f3wnie\u017c ukazywane wydarzenia sportowe z udzia\u0142em Pogoni Lw\u00f3w. Publikujemy na naszych \u0142amach r\u00f3wnie\u017c wiersze poet\u00f3w z Polski, jak Mariusza Olbromskiego oraz wiersze poetek lwowskich Stanis\u0142awy Nowosad i Alicji Romaniuk.<\/p>\n\n\n\n<p>Od 2016 roku nie ma w\u015br\u00f3d nas Szymona Kazimierskiego, jednego z filar\u00f3w naszej gazety od chwili jej powstania. 9 lipca 2020 roku dotkn\u0119\u0142a nas wielka strata. Po d\u0142ugiej i ci\u0119\u017ckiej chorobie zmar\u0142 Miros\u0142aw Rowicki. W jego osobie stracili\u015bmy nie tylko szefa, redaktora naczelnego, ale przede wszystkim dobrego, \u017cyczliwego cz\u0142owieka i przyjaciela.<\/p>\n\n\n\n<p>Tomasz Lachowski, wyk\u0142adowca z Uniwersytetu \u0141\u00f3dzkiego oraz redaktor naczelny periodyku \u201eObserwator Mi\u0119dzynarodowy\u201d, jest przekonany, \u017ce \u201eKurier Galicyjski\u201d w ci\u0105gu kilkunastu lat sta\u0142 si\u0119 wa\u017cnym \u017ar\u00f3d\u0142em wiedzy eksperckiej o Ukrainie.<\/p>\n\n\n\n<p>Nie wystarczy\u0142aby jednak sama pasja, talent dziennikarski i wytrwa\u0142o\u015b\u0107 pracownik\u00f3w naszego medium, gdyby nie zaufa\u0142y nam osoby, od kt\u00f3rych zale\u017ca\u0142o finansowe wsparcie naszego pisma. Od 2014 roku nasz\u0105 dzia\u0142alno\u015b\u0107 wspiera Fundacja Wolno\u015b\u0107 i Demokracja, kt\u00f3ra jest niezale\u017cn\u0105, niepartyjn\u0105 organizacj\u0105 pozarz\u0105dow\u0105. Wraz z naszymi sponsorami, ale te\u017c dzi\u0119ki nim, mo\u017cemy \u015bwi\u0119towa\u0107 jubileusz 15-lecia \u201eKuriera Galicyjskiego\u201d.<\/p>\n\n\n\n<p><strong>Maria Basza<\/strong><\/p>\n<div class=\"newspaper-x-tags\"><strong><\/strong><span><a href=\"https:\/\/upmp.news\/tag\/historie\/\" rel=\"tag\">histori\u0119<\/a><\/span><a href=\"https:\/\/upmp.news\/pl\/tag\/historie-2\/\" rel=\"tag\">histori\u0119<\/a><\/span><a href=\"https:\/\/upmp.news\/pl\/tag\/kurier-galicyjski-2\/\" rel=\"tag\">Kurier Galicyjski<\/a><\/span><a href=\"https:\/\/upmp.news\/tag\/kurier-galicyjski\/\" rel=\"tag\">Kurier Galicyjski<\/a> <\/div>","protected":false},"excerpt":{"rendered":"<p>Nasza gazeta ma ju\u017c 15-letni\u0105 histori\u0119. Dok\u0142adnie 15 sierpnia 2007 roku ukaza\u0142 si\u0119 pierwszy numer \u201eKuriera Galicyjskiego\u201d. Dzisiaj na ten egzemplarz archiwalny oprawiony w ramk\u0119 patrzymy ze wzruszeniem. Informuje o tym Upmp.news powo\u0142uj\u0105c si\u0119 na Kurier Galicyjski. Podstawowe cele gazety, zadeklarowane przez za\u0142o\u017cyciela i pierwszego redaktora naczelnego \u201eKuriera Galicyjskiego\u201d pozosta\u0142y niezmienne. To on, Miros\u0142aw Rowicki, [&hellip;]<\/p>\n","protected":false},"author":27,"featured_media":117794,"comment_status":"closed","ping_status":"open","sticky":false,"template":"","format":"standard","meta":{"_exactmetrics_skip_tracking":false,"_exactmetrics_sitenote_active":false,"_exactmetrics_sitenote_note":"","_exactmetrics_sitenote_category":0,"footnotes":""},"categories":[2077,2177],"tags":[19875,19879,19880,19874],"class_list":["post-117793","post","type-post","status-publish","format-standard","has-post-thumbnail","hentry","category-pl-in-ukraine","category-pl-politika-ua","tag-historie","tag-historie-2","tag-kurier-galicyjski-2","tag-kurier-galicyjski"],"yoast_head":"<!-- This site is optimized with the Yoast SEO plugin v27.3 - https:\/\/yoast.com\/product\/yoast-seo-wordpress\/ -->\n<title>15 lat jeste\u015bmy razem &#8211; U.P.M.P<\/title>\n<meta name=\"robots\" content=\"index, follow, max-snippet:-1, max-image-preview:large, max-video-preview:-1\" \/>\n<link rel=\"canonical\" href=\"https:\/\/upmp.news\/pl\/pl-in-ukraine\/15-lat-jestesmy-razem\/\" \/>\n<meta property=\"og:locale\" content=\"pl_PL\" \/>\n<meta property=\"og:type\" content=\"article\" \/>\n<meta property=\"og:title\" content=\"15 lat jeste\u015bmy razem &#8211; U.P.M.P\" \/>\n<meta property=\"og:description\" content=\"Nasza gazeta ma ju\u017c 15-letni\u0105 histori\u0119. Dok\u0142adnie 15 sierpnia 2007 roku ukaza\u0142 si\u0119 pierwszy numer \u201eKuriera Galicyjskiego\u201d. Dzisiaj na ten egzemplarz archiwalny oprawiony w ramk\u0119 patrzymy ze wzruszeniem. Informuje o tym Upmp.news powo\u0142uj\u0105c si\u0119 na Kurier Galicyjski. Podstawowe cele gazety, zadeklarowane przez za\u0142o\u017cyciela i pierwszego redaktora naczelnego \u201eKuriera Galicyjskiego\u201d pozosta\u0142y niezmienne. To on, Miros\u0142aw Rowicki, [&hellip;]\" \/>\n<meta property=\"og:url\" content=\"https:\/\/upmp.news\/pl\/pl-in-ukraine\/15-lat-jestesmy-razem\/\" \/>\n<meta property=\"og:site_name\" content=\"U.P.M.P\" \/>\n<meta property=\"article:publisher\" content=\"https:\/\/www.facebook.com\/upmp.news\/\" \/>\n<meta property=\"article:published_time\" content=\"2022-08-15T18:24:08+00:00\" \/>\n<meta property=\"article:modified_time\" content=\"2022-08-15T21:30:28+00:00\" \/>\n<meta property=\"og:image\" content=\"https:\/\/upmp.news\/wp-content\/uploads\/2022\/08\/45-2.jpg\" \/>\n\t<meta property=\"og:image:width\" content=\"620\" \/>\n\t<meta property=\"og:image:height\" content=\"400\" \/>\n\t<meta property=\"og:image:type\" content=\"image\/jpeg\" \/>\n<meta name=\"author\" content=\"vladimyr\" \/>\n<meta name=\"twitter:card\" content=\"summary_large_image\" \/>\n<meta name=\"twitter:creator\" content=\"@maininua\" \/>\n<meta name=\"twitter:site\" content=\"@maininua\" \/>\n<meta name=\"twitter:label1\" content=\"Napisane przez\" \/>\n\t<meta name=\"twitter:data1\" content=\"vladimyr\" \/>\n\t<meta name=\"twitter:label2\" content=\"Szacowany czas czytania\" \/>\n\t<meta name=\"twitter:data2\" content=\"4 minuty\" \/>\n<script type=\"application\/ld+json\" class=\"yoast-schema-graph\">{\"@context\":\"https:\\\/\\\/schema.org\",\"@graph\":[{\"@type\":\"Article\",\"@id\":\"https:\\\/\\\/upmp.news\\\/pl\\\/pl-in-ukraine\\\/15-lat-jestesmy-razem\\\/#article\",\"isPartOf\":{\"@id\":\"https:\\\/\\\/upmp.news\\\/pl\\\/pl-in-ukraine\\\/15-lat-jestesmy-razem\\\/\"},\"author\":{\"name\":\"vladimyr\",\"@id\":\"https:\\\/\\\/upmp.news\\\/#\\\/schema\\\/person\\\/cebd3113030eb01f184505010f519d71\"},\"headline\":\"15 lat jeste\u015bmy razem\",\"datePublished\":\"2022-08-15T18:24:08+00:00\",\"dateModified\":\"2022-08-15T21:30:28+00:00\",\"mainEntityOfPage\":{\"@id\":\"https:\\\/\\\/upmp.news\\\/pl\\\/pl-in-ukraine\\\/15-lat-jestesmy-razem\\\/\"},\"wordCount\":684,\"image\":{\"@id\":\"https:\\\/\\\/upmp.news\\\/pl\\\/pl-in-ukraine\\\/15-lat-jestesmy-razem\\\/#primaryimage\"},\"thumbnailUrl\":\"https:\\\/\\\/upmp.news\\\/wp-content\\\/uploads\\\/2022\\\/08\\\/45-2.jpg\",\"keywords\":[\"histori\u0119\",\"histori\u0119\",\"Kurier Galicyjski\",\"Kurier Galicyjski\"],\"articleSection\":[\"Na Ukrainie\",\"Polityka\"],\"inLanguage\":\"pl-PL\"},{\"@type\":\"WebPage\",\"@id\":\"https:\\\/\\\/upmp.news\\\/pl\\\/pl-in-ukraine\\\/15-lat-jestesmy-razem\\\/\",\"url\":\"https:\\\/\\\/upmp.news\\\/pl\\\/pl-in-ukraine\\\/15-lat-jestesmy-razem\\\/\",\"name\":\"15 lat jeste\u015bmy razem &#8211; U.P.M.P\",\"isPartOf\":{\"@id\":\"https:\\\/\\\/upmp.news\\\/#website\"},\"primaryImageOfPage\":{\"@id\":\"https:\\\/\\\/upmp.news\\\/pl\\\/pl-in-ukraine\\\/15-lat-jestesmy-razem\\\/#primaryimage\"},\"image\":{\"@id\":\"https:\\\/\\\/upmp.news\\\/pl\\\/pl-in-ukraine\\\/15-lat-jestesmy-razem\\\/#primaryimage\"},\"thumbnailUrl\":\"https:\\\/\\\/upmp.news\\\/wp-content\\\/uploads\\\/2022\\\/08\\\/45-2.jpg\",\"datePublished\":\"2022-08-15T18:24:08+00:00\",\"dateModified\":\"2022-08-15T21:30:28+00:00\",\"author\":{\"@id\":\"https:\\\/\\\/upmp.news\\\/#\\\/schema\\\/person\\\/cebd3113030eb01f184505010f519d71\"},\"breadcrumb\":{\"@id\":\"https:\\\/\\\/upmp.news\\\/pl\\\/pl-in-ukraine\\\/15-lat-jestesmy-razem\\\/#breadcrumb\"},\"inLanguage\":\"pl-PL\",\"potentialAction\":[{\"@type\":\"ReadAction\",\"target\":[\"https:\\\/\\\/upmp.news\\\/pl\\\/pl-in-ukraine\\\/15-lat-jestesmy-razem\\\/\"]}]},{\"@type\":\"ImageObject\",\"inLanguage\":\"pl-PL\",\"@id\":\"https:\\\/\\\/upmp.news\\\/pl\\\/pl-in-ukraine\\\/15-lat-jestesmy-razem\\\/#primaryimage\",\"url\":\"https:\\\/\\\/upmp.news\\\/wp-content\\\/uploads\\\/2022\\\/08\\\/45-2.jpg\",\"contentUrl\":\"https:\\\/\\\/upmp.news\\\/wp-content\\\/uploads\\\/2022\\\/08\\\/45-2.jpg\",\"width\":620,\"height\":400},{\"@type\":\"BreadcrumbList\",\"@id\":\"https:\\\/\\\/upmp.news\\\/pl\\\/pl-in-ukraine\\\/15-lat-jestesmy-razem\\\/#breadcrumb\",\"itemListElement\":[{\"@type\":\"ListItem\",\"position\":1,\"name\":\"Home\",\"item\":\"https:\\\/\\\/upmp.news\\\/\"},{\"@type\":\"ListItem\",\"position\":2,\"name\":\"15 lat jeste\u015bmy razem\"}]},{\"@type\":\"WebSite\",\"@id\":\"https:\\\/\\\/upmp.news\\\/#website\",\"url\":\"https:\\\/\\\/upmp.news\\\/\",\"name\":\"U.P.M.P\",\"description\":\"\u0423\u043a\u0440\u0430\u0457\u043d\u043e-\u043f\u043e\u043b\u044c\u0441\u044c\u043a\u0430 \u043c\u0435\u0434\u0456\u0430\u043f\u043b\u0430\u0442\u0444\u043e\u0440\u043c\u0430\",\"potentialAction\":[{\"@type\":\"SearchAction\",\"target\":{\"@type\":\"EntryPoint\",\"urlTemplate\":\"https:\\\/\\\/upmp.news\\\/?s={search_term_string}\"},\"query-input\":{\"@type\":\"PropertyValueSpecification\",\"valueRequired\":true,\"valueName\":\"search_term_string\"}}],\"inLanguage\":\"pl-PL\"},{\"@type\":\"Person\",\"@id\":\"https:\\\/\\\/upmp.news\\\/#\\\/schema\\\/person\\\/cebd3113030eb01f184505010f519d71\",\"name\":\"vladimyr\",\"image\":{\"@type\":\"ImageObject\",\"inLanguage\":\"pl-PL\",\"@id\":\"https:\\\/\\\/upmp.news\\\/wp-content\\\/uploads\\\/2017\\\/12\\\/ava.png\",\"url\":\"https:\\\/\\\/upmp.news\\\/wp-content\\\/uploads\\\/2017\\\/12\\\/ava.png\",\"contentUrl\":\"https:\\\/\\\/upmp.news\\\/wp-content\\\/uploads\\\/2017\\\/12\\\/ava.png\",\"caption\":\"vladimyr\"},\"url\":\"https:\\\/\\\/upmp.news\\\/pl\\\/author\\\/vladimyr\\\/\"}]}<\/script>\n<!-- \/ Yoast SEO plugin. -->","yoast_head_json":{"title":"15 lat jeste\u015bmy razem &#8211; U.P.M.P","robots":{"index":"index","follow":"follow","max-snippet":"max-snippet:-1","max-image-preview":"max-image-preview:large","max-video-preview":"max-video-preview:-1"},"canonical":"https:\/\/upmp.news\/pl\/pl-in-ukraine\/15-lat-jestesmy-razem\/","og_locale":"pl_PL","og_type":"article","og_title":"15 lat jeste\u015bmy razem &#8211; U.P.M.P","og_description":"Nasza gazeta ma ju\u017c 15-letni\u0105 histori\u0119. Dok\u0142adnie 15 sierpnia 2007 roku ukaza\u0142 si\u0119 pierwszy numer \u201eKuriera Galicyjskiego\u201d. Dzisiaj na ten egzemplarz archiwalny oprawiony w ramk\u0119 patrzymy ze wzruszeniem. Informuje o tym Upmp.news powo\u0142uj\u0105c si\u0119 na Kurier Galicyjski. Podstawowe cele gazety, zadeklarowane przez za\u0142o\u017cyciela i pierwszego redaktora naczelnego \u201eKuriera Galicyjskiego\u201d pozosta\u0142y niezmienne. To on, Miros\u0142aw Rowicki, [&hellip;]","og_url":"https:\/\/upmp.news\/pl\/pl-in-ukraine\/15-lat-jestesmy-razem\/","og_site_name":"U.P.M.P","article_publisher":"https:\/\/www.facebook.com\/upmp.news\/","article_published_time":"2022-08-15T18:24:08+00:00","article_modified_time":"2022-08-15T21:30:28+00:00","og_image":[{"width":620,"height":400,"url":"https:\/\/upmp.news\/wp-content\/uploads\/2022\/08\/45-2.jpg","type":"image\/jpeg"}],"author":"vladimyr","twitter_card":"summary_large_image","twitter_creator":"@maininua","twitter_site":"@maininua","twitter_misc":{"Napisane przez":"vladimyr","Szacowany czas czytania":"4 minuty"},"schema":{"@context":"https:\/\/schema.org","@graph":[{"@type":"Article","@id":"https:\/\/upmp.news\/pl\/pl-in-ukraine\/15-lat-jestesmy-razem\/#article","isPartOf":{"@id":"https:\/\/upmp.news\/pl\/pl-in-ukraine\/15-lat-jestesmy-razem\/"},"author":{"name":"vladimyr","@id":"https:\/\/upmp.news\/#\/schema\/person\/cebd3113030eb01f184505010f519d71"},"headline":"15 lat jeste\u015bmy razem","datePublished":"2022-08-15T18:24:08+00:00","dateModified":"2022-08-15T21:30:28+00:00","mainEntityOfPage":{"@id":"https:\/\/upmp.news\/pl\/pl-in-ukraine\/15-lat-jestesmy-razem\/"},"wordCount":684,"image":{"@id":"https:\/\/upmp.news\/pl\/pl-in-ukraine\/15-lat-jestesmy-razem\/#primaryimage"},"thumbnailUrl":"https:\/\/upmp.news\/wp-content\/uploads\/2022\/08\/45-2.jpg","keywords":["histori\u0119","histori\u0119","Kurier Galicyjski","Kurier Galicyjski"],"articleSection":["Na Ukrainie","Polityka"],"inLanguage":"pl-PL"},{"@type":"WebPage","@id":"https:\/\/upmp.news\/pl\/pl-in-ukraine\/15-lat-jestesmy-razem\/","url":"https:\/\/upmp.news\/pl\/pl-in-ukraine\/15-lat-jestesmy-razem\/","name":"15 lat jeste\u015bmy razem &#8211; U.P.M.P","isPartOf":{"@id":"https:\/\/upmp.news\/#website"},"primaryImageOfPage":{"@id":"https:\/\/upmp.news\/pl\/pl-in-ukraine\/15-lat-jestesmy-razem\/#primaryimage"},"image":{"@id":"https:\/\/upmp.news\/pl\/pl-in-ukraine\/15-lat-jestesmy-razem\/#primaryimage"},"thumbnailUrl":"https:\/\/upmp.news\/wp-content\/uploads\/2022\/08\/45-2.jpg","datePublished":"2022-08-15T18:24:08+00:00","dateModified":"2022-08-15T21:30:28+00:00","author":{"@id":"https:\/\/upmp.news\/#\/schema\/person\/cebd3113030eb01f184505010f519d71"},"breadcrumb":{"@id":"https:\/\/upmp.news\/pl\/pl-in-ukraine\/15-lat-jestesmy-razem\/#breadcrumb"},"inLanguage":"pl-PL","potentialAction":[{"@type":"ReadAction","target":["https:\/\/upmp.news\/pl\/pl-in-ukraine\/15-lat-jestesmy-razem\/"]}]},{"@type":"ImageObject","inLanguage":"pl-PL","@id":"https:\/\/upmp.news\/pl\/pl-in-ukraine\/15-lat-jestesmy-razem\/#primaryimage","url":"https:\/\/upmp.news\/wp-content\/uploads\/2022\/08\/45-2.jpg","contentUrl":"https:\/\/upmp.news\/wp-content\/uploads\/2022\/08\/45-2.jpg","width":620,"height":400},{"@type":"BreadcrumbList","@id":"https:\/\/upmp.news\/pl\/pl-in-ukraine\/15-lat-jestesmy-razem\/#breadcrumb","itemListElement":[{"@type":"ListItem","position":1,"name":"Home","item":"https:\/\/upmp.news\/"},{"@type":"ListItem","position":2,"name":"15 lat jeste\u015bmy razem"}]},{"@type":"WebSite","@id":"https:\/\/upmp.news\/#website","url":"https:\/\/upmp.news\/","name":"U.P.M.P","description":"\u0423\u043a\u0440\u0430\u0457\u043d\u043e-\u043f\u043e\u043b\u044c\u0441\u044c\u043a\u0430 \u043c\u0435\u0434\u0456\u0430\u043f\u043b\u0430\u0442\u0444\u043e\u0440\u043c\u0430","potentialAction":[{"@type":"SearchAction","target":{"@type":"EntryPoint","urlTemplate":"https:\/\/upmp.news\/?s={search_term_string}"},"query-input":{"@type":"PropertyValueSpecification","valueRequired":true,"valueName":"search_term_string"}}],"inLanguage":"pl-PL"},{"@type":"Person","@id":"https:\/\/upmp.news\/#\/schema\/person\/cebd3113030eb01f184505010f519d71","name":"vladimyr","image":{"@type":"ImageObject","inLanguage":"pl-PL","@id":"https:\/\/upmp.news\/wp-content\/uploads\/2017\/12\/ava.png","url":"https:\/\/upmp.news\/wp-content\/uploads\/2017\/12\/ava.png","contentUrl":"https:\/\/upmp.news\/wp-content\/uploads\/2017\/12\/ava.png","caption":"vladimyr"},"url":"https:\/\/upmp.news\/pl\/author\/vladimyr\/"}]}},"_links":{"self":[{"href":"https:\/\/upmp.news\/pl\/wp-json\/wp\/v2\/posts\/117793","targetHints":{"allow":["GET"]}}],"collection":[{"href":"https:\/\/upmp.news\/pl\/wp-json\/wp\/v2\/posts"}],"about":[{"href":"https:\/\/upmp.news\/pl\/wp-json\/wp\/v2\/types\/post"}],"author":[{"embeddable":true,"href":"https:\/\/upmp.news\/pl\/wp-json\/wp\/v2\/users\/27"}],"replies":[{"embeddable":true,"href":"https:\/\/upmp.news\/pl\/wp-json\/wp\/v2\/comments?post=117793"}],"version-history":[{"count":1,"href":"https:\/\/upmp.news\/pl\/wp-json\/wp\/v2\/posts\/117793\/revisions"}],"predecessor-version":[{"id":117795,"href":"https:\/\/upmp.news\/pl\/wp-json\/wp\/v2\/posts\/117793\/revisions\/117795"}],"wp:featuredmedia":[{"embeddable":true,"href":"https:\/\/upmp.news\/pl\/wp-json\/wp\/v2\/media\/117794"}],"wp:attachment":[{"href":"https:\/\/upmp.news\/pl\/wp-json\/wp\/v2\/media?parent=117793"}],"wp:term":[{"taxonomy":"category","embeddable":true,"href":"https:\/\/upmp.news\/pl\/wp-json\/wp\/v2\/categories?post=117793"},{"taxonomy":"post_tag","embeddable":true,"href":"https:\/\/upmp.news\/pl\/wp-json\/wp\/v2\/tags?post=117793"}],"curies":[{"name":"wp","href":"https:\/\/api.w.org\/{rel}","templated":true}]}}