{"id":12032,"date":"2018-03-22T17:57:51","date_gmt":"2018-03-22T15:57:51","guid":{"rendered":"https:\/\/upmp.news\/?p=12032"},"modified":"2018-03-22T17:57:51","modified_gmt":"2018-03-22T15:57:51","slug":"w-warszawie-odbyla-sie-prezentacja-ksiazki-rozmowy-z-arcybiskupem-swiatoslawem-szewczukiem","status":"publish","type":"post","link":"https:\/\/upmp.news\/pl\/pl-in-ukraine\/w-warszawie-odbyla-sie-prezentacja-ksiazki-rozmowy-z-arcybiskupem-swiatoslawem-szewczukiem\/","title":{"rendered":"W Warszawie odby\u0142a si\u0119 prezentacja ksi\u0105\u017cki \u2013rozmowy z arcybiskupem \u015awiatos\u0142awem Szewczukiem"},"content":{"rendered":"<h2><span lang=\"pl-PL\" style=\"font-family: times new roman, times, serif; font-size: 24pt; color: #000000;\">Wczoraj odby\u0142a si\u0119 prezentacja ksi\u0105\u017cki zatytu\u0142owanej \u201eDialog leczy rany\u201d \u2013 jest to wywiad z arcybiskupem \u015awiatos\u0142awem Szewczukiem, zwierzchnikiem Ukrai\u0144skiego Ko\u015bcio\u0142a Greckokatolickiego. Informuje o tym Upmp.news powo\u0142uj\u0105c si\u0119 na Nasze S\u0142owo.<\/span><\/h2>\n<p><span lang=\"pl-PL\" style=\"font-family: times new roman, times, serif; font-size: 14pt; color: #000000;\">Zwierzchnik Ukrai\u0144skiego Ko\u015bcio\u0142a Greckokatolickiego po raz pierwszy tak wyczerpuj\u0105co i szczerze opowiada o przesz\u0142o\u015bci i tera\u017aniejszo\u015bci najliczniejszego na \u015bwiecie katolickiego Ko\u015bcio\u0142a wschodniego, o zagro\u017ceniach wynikaj\u0105cych z nacjonalizm\u00f3w i szansach, jakie niesie dialog. Arcybiskup \u015awiatos\u0142aw Szewczuk m\u00f3wi te\u017c o pi\u0119knych, ale i bolesnych relacjach z Polsk\u0105, Rosj\u0105 i Cerkwi\u0105 prawos\u0142awn\u0105, o wci\u0105\u017c obecnych wa\u015bniach i uprzedzeniach, kt\u00f3re uniemo\u017cliwiaj\u0105 pe\u0142ne pojednanie Ko\u015bcio\u0142\u00f3w katolickich obrz\u0105dk\u00f3w wschodniego i zachodniego.<\/span><\/p>\n<p><span lang=\"pl-PL\" style=\"font-family: times new roman, times, serif; font-size: 14pt; color: #000000;\">W konferencji wzi\u0119li udzia\u0142 arcybiskup \u015awiatos\u0142aw Szewczuk oraz przedstawiciele Ko\u015bcio\u0142a Rzymskokatolickiego w Polsce: arcybiskup metropolita warszawski kard. Kazimierz Nycz, sekretarz generalny Konferencji Episkopatu Polski bp. Artur Mizi\u0144ski oraz autor ksi\u0105\u017cki Krzysztof Tomasik. Prezentacj\u0119 wydania i rozmow\u0119 jej uczestnik\u00f3w poprowadzi\u0142 Marcin Przeciszewski, prezes zarz\u0105du Katolickiej Agencji Informacyjnej.<\/span><\/p>\n<div class=\"newspaper-x-tags\"><strong><\/strong><span><a href=\"https:\/\/upmp.news\/pl\/tag\/swiatoslaw-szewczuk\/\" rel=\"tag\">\u015awiatos\u0142aw Szewczuk<\/a> <\/div>\n","protected":false},"excerpt":{"rendered":"<p>Wczoraj odby\u0142a si\u0119 prezentacja ksi\u0105\u017cki zatytu\u0142owanej \u201eDialog leczy rany\u201d \u2013 jest to wywiad z arcybiskupem \u015awiatos\u0142awem Szewczukiem, zwierzchnikiem Ukrai\u0144skiego Ko\u015bcio\u0142a Greckokatolickiego. Informuje o tym Upmp.news powo\u0142uj\u0105c si\u0119 na Nasze S\u0142owo. Zwierzchnik Ukrai\u0144skiego Ko\u015bcio\u0142a Greckokatolickiego po raz pierwszy tak wyczerpuj\u0105co i szczerze opowiada o przesz\u0142o\u015bci i tera\u017aniejszo\u015bci najliczniejszego na \u015bwiecie katolickiego Ko\u015bcio\u0142a wschodniego, o zagro\u017ceniach wynikaj\u0105cych [&hellip;]<\/p>\n","protected":false},"author":27,"featured_media":11527,"comment_status":"closed","ping_status":"open","sticky":false,"template":"","format":"standard","meta":{"_exactmetrics_skip_tracking":false,"_exactmetrics_sitenote_active":false,"_exactmetrics_sitenote_note":"","_exactmetrics_sitenote_category":0,"footnotes":""},"categories":[2093,2077],"tags":[3659],"class_list":["post-12032","post","type-post","status-publish","format-standard","has-post-thumbnail","hentry","category-pl-kultura-ua","category-pl-in-ukraine","tag-swiatoslaw-szewczuk"],"yoast_head":"<!-- This site is optimized with the Yoast SEO plugin v27.3 - https:\/\/yoast.com\/product\/yoast-seo-wordpress\/ -->\n<title>W Warszawie odby\u0142a si\u0119 prezentacja ksi\u0105\u017cki \u2013rozmowy z arcybiskupem \u015awiatos\u0142awem Szewczukiem &#8211; U.P.M.P<\/title>\n<meta name=\"robots\" content=\"index, follow, max-snippet:-1, max-image-preview:large, max-video-preview:-1\" \/>\n<link rel=\"canonical\" href=\"https:\/\/upmp.news\/pl\/pl-in-ukraine\/w-warszawie-odbyla-sie-prezentacja-ksiazki-rozmowy-z-arcybiskupem-swiatoslawem-szewczukiem\/\" \/>\n<meta property=\"og:locale\" content=\"pl_PL\" \/>\n<meta property=\"og:type\" content=\"article\" \/>\n<meta property=\"og:title\" content=\"W Warszawie odby\u0142a si\u0119 prezentacja ksi\u0105\u017cki \u2013rozmowy z arcybiskupem \u015awiatos\u0142awem Szewczukiem &#8211; U.P.M.P\" \/>\n<meta property=\"og:description\" content=\"Wczoraj odby\u0142a si\u0119 prezentacja ksi\u0105\u017cki zatytu\u0142owanej \u201eDialog leczy rany\u201d \u2013 jest to wywiad z arcybiskupem \u015awiatos\u0142awem Szewczukiem, zwierzchnikiem Ukrai\u0144skiego Ko\u015bcio\u0142a Greckokatolickiego. Informuje o tym Upmp.news powo\u0142uj\u0105c si\u0119 na Nasze S\u0142owo. Zwierzchnik Ukrai\u0144skiego Ko\u015bcio\u0142a Greckokatolickiego po raz pierwszy tak wyczerpuj\u0105co i szczerze opowiada o przesz\u0142o\u015bci i tera\u017aniejszo\u015bci najliczniejszego na \u015bwiecie katolickiego Ko\u015bcio\u0142a wschodniego, o zagro\u017ceniach wynikaj\u0105cych [&hellip;]\" \/>\n<meta property=\"og:url\" content=\"https:\/\/upmp.news\/pl\/pl-in-ukraine\/w-warszawie-odbyla-sie-prezentacja-ksiazki-rozmowy-z-arcybiskupem-swiatoslawem-szewczukiem\/\" \/>\n<meta property=\"og:site_name\" content=\"U.P.M.P\" \/>\n<meta property=\"article:publisher\" content=\"https:\/\/www.facebook.com\/upmp.news\/\" \/>\n<meta property=\"article:published_time\" content=\"2018-03-22T15:57:51+00:00\" \/>\n<meta property=\"og:image\" content=\"https:\/\/upmp.news\/wp-content\/uploads\/2018\/03\/4_2.jpg\" \/>\n\t<meta property=\"og:image:width\" content=\"838\" \/>\n\t<meta property=\"og:image:height\" content=\"600\" \/>\n\t<meta property=\"og:image:type\" content=\"image\/jpeg\" \/>\n<meta name=\"author\" content=\"vladimyr\" \/>\n<meta name=\"twitter:card\" content=\"summary_large_image\" \/>\n<meta name=\"twitter:creator\" content=\"@maininua\" \/>\n<meta name=\"twitter:site\" content=\"@maininua\" \/>\n<meta name=\"twitter:label1\" content=\"Napisane przez\" \/>\n\t<meta name=\"twitter:data1\" content=\"vladimyr\" \/>\n\t<meta name=\"twitter:label2\" content=\"Szacowany czas czytania\" \/>\n\t<meta name=\"twitter:data2\" content=\"1 minuta\" \/>\n<script type=\"application\/ld+json\" class=\"yoast-schema-graph\">{\"@context\":\"https:\\\/\\\/schema.org\",\"@graph\":[{\"@type\":\"Article\",\"@id\":\"https:\\\/\\\/upmp.news\\\/pl\\\/pl-in-ukraine\\\/w-warszawie-odbyla-sie-prezentacja-ksiazki-rozmowy-z-arcybiskupem-swiatoslawem-szewczukiem\\\/#article\",\"isPartOf\":{\"@id\":\"https:\\\/\\\/upmp.news\\\/pl\\\/pl-in-ukraine\\\/w-warszawie-odbyla-sie-prezentacja-ksiazki-rozmowy-z-arcybiskupem-swiatoslawem-szewczukiem\\\/\"},\"author\":{\"name\":\"vladimyr\",\"@id\":\"https:\\\/\\\/upmp.news\\\/#\\\/schema\\\/person\\\/cebd3113030eb01f184505010f519d71\"},\"headline\":\"W Warszawie odby\u0142a si\u0119 prezentacja ksi\u0105\u017cki \u2013rozmowy z arcybiskupem \u015awiatos\u0142awem Szewczukiem\",\"datePublished\":\"2018-03-22T15:57:51+00:00\",\"mainEntityOfPage\":{\"@id\":\"https:\\\/\\\/upmp.news\\\/pl\\\/pl-in-ukraine\\\/w-warszawie-odbyla-sie-prezentacja-ksiazki-rozmowy-z-arcybiskupem-swiatoslawem-szewczukiem\\\/\"},\"wordCount\":198,\"image\":{\"@id\":\"https:\\\/\\\/upmp.news\\\/pl\\\/pl-in-ukraine\\\/w-warszawie-odbyla-sie-prezentacja-ksiazki-rozmowy-z-arcybiskupem-swiatoslawem-szewczukiem\\\/#primaryimage\"},\"thumbnailUrl\":\"https:\\\/\\\/upmp.news\\\/wp-content\\\/uploads\\\/2018\\\/03\\\/4_2.jpg\",\"keywords\":[\"\u015awiatos\u0142aw Szewczuk\"],\"articleSection\":[\"Kultura\",\"Na Ukrainie\"],\"inLanguage\":\"pl-PL\"},{\"@type\":\"WebPage\",\"@id\":\"https:\\\/\\\/upmp.news\\\/pl\\\/pl-in-ukraine\\\/w-warszawie-odbyla-sie-prezentacja-ksiazki-rozmowy-z-arcybiskupem-swiatoslawem-szewczukiem\\\/\",\"url\":\"https:\\\/\\\/upmp.news\\\/pl\\\/pl-in-ukraine\\\/w-warszawie-odbyla-sie-prezentacja-ksiazki-rozmowy-z-arcybiskupem-swiatoslawem-szewczukiem\\\/\",\"name\":\"W Warszawie odby\u0142a si\u0119 prezentacja ksi\u0105\u017cki \u2013rozmowy z arcybiskupem \u015awiatos\u0142awem Szewczukiem &#8211; U.P.M.P\",\"isPartOf\":{\"@id\":\"https:\\\/\\\/upmp.news\\\/#website\"},\"primaryImageOfPage\":{\"@id\":\"https:\\\/\\\/upmp.news\\\/pl\\\/pl-in-ukraine\\\/w-warszawie-odbyla-sie-prezentacja-ksiazki-rozmowy-z-arcybiskupem-swiatoslawem-szewczukiem\\\/#primaryimage\"},\"image\":{\"@id\":\"https:\\\/\\\/upmp.news\\\/pl\\\/pl-in-ukraine\\\/w-warszawie-odbyla-sie-prezentacja-ksiazki-rozmowy-z-arcybiskupem-swiatoslawem-szewczukiem\\\/#primaryimage\"},\"thumbnailUrl\":\"https:\\\/\\\/upmp.news\\\/wp-content\\\/uploads\\\/2018\\\/03\\\/4_2.jpg\",\"datePublished\":\"2018-03-22T15:57:51+00:00\",\"author\":{\"@id\":\"https:\\\/\\\/upmp.news\\\/#\\\/schema\\\/person\\\/cebd3113030eb01f184505010f519d71\"},\"breadcrumb\":{\"@id\":\"https:\\\/\\\/upmp.news\\\/pl\\\/pl-in-ukraine\\\/w-warszawie-odbyla-sie-prezentacja-ksiazki-rozmowy-z-arcybiskupem-swiatoslawem-szewczukiem\\\/#breadcrumb\"},\"inLanguage\":\"pl-PL\",\"potentialAction\":[{\"@type\":\"ReadAction\",\"target\":[\"https:\\\/\\\/upmp.news\\\/pl\\\/pl-in-ukraine\\\/w-warszawie-odbyla-sie-prezentacja-ksiazki-rozmowy-z-arcybiskupem-swiatoslawem-szewczukiem\\\/\"]}]},{\"@type\":\"ImageObject\",\"inLanguage\":\"pl-PL\",\"@id\":\"https:\\\/\\\/upmp.news\\\/pl\\\/pl-in-ukraine\\\/w-warszawie-odbyla-sie-prezentacja-ksiazki-rozmowy-z-arcybiskupem-swiatoslawem-szewczukiem\\\/#primaryimage\",\"url\":\"https:\\\/\\\/upmp.news\\\/wp-content\\\/uploads\\\/2018\\\/03\\\/4_2.jpg\",\"contentUrl\":\"https:\\\/\\\/upmp.news\\\/wp-content\\\/uploads\\\/2018\\\/03\\\/4_2.jpg\",\"width\":838,\"height\":600},{\"@type\":\"BreadcrumbList\",\"@id\":\"https:\\\/\\\/upmp.news\\\/pl\\\/pl-in-ukraine\\\/w-warszawie-odbyla-sie-prezentacja-ksiazki-rozmowy-z-arcybiskupem-swiatoslawem-szewczukiem\\\/#breadcrumb\",\"itemListElement\":[{\"@type\":\"ListItem\",\"position\":1,\"name\":\"Home\",\"item\":\"https:\\\/\\\/upmp.news\\\/\"},{\"@type\":\"ListItem\",\"position\":2,\"name\":\"W Warszawie odby\u0142a si\u0119 prezentacja ksi\u0105\u017cki \u2013rozmowy z arcybiskupem \u015awiatos\u0142awem Szewczukiem\"}]},{\"@type\":\"WebSite\",\"@id\":\"https:\\\/\\\/upmp.news\\\/#website\",\"url\":\"https:\\\/\\\/upmp.news\\\/\",\"name\":\"U.P.M.P\",\"description\":\"\u0423\u043a\u0440\u0430\u0457\u043d\u043e-\u043f\u043e\u043b\u044c\u0441\u044c\u043a\u0430 \u043c\u0435\u0434\u0456\u0430\u043f\u043b\u0430\u0442\u0444\u043e\u0440\u043c\u0430\",\"potentialAction\":[{\"@type\":\"SearchAction\",\"target\":{\"@type\":\"EntryPoint\",\"urlTemplate\":\"https:\\\/\\\/upmp.news\\\/?s={search_term_string}\"},\"query-input\":{\"@type\":\"PropertyValueSpecification\",\"valueRequired\":true,\"valueName\":\"search_term_string\"}}],\"inLanguage\":\"pl-PL\"},{\"@type\":\"Person\",\"@id\":\"https:\\\/\\\/upmp.news\\\/#\\\/schema\\\/person\\\/cebd3113030eb01f184505010f519d71\",\"name\":\"vladimyr\",\"image\":{\"@type\":\"ImageObject\",\"inLanguage\":\"pl-PL\",\"@id\":\"https:\\\/\\\/upmp.news\\\/wp-content\\\/uploads\\\/2017\\\/12\\\/ava.png\",\"url\":\"https:\\\/\\\/upmp.news\\\/wp-content\\\/uploads\\\/2017\\\/12\\\/ava.png\",\"contentUrl\":\"https:\\\/\\\/upmp.news\\\/wp-content\\\/uploads\\\/2017\\\/12\\\/ava.png\",\"caption\":\"vladimyr\"},\"url\":\"https:\\\/\\\/upmp.news\\\/pl\\\/author\\\/vladimyr\\\/\"}]}<\/script>\n<!-- \/ Yoast SEO plugin. -->","yoast_head_json":{"title":"W Warszawie odby\u0142a si\u0119 prezentacja ksi\u0105\u017cki \u2013rozmowy z arcybiskupem \u015awiatos\u0142awem Szewczukiem &#8211; U.P.M.P","robots":{"index":"index","follow":"follow","max-snippet":"max-snippet:-1","max-image-preview":"max-image-preview:large","max-video-preview":"max-video-preview:-1"},"canonical":"https:\/\/upmp.news\/pl\/pl-in-ukraine\/w-warszawie-odbyla-sie-prezentacja-ksiazki-rozmowy-z-arcybiskupem-swiatoslawem-szewczukiem\/","og_locale":"pl_PL","og_type":"article","og_title":"W Warszawie odby\u0142a si\u0119 prezentacja ksi\u0105\u017cki \u2013rozmowy z arcybiskupem \u015awiatos\u0142awem Szewczukiem &#8211; U.P.M.P","og_description":"Wczoraj odby\u0142a si\u0119 prezentacja ksi\u0105\u017cki zatytu\u0142owanej \u201eDialog leczy rany\u201d \u2013 jest to wywiad z arcybiskupem \u015awiatos\u0142awem Szewczukiem, zwierzchnikiem Ukrai\u0144skiego Ko\u015bcio\u0142a Greckokatolickiego. Informuje o tym Upmp.news powo\u0142uj\u0105c si\u0119 na Nasze S\u0142owo. Zwierzchnik Ukrai\u0144skiego Ko\u015bcio\u0142a Greckokatolickiego po raz pierwszy tak wyczerpuj\u0105co i szczerze opowiada o przesz\u0142o\u015bci i tera\u017aniejszo\u015bci najliczniejszego na \u015bwiecie katolickiego Ko\u015bcio\u0142a wschodniego, o zagro\u017ceniach wynikaj\u0105cych [&hellip;]","og_url":"https:\/\/upmp.news\/pl\/pl-in-ukraine\/w-warszawie-odbyla-sie-prezentacja-ksiazki-rozmowy-z-arcybiskupem-swiatoslawem-szewczukiem\/","og_site_name":"U.P.M.P","article_publisher":"https:\/\/www.facebook.com\/upmp.news\/","article_published_time":"2018-03-22T15:57:51+00:00","og_image":[{"width":838,"height":600,"url":"https:\/\/upmp.news\/wp-content\/uploads\/2018\/03\/4_2.jpg","type":"image\/jpeg"}],"author":"vladimyr","twitter_card":"summary_large_image","twitter_creator":"@maininua","twitter_site":"@maininua","twitter_misc":{"Napisane przez":"vladimyr","Szacowany czas czytania":"1 minuta"},"schema":{"@context":"https:\/\/schema.org","@graph":[{"@type":"Article","@id":"https:\/\/upmp.news\/pl\/pl-in-ukraine\/w-warszawie-odbyla-sie-prezentacja-ksiazki-rozmowy-z-arcybiskupem-swiatoslawem-szewczukiem\/#article","isPartOf":{"@id":"https:\/\/upmp.news\/pl\/pl-in-ukraine\/w-warszawie-odbyla-sie-prezentacja-ksiazki-rozmowy-z-arcybiskupem-swiatoslawem-szewczukiem\/"},"author":{"name":"vladimyr","@id":"https:\/\/upmp.news\/#\/schema\/person\/cebd3113030eb01f184505010f519d71"},"headline":"W Warszawie odby\u0142a si\u0119 prezentacja ksi\u0105\u017cki \u2013rozmowy z arcybiskupem \u015awiatos\u0142awem Szewczukiem","datePublished":"2018-03-22T15:57:51+00:00","mainEntityOfPage":{"@id":"https:\/\/upmp.news\/pl\/pl-in-ukraine\/w-warszawie-odbyla-sie-prezentacja-ksiazki-rozmowy-z-arcybiskupem-swiatoslawem-szewczukiem\/"},"wordCount":198,"image":{"@id":"https:\/\/upmp.news\/pl\/pl-in-ukraine\/w-warszawie-odbyla-sie-prezentacja-ksiazki-rozmowy-z-arcybiskupem-swiatoslawem-szewczukiem\/#primaryimage"},"thumbnailUrl":"https:\/\/upmp.news\/wp-content\/uploads\/2018\/03\/4_2.jpg","keywords":["\u015awiatos\u0142aw Szewczuk"],"articleSection":["Kultura","Na Ukrainie"],"inLanguage":"pl-PL"},{"@type":"WebPage","@id":"https:\/\/upmp.news\/pl\/pl-in-ukraine\/w-warszawie-odbyla-sie-prezentacja-ksiazki-rozmowy-z-arcybiskupem-swiatoslawem-szewczukiem\/","url":"https:\/\/upmp.news\/pl\/pl-in-ukraine\/w-warszawie-odbyla-sie-prezentacja-ksiazki-rozmowy-z-arcybiskupem-swiatoslawem-szewczukiem\/","name":"W Warszawie odby\u0142a si\u0119 prezentacja ksi\u0105\u017cki \u2013rozmowy z arcybiskupem \u015awiatos\u0142awem Szewczukiem &#8211; U.P.M.P","isPartOf":{"@id":"https:\/\/upmp.news\/#website"},"primaryImageOfPage":{"@id":"https:\/\/upmp.news\/pl\/pl-in-ukraine\/w-warszawie-odbyla-sie-prezentacja-ksiazki-rozmowy-z-arcybiskupem-swiatoslawem-szewczukiem\/#primaryimage"},"image":{"@id":"https:\/\/upmp.news\/pl\/pl-in-ukraine\/w-warszawie-odbyla-sie-prezentacja-ksiazki-rozmowy-z-arcybiskupem-swiatoslawem-szewczukiem\/#primaryimage"},"thumbnailUrl":"https:\/\/upmp.news\/wp-content\/uploads\/2018\/03\/4_2.jpg","datePublished":"2018-03-22T15:57:51+00:00","author":{"@id":"https:\/\/upmp.news\/#\/schema\/person\/cebd3113030eb01f184505010f519d71"},"breadcrumb":{"@id":"https:\/\/upmp.news\/pl\/pl-in-ukraine\/w-warszawie-odbyla-sie-prezentacja-ksiazki-rozmowy-z-arcybiskupem-swiatoslawem-szewczukiem\/#breadcrumb"},"inLanguage":"pl-PL","potentialAction":[{"@type":"ReadAction","target":["https:\/\/upmp.news\/pl\/pl-in-ukraine\/w-warszawie-odbyla-sie-prezentacja-ksiazki-rozmowy-z-arcybiskupem-swiatoslawem-szewczukiem\/"]}]},{"@type":"ImageObject","inLanguage":"pl-PL","@id":"https:\/\/upmp.news\/pl\/pl-in-ukraine\/w-warszawie-odbyla-sie-prezentacja-ksiazki-rozmowy-z-arcybiskupem-swiatoslawem-szewczukiem\/#primaryimage","url":"https:\/\/upmp.news\/wp-content\/uploads\/2018\/03\/4_2.jpg","contentUrl":"https:\/\/upmp.news\/wp-content\/uploads\/2018\/03\/4_2.jpg","width":838,"height":600},{"@type":"BreadcrumbList","@id":"https:\/\/upmp.news\/pl\/pl-in-ukraine\/w-warszawie-odbyla-sie-prezentacja-ksiazki-rozmowy-z-arcybiskupem-swiatoslawem-szewczukiem\/#breadcrumb","itemListElement":[{"@type":"ListItem","position":1,"name":"Home","item":"https:\/\/upmp.news\/"},{"@type":"ListItem","position":2,"name":"W Warszawie odby\u0142a si\u0119 prezentacja ksi\u0105\u017cki \u2013rozmowy z arcybiskupem \u015awiatos\u0142awem Szewczukiem"}]},{"@type":"WebSite","@id":"https:\/\/upmp.news\/#website","url":"https:\/\/upmp.news\/","name":"U.P.M.P","description":"\u0423\u043a\u0440\u0430\u0457\u043d\u043e-\u043f\u043e\u043b\u044c\u0441\u044c\u043a\u0430 \u043c\u0435\u0434\u0456\u0430\u043f\u043b\u0430\u0442\u0444\u043e\u0440\u043c\u0430","potentialAction":[{"@type":"SearchAction","target":{"@type":"EntryPoint","urlTemplate":"https:\/\/upmp.news\/?s={search_term_string}"},"query-input":{"@type":"PropertyValueSpecification","valueRequired":true,"valueName":"search_term_string"}}],"inLanguage":"pl-PL"},{"@type":"Person","@id":"https:\/\/upmp.news\/#\/schema\/person\/cebd3113030eb01f184505010f519d71","name":"vladimyr","image":{"@type":"ImageObject","inLanguage":"pl-PL","@id":"https:\/\/upmp.news\/wp-content\/uploads\/2017\/12\/ava.png","url":"https:\/\/upmp.news\/wp-content\/uploads\/2017\/12\/ava.png","contentUrl":"https:\/\/upmp.news\/wp-content\/uploads\/2017\/12\/ava.png","caption":"vladimyr"},"url":"https:\/\/upmp.news\/pl\/author\/vladimyr\/"}]}},"_links":{"self":[{"href":"https:\/\/upmp.news\/pl\/wp-json\/wp\/v2\/posts\/12032","targetHints":{"allow":["GET"]}}],"collection":[{"href":"https:\/\/upmp.news\/pl\/wp-json\/wp\/v2\/posts"}],"about":[{"href":"https:\/\/upmp.news\/pl\/wp-json\/wp\/v2\/types\/post"}],"author":[{"embeddable":true,"href":"https:\/\/upmp.news\/pl\/wp-json\/wp\/v2\/users\/27"}],"replies":[{"embeddable":true,"href":"https:\/\/upmp.news\/pl\/wp-json\/wp\/v2\/comments?post=12032"}],"version-history":[{"count":1,"href":"https:\/\/upmp.news\/pl\/wp-json\/wp\/v2\/posts\/12032\/revisions"}],"predecessor-version":[{"id":12033,"href":"https:\/\/upmp.news\/pl\/wp-json\/wp\/v2\/posts\/12032\/revisions\/12033"}],"wp:featuredmedia":[{"embeddable":true,"href":"https:\/\/upmp.news\/pl\/wp-json\/wp\/v2\/media\/11527"}],"wp:attachment":[{"href":"https:\/\/upmp.news\/pl\/wp-json\/wp\/v2\/media?parent=12032"}],"wp:term":[{"taxonomy":"category","embeddable":true,"href":"https:\/\/upmp.news\/pl\/wp-json\/wp\/v2\/categories?post=12032"},{"taxonomy":"post_tag","embeddable":true,"href":"https:\/\/upmp.news\/pl\/wp-json\/wp\/v2\/tags?post=12032"}],"curies":[{"name":"wp","href":"https:\/\/api.w.org\/{rel}","templated":true}]}}