{"id":208788,"date":"2023-06-27T11:07:46","date_gmt":"2023-06-27T09:07:46","guid":{"rendered":"https:\/\/upmp.news\/?p=208788"},"modified":"2023-07-04T13:09:09","modified_gmt":"2023-07-04T11:09:09","slug":"manipulacja-rosyjska-narracja-ukraincy-w-polsce-to-zlo","status":"publish","type":"post","link":"https:\/\/upmp.news\/pl\/pl-in-polish\/manipulacja-rosyjska-narracja-ukraincy-w-polsce-to-zlo\/","title":{"rendered":"Manipulacja! Rosyjska narracja: &#8222;Ukrai\u0144cy w Polsce \u2013 to z\u0142o&#8221;"},"content":{"rendered":"\n<p><strong>Polskoj\u0119zyczny telegram kana\u0142 portalu internetowego Niezale\u017cny Dziennik Polityczny, znany z ci\u0105g\u0142ego <a href=\"https:\/\/oko.press\/portal-z-falszywkami-kradnie-artykuly-tak-uwiarygodnia-sie-rosyjska-dezinformacja-w-polsce\">rozpowszechniania fake<\/a> news\u00f3w i rosyjskiej propagandy, zamie\u015bci\u0142 kr\u00f3tkie nagranie z ko\u0144ca przem\u00f3wienia polskiego polityka Jaros\u0142awa Kaczy\u0144skiego z m\u00f3wnicy w Ukrainie, gdzie m\u00f3wi: &#8222;Chwa\u0142a Ukrainie!&#8221;, a publiczno\u015b\u0107 odpowiada: &#8222;Chwa\u0142a bohaterom!&#8221;.<\/strong><\/p>\n\n\n\n<p>Towarzysz\u0105cy temu tekst brzmi nast\u0119puj\u0105co: \u00abWarto pami\u0119ta\u0107, kto zaprosi\u0142 Ukrai\u0144c\u00f3w do Polski i dzi\u0119ki komu maj\u0105 specjalne przywileje&#8230; To ci sami ludzie, kt\u00f3rzy skandowali &#8222;slawa ukrainie&#8221;, czyli politycy PIS&#8230; Pami\u0119tajmy o tym podczas jesiennych wybor\u00f3w!\u00bb.<\/p>\n\n\n\n<p>Nie podano ani daty wyst\u0105pienia, ani okoliczno\u015bci, ani innego kontekstu.<\/p>\n\n\n\n<p>Nale\u017cy zauwa\u017cy\u0107, \u017ce wydarzenie to mia\u0142o miejsce podczas Rewolucji Godno\u015bci w dniu 1 grudnia 2013 r., kiedy to nie tylko lider \u00f3wczesnej opozycyjnej partii Prawo i Sprawiedliwo\u015b\u0107, Jaros\u0142aw Kaczy\u0144ski, ale tak\u017ce europejscy dyplomaci z Polski do\u0142\u0105czyli do zgromadzenia ludowego na Majdanie Niepodleg\u0142o\u015bci, W szczeg\u00f3lno\u015bci wiceprzewodnicz\u0105cy Parlamentu Europejskiego Jacek Protasiewicz (z rz\u0105dz\u0105cej w\u00f3wczas partii Platforma Obywatelska) i by\u0142y szef polskiego rz\u0105du, <a href=\"https:\/\/www.youtube.com\/watch?v=04yMTqBH-I0\">by\u0142y przewodnicz\u0105cy<\/a> Parlamentu Europejskiego Jerzy Buzek (r\u00f3wnie\u017c przedstawiciel Platformy Obywatelskiej w tym czasie).<\/p>\n\n\n\n<p>W szczeg\u00f3lno\u015bci J. Kaczy\u0144ski wyrazi\u0142 w\u00f3wczas stanowisko przewodnicz\u0105cego Parlamentu Europejskiego Martina Schulza, \u017ce Unia Europejska nie ma w\u0105tpliwo\u015bci, \u017ce Ukraina b\u0119dzie cz\u0119\u015bci\u0105 UE i ju\u017c jest na tej drodze. &#8222;Unia Europejska was potrzebuje&#8221; \u2013 <a href=\"https:\/\/ua.korrespondent.net\/ukraine\/politics\/3273369-kachynskyi-na-yevromaidani-dlia-poliakiv-duzhe-vazhlyvo-buty-z-ukraintsiamy\">powiedzia\u0142<\/a>. &#8211; A poniewa\u017c jeste\u015bcie cz\u0119\u015bci\u0105 Europy, \u017cadne \u015brodki si\u0142owe przeciwko protestuj\u0105cym nie s\u0105 dopuszczalne&#8221; &#8211; <a href=\"https:\/\/www.youtube.com\/watch?v=pAKUU_9U2CA\">doda\u0142 w\u00f3wczas <\/a>Jacek Protasiewicz.<\/p>\n\n\n\n<p>W rzeczywisto\u015bci ten manipulacyjny i nieprawdziwy artyku\u0142 Niezale\u017cnego Dziennika Politycznego promuje dwie rosyjskie narracje jednocze\u015bnie: &#8222;Ukrai\u0144cy w Polsce \u2013 to z\u0142o&#8221; i &#8222;antyrosyjski rz\u0105d to z\u0142y rz\u0105d&#8221;.<\/p>\n\n\n\n<p>W pierwszej narracji <a href=\"https:\/\/www.radiosvoboda.org\/a\/naratyvy-rosiyska-propahanda-dezinformatsiya-polshcha\/32070489.html\">rosyjska propaganda<\/a>, wykorzystuj\u0105c poszczeg\u00f3lnych polskich polityk\u00f3w, rozpowszechnia wezwania &#8222;przeciwko ukrainizacji, depolonizacji Polski&#8221;, kt\u00f3re s\u0105 ch\u0119tnie nadawane przez rosyjsk\u0105 telewizj\u0119. Podkre\u015bla si\u0119, \u017ce &#8222;Ukrai\u0144cy w Polsce otrzymuj\u0105 nienale\u017cne \u015bwiadczenia&#8221;, &#8222;antyrosyjskie sankcje dotykaj\u0105 zwyk\u0142ych polskich obywateli&#8221;, &#8222;przyst\u0105pienie Ukrainy do UE b\u0119dzie niezwykle niekorzystne dla Polski&#8221;, a &#8222;ukrai\u0144scy uchod\u017acy na Zachodzie wypchn\u0105 Polak\u00f3w z lokalnych rynk\u00f3w pracy&#8221; itp.<\/p>\n\n\n\n<p>Ukrai\u0144cy s\u0105 opisywani jako ludzie, kt\u00f3rzy &#8222;\u017cyj\u0105 z Polak\u00f3w&#8221;, nie chc\u0105 pracowa\u0107 i tylko szkodz\u0105, naruszaj\u0105c lokalne zwyczaje i porz\u0105dek oraz wywo\u0142uj\u0105c b\u00f3jki. Jednocze\u015bnie wprowadza si\u0119 ide\u0119, \u017ce w\u0142adze dbaj\u0105 o Ukrai\u0144c\u00f3w i traktuj\u0105 ich znacznie lepiej ni\u017c obywateli Polski.<\/p>\n\n\n\n<p>W rzeczywisto\u015bci, w zamian za otrzymanie bezpiecznego schronienia w Polsce, ukrai\u0144scy uchod\u017acy wnie\u015bli znacz\u0105cy wk\u0142ad w rozw\u00f3j polskiej gospodarki poprzez swoj\u0105 prac\u0119.<\/p>\n\n\n\n<p>Wed\u0142ug doktora nauk ekonomicznych Zbigniewa Ku\u017amiuka, polsk\u0105 granic\u0119 przekroczy\u0142o ponad 11 milion\u00f3w uchod\u017ac\u00f3w wojennych z Ukrainy, z czego oko\u0142o 1,5 miliona pozosta\u0142o w kraju, a co najmniej kilkaset tysi\u0119cy pracuje. W efekcie <a href=\"https:\/\/ukrayina.pl\/ukrayina\/7,183830,29854610,1055-1086-1083-1100-1097-1072-1076-1086-1089-1103-1075-1083-1072.html?fbclid=IwAR2cPaQQM-C5W0jJynS-u1GAi7W407TFzstR7SHFgh56Q2DMQ2TWcg-FKSE\">sytuacja na rynku pracy<\/a> nie pogorszy\u0142a si\u0119, ale jest najlepsza od pocz\u0105tku transformacji gospodarczej w 1990 roku.<\/p>\n\n\n\n<p>W szczeg\u00f3lno\u015bci, podczas gdy gospodarki wielu pa\u0144stw cz\u0142onkowskich UE wykazuj\u0105 objawy recesji, Polska osi\u0105gn\u0119\u0142a najwy\u017cszy poziom wzrostu PKB w pierwszym kwartale 2023 r. &#8211; 3,8%.<\/p>\n\n\n\n<p>Na drugim miejscu znalaz\u0142y si\u0119 Chiny z 2,2%, na trzecim Portugalia z 1,6%, podczas gdy \u015brednia stopa wzrostu dla 36 kraj\u00f3w OECD (Organizacja Wsp\u00f3\u0142pracy Gospodarczej i Rozwoju) wynios\u0142a zaledwie 0,4%, a dla kraj\u00f3w G-7 &#8211; 0,3%. W tym samym czasie gospodarki Niemiec i Holandii odnotowa\u0142y spadek PKB o 0,3%.<\/p>\n\n\n\n<p>Ekonomista zwr\u00f3ci\u0142 uwag\u0119 na dane Eurostatu dotycz\u0105ce sytuacji na rynku pracy w kwietniu tego roku, wed\u0142ug kt\u00f3rych Polska mia\u0142a najni\u017csz\u0105 stop\u0119 bezrobocia w ca\u0142ej Unii na poziomie zaledwie 2,7%.<\/p>\n\n\n\n<p>Ponadto wsparcie dla Ukrainy i ukrai\u0144skich uchod\u017ac\u00f3w jest aprobowane przez zdecydowan\u0105 wi\u0119kszo\u015b\u0107 Polak\u00f3w, niezale\u017cnie od ich sympatii politycznych dla wiod\u0105cych polskich partii u w\u0142adzy lub w opozycji.<\/p>\n\n\n\n<p>Prawie 80% Polak\u00f3w ocenia relacje z Ukrain\u0105 jako dobre lub bardzo dobre. Nowe badanie przeprowadzone przez warszawskie Centrum Badania Opinii Spo\u0142ecznej (CBOS) wykaza\u0142o r\u00f3wnie\u017c, \u017ce Polacy nadal wspieraj\u0105 Ukrain\u0119 w walce z agresorem, a 83% jest nadal gotowych pom\u00f3c ukrai\u0144skim uchod\u017acom.<\/p>\n\n\n\n<p><strong>Anatolij Kurnosow<\/strong><\/p>\n\n\n\n<p><em>Materia\u0142 zosta\u0142 przygotowany w ramach projektu Stop Lie Fundacji Charytatywnej Partnerstwa Polsko-Ukrai\u0144skiego w ramach projektu UE Pilne Wsparcie Spo\u0142ecze\u0144stwa Obywatelskiego, realizowanego przez ISAR Ednannia przy wsparciu finansowym Unii Europejskiej. <\/em>Jego tre\u015b\u0107 jest wy\u0142\u0105czn\u0105 odpowiedzialno\u015bci\u0105 autora i niekoniecznie odzwierciedla stanowisko Unii Europejskiej.<\/p>\n\n\n\n<p><a href=\"https:\/\/www.facebook.com\/hashtag\/%D0%BF%D1%80%D1%8F%D0%BC%D1%83%D1%94%D0%BC%D0%BE%D1%80%D0%B0%D0%B7%D0%BE%D0%BC?__eep__=6&amp;__cft__[0]=AZUWgygLHtxoLmIIQt0vg2V9v-x2oX-ENlqUwUGLMoFUB7A6ozyYl5Uxumh-D8GXEyTVQfZyH19_SWW6Bgy-hbcU5OdtMwZV0IO7DRfBrxIs6N9yt7hQGF7W0dT_sck7Ca57ARIcGs2dqq4OftJwpEl-fqkVi3S9m4KIyCI7U2aCRS07Jx3k-8kxhYP1dJV719A&amp;__tn__=*NK-R\" target=\"_blank\" rel=\"noreferrer noopener\">#\u041f\u0440\u044f\u043c\u0443\u0454\u043c\u043e\u0420\u0430\u0437\u043e\u043c<\/a> <a href=\"https:\/\/www.facebook.com\/hashtag\/teameurope?__eep__=6&amp;__cft__[0]=AZUWgygLHtxoLmIIQt0vg2V9v-x2oX-ENlqUwUGLMoFUB7A6ozyYl5Uxumh-D8GXEyTVQfZyH19_SWW6Bgy-hbcU5OdtMwZV0IO7DRfBrxIs6N9yt7hQGF7W0dT_sck7Ca57ARIcGs2dqq4OftJwpEl-fqkVi3S9m4KIyCI7U2aCRS07Jx3k-8kxhYP1dJV719A&amp;__tn__=*NK-R\" target=\"_blank\" rel=\"noreferrer noopener\">#TeamEurope<\/a> <a href=\"https:\/\/www.facebook.com\/hashtag\/movingforwardtogether?__eep__=6&amp;__cft__[0]=AZUWgygLHtxoLmIIQt0vg2V9v-x2oX-ENlqUwUGLMoFUB7A6ozyYl5Uxumh-D8GXEyTVQfZyH19_SWW6Bgy-hbcU5OdtMwZV0IO7DRfBrxIs6N9yt7hQGF7W0dT_sck7Ca57ARIcGs2dqq4OftJwpEl-fqkVi3S9m4KIyCI7U2aCRS07Jx3k-8kxhYP1dJV719A&amp;__tn__=*NK-R\" target=\"_blank\" rel=\"noreferrer noopener\">#MovingForwardTogether<\/a> <a href=\"https:\/\/www.facebook.com\/hashtag\/isarednannia?__eep__=6&amp;__cft__[0]=AZUWgygLHtxoLmIIQt0vg2V9v-x2oX-ENlqUwUGLMoFUB7A6ozyYl5Uxumh-D8GXEyTVQfZyH19_SWW6Bgy-hbcU5OdtMwZV0IO7DRfBrxIs6N9yt7hQGF7W0dT_sck7Ca57ARIcGs2dqq4OftJwpEl-fqkVi3S9m4KIyCI7U2aCRS07Jx3k-8kxhYP1dJV719A&amp;__tn__=*NK-R\" target=\"_blank\" rel=\"noreferrer noopener\">#ISAREdnannia<\/a> <a href=\"https:\/\/www.facebook.com\/hashtag\/stoplie?__eep__=6&amp;__cft__[0]=AZUWgygLHtxoLmIIQt0vg2V9v-x2oX-ENlqUwUGLMoFUB7A6ozyYl5Uxumh-D8GXEyTVQfZyH19_SWW6Bgy-hbcU5OdtMwZV0IO7DRfBrxIs6N9yt7hQGF7W0dT_sck7Ca57ARIcGs2dqq4OftJwpEl-fqkVi3S9m4KIyCI7U2aCRS07Jx3k-8kxhYP1dJV719A&amp;__tn__=*NK-R\" target=\"_blank\" rel=\"noreferrer noopener\">#StopLie<\/a><\/p>\n\n\n\n<p><a href=\"https:\/\/www.facebook.com\/isar.ednannia?__cft__[0]=AZUWgygLHtxoLmIIQt0vg2V9v-x2oX-ENlqUwUGLMoFUB7A6ozyYl5Uxumh-D8GXEyTVQfZyH19_SWW6Bgy-hbcU5OdtMwZV0IO7DRfBrxIs6N9yt7hQGF7W0dT_sck7Ca57ARIcGs2dqq4OftJwpEl-fqkVi3S9m4KIyCI7U2aCRS07Jx3k-8kxhYP1dJV719A&amp;__tn__=-]K-R\" target=\"_blank\" rel=\"noreferrer noopener\">Isar Ednannia<\/a><a href=\"https:\/\/www.facebook.com\/EUDelegationUkraine?__cft__[0]=AZUWgygLHtxoLmIIQt0vg2V9v-x2oX-ENlqUwUGLMoFUB7A6ozyYl5Uxumh-D8GXEyTVQfZyH19_SWW6Bgy-hbcU5OdtMwZV0IO7DRfBrxIs6N9yt7hQGF7W0dT_sck7Ca57ARIcGs2dqq4OftJwpEl-fqkVi3S9m4KIyCI7U2aCRS07Jx3k-8kxhYP1dJV719A&amp;__tn__=-]K-R\" target=\"_blank\" rel=\"noreferrer noopener\"> European Union in Ukraine<\/a><a href=\"https:\/\/www.facebook.com\/bf.pol.ukr.partnerstwa?__cft__[0]=AZUWgygLHtxoLmIIQt0vg2V9v-x2oX-ENlqUwUGLMoFUB7A6ozyYl5Uxumh-D8GXEyTVQfZyH19_SWW6Bgy-hbcU5OdtMwZV0IO7DRfBrxIs6N9yt7hQGF7W0dT_sck7Ca57ARIcGs2dqq4OftJwpEl-fqkVi3S9m4KIyCI7U2aCRS07Jx3k-8kxhYP1dJV719A&amp;__tn__=-]K-R\" target=\"_blank\" rel=\"noreferrer noopener\"> \u0411\u043b\u0430\u0433\u043e\u0434\u0456\u0439\u043d\u0438\u0439 \u0444\u043e\u043d\u0434 \u043f\u043e\u043b\u044c\u0441\u044c\u043a\u043e-\u0443\u043a\u0440\u0430\u0457\u043d\u0441\u044c\u043a\u043e\u0433\u043e \u043f\u0430\u0440\u0442\u043d\u0435\u0440\u0441\u0442\u0432\u0430<\/a><\/p>\n","protected":false},"excerpt":{"rendered":"<p>Polskoj\u0119zyczny telegram kana\u0142 portalu internetowego Niezale\u017cny Dziennik Polityczny, znany z ci\u0105g\u0142ego rozpowszechniania fake news\u00f3w i rosyjskiej propagandy, zamie\u015bci\u0142 kr\u00f3tkie nagranie z ko\u0144ca przem\u00f3wienia polskiego polityka Jaros\u0142awa Kaczy\u0144skiego z m\u00f3wnicy w Ukrainie, gdzie m\u00f3wi: &#8222;Chwa\u0142a Ukrainie!&#8221;, a publiczno\u015b\u0107 odpowiada: &#8222;Chwa\u0142a bohaterom!&#8221;. Towarzysz\u0105cy temu tekst brzmi nast\u0119puj\u0105co: \u00abWarto pami\u0119ta\u0107, kto zaprosi\u0142 Ukrai\u0144c\u00f3w do Polski i dzi\u0119ki komu [&hellip;]<\/p>\n","protected":false},"author":27,"featured_media":240652,"comment_status":"closed","ping_status":"open","sticky":true,"template":"","format":"standard","meta":{"_exactmetrics_skip_tracking":false,"_exactmetrics_sitenote_active":false,"_exactmetrics_sitenote_note":"","_exactmetrics_sitenote_category":0,"footnotes":""},"categories":[20556,2078],"tags":[],"class_list":["post-208788","post","type-post","status-publish","format-standard","has-post-thumbnail","hentry","category-pl-spsl","category-pl-in-polish"],"yoast_head":"<!-- This site is optimized with the Yoast SEO plugin v27.3 - https:\/\/yoast.com\/product\/yoast-seo-wordpress\/ -->\n<title>Manipulacja! Rosyjska narracja: &quot;Ukrai\u0144cy w Polsce \u2013 to z\u0142o&quot; &#8211; U.P.M.P<\/title>\n<meta name=\"robots\" content=\"index, follow, max-snippet:-1, max-image-preview:large, max-video-preview:-1\" \/>\n<link rel=\"canonical\" href=\"https:\/\/upmp.news\/pl\/pl-in-polish\/manipulacja-rosyjska-narracja-ukraincy-w-polsce-to-zlo\/\" \/>\n<meta property=\"og:locale\" content=\"pl_PL\" \/>\n<meta property=\"og:type\" content=\"article\" \/>\n<meta property=\"og:title\" content=\"Manipulacja! Rosyjska narracja: &quot;Ukrai\u0144cy w Polsce \u2013 to z\u0142o&quot; &#8211; U.P.M.P\" \/>\n<meta property=\"og:description\" content=\"Polskoj\u0119zyczny telegram kana\u0142 portalu internetowego Niezale\u017cny Dziennik Polityczny, znany z ci\u0105g\u0142ego rozpowszechniania fake news\u00f3w i rosyjskiej propagandy, zamie\u015bci\u0142 kr\u00f3tkie nagranie z ko\u0144ca przem\u00f3wienia polskiego polityka Jaros\u0142awa Kaczy\u0144skiego z m\u00f3wnicy w Ukrainie, gdzie m\u00f3wi: &#8222;Chwa\u0142a Ukrainie!&#8221;, a publiczno\u015b\u0107 odpowiada: &#8222;Chwa\u0142a bohaterom!&#8221;. Towarzysz\u0105cy temu tekst brzmi nast\u0119puj\u0105co: \u00abWarto pami\u0119ta\u0107, kto zaprosi\u0142 Ukrai\u0144c\u00f3w do Polski i dzi\u0119ki komu [&hellip;]\" \/>\n<meta property=\"og:url\" content=\"https:\/\/upmp.news\/pl\/pl-in-polish\/manipulacja-rosyjska-narracja-ukraincy-w-polsce-to-zlo\/\" \/>\n<meta property=\"og:site_name\" content=\"U.P.M.P\" \/>\n<meta property=\"article:publisher\" content=\"https:\/\/www.facebook.com\/upmp.news\/\" \/>\n<meta property=\"article:published_time\" content=\"2023-06-27T09:07:46+00:00\" \/>\n<meta property=\"article:modified_time\" content=\"2023-07-04T11:09:09+00:00\" \/>\n<meta property=\"og:image\" content=\"https:\/\/upmp.news\/wp-content\/uploads\/2023\/06\/IMG-20230626-WA0009-1.jpg\" \/>\n\t<meta property=\"og:image:width\" content=\"640\" \/>\n\t<meta property=\"og:image:height\" content=\"809\" \/>\n\t<meta property=\"og:image:type\" content=\"image\/jpeg\" \/>\n<meta name=\"author\" content=\"vladimyr\" \/>\n<meta name=\"twitter:card\" content=\"summary_large_image\" \/>\n<meta name=\"twitter:creator\" content=\"@maininua\" \/>\n<meta name=\"twitter:site\" content=\"@maininua\" \/>\n<meta name=\"twitter:label1\" content=\"Napisane przez\" \/>\n\t<meta name=\"twitter:data1\" content=\"vladimyr\" \/>\n\t<meta name=\"twitter:label2\" content=\"Szacowany czas czytania\" \/>\n\t<meta name=\"twitter:data2\" content=\"4 minuty\" \/>\n<script type=\"application\/ld+json\" class=\"yoast-schema-graph\">{\"@context\":\"https:\\\/\\\/schema.org\",\"@graph\":[{\"@type\":\"Article\",\"@id\":\"https:\\\/\\\/upmp.news\\\/pl\\\/pl-in-polish\\\/manipulacja-rosyjska-narracja-ukraincy-w-polsce-to-zlo\\\/#article\",\"isPartOf\":{\"@id\":\"https:\\\/\\\/upmp.news\\\/pl\\\/pl-in-polish\\\/manipulacja-rosyjska-narracja-ukraincy-w-polsce-to-zlo\\\/\"},\"author\":{\"name\":\"vladimyr\",\"@id\":\"https:\\\/\\\/upmp.news\\\/#\\\/schema\\\/person\\\/cebd3113030eb01f184505010f519d71\"},\"headline\":\"Manipulacja! Rosyjska narracja: &#8222;Ukrai\u0144cy w Polsce \u2013 to z\u0142o&#8221;\",\"datePublished\":\"2023-06-27T09:07:46+00:00\",\"dateModified\":\"2023-07-04T11:09:09+00:00\",\"mainEntityOfPage\":{\"@id\":\"https:\\\/\\\/upmp.news\\\/pl\\\/pl-in-polish\\\/manipulacja-rosyjska-narracja-ukraincy-w-polsce-to-zlo\\\/\"},\"wordCount\":850,\"image\":{\"@id\":\"https:\\\/\\\/upmp.news\\\/pl\\\/pl-in-polish\\\/manipulacja-rosyjska-narracja-ukraincy-w-polsce-to-zlo\\\/#primaryimage\"},\"thumbnailUrl\":\"https:\\\/\\\/upmp.news\\\/wp-content\\\/uploads\\\/2023\\\/06\\\/IMG-20230626-WA0009-1.jpg\",\"articleSection\":[\"Projekt specjalny \u201cStop Lie\u201d\",\"W Polsce\"],\"inLanguage\":\"pl-PL\"},{\"@type\":\"WebPage\",\"@id\":\"https:\\\/\\\/upmp.news\\\/pl\\\/pl-in-polish\\\/manipulacja-rosyjska-narracja-ukraincy-w-polsce-to-zlo\\\/\",\"url\":\"https:\\\/\\\/upmp.news\\\/pl\\\/pl-in-polish\\\/manipulacja-rosyjska-narracja-ukraincy-w-polsce-to-zlo\\\/\",\"name\":\"Manipulacja! Rosyjska narracja: \\\"Ukrai\u0144cy w Polsce \u2013 to z\u0142o\\\" &#8211; U.P.M.P\",\"isPartOf\":{\"@id\":\"https:\\\/\\\/upmp.news\\\/#website\"},\"primaryImageOfPage\":{\"@id\":\"https:\\\/\\\/upmp.news\\\/pl\\\/pl-in-polish\\\/manipulacja-rosyjska-narracja-ukraincy-w-polsce-to-zlo\\\/#primaryimage\"},\"image\":{\"@id\":\"https:\\\/\\\/upmp.news\\\/pl\\\/pl-in-polish\\\/manipulacja-rosyjska-narracja-ukraincy-w-polsce-to-zlo\\\/#primaryimage\"},\"thumbnailUrl\":\"https:\\\/\\\/upmp.news\\\/wp-content\\\/uploads\\\/2023\\\/06\\\/IMG-20230626-WA0009-1.jpg\",\"datePublished\":\"2023-06-27T09:07:46+00:00\",\"dateModified\":\"2023-07-04T11:09:09+00:00\",\"author\":{\"@id\":\"https:\\\/\\\/upmp.news\\\/#\\\/schema\\\/person\\\/cebd3113030eb01f184505010f519d71\"},\"breadcrumb\":{\"@id\":\"https:\\\/\\\/upmp.news\\\/pl\\\/pl-in-polish\\\/manipulacja-rosyjska-narracja-ukraincy-w-polsce-to-zlo\\\/#breadcrumb\"},\"inLanguage\":\"pl-PL\",\"potentialAction\":[{\"@type\":\"ReadAction\",\"target\":[\"https:\\\/\\\/upmp.news\\\/pl\\\/pl-in-polish\\\/manipulacja-rosyjska-narracja-ukraincy-w-polsce-to-zlo\\\/\"]}]},{\"@type\":\"ImageObject\",\"inLanguage\":\"pl-PL\",\"@id\":\"https:\\\/\\\/upmp.news\\\/pl\\\/pl-in-polish\\\/manipulacja-rosyjska-narracja-ukraincy-w-polsce-to-zlo\\\/#primaryimage\",\"url\":\"https:\\\/\\\/upmp.news\\\/wp-content\\\/uploads\\\/2023\\\/06\\\/IMG-20230626-WA0009-1.jpg\",\"contentUrl\":\"https:\\\/\\\/upmp.news\\\/wp-content\\\/uploads\\\/2023\\\/06\\\/IMG-20230626-WA0009-1.jpg\",\"width\":640,\"height\":809,\"caption\":\"Zrzut ekranu z filmu na kanale YouTube Larynio\"},{\"@type\":\"BreadcrumbList\",\"@id\":\"https:\\\/\\\/upmp.news\\\/pl\\\/pl-in-polish\\\/manipulacja-rosyjska-narracja-ukraincy-w-polsce-to-zlo\\\/#breadcrumb\",\"itemListElement\":[{\"@type\":\"ListItem\",\"position\":1,\"name\":\"Home\",\"item\":\"https:\\\/\\\/upmp.news\\\/\"},{\"@type\":\"ListItem\",\"position\":2,\"name\":\"Manipulacja! Rosyjska narracja: &#8220;Ukrai\u0144cy w Polsce \u2013 to z\u0142o&#8221;\"}]},{\"@type\":\"WebSite\",\"@id\":\"https:\\\/\\\/upmp.news\\\/#website\",\"url\":\"https:\\\/\\\/upmp.news\\\/\",\"name\":\"U.P.M.P\",\"description\":\"\u0423\u043a\u0440\u0430\u0457\u043d\u043e-\u043f\u043e\u043b\u044c\u0441\u044c\u043a\u0430 \u043c\u0435\u0434\u0456\u0430\u043f\u043b\u0430\u0442\u0444\u043e\u0440\u043c\u0430\",\"potentialAction\":[{\"@type\":\"SearchAction\",\"target\":{\"@type\":\"EntryPoint\",\"urlTemplate\":\"https:\\\/\\\/upmp.news\\\/?s={search_term_string}\"},\"query-input\":{\"@type\":\"PropertyValueSpecification\",\"valueRequired\":true,\"valueName\":\"search_term_string\"}}],\"inLanguage\":\"pl-PL\"},{\"@type\":\"Person\",\"@id\":\"https:\\\/\\\/upmp.news\\\/#\\\/schema\\\/person\\\/cebd3113030eb01f184505010f519d71\",\"name\":\"vladimyr\",\"image\":{\"@type\":\"ImageObject\",\"inLanguage\":\"pl-PL\",\"@id\":\"https:\\\/\\\/upmp.news\\\/wp-content\\\/uploads\\\/2017\\\/12\\\/ava.png\",\"url\":\"https:\\\/\\\/upmp.news\\\/wp-content\\\/uploads\\\/2017\\\/12\\\/ava.png\",\"contentUrl\":\"https:\\\/\\\/upmp.news\\\/wp-content\\\/uploads\\\/2017\\\/12\\\/ava.png\",\"caption\":\"vladimyr\"},\"url\":\"https:\\\/\\\/upmp.news\\\/pl\\\/author\\\/vladimyr\\\/\"}]}<\/script>\n<!-- \/ Yoast SEO plugin. -->","yoast_head_json":{"title":"Manipulacja! Rosyjska narracja: \"Ukrai\u0144cy w Polsce \u2013 to z\u0142o\" &#8211; U.P.M.P","robots":{"index":"index","follow":"follow","max-snippet":"max-snippet:-1","max-image-preview":"max-image-preview:large","max-video-preview":"max-video-preview:-1"},"canonical":"https:\/\/upmp.news\/pl\/pl-in-polish\/manipulacja-rosyjska-narracja-ukraincy-w-polsce-to-zlo\/","og_locale":"pl_PL","og_type":"article","og_title":"Manipulacja! Rosyjska narracja: \"Ukrai\u0144cy w Polsce \u2013 to z\u0142o\" &#8211; U.P.M.P","og_description":"Polskoj\u0119zyczny telegram kana\u0142 portalu internetowego Niezale\u017cny Dziennik Polityczny, znany z ci\u0105g\u0142ego rozpowszechniania fake news\u00f3w i rosyjskiej propagandy, zamie\u015bci\u0142 kr\u00f3tkie nagranie z ko\u0144ca przem\u00f3wienia polskiego polityka Jaros\u0142awa Kaczy\u0144skiego z m\u00f3wnicy w Ukrainie, gdzie m\u00f3wi: &#8222;Chwa\u0142a Ukrainie!&#8221;, a publiczno\u015b\u0107 odpowiada: &#8222;Chwa\u0142a bohaterom!&#8221;. Towarzysz\u0105cy temu tekst brzmi nast\u0119puj\u0105co: \u00abWarto pami\u0119ta\u0107, kto zaprosi\u0142 Ukrai\u0144c\u00f3w do Polski i dzi\u0119ki komu [&hellip;]","og_url":"https:\/\/upmp.news\/pl\/pl-in-polish\/manipulacja-rosyjska-narracja-ukraincy-w-polsce-to-zlo\/","og_site_name":"U.P.M.P","article_publisher":"https:\/\/www.facebook.com\/upmp.news\/","article_published_time":"2023-06-27T09:07:46+00:00","article_modified_time":"2023-07-04T11:09:09+00:00","og_image":[{"width":640,"height":809,"url":"https:\/\/upmp.news\/wp-content\/uploads\/2023\/06\/IMG-20230626-WA0009-1.jpg","type":"image\/jpeg"}],"author":"vladimyr","twitter_card":"summary_large_image","twitter_creator":"@maininua","twitter_site":"@maininua","twitter_misc":{"Napisane przez":"vladimyr","Szacowany czas czytania":"4 minuty"},"schema":{"@context":"https:\/\/schema.org","@graph":[{"@type":"Article","@id":"https:\/\/upmp.news\/pl\/pl-in-polish\/manipulacja-rosyjska-narracja-ukraincy-w-polsce-to-zlo\/#article","isPartOf":{"@id":"https:\/\/upmp.news\/pl\/pl-in-polish\/manipulacja-rosyjska-narracja-ukraincy-w-polsce-to-zlo\/"},"author":{"name":"vladimyr","@id":"https:\/\/upmp.news\/#\/schema\/person\/cebd3113030eb01f184505010f519d71"},"headline":"Manipulacja! Rosyjska narracja: &#8222;Ukrai\u0144cy w Polsce \u2013 to z\u0142o&#8221;","datePublished":"2023-06-27T09:07:46+00:00","dateModified":"2023-07-04T11:09:09+00:00","mainEntityOfPage":{"@id":"https:\/\/upmp.news\/pl\/pl-in-polish\/manipulacja-rosyjska-narracja-ukraincy-w-polsce-to-zlo\/"},"wordCount":850,"image":{"@id":"https:\/\/upmp.news\/pl\/pl-in-polish\/manipulacja-rosyjska-narracja-ukraincy-w-polsce-to-zlo\/#primaryimage"},"thumbnailUrl":"https:\/\/upmp.news\/wp-content\/uploads\/2023\/06\/IMG-20230626-WA0009-1.jpg","articleSection":["Projekt specjalny \u201cStop Lie\u201d","W Polsce"],"inLanguage":"pl-PL"},{"@type":"WebPage","@id":"https:\/\/upmp.news\/pl\/pl-in-polish\/manipulacja-rosyjska-narracja-ukraincy-w-polsce-to-zlo\/","url":"https:\/\/upmp.news\/pl\/pl-in-polish\/manipulacja-rosyjska-narracja-ukraincy-w-polsce-to-zlo\/","name":"Manipulacja! Rosyjska narracja: \"Ukrai\u0144cy w Polsce \u2013 to z\u0142o\" &#8211; U.P.M.P","isPartOf":{"@id":"https:\/\/upmp.news\/#website"},"primaryImageOfPage":{"@id":"https:\/\/upmp.news\/pl\/pl-in-polish\/manipulacja-rosyjska-narracja-ukraincy-w-polsce-to-zlo\/#primaryimage"},"image":{"@id":"https:\/\/upmp.news\/pl\/pl-in-polish\/manipulacja-rosyjska-narracja-ukraincy-w-polsce-to-zlo\/#primaryimage"},"thumbnailUrl":"https:\/\/upmp.news\/wp-content\/uploads\/2023\/06\/IMG-20230626-WA0009-1.jpg","datePublished":"2023-06-27T09:07:46+00:00","dateModified":"2023-07-04T11:09:09+00:00","author":{"@id":"https:\/\/upmp.news\/#\/schema\/person\/cebd3113030eb01f184505010f519d71"},"breadcrumb":{"@id":"https:\/\/upmp.news\/pl\/pl-in-polish\/manipulacja-rosyjska-narracja-ukraincy-w-polsce-to-zlo\/#breadcrumb"},"inLanguage":"pl-PL","potentialAction":[{"@type":"ReadAction","target":["https:\/\/upmp.news\/pl\/pl-in-polish\/manipulacja-rosyjska-narracja-ukraincy-w-polsce-to-zlo\/"]}]},{"@type":"ImageObject","inLanguage":"pl-PL","@id":"https:\/\/upmp.news\/pl\/pl-in-polish\/manipulacja-rosyjska-narracja-ukraincy-w-polsce-to-zlo\/#primaryimage","url":"https:\/\/upmp.news\/wp-content\/uploads\/2023\/06\/IMG-20230626-WA0009-1.jpg","contentUrl":"https:\/\/upmp.news\/wp-content\/uploads\/2023\/06\/IMG-20230626-WA0009-1.jpg","width":640,"height":809,"caption":"Zrzut ekranu z filmu na kanale YouTube Larynio"},{"@type":"BreadcrumbList","@id":"https:\/\/upmp.news\/pl\/pl-in-polish\/manipulacja-rosyjska-narracja-ukraincy-w-polsce-to-zlo\/#breadcrumb","itemListElement":[{"@type":"ListItem","position":1,"name":"Home","item":"https:\/\/upmp.news\/"},{"@type":"ListItem","position":2,"name":"Manipulacja! Rosyjska narracja: &#8220;Ukrai\u0144cy w Polsce \u2013 to z\u0142o&#8221;"}]},{"@type":"WebSite","@id":"https:\/\/upmp.news\/#website","url":"https:\/\/upmp.news\/","name":"U.P.M.P","description":"\u0423\u043a\u0440\u0430\u0457\u043d\u043e-\u043f\u043e\u043b\u044c\u0441\u044c\u043a\u0430 \u043c\u0435\u0434\u0456\u0430\u043f\u043b\u0430\u0442\u0444\u043e\u0440\u043c\u0430","potentialAction":[{"@type":"SearchAction","target":{"@type":"EntryPoint","urlTemplate":"https:\/\/upmp.news\/?s={search_term_string}"},"query-input":{"@type":"PropertyValueSpecification","valueRequired":true,"valueName":"search_term_string"}}],"inLanguage":"pl-PL"},{"@type":"Person","@id":"https:\/\/upmp.news\/#\/schema\/person\/cebd3113030eb01f184505010f519d71","name":"vladimyr","image":{"@type":"ImageObject","inLanguage":"pl-PL","@id":"https:\/\/upmp.news\/wp-content\/uploads\/2017\/12\/ava.png","url":"https:\/\/upmp.news\/wp-content\/uploads\/2017\/12\/ava.png","contentUrl":"https:\/\/upmp.news\/wp-content\/uploads\/2017\/12\/ava.png","caption":"vladimyr"},"url":"https:\/\/upmp.news\/pl\/author\/vladimyr\/"}]}},"_links":{"self":[{"href":"https:\/\/upmp.news\/pl\/wp-json\/wp\/v2\/posts\/208788","targetHints":{"allow":["GET"]}}],"collection":[{"href":"https:\/\/upmp.news\/pl\/wp-json\/wp\/v2\/posts"}],"about":[{"href":"https:\/\/upmp.news\/pl\/wp-json\/wp\/v2\/types\/post"}],"author":[{"embeddable":true,"href":"https:\/\/upmp.news\/pl\/wp-json\/wp\/v2\/users\/27"}],"replies":[{"embeddable":true,"href":"https:\/\/upmp.news\/pl\/wp-json\/wp\/v2\/comments?post=208788"}],"version-history":[{"count":3,"href":"https:\/\/upmp.news\/pl\/wp-json\/wp\/v2\/posts\/208788\/revisions"}],"predecessor-version":[{"id":254615,"href":"https:\/\/upmp.news\/pl\/wp-json\/wp\/v2\/posts\/208788\/revisions\/254615"}],"wp:featuredmedia":[{"embeddable":true,"href":"https:\/\/upmp.news\/pl\/wp-json\/wp\/v2\/media\/240652"}],"wp:attachment":[{"href":"https:\/\/upmp.news\/pl\/wp-json\/wp\/v2\/media?parent=208788"}],"wp:term":[{"taxonomy":"category","embeddable":true,"href":"https:\/\/upmp.news\/pl\/wp-json\/wp\/v2\/categories?post=208788"},{"taxonomy":"post_tag","embeddable":true,"href":"https:\/\/upmp.news\/pl\/wp-json\/wp\/v2\/tags?post=208788"}],"curies":[{"name":"wp","href":"https:\/\/api.w.org\/{rel}","templated":true}]}}