{"id":255581,"date":"2023-07-12T20:36:46","date_gmt":"2023-07-12T18:36:46","guid":{"rendered":"https:\/\/upmp.news\/?p=255581"},"modified":"2023-07-12T20:36:46","modified_gmt":"2023-07-12T18:36:46","slug":"rosyjska-operacja-informacyjno-psychologiczna-polska-przygotowuje-sie-do-okupacji-polski-czyli-czego-spodziewac-sie-po-szczycie-nato","status":"publish","type":"post","link":"https:\/\/upmp.news\/pl\/pl-spsl\/rosyjska-operacja-informacyjno-psychologiczna-polska-przygotowuje-sie-do-okupacji-polski-czyli-czego-spodziewac-sie-po-szczycie-nato\/","title":{"rendered":"Rosyjska operacja informacyjno-psychologiczna. Polska przygotowuje si\u0119 do okupacji&#8230; Polski, czyli czego spodziewa\u0107 si\u0119 po szczycie NATO"},"content":{"rendered":"\n<p><strong>W okresie szczytu NATO w Wilnie w polskiej przestrzeni informacyjnej nasili\u0142y si\u0119 kampanie maj\u0105ce na celu zdyskredytowanie wysi\u0142k\u00f3w ukrai\u0144skiego i polskiego kierownictwa na rzecz przyspieszenia przyst\u0105pienia Ukrainy do Sojuszu P\u00f3\u0142nocnoatlantyckiego.<\/strong><\/p>\n\n\n\n<p>W tym celu rosyjscy fachowcy od specjalnych operacji informacyjnych stosuj\u0105 swoj\u0105 zwyk\u0142\u0105 metod\u0119 przerzucania winy z rosyjskiego agresora na Ukrain\u0119 i jej sojusznik\u00f3w oraz pr\u00f3buj\u0105 zastraszy\u0107 polskie spo\u0142ecze\u0144stwo rzekomymi katastrofalnymi konsekwencjami po przyznaniu Ukrainie gwarancji bezpiecze\u0144stwa i przyj\u0119ciu jej do NATO. Dodaj\u0105 tak\u017ce zwyk\u0142\u0105 rosyjsk\u0105 teori\u0119 konspiracyjn\u0105 o polsko-ameryka\u0144skim spisku przeciwko Rosji i planach przy\u0142\u0105czenia przez Polsk\u0119 cz\u0119\u015bci zachodniej Ukrainy.<\/p>\n\n\n\n<p>Na polskoj\u0119zycznym portalu Niezale\u017cny Dziennik Polityczny, znanym z ci\u0105g\u0142ego rozpowszechniania fa\u0142szywek i rosyjskiej propagandy, zamie\u015bciono informacj\u0119 pod nag\u0142\u00f3wkiem <a href=\"https:\/\/oko.press\/portal-z-falszywkami-kradnie-artykuly-tak-uwiarygodnia-sie-rosyjska-dezinformacja-w-polsce\">&#8222;Polska przygotowuje si\u0119 do okupacji Polski, czyli czego spodziewa\u0107 si\u0119 po szczycie NATO&#8221;<\/a>. Tak, chodzi o &#8222;okupacj\u0119 Polski&#8221;, a nie Ukrainy, jak napisano w tek\u015bcie. Autorzy artyku\u0142u musieli si\u0119 tak spieszy\u0107 z publikacj\u0105 kolejnej porcji propagandowych \u015bmieci, \u017ce pope\u0142nili mechaniczny b\u0142\u0105d.<\/p>\n\n\n\n<p><em>\u00abJe\u015bli jednak przeanalizujemy dzia\u0142ania Sojuszu P\u00f3\u0142nocnoatlantyckiego i ci\u0105g\u0142e prowokacje ze strony Polski i kraj\u00f3w ba\u0142tyckich, wy\u0142ania si\u0119 bardzo prawdopodobny scenariusz aneksji zachodnich ziem ukrai\u0144skich w najbli\u017cszej przysz\u0142o\u015bci\u00bb, &#8211; <\/em>twierdz\u0105 tak zwani &#8222;analitycy&#8221;<em>.<\/em><\/p>\n\n\n\n<p>Przeanalizujmy poni\u017csze punkty.<\/p>\n\n\n\n<p><strong>1. &#8222;Spektakl po szczycie&#8221;<\/strong><\/p>\n\n\n\n<p><em>\u00ab<\/em><em>Re\u017cimy Polski i kraj\u00f3w ba\u0142tyckich synchronicznie o\u015bwiadczaj\u0105, \u017ce nie s\u0105 zadowolone ze statusu Ukrainy w Sojuszu, w tym z gwarancji bezpiecze\u0144stwa. Po tym nast\u0119puj\u0105 o\u015bwiadczenia z ich strony o gotowo\u015bci do zapewnienia Ukrainie gwarancji bezpiecze\u0144stwa. Wsp\u00f3lne polsko-ukrai\u0144sko-litewskie formacje s\u0105 wprowadzane na zachodni\u0105 Ukrain\u0119 pod pretekstem misji pokojowej. Ale to wymaga pretekstu<\/em><em>\u00bb<\/em><em>.<\/em><\/p>\n\n\n\n<p>W rzeczywisto\u015bci <a href=\"https:\/\/www.ukrinform.ua\/rubric-polytics\/3431602-polsa-predstavila-u-stabkvartiri-nato-proekt-mirotvorcoi-misii-v-ukraini.html\">Polska przedstawi\u0142a projekt misji pokojowej Sojuszu w Ukrainie <\/a>podczas spotkania ministr\u00f3w obrony NATO w siedzibie organizacji w Brukseli 24 marca 2023 r., o czym otwarcie powiedzia\u0142 polski minister obrony narodowej Mariusz B\u0142aszczak. M\u00f3wi\u0142 te\u017c o szerokim udziale pa\u0144stw NATO, nie tylko Polski i Litwy: &#8222;teraz sojusznicy powinni pomy\u015ble\u0107 o tym, jak mog\u0142aby powsta\u0107 misja pokojowa w Ukrainie, podobna do tej w Kosowie&#8221;.<\/p>\n\n\n<div class=\"wp-block-image\">\n<figure class=\"aligncenter size-full is-resized\"><img loading=\"lazy\" decoding=\"async\" src=\"https:\/\/upmp.news\/wp-content\/uploads\/2023\/07\/40.jpg\" alt=\"\" class=\"wp-image-255575\" width=\"368\" height=\"490\" srcset=\"https:\/\/upmp.news\/wp-content\/uploads\/2023\/07\/40.jpg 648w, https:\/\/upmp.news\/wp-content\/uploads\/2023\/07\/40-225x300.jpg 225w, https:\/\/upmp.news\/wp-content\/uploads\/2023\/07\/40-600x800.jpg 600w, https:\/\/upmp.news\/wp-content\/uploads\/2023\/07\/40-150x200.jpg 150w\" sizes=\"auto, (max-width: 368px) 100vw, 368px\" \/><\/figure>\n<\/div>\n\n\n<p>Jednak <a href=\"https:\/\/www.unian.ua\/world\/v-nato-ne-pidtrimali-propoziciyu-polshchi-pro-mirotvorchi-sili-v-ukrajini-novini-svitu-11757955.html\">NATO nie popar\u0142o propozycji Polski <\/a>dotycz\u0105cej si\u0142 pokojowych w Ukrainie, jak powiedzia\u0142 sekretarz generalny Jens Stoltenberg na briefingu po nadzwyczajnym szczycie.<\/p>\n\n\n\n<p><strong>2. &#8222;Oni czekaj\u0105 na pow\u00f3d&#8221;.<\/strong><\/p>\n\n\n\n<p><em>\u00abOczywi\u015bcie nie mog\u0105 tego zrobi\u0107 bez powodu. W tym celu potrzebuj\u0105 g\u0142o\u015bnego powodu, dlatego temat sabota\u017cu na ZNPP by\u0142 tak aktywnie promowany. Je\u015bli ZNPP zawiedzie, spr\u00f3buj\u0105 dokona\u0107 kolejnej g\u0142o\u015bnej prowokacji z u\u017cyciem broni masowego ra\u017cenia. Nie jest wykluczone, \u017ce dojdzie do pr\u00f3by wstrz\u0105\u015bni\u0119cia spo\u0142ecze\u0144stwem wewn\u0105trz Rosji lub zainscenizowania wydarze\u0144 podobnych do buntu Prigo\u017cyna\u00bb.<\/em><\/p>\n\n\n\n<p>Jest to typowy przyk\u0142ad zastosowania przykazania g\u0142\u00f3wnego nazistowskiego propagandysty Josepha Goebbelsa: &#8222;Nie szukamy prawdy, ale efektu&#8221;.<\/p>\n\n\n\n<p>Po rosyjskiej zbrodni wojennej \u2013 wysadzenia tamy elektrowni wodnej w Kachowce, co samo w sobie jest r\u00f3wnoznaczne z u\u017cyciem broni masowego ra\u017cenia, dyrektor generalny MAEA Rafael Grossi odwiedzi\u0142 elektrowni\u0119 j\u0105drow\u0105 w Zaporo\u017cu, aby oceni\u0107 sytuacj\u0119 po zniszczeniu elektrowni wodnej. Zauwa\u017cy\u0142, \u017ce jedn\u0105 z najwa\u017cniejszych konsekwencji zniszczenia tamy w Kachowce by\u0142o obni\u017cenie poziomu wody w stawie ch\u0142odz\u0105cym ZNPP, kt\u00f3ry jest niezb\u0119dny do ch\u0142odzenia elektrowni j\u0105drowej.<\/p>\n\n\n\n<p>Grossi wezwa\u0142 Rosj\u0119, by nie wykorzystywa\u0142a elektrowni j\u0105drowej jako bazy wojskowej i nie prowadzi\u0142a z niej ostrza\u0142u. Natomiast Rosja wstrzyma\u0142a automatyczn\u0105 transmisj\u0119 danych z czujnik\u00f3w monitoruj\u0105cych promieniowanie w elektrowni j\u0105drowej.<\/p>\n\n\n\n<p>Wed\u0142ug O\u0142eha Korikowa, szefa Pa\u0144stwowego Inspektoratu Dozoru J\u0105drowego Ukrainy, okupanci s\u0105 obecni w okupowanej elektrowni j\u0105drowej z broni\u0105 i materia\u0142ami wybuchowymi. Jej system ochrony fizycznej jest obecnie praktycznie zniszczony. Rosyjscy wojskowi wykorzystuj\u0105 zak\u0142ady produkcyjne elektrowni jako schronienie dla swojej broni, materia\u0142\u00f3w wybuchowych, sprz\u0119tu wojskowego i ca\u0142ego personelu wojskowego. <a href=\"https:\/\/www.radiosvoboda.org\/a\/novyny-pryazovya-rosiya-pidryv-zaporizkoyi-atomnoyi-stantsiyi\/32465831.html\">Rosjanie szanta\u017cuj\u0105 w ten spos\u00f3b<\/a>, wykorzystuj\u0105c obawy Europejczyk\u00f3w i spo\u0142eczno\u015bci mi\u0119dzynarodowej przed broni\u0105 j\u0105drow\u0105.<\/p>\n\n\n\n<p><a href=\"https:\/\/ukrainian.voanews.com\/a\/kotin-interview-zaes-anomna-energia\/7101818.html\">Wed\u0142ug prezesa ukrai\u0144skiej pa\u0144stwowej sp\u00f3\u0142ki j\u0105drowej Energoatom, Petra Kotina<\/a>, liczba rosyjskiego personelu wojskowego w ZNPP stale ro\u015bnie i ju\u017c przekracza liczb\u0119 personelu. Obecnie jest tam prawie 2500 rosyjskich wojskowych, podczas gdy wcze\u015bniej by\u0142o ich oko\u0142o 500.<\/p>\n\n\n\n<p>Je\u015bli chodzi o obawy o &#8222;zorganizowanie przewrotu spo\u0142ecznego w Rosji podobnego do buntu Prigo\u017cyna&#8221;, g\u0142\u00f3wnym organizatorem tego przewrotu jest Moskwa. <a href=\"https:\/\/www.radiosvoboda.org\/a\/news-kreml-putin-zustrich-pryhozhyn\/32496801.html\">Wed\u0142ug rzecznika prezydenta Rosji Dmitrija Pieskowa<\/a>, szef Wagnera, Prigo\u017cyn, spotka\u0142 si\u0119 z W\u0142adimirem Putinem na Kremlu 29 czerwca na spotkaniu z wojskowymi po buncie z 23 na 24 czerwca.<\/p>\n\n\n\n<p><strong>3. <\/strong>&#8222;<strong>W jaki spos\u00f3b zagra\u017ca to regionowi?&#8221;<\/strong><\/p>\n\n\n\n<p><em>\u00abJe\u015bli Polska zajmie zachodnie ziemie Ukrainy, istnieje du\u017ce prawdopodobie\u0144stwo wci\u0105gni\u0119cia tego kraju w konflikt zbrojny. I formalnie mo\u017ce si\u0119 to odby\u0107 poza NATO. Wyja\u015bnia to r\u00f3wnie\u017c pow\u00f3d, dla kt\u00f3rego Stany Zjednoczone tak aktywnie pompowa\u0142y bro\u0144 ofensywn\u0105 do Polski w ostatnich latach\u00bb.<\/em><\/p>\n\n\n\n<p><\/p>\n\n\n\n<p>U\u017cycie s\u0142\u00f3w &#8222;ten kraj&#8221; wyra\u017anie wskazuje, \u017ce tekst nie zosta\u0142 napisany przez Polaka. Polak napisa\u0142by &#8222;nasz kraj&#8221; lub &#8222;Polska&#8221;.<\/p>\n\n\n\n<p><strong>4.<\/strong> <strong>&#8222;Na co liczy Warszawa?&#8221;<\/strong><\/p>\n\n\n\n<p>Ambicje Polski s\u0105 rozgrywane przez Stany Zjednoczone, kt\u00f3re s\u0105 zainteresowane realizacj\u0105 geopolitycznego projektu &#8222;Mi\u0119dzymorza&#8221;, w kt\u00f3rym Warszawie przypisuje si\u0119 wiod\u0105c\u0105 rol\u0119. Aby zrealizowa\u0107 to zadanie, wschodnie granice Sojuszu s\u0105 napompowane broni\u0105 i si\u0142ami NATO, aby mie\u0107 oczywist\u0105 przewag\u0119 w przypadku niespodziewanej agresji. Teraz tylko czekaj\u0105 na okazj\u0119.<\/p>\n\n\n\n<p>W rzeczywisto\u015bci tak zwane &#8222;rozmieszczenie broni i si\u0142 NATO na wschodnich granicach Sojuszu&#8221; to polityka wzmacniania bezpiecze\u0144stwa na wschodniej flance Sojuszu i zdolno\u015bci obronnych Ukrainy w odpowiedzi na agresj\u0119 Rosji na Ukrain\u0119.<\/p>\n\n\n\n<p><a href=\"https:\/\/www.eurointegration.com.ua\/news\/2023\/05\/22\/7162204\/\">Zosta\u0142o to om\u00f3wione przez<\/a> ministr\u00f3w obrony i wysokich rang\u0105 przedstawicieli ministerstw obrony 12 kraj\u00f3w NATO na spotkaniu w Polsce 22 maja 2023 roku.<\/p>\n\n\n\n<p>I w\u0142a\u015bnie w celu wzmocnienia wschodniej flanki NATO <a href=\"https:\/\/www.unian.ua\/world\/prigozhin-v-bilorusi-nimechchina-napravit-chotiri-tisyachi-soldativ-dlya-zmicnennya-shidnih-kordoniv-nato-12308121.html\">Niemcy chc\u0105 na sta\u0142e rozmie\u015bci\u0107 na Litwie <\/a>cztery tysi\u0105ce \u017co\u0142nierzy, jak powiedzia\u0142 niemiecki minister obrony Boris Pistorius podczas wizyty w Wilnie.<\/p>\n\n\n\n<p><strong>Anatolij Kurnosow<\/strong><\/p>\n\n\n\n<p><em>Materia\u0142 zosta\u0142 przygotowany w ramach projektu Stop Lie Fundacji Charytatywnej Partnerstwa Polsko-Ukrai\u0144skiego w ramach projektu UE Pilne Wsparcie Spo\u0142ecze\u0144stwa Obywatelskiego, realizowanego przez ISAR Ednannia przy wsparciu finansowym Unii Europejskiej. Jego tre\u015b\u0107 jest wy\u0142\u0105czn\u0105 odpowiedzialno\u015bci\u0105 autora i niekoniecznie odzwierciedla stanowisko Unii Europejskiej.<\/em><\/p>\n\n\n\n<p><a href=\"https:\/\/www.facebook.com\/hashtag\/%D0%BF%D1%80%D1%8F%D0%BC%D1%83%D1%94%D0%BC%D0%BE%D1%80%D0%B0%D0%B7%D0%BE%D0%BC?__eep__=6&amp;__cft__[0]=AZUWgygLHtxoLmIIQt0vg2V9v-x2oX-ENlqUwUGLMoFUB7A6ozyYl5Uxumh-D8GXEyTVQfZyH19_SWW6Bgy-hbcU5OdtMwZV0IO7DRfBrxIs6N9yt7hQGF7W0dT_sck7Ca57ARIcGs2dqq4OftJwpEl-fqkVi3S9m4KIyCI7U2aCRS07Jx3k-8kxhYP1dJV719A&amp;__tn__=*NK-R\" target=\"_blank\" rel=\"noreferrer noopener\">#\u041f\u0440\u044f\u043c\u0443\u0454\u043c\u043e\u0420\u0430\u0437\u043e\u043c<\/a> <a href=\"https:\/\/www.facebook.com\/hashtag\/teameurope?__eep__=6&amp;__cft__[0]=AZUWgygLHtxoLmIIQt0vg2V9v-x2oX-ENlqUwUGLMoFUB7A6ozyYl5Uxumh-D8GXEyTVQfZyH19_SWW6Bgy-hbcU5OdtMwZV0IO7DRfBrxIs6N9yt7hQGF7W0dT_sck7Ca57ARIcGs2dqq4OftJwpEl-fqkVi3S9m4KIyCI7U2aCRS07Jx3k-8kxhYP1dJV719A&amp;__tn__=*NK-R\" target=\"_blank\" rel=\"noreferrer noopener\">#TeamEurope<\/a> <a href=\"https:\/\/www.facebook.com\/hashtag\/movingforwardtogether?__eep__=6&amp;__cft__[0]=AZUWgygLHtxoLmIIQt0vg2V9v-x2oX-ENlqUwUGLMoFUB7A6ozyYl5Uxumh-D8GXEyTVQfZyH19_SWW6Bgy-hbcU5OdtMwZV0IO7DRfBrxIs6N9yt7hQGF7W0dT_sck7Ca57ARIcGs2dqq4OftJwpEl-fqkVi3S9m4KIyCI7U2aCRS07Jx3k-8kxhYP1dJV719A&amp;__tn__=*NK-R\" target=\"_blank\" rel=\"noreferrer noopener\">#MovingForwardTogether<\/a> <a href=\"https:\/\/www.facebook.com\/hashtag\/isarednannia?__eep__=6&amp;__cft__[0]=AZUWgygLHtxoLmIIQt0vg2V9v-x2oX-ENlqUwUGLMoFUB7A6ozyYl5Uxumh-D8GXEyTVQfZyH19_SWW6Bgy-hbcU5OdtMwZV0IO7DRfBrxIs6N9yt7hQGF7W0dT_sck7Ca57ARIcGs2dqq4OftJwpEl-fqkVi3S9m4KIyCI7U2aCRS07Jx3k-8kxhYP1dJV719A&amp;__tn__=*NK-R\" target=\"_blank\" rel=\"noreferrer noopener\">#ISAREdnannia<\/a> <a href=\"https:\/\/www.facebook.com\/hashtag\/stoplie?__eep__=6&amp;__cft__[0]=AZUWgygLHtxoLmIIQt0vg2V9v-x2oX-ENlqUwUGLMoFUB7A6ozyYl5Uxumh-D8GXEyTVQfZyH19_SWW6Bgy-hbcU5OdtMwZV0IO7DRfBrxIs6N9yt7hQGF7W0dT_sck7Ca57ARIcGs2dqq4OftJwpEl-fqkVi3S9m4KIyCI7U2aCRS07Jx3k-8kxhYP1dJV719A&amp;__tn__=*NK-R\" target=\"_blank\" rel=\"noreferrer noopener\">#StopLie<\/a><\/p>\n\n\n\n<p><a href=\"https:\/\/www.facebook.com\/isar.ednannia?__cft__[0]=AZUWgygLHtxoLmIIQt0vg2V9v-x2oX-ENlqUwUGLMoFUB7A6ozyYl5Uxumh-D8GXEyTVQfZyH19_SWW6Bgy-hbcU5OdtMwZV0IO7DRfBrxIs6N9yt7hQGF7W0dT_sck7Ca57ARIcGs2dqq4OftJwpEl-fqkVi3S9m4KIyCI7U2aCRS07Jx3k-8kxhYP1dJV719A&amp;__tn__=-]K-R\" target=\"_blank\" rel=\"noreferrer noopener\">Isar Ednannia<\/a><a href=\"https:\/\/www.facebook.com\/EUDelegationUkraine?__cft__[0]=AZUWgygLHtxoLmIIQt0vg2V9v-x2oX-ENlqUwUGLMoFUB7A6ozyYl5Uxumh-D8GXEyTVQfZyH19_SWW6Bgy-hbcU5OdtMwZV0IO7DRfBrxIs6N9yt7hQGF7W0dT_sck7Ca57ARIcGs2dqq4OftJwpEl-fqkVi3S9m4KIyCI7U2aCRS07Jx3k-8kxhYP1dJV719A&amp;__tn__=-]K-R\" target=\"_blank\" rel=\"noreferrer noopener\"> European Union in Ukraine<\/a><a href=\"https:\/\/www.facebook.com\/bf.pol.ukr.partnerstwa?__cft__[0]=AZUWgygLHtxoLmIIQt0vg2V9v-x2oX-ENlqUwUGLMoFUB7A6ozyYl5Uxumh-D8GXEyTVQfZyH19_SWW6Bgy-hbcU5OdtMwZV0IO7DRfBrxIs6N9yt7hQGF7W0dT_sck7Ca57ARIcGs2dqq4OftJwpEl-fqkVi3S9m4KIyCI7U2aCRS07Jx3k-8kxhYP1dJV719A&amp;__tn__=-]K-R\" target=\"_blank\" rel=\"noreferrer noopener\"> \u0411\u043b\u0430\u0433\u043e\u0434\u0456\u0439\u043d\u0438\u0439 \u0444\u043e\u043d\u0434 \u043f\u043e\u043b\u044c\u0441\u044c\u043a\u043e-\u0443\u043a\u0440\u0430\u0457\u043d\u0441\u044c\u043a\u043e\u0433\u043e \u043f\u0430\u0440\u0442\u043d\u0435\u0440\u0441\u0442\u0432\u0430<\/a><\/p>\n","protected":false},"excerpt":{"rendered":"<p>W okresie szczytu NATO w Wilnie w polskiej przestrzeni informacyjnej nasili\u0142y si\u0119 kampanie maj\u0105ce na celu zdyskredytowanie wysi\u0142k\u00f3w ukrai\u0144skiego i polskiego kierownictwa na rzecz przyspieszenia przyst\u0105pienia Ukrainy do Sojuszu P\u00f3\u0142nocnoatlantyckiego. W tym celu rosyjscy fachowcy od specjalnych operacji informacyjnych stosuj\u0105 swoj\u0105 zwyk\u0142\u0105 metod\u0119 przerzucania winy z rosyjskiego agresora na Ukrain\u0119 i jej sojusznik\u00f3w oraz pr\u00f3buj\u0105 [&hellip;]<\/p>\n","protected":false},"author":27,"featured_media":255582,"comment_status":"closed","ping_status":"open","sticky":true,"template":"","format":"standard","meta":{"_exactmetrics_skip_tracking":false,"_exactmetrics_sitenote_active":false,"_exactmetrics_sitenote_note":"","_exactmetrics_sitenote_category":0,"footnotes":""},"categories":[20556,2078],"tags":[],"class_list":["post-255581","post","type-post","status-publish","format-standard","has-post-thumbnail","hentry","category-pl-spsl","category-pl-in-polish"],"yoast_head":"<!-- This site is optimized with the Yoast SEO plugin v27.3 - https:\/\/yoast.com\/product\/yoast-seo-wordpress\/ -->\n<title>Rosyjska operacja informacyjno-psychologiczna. Polska przygotowuje si\u0119 do okupacji... Polski, czyli czego spodziewa\u0107 si\u0119 po szczycie NATO &#8211; U.P.M.P<\/title>\n<meta name=\"robots\" content=\"index, follow, max-snippet:-1, max-image-preview:large, max-video-preview:-1\" \/>\n<link rel=\"canonical\" href=\"https:\/\/upmp.news\/pl\/pl-spsl\/rosyjska-operacja-informacyjno-psychologiczna-polska-przygotowuje-sie-do-okupacji-polski-czyli-czego-spodziewac-sie-po-szczycie-nato\/\" \/>\n<meta property=\"og:locale\" content=\"pl_PL\" \/>\n<meta property=\"og:type\" content=\"article\" \/>\n<meta property=\"og:title\" content=\"Rosyjska operacja informacyjno-psychologiczna. Polska przygotowuje si\u0119 do okupacji... Polski, czyli czego spodziewa\u0107 si\u0119 po szczycie NATO &#8211; U.P.M.P\" \/>\n<meta property=\"og:description\" content=\"W okresie szczytu NATO w Wilnie w polskiej przestrzeni informacyjnej nasili\u0142y si\u0119 kampanie maj\u0105ce na celu zdyskredytowanie wysi\u0142k\u00f3w ukrai\u0144skiego i polskiego kierownictwa na rzecz przyspieszenia przyst\u0105pienia Ukrainy do Sojuszu P\u00f3\u0142nocnoatlantyckiego. W tym celu rosyjscy fachowcy od specjalnych operacji informacyjnych stosuj\u0105 swoj\u0105 zwyk\u0142\u0105 metod\u0119 przerzucania winy z rosyjskiego agresora na Ukrain\u0119 i jej sojusznik\u00f3w oraz pr\u00f3buj\u0105 [&hellip;]\" \/>\n<meta property=\"og:url\" content=\"https:\/\/upmp.news\/pl\/pl-spsl\/rosyjska-operacja-informacyjno-psychologiczna-polska-przygotowuje-sie-do-okupacji-polski-czyli-czego-spodziewac-sie-po-szczycie-nato\/\" \/>\n<meta property=\"og:site_name\" content=\"U.P.M.P\" \/>\n<meta property=\"article:publisher\" content=\"https:\/\/www.facebook.com\/upmp.news\/\" \/>\n<meta property=\"article:published_time\" content=\"2023-07-12T18:36:46+00:00\" \/>\n<meta property=\"og:image\" content=\"https:\/\/upmp.news\/wp-content\/uploads\/2023\/07\/14_Image-1.jpg\" \/>\n\t<meta property=\"og:image:width\" content=\"1043\" \/>\n\t<meta property=\"og:image:height\" content=\"695\" \/>\n\t<meta property=\"og:image:type\" content=\"image\/jpeg\" \/>\n<meta name=\"author\" content=\"vladimyr\" \/>\n<meta name=\"twitter:card\" content=\"summary_large_image\" \/>\n<meta name=\"twitter:creator\" content=\"@maininua\" \/>\n<meta name=\"twitter:site\" content=\"@maininua\" \/>\n<meta name=\"twitter:label1\" content=\"Napisane przez\" \/>\n\t<meta name=\"twitter:data1\" content=\"vladimyr\" \/>\n\t<meta name=\"twitter:label2\" content=\"Szacowany czas czytania\" \/>\n\t<meta name=\"twitter:data2\" content=\"6 minut\" \/>\n<script type=\"application\/ld+json\" class=\"yoast-schema-graph\">{\"@context\":\"https:\\\/\\\/schema.org\",\"@graph\":[{\"@type\":\"Article\",\"@id\":\"https:\\\/\\\/upmp.news\\\/pl\\\/pl-spsl\\\/rosyjska-operacja-informacyjno-psychologiczna-polska-przygotowuje-sie-do-okupacji-polski-czyli-czego-spodziewac-sie-po-szczycie-nato\\\/#article\",\"isPartOf\":{\"@id\":\"https:\\\/\\\/upmp.news\\\/pl\\\/pl-spsl\\\/rosyjska-operacja-informacyjno-psychologiczna-polska-przygotowuje-sie-do-okupacji-polski-czyli-czego-spodziewac-sie-po-szczycie-nato\\\/\"},\"author\":{\"name\":\"vladimyr\",\"@id\":\"https:\\\/\\\/upmp.news\\\/#\\\/schema\\\/person\\\/cebd3113030eb01f184505010f519d71\"},\"headline\":\"Rosyjska operacja informacyjno-psychologiczna. Polska przygotowuje si\u0119 do okupacji&#8230; Polski, czyli czego spodziewa\u0107 si\u0119 po szczycie NATO\",\"datePublished\":\"2023-07-12T18:36:46+00:00\",\"mainEntityOfPage\":{\"@id\":\"https:\\\/\\\/upmp.news\\\/pl\\\/pl-spsl\\\/rosyjska-operacja-informacyjno-psychologiczna-polska-przygotowuje-sie-do-okupacji-polski-czyli-czego-spodziewac-sie-po-szczycie-nato\\\/\"},\"wordCount\":1195,\"image\":{\"@id\":\"https:\\\/\\\/upmp.news\\\/pl\\\/pl-spsl\\\/rosyjska-operacja-informacyjno-psychologiczna-polska-przygotowuje-sie-do-okupacji-polski-czyli-czego-spodziewac-sie-po-szczycie-nato\\\/#primaryimage\"},\"thumbnailUrl\":\"https:\\\/\\\/upmp.news\\\/wp-content\\\/uploads\\\/2023\\\/07\\\/14_Image-1.jpg\",\"articleSection\":[\"Projekt specjalny \u201cStop Lie\u201d\",\"W Polsce\"],\"inLanguage\":\"pl-PL\"},{\"@type\":\"WebPage\",\"@id\":\"https:\\\/\\\/upmp.news\\\/pl\\\/pl-spsl\\\/rosyjska-operacja-informacyjno-psychologiczna-polska-przygotowuje-sie-do-okupacji-polski-czyli-czego-spodziewac-sie-po-szczycie-nato\\\/\",\"url\":\"https:\\\/\\\/upmp.news\\\/pl\\\/pl-spsl\\\/rosyjska-operacja-informacyjno-psychologiczna-polska-przygotowuje-sie-do-okupacji-polski-czyli-czego-spodziewac-sie-po-szczycie-nato\\\/\",\"name\":\"Rosyjska operacja informacyjno-psychologiczna. Polska przygotowuje si\u0119 do okupacji... Polski, czyli czego spodziewa\u0107 si\u0119 po szczycie NATO &#8211; U.P.M.P\",\"isPartOf\":{\"@id\":\"https:\\\/\\\/upmp.news\\\/#website\"},\"primaryImageOfPage\":{\"@id\":\"https:\\\/\\\/upmp.news\\\/pl\\\/pl-spsl\\\/rosyjska-operacja-informacyjno-psychologiczna-polska-przygotowuje-sie-do-okupacji-polski-czyli-czego-spodziewac-sie-po-szczycie-nato\\\/#primaryimage\"},\"image\":{\"@id\":\"https:\\\/\\\/upmp.news\\\/pl\\\/pl-spsl\\\/rosyjska-operacja-informacyjno-psychologiczna-polska-przygotowuje-sie-do-okupacji-polski-czyli-czego-spodziewac-sie-po-szczycie-nato\\\/#primaryimage\"},\"thumbnailUrl\":\"https:\\\/\\\/upmp.news\\\/wp-content\\\/uploads\\\/2023\\\/07\\\/14_Image-1.jpg\",\"datePublished\":\"2023-07-12T18:36:46+00:00\",\"author\":{\"@id\":\"https:\\\/\\\/upmp.news\\\/#\\\/schema\\\/person\\\/cebd3113030eb01f184505010f519d71\"},\"breadcrumb\":{\"@id\":\"https:\\\/\\\/upmp.news\\\/pl\\\/pl-spsl\\\/rosyjska-operacja-informacyjno-psychologiczna-polska-przygotowuje-sie-do-okupacji-polski-czyli-czego-spodziewac-sie-po-szczycie-nato\\\/#breadcrumb\"},\"inLanguage\":\"pl-PL\",\"potentialAction\":[{\"@type\":\"ReadAction\",\"target\":[\"https:\\\/\\\/upmp.news\\\/pl\\\/pl-spsl\\\/rosyjska-operacja-informacyjno-psychologiczna-polska-przygotowuje-sie-do-okupacji-polski-czyli-czego-spodziewac-sie-po-szczycie-nato\\\/\"]}]},{\"@type\":\"ImageObject\",\"inLanguage\":\"pl-PL\",\"@id\":\"https:\\\/\\\/upmp.news\\\/pl\\\/pl-spsl\\\/rosyjska-operacja-informacyjno-psychologiczna-polska-przygotowuje-sie-do-okupacji-polski-czyli-czego-spodziewac-sie-po-szczycie-nato\\\/#primaryimage\",\"url\":\"https:\\\/\\\/upmp.news\\\/wp-content\\\/uploads\\\/2023\\\/07\\\/14_Image-1.jpg\",\"contentUrl\":\"https:\\\/\\\/upmp.news\\\/wp-content\\\/uploads\\\/2023\\\/07\\\/14_Image-1.jpg\",\"width\":1043,\"height\":695,\"caption\":\"Ilustracja projektu \u201eStop Lie\u201d\"},{\"@type\":\"BreadcrumbList\",\"@id\":\"https:\\\/\\\/upmp.news\\\/pl\\\/pl-spsl\\\/rosyjska-operacja-informacyjno-psychologiczna-polska-przygotowuje-sie-do-okupacji-polski-czyli-czego-spodziewac-sie-po-szczycie-nato\\\/#breadcrumb\",\"itemListElement\":[{\"@type\":\"ListItem\",\"position\":1,\"name\":\"Home\",\"item\":\"https:\\\/\\\/upmp.news\\\/\"},{\"@type\":\"ListItem\",\"position\":2,\"name\":\"Rosyjska operacja informacyjno-psychologiczna. Polska przygotowuje si\u0119 do okupacji&#8230; Polski, czyli czego spodziewa\u0107 si\u0119 po szczycie NATO\"}]},{\"@type\":\"WebSite\",\"@id\":\"https:\\\/\\\/upmp.news\\\/#website\",\"url\":\"https:\\\/\\\/upmp.news\\\/\",\"name\":\"U.P.M.P\",\"description\":\"\u0423\u043a\u0440\u0430\u0457\u043d\u043e-\u043f\u043e\u043b\u044c\u0441\u044c\u043a\u0430 \u043c\u0435\u0434\u0456\u0430\u043f\u043b\u0430\u0442\u0444\u043e\u0440\u043c\u0430\",\"potentialAction\":[{\"@type\":\"SearchAction\",\"target\":{\"@type\":\"EntryPoint\",\"urlTemplate\":\"https:\\\/\\\/upmp.news\\\/?s={search_term_string}\"},\"query-input\":{\"@type\":\"PropertyValueSpecification\",\"valueRequired\":true,\"valueName\":\"search_term_string\"}}],\"inLanguage\":\"pl-PL\"},{\"@type\":\"Person\",\"@id\":\"https:\\\/\\\/upmp.news\\\/#\\\/schema\\\/person\\\/cebd3113030eb01f184505010f519d71\",\"name\":\"vladimyr\",\"image\":{\"@type\":\"ImageObject\",\"inLanguage\":\"pl-PL\",\"@id\":\"https:\\\/\\\/upmp.news\\\/wp-content\\\/uploads\\\/2017\\\/12\\\/ava.png\",\"url\":\"https:\\\/\\\/upmp.news\\\/wp-content\\\/uploads\\\/2017\\\/12\\\/ava.png\",\"contentUrl\":\"https:\\\/\\\/upmp.news\\\/wp-content\\\/uploads\\\/2017\\\/12\\\/ava.png\",\"caption\":\"vladimyr\"},\"url\":\"https:\\\/\\\/upmp.news\\\/pl\\\/author\\\/vladimyr\\\/\"}]}<\/script>\n<!-- \/ Yoast SEO plugin. -->","yoast_head_json":{"title":"Rosyjska operacja informacyjno-psychologiczna. Polska przygotowuje si\u0119 do okupacji... Polski, czyli czego spodziewa\u0107 si\u0119 po szczycie NATO &#8211; U.P.M.P","robots":{"index":"index","follow":"follow","max-snippet":"max-snippet:-1","max-image-preview":"max-image-preview:large","max-video-preview":"max-video-preview:-1"},"canonical":"https:\/\/upmp.news\/pl\/pl-spsl\/rosyjska-operacja-informacyjno-psychologiczna-polska-przygotowuje-sie-do-okupacji-polski-czyli-czego-spodziewac-sie-po-szczycie-nato\/","og_locale":"pl_PL","og_type":"article","og_title":"Rosyjska operacja informacyjno-psychologiczna. Polska przygotowuje si\u0119 do okupacji... Polski, czyli czego spodziewa\u0107 si\u0119 po szczycie NATO &#8211; U.P.M.P","og_description":"W okresie szczytu NATO w Wilnie w polskiej przestrzeni informacyjnej nasili\u0142y si\u0119 kampanie maj\u0105ce na celu zdyskredytowanie wysi\u0142k\u00f3w ukrai\u0144skiego i polskiego kierownictwa na rzecz przyspieszenia przyst\u0105pienia Ukrainy do Sojuszu P\u00f3\u0142nocnoatlantyckiego. W tym celu rosyjscy fachowcy od specjalnych operacji informacyjnych stosuj\u0105 swoj\u0105 zwyk\u0142\u0105 metod\u0119 przerzucania winy z rosyjskiego agresora na Ukrain\u0119 i jej sojusznik\u00f3w oraz pr\u00f3buj\u0105 [&hellip;]","og_url":"https:\/\/upmp.news\/pl\/pl-spsl\/rosyjska-operacja-informacyjno-psychologiczna-polska-przygotowuje-sie-do-okupacji-polski-czyli-czego-spodziewac-sie-po-szczycie-nato\/","og_site_name":"U.P.M.P","article_publisher":"https:\/\/www.facebook.com\/upmp.news\/","article_published_time":"2023-07-12T18:36:46+00:00","og_image":[{"width":1043,"height":695,"url":"https:\/\/upmp.news\/wp-content\/uploads\/2023\/07\/14_Image-1.jpg","type":"image\/jpeg"}],"author":"vladimyr","twitter_card":"summary_large_image","twitter_creator":"@maininua","twitter_site":"@maininua","twitter_misc":{"Napisane przez":"vladimyr","Szacowany czas czytania":"6 minut"},"schema":{"@context":"https:\/\/schema.org","@graph":[{"@type":"Article","@id":"https:\/\/upmp.news\/pl\/pl-spsl\/rosyjska-operacja-informacyjno-psychologiczna-polska-przygotowuje-sie-do-okupacji-polski-czyli-czego-spodziewac-sie-po-szczycie-nato\/#article","isPartOf":{"@id":"https:\/\/upmp.news\/pl\/pl-spsl\/rosyjska-operacja-informacyjno-psychologiczna-polska-przygotowuje-sie-do-okupacji-polski-czyli-czego-spodziewac-sie-po-szczycie-nato\/"},"author":{"name":"vladimyr","@id":"https:\/\/upmp.news\/#\/schema\/person\/cebd3113030eb01f184505010f519d71"},"headline":"Rosyjska operacja informacyjno-psychologiczna. Polska przygotowuje si\u0119 do okupacji&#8230; Polski, czyli czego spodziewa\u0107 si\u0119 po szczycie NATO","datePublished":"2023-07-12T18:36:46+00:00","mainEntityOfPage":{"@id":"https:\/\/upmp.news\/pl\/pl-spsl\/rosyjska-operacja-informacyjno-psychologiczna-polska-przygotowuje-sie-do-okupacji-polski-czyli-czego-spodziewac-sie-po-szczycie-nato\/"},"wordCount":1195,"image":{"@id":"https:\/\/upmp.news\/pl\/pl-spsl\/rosyjska-operacja-informacyjno-psychologiczna-polska-przygotowuje-sie-do-okupacji-polski-czyli-czego-spodziewac-sie-po-szczycie-nato\/#primaryimage"},"thumbnailUrl":"https:\/\/upmp.news\/wp-content\/uploads\/2023\/07\/14_Image-1.jpg","articleSection":["Projekt specjalny \u201cStop Lie\u201d","W Polsce"],"inLanguage":"pl-PL"},{"@type":"WebPage","@id":"https:\/\/upmp.news\/pl\/pl-spsl\/rosyjska-operacja-informacyjno-psychologiczna-polska-przygotowuje-sie-do-okupacji-polski-czyli-czego-spodziewac-sie-po-szczycie-nato\/","url":"https:\/\/upmp.news\/pl\/pl-spsl\/rosyjska-operacja-informacyjno-psychologiczna-polska-przygotowuje-sie-do-okupacji-polski-czyli-czego-spodziewac-sie-po-szczycie-nato\/","name":"Rosyjska operacja informacyjno-psychologiczna. Polska przygotowuje si\u0119 do okupacji... Polski, czyli czego spodziewa\u0107 si\u0119 po szczycie NATO &#8211; U.P.M.P","isPartOf":{"@id":"https:\/\/upmp.news\/#website"},"primaryImageOfPage":{"@id":"https:\/\/upmp.news\/pl\/pl-spsl\/rosyjska-operacja-informacyjno-psychologiczna-polska-przygotowuje-sie-do-okupacji-polski-czyli-czego-spodziewac-sie-po-szczycie-nato\/#primaryimage"},"image":{"@id":"https:\/\/upmp.news\/pl\/pl-spsl\/rosyjska-operacja-informacyjno-psychologiczna-polska-przygotowuje-sie-do-okupacji-polski-czyli-czego-spodziewac-sie-po-szczycie-nato\/#primaryimage"},"thumbnailUrl":"https:\/\/upmp.news\/wp-content\/uploads\/2023\/07\/14_Image-1.jpg","datePublished":"2023-07-12T18:36:46+00:00","author":{"@id":"https:\/\/upmp.news\/#\/schema\/person\/cebd3113030eb01f184505010f519d71"},"breadcrumb":{"@id":"https:\/\/upmp.news\/pl\/pl-spsl\/rosyjska-operacja-informacyjno-psychologiczna-polska-przygotowuje-sie-do-okupacji-polski-czyli-czego-spodziewac-sie-po-szczycie-nato\/#breadcrumb"},"inLanguage":"pl-PL","potentialAction":[{"@type":"ReadAction","target":["https:\/\/upmp.news\/pl\/pl-spsl\/rosyjska-operacja-informacyjno-psychologiczna-polska-przygotowuje-sie-do-okupacji-polski-czyli-czego-spodziewac-sie-po-szczycie-nato\/"]}]},{"@type":"ImageObject","inLanguage":"pl-PL","@id":"https:\/\/upmp.news\/pl\/pl-spsl\/rosyjska-operacja-informacyjno-psychologiczna-polska-przygotowuje-sie-do-okupacji-polski-czyli-czego-spodziewac-sie-po-szczycie-nato\/#primaryimage","url":"https:\/\/upmp.news\/wp-content\/uploads\/2023\/07\/14_Image-1.jpg","contentUrl":"https:\/\/upmp.news\/wp-content\/uploads\/2023\/07\/14_Image-1.jpg","width":1043,"height":695,"caption":"Ilustracja projektu \u201eStop Lie\u201d"},{"@type":"BreadcrumbList","@id":"https:\/\/upmp.news\/pl\/pl-spsl\/rosyjska-operacja-informacyjno-psychologiczna-polska-przygotowuje-sie-do-okupacji-polski-czyli-czego-spodziewac-sie-po-szczycie-nato\/#breadcrumb","itemListElement":[{"@type":"ListItem","position":1,"name":"Home","item":"https:\/\/upmp.news\/"},{"@type":"ListItem","position":2,"name":"Rosyjska operacja informacyjno-psychologiczna. Polska przygotowuje si\u0119 do okupacji&#8230; Polski, czyli czego spodziewa\u0107 si\u0119 po szczycie NATO"}]},{"@type":"WebSite","@id":"https:\/\/upmp.news\/#website","url":"https:\/\/upmp.news\/","name":"U.P.M.P","description":"\u0423\u043a\u0440\u0430\u0457\u043d\u043e-\u043f\u043e\u043b\u044c\u0441\u044c\u043a\u0430 \u043c\u0435\u0434\u0456\u0430\u043f\u043b\u0430\u0442\u0444\u043e\u0440\u043c\u0430","potentialAction":[{"@type":"SearchAction","target":{"@type":"EntryPoint","urlTemplate":"https:\/\/upmp.news\/?s={search_term_string}"},"query-input":{"@type":"PropertyValueSpecification","valueRequired":true,"valueName":"search_term_string"}}],"inLanguage":"pl-PL"},{"@type":"Person","@id":"https:\/\/upmp.news\/#\/schema\/person\/cebd3113030eb01f184505010f519d71","name":"vladimyr","image":{"@type":"ImageObject","inLanguage":"pl-PL","@id":"https:\/\/upmp.news\/wp-content\/uploads\/2017\/12\/ava.png","url":"https:\/\/upmp.news\/wp-content\/uploads\/2017\/12\/ava.png","contentUrl":"https:\/\/upmp.news\/wp-content\/uploads\/2017\/12\/ava.png","caption":"vladimyr"},"url":"https:\/\/upmp.news\/pl\/author\/vladimyr\/"}]}},"_links":{"self":[{"href":"https:\/\/upmp.news\/pl\/wp-json\/wp\/v2\/posts\/255581","targetHints":{"allow":["GET"]}}],"collection":[{"href":"https:\/\/upmp.news\/pl\/wp-json\/wp\/v2\/posts"}],"about":[{"href":"https:\/\/upmp.news\/pl\/wp-json\/wp\/v2\/types\/post"}],"author":[{"embeddable":true,"href":"https:\/\/upmp.news\/pl\/wp-json\/wp\/v2\/users\/27"}],"replies":[{"embeddable":true,"href":"https:\/\/upmp.news\/pl\/wp-json\/wp\/v2\/comments?post=255581"}],"version-history":[{"count":1,"href":"https:\/\/upmp.news\/pl\/wp-json\/wp\/v2\/posts\/255581\/revisions"}],"predecessor-version":[{"id":255587,"href":"https:\/\/upmp.news\/pl\/wp-json\/wp\/v2\/posts\/255581\/revisions\/255587"}],"wp:featuredmedia":[{"embeddable":true,"href":"https:\/\/upmp.news\/pl\/wp-json\/wp\/v2\/media\/255582"}],"wp:attachment":[{"href":"https:\/\/upmp.news\/pl\/wp-json\/wp\/v2\/media?parent=255581"}],"wp:term":[{"taxonomy":"category","embeddable":true,"href":"https:\/\/upmp.news\/pl\/wp-json\/wp\/v2\/categories?post=255581"},{"taxonomy":"post_tag","embeddable":true,"href":"https:\/\/upmp.news\/pl\/wp-json\/wp\/v2\/tags?post=255581"}],"curies":[{"name":"wp","href":"https:\/\/api.w.org\/{rel}","templated":true}]}}