{"id":258969,"date":"2023-08-25T18:49:16","date_gmt":"2023-08-25T16:49:16","guid":{"rendered":"https:\/\/upmp.news\/?p=258969"},"modified":"2023-08-25T18:49:18","modified_gmt":"2023-08-25T16:49:18","slug":"fake-news-polska-jest-wciagana-w-wojne-ktora-toczy-sie-za-wschodnia-granica","status":"publish","type":"post","link":"https:\/\/upmp.news\/pl\/pl-in-polish\/fake-news-polska-jest-wciagana-w-wojne-ktora-toczy-sie-za-wschodnia-granica\/","title":{"rendered":"Fake news: Polska jest wci\u0105gana w wojn\u0119, kt\u00f3ra toczy si\u0119 za wschodni\u0105 granic\u0105"},"content":{"rendered":"\n<p>Niedawno polskoj\u0119zyczny prorosyjski portal &#8222;<a href=\"https:\/\/myslpolska.info\/2023\/08\/15\/zinkiewicz-kiedy-wojna\/\">Mysl Polska<\/a>&#8222;, kt\u00f3re zosta\u0142o wielokrotnie zauwa\u017cono w szerzeniu rosyjskiej propagandy i dezinformacji, opublikowa\u0142 artyku\u0142 pt: &#8222;Kiedy wojna?&#8221; autorstwa Eugeniusza Zinewicza.<\/p>\n\n\n\n<p>Autor rozpoczyna sw\u00f3j artyku\u0142 od historii swojej rodziny w czasie II wojny \u015bwiatowej i p\u0142ynnie przechodzi do wojny w Ukrainie, a nast\u0119pnie jego teksty staj\u0105 si\u0119 coraz bardziej podobne do narracji rosyjskiej propagandy. I tak autor pisze, \u017ce jest to wojna zast\u0119pcza prowadzona na terytorium kraju przez strony trzecie przy u\u017cyciu lokalnych si\u0142; \u017ce niepowodzenia na froncie s\u0105 spowodowane fatalnym stanem technicznym zachodniej broni, kt\u00f3ra jest przestarza\u0142a, zawodna, nieskuteczna i nie nadaje si\u0119 do zwyci\u0119skiej bitwy w prawdziwej walce z nowoczesnymi rosyjskimi si\u0142ami zbrojnymi; \u017ce wymuszona taktyka na polu walki, wymy\u015blona przez zachodnich strateg\u00f3w NATO dla Ukrai\u0144c\u00f3w, powoduje powa\u017cne straty w ludziach; \u017ce Ukraina stoi w obliczu ca\u0142kowitej kl\u0119ski, a Polska jest wci\u0105gana w wojn\u0119, kt\u00f3ra toczy si\u0119 za wschodni\u0105 granic\u0105 Polski, &#8222;bior\u0105c pod uwag\u0119 \u015bmia\u0142e plany rz\u0105du warszawskiego dotycz\u0105ce zbroje\u0144&#8221;.<\/p>\n\n\n\n<p>&#8222;Na podstawie og\u0142oszonej listy zakup\u00f3w tej broni i jej ilo\u015bci odnosz\u0119 wra\u017cenie, \u017ce przygotowujemy si\u0119 do wojny. St\u0105d moje pytanie, kiedy wojna?&#8221; \u2013 wyci\u0105ga dziwne wnioski autor.<\/p>\n\n\n<div class=\"wp-block-image\">\n<figure class=\"aligncenter size-full\"><img loading=\"lazy\" decoding=\"async\" width=\"1007\" height=\"796\" src=\"https:\/\/upmp.news\/wp-content\/uploads\/2023\/08\/91_Image-2.jpg\" alt=\"\" class=\"wp-image-258961\" srcset=\"https:\/\/upmp.news\/wp-content\/uploads\/2023\/08\/91_Image-2.jpg 1007w, https:\/\/upmp.news\/wp-content\/uploads\/2023\/08\/91_Image-2-300x237.jpg 300w, https:\/\/upmp.news\/wp-content\/uploads\/2023\/08\/91_Image-2-768x607.jpg 768w, https:\/\/upmp.news\/wp-content\/uploads\/2023\/08\/91_Image-2-253x200.jpg 253w\" sizes=\"auto, (max-width: 1007px) 100vw, 1007px\" \/><\/figure>\n<\/div>\n\n\n<p class=\"has-text-align-center\"><em>Zrzut ekranu ze strony Mysl Polska<\/em><\/p>\n\n\n\n<p>Ten fejk \u2013 to klasyka rosyjskiej propagandy, kt\u00f3ra ma jasny cel: przestraszy\u0107 wszystkich wspieraj\u0105cych Ukrain\u0119 fikcyjn\u0105 liczb\u0105 ofiar i nieskuteczno\u015bci\u0105 kontrofensywy, przekona\u0107 ich do zmniejszenia poparcia i zmusi\u0107 do ust\u0119pstw. Z regu\u0142y takie kroki zaczynaj\u0105 si\u0119, gdy Rosja przegrywa. Tak by\u0142o wiosn\u0105 2022 r., kiedy ukrai\u0144skie si\u0142y zbrojne wypar\u0142y naje\u017ad\u017ac\u00f3w z p\u00f3\u0142nocnej i p\u00f3\u0142nocno-zachodniej Ukrainy. Tak by\u0142o jesieni\u0105 2022 r., kiedy Rosjanie zostali wyparci z obwodu charkowskiego, miasta Cherso\u0144 i cz\u0119\u015bci obwodu cherso\u0144skiego. Tak wi\u0119c teraz, z pomoc\u0105 medialnej histerii za po\u015brednictwem r\u00f3\u017cnych bloger\u00f3w, Rosja stara si\u0119 utrzyma\u0107 przynajmniej cz\u0119\u015b\u0107 okupowanych terytori\u00f3w w Ukrainie za wszelk\u0105 cen\u0119.<\/p>\n\n\n\n<p>Wr\u00f3\u0107my do zakup\u00f3w broni przez Polsk\u0119. W zasadzie wniosek jest oczywisty: du\u017ce zakupy broni by\u0142y wynikiem pe\u0142noskalowej agresji Rosji w Ukrainie, kt\u00f3ra znacznie pogorszy\u0142a sytuacj\u0119 bezpiecze\u0144stwa w Europie, oraz wymuszonego s\u0105siedztwa Polski z Rosj\u0105 i Bia\u0142orusi\u0105. Rosyjscy propagandy\u015bci i urz\u0119dnicy wielokrotnie grozili Polsce. W szczeg\u00f3lno\u015bci na posiedzeniu Rady Bezpiecze\u0144stwa w lipcu 2023 r. rosyjski dyktator W\u0142adimir Putin otwarcie zagrozi\u0142 Polsce, m\u00f3wi\u0105c, \u017ce &#8222;zachodnie terytoria dzisiejszej Polski s\u0105 prezentem od Stalina. Czy nasi przyjaciele w Warszawie o tym zapomnieli? Przypomnimy im o tym&#8221;. <\/p>\n\n\n\n<p>&#8222;Je\u015bli Rosja kiedykolwiek zdecyduje si\u0119 zaatakowa\u0107 Polsk\u0119, Kreml powinien wiedzie\u0107, \u017ce 40 milion\u00f3w Polak\u00f3w w Polsce jest gotowych stan\u0105\u0107 pod broni\u0105, aby broni\u0107 swojej ojczyzny&#8221; &#8211; <a href=\"https:\/\/www.eurointegration.com.ua\/articles\/2022\/08\/11\/7144812\/\">odpowiedzia\u0142 <\/a>na gro\u017aby Kremla premier Mateusz Morawiecki.<\/p>\n\n\n\n<p>Jeszcze w kwietniu 2022 r. sekretarz obrony USA Lloyd Austin i polski minister obrony narodowej Mariusz B\u0142aszczak og\u0142osili wsp\u00f3lny cel, jakim jest uczynienie polskiej armii jedn\u0105 z najlepszych w Europie do walki z agresorem. &#8222;Bardzo powa\u017cnie traktujemy nasze zobowi\u0105zanie do wzmocnienia naszych zdolno\u015bci obronnych, czego najlepszym dowodem jest znacz\u0105cy wzrost wydatk\u00f3w na obronno\u015b\u0107, \u015bci\u015blejsza wsp\u00f3\u0142praca ze Stanami Zjednoczonymi i efektywne zwi\u0119kszenie obecno\u015bci wojsk ameryka\u0144skich w Polsce&#8221; \u2013 powiedzia\u0142 premier Mateusz Morawiecki. <\/p>\n\n\n\n<p>Wed\u0142ug niego Polska planuje wyda\u0107 4% PKB na obronno\u015b\u0107 w 2023 roku. W kontek\u015bcie wojny Rosji w Ukrainie b\u0119dzie to prawdopodobnie &#8222;najwy\u017cszy odsetek \u015brodk\u00f3w przeznaczonych na armi\u0119 w\u015br\u00f3d wszystkich kraj\u00f3w NATO&#8221;, <a href=\"https:\/\/www.dw.com\/uk\/polsa-zbilsit-oboronni-vitrati-do-rekordnih-4-vidsotkiv-vvp\/a-64558033\">powiedzia\u0142<\/a> Morawiecki.<\/p>\n\n\n\n<p>Premier Polski <a href=\"https:\/\/suspilne.media\/443445-varsava-kupue-u-ssa-abrams-f-35-himars-a-stati-posilat-vijskovu-prisutnist-u-polsi-moraveckij\/\">skomentowa\u0142<\/a> zakupy broni w nast\u0119puj\u0105cy spos\u00f3b: &#8222;Polska chce stworzy\u0107 najsilniejsz\u0105 armi\u0119 w Europie. Dlatego chcemy wsp\u00f3\u0142pracowa\u0107 z najbardziej zaawansowanym przemys\u0142em obronnym na \u015bwiecie, czyli ameryka\u0144skim. I Polska wierzy, \u017ce tylko silny sojusz transatlantycki jest odpowiedzi\u0105 na widmo imperializmu, kolonializmu i nacjonalizmu &#8211; i to ka\u017cdego imperializmu, nie tylko rosyjskiego&#8221;. \u00a0<\/p>\n\n\n\n<p>Innymi s\u0142owy, jest to kwestia samoobrony, a nie wojny.<br>I o potencjalnych zagro\u017ceniach. 12 sierpnia 2023 r. polski minister obrony narodowej Mariusz B\u0142aszczak <a href=\"https:\/\/tvn24.pl\/polska\/polska-bialorus-granica-mariusz-blaszczak-podjalem-decyzje-o-stworzeniu-wojskowego-zgrupowania-zadaniowego-w-operacji-rengaw-7289557\">powiedzia\u0142<\/a>, \u017ce wschodnia granica Polski jest zagro\u017cona, a rz\u0105d odpowiednio reaguje. Przemawiaj\u0105c do \u017co\u0142nierzy, kt\u00f3rzy wzmacniali ochron\u0119 granicy z Bia\u0142orusi\u0105, Mariusz B\u0142aszczak m\u00f3wi\u0142 o ci\u0105g\u0142ej presji ze strony tego kraju: &#8222;Obserwujemy ci\u0105g\u0142e napi\u0119cie na granicy z Polsk\u0105, pr\u00f3by nielegalnego przekroczenia granicy przez migrant\u00f3w, u\u0142atwiane przez stron\u0119 bia\u0142orusk\u0105. Nie ma te\u017c w\u0105tpliwo\u015bci, \u017ce bia\u0142oruski re\u017cim wsp\u00f3\u0142pracuje z Kremlem, a dzia\u0142ania te zosta\u0142y stworzone w celu destabilizacji naszego kraju&#8221;.<\/p>\n\n\n\n<p>Obywatele Polski wyra\u017caj\u0105 poparcie dla dzia\u0142a\u0144 maj\u0105cych na celu budowanie zdolno\u015bci wojskowych. Zosta\u0142o to zg\u0142oszone przez <a href=\"https:\/\/armyinform.com.ua\/2023\/01\/06\/chomu-polshha-popovnyuye-svij-vijskovyj-arsenal-amerykanskymy-m1-abrams\/\">Armyinform<\/a>.\u00a0<\/p>\n\n\n\n<p>Tak wi\u0119c, wed\u0142ug sonda\u017cu <a href=\"https:\/\/biznes.wprost.pl\/gospodarka\/10703023\/ibris-dla-rzeczpospolitej-polacy-popieraja-zwiekszenie-wydatkow-na-wojsko.html\">przeprowadzonego<\/a> w pierwszej po\u0142owie 2022 r., ponad 76 procent os\u00f3b popar\u0142o dzia\u0142ania maj\u0105ce na celu og\u00f3lne zwi\u0119kszenie zdolno\u015bci armii, a w <a href=\"https:\/\/www.gazetaprawna.pl\/wiadomosci\/kraj\/artykuly\/8576579,zwiekszenie-liczby-zolnierzy-300-tysiecy-wydatki-na-obronnosc-sondaz-dgp-rmf-fm.html\">pa\u017adzierniku<\/a> 63 procent obywateli opowiedzia\u0142o si\u0119 za zwi\u0119kszeniem jej liczebno\u015bci.<\/p>\n\n\n\n<p>Jest to oczywi\u015bcie wynik agresji Rosji na Ukrain\u0119 i wszystkich wynikaj\u0105cych z tego konsekwencji dla Polski. Nale\u017cy si\u0119 spodziewa\u0107, \u017ce taki stan rzeczy utrzyma si\u0119 jeszcze przez d\u0142ugi czas i nie dojdzie do zasadniczych zmian, co jest o tyle istotne, \u017ce wiele realizowanych obecnie program\u00f3w zbrojeniowych jest projektowanych na kilka lat do przodu.<\/p>\n\n\n\n<p><strong>Olena Koceruba<\/strong><\/p>\n\n\n\n<p><em>Materia\u0142 zosta\u0142 przygotowany w ramach projektu Stop Lie Fundacji Charytatywnej Partnerstwa Polsko-Ukrai\u0144skiego w ramach projektu UE Pilne Wsparcie Spo\u0142ecze\u0144stwa Obywatelskiego, realizowanego przez ISAR Ednannia przy wsparciu finansowym Unii Europejskiej. Jego tre\u015b\u0107 jest wy\u0142\u0105czn\u0105 odpowiedzialno\u015bci\u0105 autora i niekoniecznie odzwierciedla stanowisko Unii Europejskiej.<\/em><\/p>\n\n\n\n<p><a href=\"https:\/\/www.facebook.com\/hashtag\/%D0%BF%D1%80%D1%8F%D0%BC%D1%83%D1%94%D0%BC%D0%BE%D1%80%D0%B0%D0%B7%D0%BE%D0%BC?__eep__=6&amp;__cft__[0]=AZUWgygLHtxoLmIIQt0vg2V9v-x2oX-ENlqUwUGLMoFUB7A6ozyYl5Uxumh-D8GXEyTVQfZyH19_SWW6Bgy-hbcU5OdtMwZV0IO7DRfBrxIs6N9yt7hQGF7W0dT_sck7Ca57ARIcGs2dqq4OftJwpEl-fqkVi3S9m4KIyCI7U2aCRS07Jx3k-8kxhYP1dJV719A&amp;__tn__=*NK-R\" target=\"_blank\" rel=\"noreferrer noopener\">#\u041f\u0440\u044f\u043c\u0443\u0454\u043c\u043e\u0420\u0430\u0437\u043e\u043c<\/a> <a href=\"https:\/\/www.facebook.com\/hashtag\/teameurope?__eep__=6&amp;__cft__[0]=AZUWgygLHtxoLmIIQt0vg2V9v-x2oX-ENlqUwUGLMoFUB7A6ozyYl5Uxumh-D8GXEyTVQfZyH19_SWW6Bgy-hbcU5OdtMwZV0IO7DRfBrxIs6N9yt7hQGF7W0dT_sck7Ca57ARIcGs2dqq4OftJwpEl-fqkVi3S9m4KIyCI7U2aCRS07Jx3k-8kxhYP1dJV719A&amp;__tn__=*NK-R\" target=\"_blank\" rel=\"noreferrer noopener\">#TeamEurope<\/a> <a href=\"https:\/\/www.facebook.com\/hashtag\/movingforwardtogether?__eep__=6&amp;__cft__[0]=AZUWgygLHtxoLmIIQt0vg2V9v-x2oX-ENlqUwUGLMoFUB7A6ozyYl5Uxumh-D8GXEyTVQfZyH19_SWW6Bgy-hbcU5OdtMwZV0IO7DRfBrxIs6N9yt7hQGF7W0dT_sck7Ca57ARIcGs2dqq4OftJwpEl-fqkVi3S9m4KIyCI7U2aCRS07Jx3k-8kxhYP1dJV719A&amp;__tn__=*NK-R\" target=\"_blank\" rel=\"noreferrer noopener\">#MovingForwardTogether<\/a> <a href=\"https:\/\/www.facebook.com\/hashtag\/isarednannia?__eep__=6&amp;__cft__[0]=AZUWgygLHtxoLmIIQt0vg2V9v-x2oX-ENlqUwUGLMoFUB7A6ozyYl5Uxumh-D8GXEyTVQfZyH19_SWW6Bgy-hbcU5OdtMwZV0IO7DRfBrxIs6N9yt7hQGF7W0dT_sck7Ca57ARIcGs2dqq4OftJwpEl-fqkVi3S9m4KIyCI7U2aCRS07Jx3k-8kxhYP1dJV719A&amp;__tn__=*NK-R\" target=\"_blank\" rel=\"noreferrer noopener\">#ISAREdnannia<\/a> <a href=\"https:\/\/www.facebook.com\/hashtag\/stoplie?__eep__=6&amp;__cft__[0]=AZUWgygLHtxoLmIIQt0vg2V9v-x2oX-ENlqUwUGLMoFUB7A6ozyYl5Uxumh-D8GXEyTVQfZyH19_SWW6Bgy-hbcU5OdtMwZV0IO7DRfBrxIs6N9yt7hQGF7W0dT_sck7Ca57ARIcGs2dqq4OftJwpEl-fqkVi3S9m4KIyCI7U2aCRS07Jx3k-8kxhYP1dJV719A&amp;__tn__=*NK-R\" target=\"_blank\" rel=\"noreferrer noopener\">#StopLie<\/a><\/p>\n\n\n\n<p><a href=\"https:\/\/www.facebook.com\/isar.ednannia?__cft__[0]=AZUWgygLHtxoLmIIQt0vg2V9v-x2oX-ENlqUwUGLMoFUB7A6ozyYl5Uxumh-D8GXEyTVQfZyH19_SWW6Bgy-hbcU5OdtMwZV0IO7DRfBrxIs6N9yt7hQGF7W0dT_sck7Ca57ARIcGs2dqq4OftJwpEl-fqkVi3S9m4KIyCI7U2aCRS07Jx3k-8kxhYP1dJV719A&amp;__tn__=-]K-R\" target=\"_blank\" rel=\"noreferrer noopener\">Isar Ednannia<\/a><a href=\"https:\/\/www.facebook.com\/EUDelegationUkraine?__cft__[0]=AZUWgygLHtxoLmIIQt0vg2V9v-x2oX-ENlqUwUGLMoFUB7A6ozyYl5Uxumh-D8GXEyTVQfZyH19_SWW6Bgy-hbcU5OdtMwZV0IO7DRfBrxIs6N9yt7hQGF7W0dT_sck7Ca57ARIcGs2dqq4OftJwpEl-fqkVi3S9m4KIyCI7U2aCRS07Jx3k-8kxhYP1dJV719A&amp;__tn__=-]K-R\" target=\"_blank\" rel=\"noreferrer noopener\"> European Union in Ukraine<\/a><a href=\"https:\/\/www.facebook.com\/bf.pol.ukr.partnerstwa?__cft__[0]=AZUWgygLHtxoLmIIQt0vg2V9v-x2oX-ENlqUwUGLMoFUB7A6ozyYl5Uxumh-D8GXEyTVQfZyH19_SWW6Bgy-hbcU5OdtMwZV0IO7DRfBrxIs6N9yt7hQGF7W0dT_sck7Ca57ARIcGs2dqq4OftJwpEl-fqkVi3S9m4KIyCI7U2aCRS07Jx3k-8kxhYP1dJV719A&amp;__tn__=-]K-R\" target=\"_blank\" rel=\"noreferrer noopener\"> \u0411\u043b\u0430\u0433\u043e\u0434\u0456\u0439\u043d\u0438\u0439 \u0444\u043e\u043d\u0434 \u043f\u043e\u043b\u044c\u0441\u044c\u043a\u043e-\u0443\u043a\u0440\u0430\u0457\u043d\u0441\u044c\u043a\u043e\u0433\u043e \u043f\u0430\u0440\u0442\u043d\u0435\u0440\u0441\u0442\u0432\u0430<\/a><\/p>\n","protected":false},"excerpt":{"rendered":"<p>Niedawno polskoj\u0119zyczny prorosyjski portal &#8222;Mysl Polska&#8222;, kt\u00f3re zosta\u0142o wielokrotnie zauwa\u017cono w szerzeniu rosyjskiej propagandy i dezinformacji, opublikowa\u0142 artyku\u0142 pt: &#8222;Kiedy wojna?&#8221; autorstwa Eugeniusza Zinewicza. Autor rozpoczyna sw\u00f3j artyku\u0142 od historii swojej rodziny w czasie II wojny \u015bwiatowej i p\u0142ynnie przechodzi do wojny w Ukrainie, a nast\u0119pnie jego teksty staj\u0105 si\u0119 coraz bardziej podobne do narracji [&hellip;]<\/p>\n","protected":false},"author":27,"featured_media":258970,"comment_status":"closed","ping_status":"open","sticky":true,"template":"","format":"standard","meta":{"_exactmetrics_skip_tracking":false,"_exactmetrics_sitenote_active":false,"_exactmetrics_sitenote_note":"","_exactmetrics_sitenote_category":0,"footnotes":""},"categories":[20556,2078],"tags":[],"class_list":["post-258969","post","type-post","status-publish","format-standard","has-post-thumbnail","hentry","category-pl-spsl","category-pl-in-polish"],"yoast_head":"<!-- This site is optimized with the Yoast SEO plugin v27.3 - https:\/\/yoast.com\/product\/yoast-seo-wordpress\/ -->\n<title>Fake news: Polska jest wci\u0105gana w wojn\u0119, kt\u00f3ra toczy si\u0119 za wschodni\u0105 granic\u0105 &#8211; U.P.M.P<\/title>\n<meta name=\"robots\" content=\"index, follow, max-snippet:-1, max-image-preview:large, max-video-preview:-1\" \/>\n<link rel=\"canonical\" href=\"https:\/\/upmp.news\/pl\/pl-in-polish\/fake-news-polska-jest-wciagana-w-wojne-ktora-toczy-sie-za-wschodnia-granica\/\" \/>\n<meta property=\"og:locale\" content=\"pl_PL\" \/>\n<meta property=\"og:type\" content=\"article\" \/>\n<meta property=\"og:title\" content=\"Fake news: Polska jest wci\u0105gana w wojn\u0119, kt\u00f3ra toczy si\u0119 za wschodni\u0105 granic\u0105 &#8211; U.P.M.P\" \/>\n<meta property=\"og:description\" content=\"Niedawno polskoj\u0119zyczny prorosyjski portal &#8222;Mysl Polska&#8222;, kt\u00f3re zosta\u0142o wielokrotnie zauwa\u017cono w szerzeniu rosyjskiej propagandy i dezinformacji, opublikowa\u0142 artyku\u0142 pt: &#8222;Kiedy wojna?&#8221; autorstwa Eugeniusza Zinewicza. Autor rozpoczyna sw\u00f3j artyku\u0142 od historii swojej rodziny w czasie II wojny \u015bwiatowej i p\u0142ynnie przechodzi do wojny w Ukrainie, a nast\u0119pnie jego teksty staj\u0105 si\u0119 coraz bardziej podobne do narracji [&hellip;]\" \/>\n<meta property=\"og:url\" content=\"https:\/\/upmp.news\/pl\/pl-in-polish\/fake-news-polska-jest-wciagana-w-wojne-ktora-toczy-sie-za-wschodnia-granica\/\" \/>\n<meta property=\"og:site_name\" content=\"U.P.M.P\" \/>\n<meta property=\"article:publisher\" content=\"https:\/\/www.facebook.com\/upmp.news\/\" \/>\n<meta property=\"article:published_time\" content=\"2023-08-25T16:49:16+00:00\" \/>\n<meta property=\"article:modified_time\" content=\"2023-08-25T16:49:18+00:00\" \/>\n<meta property=\"og:image\" content=\"https:\/\/upmp.news\/wp-content\/uploads\/2023\/08\/91_Image-main-1-scaled.jpg\" \/>\n\t<meta property=\"og:image:width\" content=\"2560\" \/>\n\t<meta property=\"og:image:height\" content=\"1344\" \/>\n\t<meta property=\"og:image:type\" content=\"image\/jpeg\" \/>\n<meta name=\"author\" content=\"vladimyr\" \/>\n<meta name=\"twitter:card\" content=\"summary_large_image\" \/>\n<meta name=\"twitter:creator\" content=\"@maininua\" \/>\n<meta name=\"twitter:site\" content=\"@maininua\" \/>\n<meta name=\"twitter:label1\" content=\"Napisane przez\" \/>\n\t<meta name=\"twitter:data1\" content=\"vladimyr\" \/>\n\t<meta name=\"twitter:label2\" content=\"Szacowany czas czytania\" \/>\n\t<meta name=\"twitter:data2\" content=\"5 minut\" \/>\n<script type=\"application\/ld+json\" class=\"yoast-schema-graph\">{\"@context\":\"https:\\\/\\\/schema.org\",\"@graph\":[{\"@type\":\"Article\",\"@id\":\"https:\\\/\\\/upmp.news\\\/pl\\\/pl-in-polish\\\/fake-news-polska-jest-wciagana-w-wojne-ktora-toczy-sie-za-wschodnia-granica\\\/#article\",\"isPartOf\":{\"@id\":\"https:\\\/\\\/upmp.news\\\/pl\\\/pl-in-polish\\\/fake-news-polska-jest-wciagana-w-wojne-ktora-toczy-sie-za-wschodnia-granica\\\/\"},\"author\":{\"name\":\"vladimyr\",\"@id\":\"https:\\\/\\\/upmp.news\\\/#\\\/schema\\\/person\\\/cebd3113030eb01f184505010f519d71\"},\"headline\":\"Fake news: Polska jest wci\u0105gana w wojn\u0119, kt\u00f3ra toczy si\u0119 za wschodni\u0105 granic\u0105\",\"datePublished\":\"2023-08-25T16:49:16+00:00\",\"dateModified\":\"2023-08-25T16:49:18+00:00\",\"mainEntityOfPage\":{\"@id\":\"https:\\\/\\\/upmp.news\\\/pl\\\/pl-in-polish\\\/fake-news-polska-jest-wciagana-w-wojne-ktora-toczy-sie-za-wschodnia-granica\\\/\"},\"wordCount\":1063,\"image\":{\"@id\":\"https:\\\/\\\/upmp.news\\\/pl\\\/pl-in-polish\\\/fake-news-polska-jest-wciagana-w-wojne-ktora-toczy-sie-za-wschodnia-granica\\\/#primaryimage\"},\"thumbnailUrl\":\"https:\\\/\\\/upmp.news\\\/wp-content\\\/uploads\\\/2023\\\/08\\\/91_Image-main-1-scaled.jpg\",\"articleSection\":[\"Projekt specjalny \u201cStop Lie\u201d\",\"W Polsce\"],\"inLanguage\":\"pl-PL\"},{\"@type\":\"WebPage\",\"@id\":\"https:\\\/\\\/upmp.news\\\/pl\\\/pl-in-polish\\\/fake-news-polska-jest-wciagana-w-wojne-ktora-toczy-sie-za-wschodnia-granica\\\/\",\"url\":\"https:\\\/\\\/upmp.news\\\/pl\\\/pl-in-polish\\\/fake-news-polska-jest-wciagana-w-wojne-ktora-toczy-sie-za-wschodnia-granica\\\/\",\"name\":\"Fake news: Polska jest wci\u0105gana w wojn\u0119, kt\u00f3ra toczy si\u0119 za wschodni\u0105 granic\u0105 &#8211; U.P.M.P\",\"isPartOf\":{\"@id\":\"https:\\\/\\\/upmp.news\\\/#website\"},\"primaryImageOfPage\":{\"@id\":\"https:\\\/\\\/upmp.news\\\/pl\\\/pl-in-polish\\\/fake-news-polska-jest-wciagana-w-wojne-ktora-toczy-sie-za-wschodnia-granica\\\/#primaryimage\"},\"image\":{\"@id\":\"https:\\\/\\\/upmp.news\\\/pl\\\/pl-in-polish\\\/fake-news-polska-jest-wciagana-w-wojne-ktora-toczy-sie-za-wschodnia-granica\\\/#primaryimage\"},\"thumbnailUrl\":\"https:\\\/\\\/upmp.news\\\/wp-content\\\/uploads\\\/2023\\\/08\\\/91_Image-main-1-scaled.jpg\",\"datePublished\":\"2023-08-25T16:49:16+00:00\",\"dateModified\":\"2023-08-25T16:49:18+00:00\",\"author\":{\"@id\":\"https:\\\/\\\/upmp.news\\\/#\\\/schema\\\/person\\\/cebd3113030eb01f184505010f519d71\"},\"breadcrumb\":{\"@id\":\"https:\\\/\\\/upmp.news\\\/pl\\\/pl-in-polish\\\/fake-news-polska-jest-wciagana-w-wojne-ktora-toczy-sie-za-wschodnia-granica\\\/#breadcrumb\"},\"inLanguage\":\"pl-PL\",\"potentialAction\":[{\"@type\":\"ReadAction\",\"target\":[\"https:\\\/\\\/upmp.news\\\/pl\\\/pl-in-polish\\\/fake-news-polska-jest-wciagana-w-wojne-ktora-toczy-sie-za-wschodnia-granica\\\/\"]}]},{\"@type\":\"ImageObject\",\"inLanguage\":\"pl-PL\",\"@id\":\"https:\\\/\\\/upmp.news\\\/pl\\\/pl-in-polish\\\/fake-news-polska-jest-wciagana-w-wojne-ktora-toczy-sie-za-wschodnia-granica\\\/#primaryimage\",\"url\":\"https:\\\/\\\/upmp.news\\\/wp-content\\\/uploads\\\/2023\\\/08\\\/91_Image-main-1-scaled.jpg\",\"contentUrl\":\"https:\\\/\\\/upmp.news\\\/wp-content\\\/uploads\\\/2023\\\/08\\\/91_Image-main-1-scaled.jpg\",\"width\":2560,\"height\":1344,\"caption\":\"Ilustracja projektu \u201eStop Lie\u201d\"},{\"@type\":\"BreadcrumbList\",\"@id\":\"https:\\\/\\\/upmp.news\\\/pl\\\/pl-in-polish\\\/fake-news-polska-jest-wciagana-w-wojne-ktora-toczy-sie-za-wschodnia-granica\\\/#breadcrumb\",\"itemListElement\":[{\"@type\":\"ListItem\",\"position\":1,\"name\":\"Home\",\"item\":\"https:\\\/\\\/upmp.news\\\/\"},{\"@type\":\"ListItem\",\"position\":2,\"name\":\"Fake news: Polska jest wci\u0105gana w wojn\u0119, kt\u00f3ra toczy si\u0119 za wschodni\u0105 granic\u0105\"}]},{\"@type\":\"WebSite\",\"@id\":\"https:\\\/\\\/upmp.news\\\/#website\",\"url\":\"https:\\\/\\\/upmp.news\\\/\",\"name\":\"U.P.M.P\",\"description\":\"\u0423\u043a\u0440\u0430\u0457\u043d\u043e-\u043f\u043e\u043b\u044c\u0441\u044c\u043a\u0430 \u043c\u0435\u0434\u0456\u0430\u043f\u043b\u0430\u0442\u0444\u043e\u0440\u043c\u0430\",\"potentialAction\":[{\"@type\":\"SearchAction\",\"target\":{\"@type\":\"EntryPoint\",\"urlTemplate\":\"https:\\\/\\\/upmp.news\\\/?s={search_term_string}\"},\"query-input\":{\"@type\":\"PropertyValueSpecification\",\"valueRequired\":true,\"valueName\":\"search_term_string\"}}],\"inLanguage\":\"pl-PL\"},{\"@type\":\"Person\",\"@id\":\"https:\\\/\\\/upmp.news\\\/#\\\/schema\\\/person\\\/cebd3113030eb01f184505010f519d71\",\"name\":\"vladimyr\",\"image\":{\"@type\":\"ImageObject\",\"inLanguage\":\"pl-PL\",\"@id\":\"https:\\\/\\\/upmp.news\\\/wp-content\\\/uploads\\\/2017\\\/12\\\/ava.png\",\"url\":\"https:\\\/\\\/upmp.news\\\/wp-content\\\/uploads\\\/2017\\\/12\\\/ava.png\",\"contentUrl\":\"https:\\\/\\\/upmp.news\\\/wp-content\\\/uploads\\\/2017\\\/12\\\/ava.png\",\"caption\":\"vladimyr\"},\"url\":\"https:\\\/\\\/upmp.news\\\/pl\\\/author\\\/vladimyr\\\/\"}]}<\/script>\n<!-- \/ Yoast SEO plugin. -->","yoast_head_json":{"title":"Fake news: Polska jest wci\u0105gana w wojn\u0119, kt\u00f3ra toczy si\u0119 za wschodni\u0105 granic\u0105 &#8211; U.P.M.P","robots":{"index":"index","follow":"follow","max-snippet":"max-snippet:-1","max-image-preview":"max-image-preview:large","max-video-preview":"max-video-preview:-1"},"canonical":"https:\/\/upmp.news\/pl\/pl-in-polish\/fake-news-polska-jest-wciagana-w-wojne-ktora-toczy-sie-za-wschodnia-granica\/","og_locale":"pl_PL","og_type":"article","og_title":"Fake news: Polska jest wci\u0105gana w wojn\u0119, kt\u00f3ra toczy si\u0119 za wschodni\u0105 granic\u0105 &#8211; U.P.M.P","og_description":"Niedawno polskoj\u0119zyczny prorosyjski portal &#8222;Mysl Polska&#8222;, kt\u00f3re zosta\u0142o wielokrotnie zauwa\u017cono w szerzeniu rosyjskiej propagandy i dezinformacji, opublikowa\u0142 artyku\u0142 pt: &#8222;Kiedy wojna?&#8221; autorstwa Eugeniusza Zinewicza. Autor rozpoczyna sw\u00f3j artyku\u0142 od historii swojej rodziny w czasie II wojny \u015bwiatowej i p\u0142ynnie przechodzi do wojny w Ukrainie, a nast\u0119pnie jego teksty staj\u0105 si\u0119 coraz bardziej podobne do narracji [&hellip;]","og_url":"https:\/\/upmp.news\/pl\/pl-in-polish\/fake-news-polska-jest-wciagana-w-wojne-ktora-toczy-sie-za-wschodnia-granica\/","og_site_name":"U.P.M.P","article_publisher":"https:\/\/www.facebook.com\/upmp.news\/","article_published_time":"2023-08-25T16:49:16+00:00","article_modified_time":"2023-08-25T16:49:18+00:00","og_image":[{"width":2560,"height":1344,"url":"https:\/\/upmp.news\/wp-content\/uploads\/2023\/08\/91_Image-main-1-scaled.jpg","type":"image\/jpeg"}],"author":"vladimyr","twitter_card":"summary_large_image","twitter_creator":"@maininua","twitter_site":"@maininua","twitter_misc":{"Napisane przez":"vladimyr","Szacowany czas czytania":"5 minut"},"schema":{"@context":"https:\/\/schema.org","@graph":[{"@type":"Article","@id":"https:\/\/upmp.news\/pl\/pl-in-polish\/fake-news-polska-jest-wciagana-w-wojne-ktora-toczy-sie-za-wschodnia-granica\/#article","isPartOf":{"@id":"https:\/\/upmp.news\/pl\/pl-in-polish\/fake-news-polska-jest-wciagana-w-wojne-ktora-toczy-sie-za-wschodnia-granica\/"},"author":{"name":"vladimyr","@id":"https:\/\/upmp.news\/#\/schema\/person\/cebd3113030eb01f184505010f519d71"},"headline":"Fake news: Polska jest wci\u0105gana w wojn\u0119, kt\u00f3ra toczy si\u0119 za wschodni\u0105 granic\u0105","datePublished":"2023-08-25T16:49:16+00:00","dateModified":"2023-08-25T16:49:18+00:00","mainEntityOfPage":{"@id":"https:\/\/upmp.news\/pl\/pl-in-polish\/fake-news-polska-jest-wciagana-w-wojne-ktora-toczy-sie-za-wschodnia-granica\/"},"wordCount":1063,"image":{"@id":"https:\/\/upmp.news\/pl\/pl-in-polish\/fake-news-polska-jest-wciagana-w-wojne-ktora-toczy-sie-za-wschodnia-granica\/#primaryimage"},"thumbnailUrl":"https:\/\/upmp.news\/wp-content\/uploads\/2023\/08\/91_Image-main-1-scaled.jpg","articleSection":["Projekt specjalny \u201cStop Lie\u201d","W Polsce"],"inLanguage":"pl-PL"},{"@type":"WebPage","@id":"https:\/\/upmp.news\/pl\/pl-in-polish\/fake-news-polska-jest-wciagana-w-wojne-ktora-toczy-sie-za-wschodnia-granica\/","url":"https:\/\/upmp.news\/pl\/pl-in-polish\/fake-news-polska-jest-wciagana-w-wojne-ktora-toczy-sie-za-wschodnia-granica\/","name":"Fake news: Polska jest wci\u0105gana w wojn\u0119, kt\u00f3ra toczy si\u0119 za wschodni\u0105 granic\u0105 &#8211; U.P.M.P","isPartOf":{"@id":"https:\/\/upmp.news\/#website"},"primaryImageOfPage":{"@id":"https:\/\/upmp.news\/pl\/pl-in-polish\/fake-news-polska-jest-wciagana-w-wojne-ktora-toczy-sie-za-wschodnia-granica\/#primaryimage"},"image":{"@id":"https:\/\/upmp.news\/pl\/pl-in-polish\/fake-news-polska-jest-wciagana-w-wojne-ktora-toczy-sie-za-wschodnia-granica\/#primaryimage"},"thumbnailUrl":"https:\/\/upmp.news\/wp-content\/uploads\/2023\/08\/91_Image-main-1-scaled.jpg","datePublished":"2023-08-25T16:49:16+00:00","dateModified":"2023-08-25T16:49:18+00:00","author":{"@id":"https:\/\/upmp.news\/#\/schema\/person\/cebd3113030eb01f184505010f519d71"},"breadcrumb":{"@id":"https:\/\/upmp.news\/pl\/pl-in-polish\/fake-news-polska-jest-wciagana-w-wojne-ktora-toczy-sie-za-wschodnia-granica\/#breadcrumb"},"inLanguage":"pl-PL","potentialAction":[{"@type":"ReadAction","target":["https:\/\/upmp.news\/pl\/pl-in-polish\/fake-news-polska-jest-wciagana-w-wojne-ktora-toczy-sie-za-wschodnia-granica\/"]}]},{"@type":"ImageObject","inLanguage":"pl-PL","@id":"https:\/\/upmp.news\/pl\/pl-in-polish\/fake-news-polska-jest-wciagana-w-wojne-ktora-toczy-sie-za-wschodnia-granica\/#primaryimage","url":"https:\/\/upmp.news\/wp-content\/uploads\/2023\/08\/91_Image-main-1-scaled.jpg","contentUrl":"https:\/\/upmp.news\/wp-content\/uploads\/2023\/08\/91_Image-main-1-scaled.jpg","width":2560,"height":1344,"caption":"Ilustracja projektu \u201eStop Lie\u201d"},{"@type":"BreadcrumbList","@id":"https:\/\/upmp.news\/pl\/pl-in-polish\/fake-news-polska-jest-wciagana-w-wojne-ktora-toczy-sie-za-wschodnia-granica\/#breadcrumb","itemListElement":[{"@type":"ListItem","position":1,"name":"Home","item":"https:\/\/upmp.news\/"},{"@type":"ListItem","position":2,"name":"Fake news: Polska jest wci\u0105gana w wojn\u0119, kt\u00f3ra toczy si\u0119 za wschodni\u0105 granic\u0105"}]},{"@type":"WebSite","@id":"https:\/\/upmp.news\/#website","url":"https:\/\/upmp.news\/","name":"U.P.M.P","description":"\u0423\u043a\u0440\u0430\u0457\u043d\u043e-\u043f\u043e\u043b\u044c\u0441\u044c\u043a\u0430 \u043c\u0435\u0434\u0456\u0430\u043f\u043b\u0430\u0442\u0444\u043e\u0440\u043c\u0430","potentialAction":[{"@type":"SearchAction","target":{"@type":"EntryPoint","urlTemplate":"https:\/\/upmp.news\/?s={search_term_string}"},"query-input":{"@type":"PropertyValueSpecification","valueRequired":true,"valueName":"search_term_string"}}],"inLanguage":"pl-PL"},{"@type":"Person","@id":"https:\/\/upmp.news\/#\/schema\/person\/cebd3113030eb01f184505010f519d71","name":"vladimyr","image":{"@type":"ImageObject","inLanguage":"pl-PL","@id":"https:\/\/upmp.news\/wp-content\/uploads\/2017\/12\/ava.png","url":"https:\/\/upmp.news\/wp-content\/uploads\/2017\/12\/ava.png","contentUrl":"https:\/\/upmp.news\/wp-content\/uploads\/2017\/12\/ava.png","caption":"vladimyr"},"url":"https:\/\/upmp.news\/pl\/author\/vladimyr\/"}]}},"_links":{"self":[{"href":"https:\/\/upmp.news\/pl\/wp-json\/wp\/v2\/posts\/258969","targetHints":{"allow":["GET"]}}],"collection":[{"href":"https:\/\/upmp.news\/pl\/wp-json\/wp\/v2\/posts"}],"about":[{"href":"https:\/\/upmp.news\/pl\/wp-json\/wp\/v2\/types\/post"}],"author":[{"embeddable":true,"href":"https:\/\/upmp.news\/pl\/wp-json\/wp\/v2\/users\/27"}],"replies":[{"embeddable":true,"href":"https:\/\/upmp.news\/pl\/wp-json\/wp\/v2\/comments?post=258969"}],"version-history":[{"count":1,"href":"https:\/\/upmp.news\/pl\/wp-json\/wp\/v2\/posts\/258969\/revisions"}],"predecessor-version":[{"id":258975,"href":"https:\/\/upmp.news\/pl\/wp-json\/wp\/v2\/posts\/258969\/revisions\/258975"}],"wp:featuredmedia":[{"embeddable":true,"href":"https:\/\/upmp.news\/pl\/wp-json\/wp\/v2\/media\/258970"}],"wp:attachment":[{"href":"https:\/\/upmp.news\/pl\/wp-json\/wp\/v2\/media?parent=258969"}],"wp:term":[{"taxonomy":"category","embeddable":true,"href":"https:\/\/upmp.news\/pl\/wp-json\/wp\/v2\/categories?post=258969"},{"taxonomy":"post_tag","embeddable":true,"href":"https:\/\/upmp.news\/pl\/wp-json\/wp\/v2\/tags?post=258969"}],"curies":[{"name":"wp","href":"https:\/\/api.w.org\/{rel}","templated":true}]}}