{"id":260395,"date":"2023-09-27T16:59:48","date_gmt":"2023-09-27T14:59:48","guid":{"rendered":"https:\/\/upmp.news\/?p=260395"},"modified":"2023-09-27T16:59:50","modified_gmt":"2023-09-27T14:59:50","slug":"minister-rolnictwa-robert-telus-apeluje-do-ukrainy-o-wycofanie-skargi-na-polske-do-wto","status":"publish","type":"post","link":"https:\/\/upmp.news\/pl\/pl-in-polish\/minister-rolnictwa-robert-telus-apeluje-do-ukrainy-o-wycofanie-skargi-na-polske-do-wto\/","title":{"rendered":"Minister rolnictwa Robert Telus apeluje do Ukrainy o wycofanie skargi na Polsk\u0119 do WTO"},"content":{"rendered":"\n<p><strong>Nasze stanowisko jest twarde, na rynek polski zbo\u017ce z Ukrainy nie mo\u017ce wp\u0142ywa\u0107 &#8211; podkre\u015bli\u0142 w \u015brod\u0119 minister rolnictwa Robert Telus. Zaapelowa\u0142 do Ukrainy, by wycofa\u0142a skarg\u0119 na Polsk\u0119 do WTO. Zaznaczy\u0142 te\u017c, \u017ce jest zadowolony ze spotkania ze stron\u0105 ukrai\u0144sk\u0105.<\/strong> <strong>Informuje o tym Upmp.news <a href=\"https:\/\/www.polskieradio.pl\/399\/7975\/Artykul\/3249863,Minister-rolnictwa-Robert-Telus-apeluje-do-Ukrainy-o-wycofanie-skargi-na-Polske-do-WTO\">powo\u0142uj\u0105c<\/a> si\u0119 na<\/strong> <strong>Polskie Radio<\/strong>.<\/p>\n\n\n\n<p>Szef polskiego resortu rolnictwa w \u015brod\u0119 online rozmawia\u0142 z ministrem polityki rolnej i \u017cywno\u015bci Ukrainy Myko\u0142\u0105 Solskim. Minister doda\u0142, \u017ce w najbli\u017cszych tygodniach dojdzie do nast\u0119pnego spotkania ze stron\u0105 ukrai\u0144sk\u0105.<\/p>\n\n\n\n<p>Robert Telus relacjonowa\u0142, \u017ce rozmowa dotyczy\u0142a kwestii zbo\u017cowych i nowych procedur, kt\u00f3re proponuje Ukraina, je\u015bli chodzi o ww\u00f3z produkt\u00f3w rolnych do UE lub poza Wsp\u00f3lnot\u0119.&nbsp;&#8211; Nasze stanowisko jest twarde je\u015bli chodzi o zbo\u017ce.&nbsp;Na rynek polski zbo\u017ce z Ukrainy nie mo\u017ce wp\u0142ywa\u0107 &#8211; podkre\u015bli\u0142 minister, dodaj\u0105c, \u017ce strona ukrai\u0144ska &#8222;przyj\u0119\u0142a nasz\u0105 argumentacj\u0119&#8221;.<\/p>\n\n\n\n<p>Robert Telus zaapelowa\u0142 m.in. o wycofanie skargi na Polsk\u0119 do WTO, jak\u0105 z\u0142o\u017cy\u0142a Ukraina. &#8211; Ta skarga jest bezpodstawna &#8211; oceni\u0142. &#8211; Minister Ukrainy zadeklarowa\u0142, \u017ce b\u0119dzie rozmawia\u0142 z ministrem gospodarki na Ukrainie, \u017ceby przemy\u015ble\u0107 wycofanie tej skargi. To by\u0142aby dobra rzecz, je\u015bli chcemy szuka\u0107 rozwi\u0105za\u0144 d\u0142ugofalowych &#8211; doda\u0142 minister.<\/p>\n\n\n\n<figure class=\"wp-block-embed is-type-rich is-provider-twitter wp-block-embed-twitter\"><div class=\"wp-block-embed__wrapper\">\n<div class=\"newspaper-x-video-container\"><blockquote class=\"twitter-tweet\" data-width=\"550\" data-dnt=\"true\"><p lang=\"pl\" dir=\"ltr\">Minister <a href=\"https:\/\/twitter.com\/RobertTelus?ref_src=twsrc%5Etfw\">@RobertTelus<\/a>: Podczas rozm\u00f3w z ministrem Solskim pad\u0142a propozycja licencjonowania, kt\u00f3r\u0105 Polska b\u0119dzie analizowa\u0107. Na razie nie ma jednak odpowiednich procedur. Najwa\u017cniejsze, \u017ceby obecnie zbo\u017ce do Polski nie wp\u0142ywa\u0142o. <a href=\"https:\/\/t.co\/uorxCBjEFg\">pic.twitter.com\/uorxCBjEFg<\/a><\/p>&mdash; Ministerstwo Rolnictwa i Rozwoju Wsi (@MRiRW_GOV_PL) <a href=\"https:\/\/twitter.com\/MRiRW_GOV_PL\/status\/1706938376119628194?ref_src=twsrc%5Etfw\">September 27, 2023<\/a><\/blockquote><script async src=\"https:\/\/platform.twitter.com\/widgets.js\" charset=\"utf-8\"><\/script><\/div>\n<\/div><\/figure>\n\n\n\n<p>Jak poinformowa\u0142, w przysz\u0142ym tygodniu odb\u0119dzie si\u0119 r\u00f3wnie\u017c spotkanie dotycz\u0105ce tranzytu zbo\u017ca przez Litw\u0119. Doda\u0142, \u017ce chodzi o to, \u017ceby jak najszybciej t\u0119 spraw\u0119 zako\u0144czy\u0107, by pom\u00f3c w tranzycie.&nbsp;<\/p>\n\n\n\n<p>Stwierdzi\u0142 te\u017c, \u017ce &#8222;bardzo cieszy si\u0119&#8221; z rozm\u00f3w ze stron\u0105 ukrai\u0144sk\u0105 i z tego, \u017ce s\u0105 budowane mechanizmy na przysz\u0142o\u015b\u0107. &#8211; To&nbsp;jest nasza odpowiedzialno\u015b\u0107 &#8211; Polski, kraj\u00f3w przyfrontowych, Ukrainy, a przede wszystkim odpowiedzialno\u015b\u0107 Unii Europejskiej, \u017ceby zbudowa\u0107 mechanizmy, kt\u00f3re zabezpiecz\u0105 nasze rynki, zabezpiecz\u0105 nawet rynki Unii Europejskiej,&nbsp;nie tylko Polski, i pozwol\u0105 na to, \u017ceby to zbo\u017ce pojecha\u0142o tam, gdzie go brakuje, tam gdzie jecha\u0142o przed wojn\u0105, \u017ceby nie spowodowa\u0107 kolejnej destabilizacji \u015bwiatowej &#8211; powiedzia\u0142 Robert Telus.<\/p>\n\n\n\n<p>Doda\u0142, \u017ce ma nadziej\u0119, i\u017c po tych twardych decyzjach, kt\u00f3re Polska podejmuje, Unia Europejska r\u00f3wnie\u017c zrozumie jej kierunek dzia\u0142ania. &#8211; I b\u0119dziemy wsp\u00f3lnie budowa\u0107 te mechanizmy &#8211; podkre\u015bli\u0142. Wskaza\u0142 te\u017c, \u017ce Polska popiera pomys\u0142 komisarza UE ds. rolnictwa Janusza Wojciechowskiego, \u017ce je\u017celi b\u0119dzie potrzeba, to Unia do transportu zbo\u017ca by dop\u0142aci\u0142a, &#8222;\u017ceby zbo\u017ce pojecha\u0142o tam, gdzie powinno pojecha\u0107&#8221;. &#8211; To jest bardzo wa\u017cna rzecz &#8211; podkre\u015bli\u0142 minister Robert Telus.<\/p>\n\n\n\n<figure class=\"wp-block-embed is-type-rich is-provider-twitter wp-block-embed-twitter\"><div class=\"wp-block-embed__wrapper\">\n<div class=\"newspaper-x-video-container\"><blockquote class=\"twitter-tweet\" data-width=\"550\" data-dnt=\"true\"><p lang=\"pl\" dir=\"ltr\">\u2705\ufe0fBriefing po videorozmowie z ministrem UA Mykola Solskim<br>\u2705\ufe0fPolska chce prowadzi\u0107 tak\u0105 polityk\u0119, kt\u00f3ra b\u0119dzie zgodna z interesami polskich rolnik\u00f3w <br>\u2705\ufe0fNie pojawi\u0142 si\u0119 w\u0105tek o embargu ze strony Ukrai\u0144skiej<a href=\"https:\/\/twitter.com\/hashtag\/PlusaNaTelusa?src=hash&amp;ref_src=twsrc%5Etfw\">#PlusaNaTelusa<\/a> <a href=\"https:\/\/twitter.com\/hashtag\/MinisterTelus?src=hash&amp;ref_src=twsrc%5Etfw\">#MinisterTelus<\/a><a href=\"https:\/\/twitter.com\/hashtag\/wiarygodno%C5%9B%C4%87?src=hash&amp;ref_src=twsrc%5Etfw\">#wiarygodno\u015b\u0107<\/a> <a href=\"https:\/\/t.co\/Byw6DuptNh\">pic.twitter.com\/Byw6DuptNh<\/a><\/p>&mdash; Robert Telus (@RobertTelus) <a href=\"https:\/\/twitter.com\/RobertTelus\/status\/1706927604169671060?ref_src=twsrc%5Etfw\">September 27, 2023<\/a><\/blockquote><script async src=\"https:\/\/platform.twitter.com\/widgets.js\" charset=\"utf-8\"><\/script><\/div>\n<\/div><\/figure>\n<div class=\"newspaper-x-tags\"><strong><\/strong><span><a href=\"https:\/\/upmp.news\/pl\/tag\/robert-telus\/\" rel=\"tag\">Robert Telus<\/a><\/span><a href=\"https:\/\/upmp.news\/pl\/tag\/wto\/\" rel=\"tag\">WTO<\/a> <\/div>","protected":false},"excerpt":{"rendered":"<p>Nasze stanowisko jest twarde, na rynek polski zbo\u017ce z Ukrainy nie mo\u017ce wp\u0142ywa\u0107 &#8211; podkre\u015bli\u0142 w \u015brod\u0119 minister rolnictwa Robert Telus. Zaapelowa\u0142 do Ukrainy, by wycofa\u0142a skarg\u0119 na Polsk\u0119 do WTO. Zaznaczy\u0142 te\u017c, \u017ce jest zadowolony ze spotkania ze stron\u0105 ukrai\u0144sk\u0105. Informuje o tym Upmp.news powo\u0142uj\u0105c si\u0119 na Polskie Radio. Szef polskiego resortu rolnictwa w [&hellip;]<\/p>\n","protected":false},"author":27,"featured_media":260396,"comment_status":"closed","ping_status":"open","sticky":true,"template":"","format":"standard","meta":{"_exactmetrics_skip_tracking":false,"_exactmetrics_sitenote_active":false,"_exactmetrics_sitenote_note":"","_exactmetrics_sitenote_category":0,"footnotes":""},"categories":[2067,2078],"tags":[21601,21600],"class_list":["post-260395","post","type-post","status-publish","format-standard","has-post-thumbnail","hentry","category-pl-politika-pl","category-pl-in-polish","tag-robert-telus","tag-wto"],"yoast_head":"<!-- This site is optimized with the Yoast SEO plugin v27.3 - https:\/\/yoast.com\/product\/yoast-seo-wordpress\/ -->\n<title>Minister rolnictwa Robert Telus apeluje do Ukrainy o wycofanie skargi na Polsk\u0119 do WTO &#8211; U.P.M.P<\/title>\n<meta name=\"robots\" content=\"index, follow, max-snippet:-1, max-image-preview:large, max-video-preview:-1\" \/>\n<link rel=\"canonical\" href=\"https:\/\/upmp.news\/pl\/pl-in-polish\/minister-rolnictwa-robert-telus-apeluje-do-ukrainy-o-wycofanie-skargi-na-polske-do-wto\/\" \/>\n<meta property=\"og:locale\" content=\"pl_PL\" \/>\n<meta property=\"og:type\" content=\"article\" \/>\n<meta property=\"og:title\" content=\"Minister rolnictwa Robert Telus apeluje do Ukrainy o wycofanie skargi na Polsk\u0119 do WTO &#8211; U.P.M.P\" \/>\n<meta property=\"og:description\" content=\"Nasze stanowisko jest twarde, na rynek polski zbo\u017ce z Ukrainy nie mo\u017ce wp\u0142ywa\u0107 &#8211; podkre\u015bli\u0142 w \u015brod\u0119 minister rolnictwa Robert Telus. Zaapelowa\u0142 do Ukrainy, by wycofa\u0142a skarg\u0119 na Polsk\u0119 do WTO. Zaznaczy\u0142 te\u017c, \u017ce jest zadowolony ze spotkania ze stron\u0105 ukrai\u0144sk\u0105. Informuje o tym Upmp.news powo\u0142uj\u0105c si\u0119 na Polskie Radio. Szef polskiego resortu rolnictwa w [&hellip;]\" \/>\n<meta property=\"og:url\" content=\"https:\/\/upmp.news\/pl\/pl-in-polish\/minister-rolnictwa-robert-telus-apeluje-do-ukrainy-o-wycofanie-skargi-na-polske-do-wto\/\" \/>\n<meta property=\"og:site_name\" content=\"U.P.M.P\" \/>\n<meta property=\"article:publisher\" content=\"https:\/\/www.facebook.com\/upmp.news\/\" \/>\n<meta property=\"article:published_time\" content=\"2023-09-27T14:59:48+00:00\" \/>\n<meta property=\"article:modified_time\" content=\"2023-09-27T14:59:50+00:00\" \/>\n<meta property=\"og:image\" content=\"https:\/\/upmp.news\/wp-content\/uploads\/2023\/09\/Screenshot-2023-09-27-at-17-52-21-Minister-rolnictwa-Robert-Telus-apeluje-do-Ukrainy-o-wycofanie-skargi-na-Polske-do-WTO.png\" \/>\n\t<meta property=\"og:image:width\" content=\"937\" \/>\n\t<meta property=\"og:image:height\" content=\"515\" \/>\n\t<meta property=\"og:image:type\" content=\"image\/png\" \/>\n<meta name=\"author\" content=\"vladimyr\" \/>\n<meta name=\"twitter:card\" content=\"summary_large_image\" \/>\n<meta name=\"twitter:creator\" content=\"@maininua\" \/>\n<meta name=\"twitter:site\" content=\"@maininua\" \/>\n<meta name=\"twitter:label1\" content=\"Napisane przez\" \/>\n\t<meta name=\"twitter:data1\" content=\"vladimyr\" \/>\n\t<meta name=\"twitter:label2\" content=\"Szacowany czas czytania\" \/>\n\t<meta name=\"twitter:data2\" content=\"2 minuty\" \/>\n<script type=\"application\/ld+json\" class=\"yoast-schema-graph\">{\"@context\":\"https:\\\/\\\/schema.org\",\"@graph\":[{\"@type\":\"Article\",\"@id\":\"https:\\\/\\\/upmp.news\\\/pl\\\/pl-in-polish\\\/minister-rolnictwa-robert-telus-apeluje-do-ukrainy-o-wycofanie-skargi-na-polske-do-wto\\\/#article\",\"isPartOf\":{\"@id\":\"https:\\\/\\\/upmp.news\\\/pl\\\/pl-in-polish\\\/minister-rolnictwa-robert-telus-apeluje-do-ukrainy-o-wycofanie-skargi-na-polske-do-wto\\\/\"},\"author\":{\"name\":\"vladimyr\",\"@id\":\"https:\\\/\\\/upmp.news\\\/#\\\/schema\\\/person\\\/cebd3113030eb01f184505010f519d71\"},\"headline\":\"Minister rolnictwa Robert Telus apeluje do Ukrainy o wycofanie skargi na Polsk\u0119 do WTO\",\"datePublished\":\"2023-09-27T14:59:48+00:00\",\"dateModified\":\"2023-09-27T14:59:50+00:00\",\"mainEntityOfPage\":{\"@id\":\"https:\\\/\\\/upmp.news\\\/pl\\\/pl-in-polish\\\/minister-rolnictwa-robert-telus-apeluje-do-ukrainy-o-wycofanie-skargi-na-polske-do-wto\\\/\"},\"wordCount\":527,\"image\":{\"@id\":\"https:\\\/\\\/upmp.news\\\/pl\\\/pl-in-polish\\\/minister-rolnictwa-robert-telus-apeluje-do-ukrainy-o-wycofanie-skargi-na-polske-do-wto\\\/#primaryimage\"},\"thumbnailUrl\":\"https:\\\/\\\/upmp.news\\\/wp-content\\\/uploads\\\/2023\\\/09\\\/Screenshot-2023-09-27-at-17-52-21-Minister-rolnictwa-Robert-Telus-apeluje-do-Ukrainy-o-wycofanie-skargi-na-Polske-do-WTO.png\",\"keywords\":[\"Robert Telus\",\"WTO\"],\"articleSection\":[\"Polityka\",\"W Polsce\"],\"inLanguage\":\"pl-PL\"},{\"@type\":\"WebPage\",\"@id\":\"https:\\\/\\\/upmp.news\\\/pl\\\/pl-in-polish\\\/minister-rolnictwa-robert-telus-apeluje-do-ukrainy-o-wycofanie-skargi-na-polske-do-wto\\\/\",\"url\":\"https:\\\/\\\/upmp.news\\\/pl\\\/pl-in-polish\\\/minister-rolnictwa-robert-telus-apeluje-do-ukrainy-o-wycofanie-skargi-na-polske-do-wto\\\/\",\"name\":\"Minister rolnictwa Robert Telus apeluje do Ukrainy o wycofanie skargi na Polsk\u0119 do WTO &#8211; U.P.M.P\",\"isPartOf\":{\"@id\":\"https:\\\/\\\/upmp.news\\\/#website\"},\"primaryImageOfPage\":{\"@id\":\"https:\\\/\\\/upmp.news\\\/pl\\\/pl-in-polish\\\/minister-rolnictwa-robert-telus-apeluje-do-ukrainy-o-wycofanie-skargi-na-polske-do-wto\\\/#primaryimage\"},\"image\":{\"@id\":\"https:\\\/\\\/upmp.news\\\/pl\\\/pl-in-polish\\\/minister-rolnictwa-robert-telus-apeluje-do-ukrainy-o-wycofanie-skargi-na-polske-do-wto\\\/#primaryimage\"},\"thumbnailUrl\":\"https:\\\/\\\/upmp.news\\\/wp-content\\\/uploads\\\/2023\\\/09\\\/Screenshot-2023-09-27-at-17-52-21-Minister-rolnictwa-Robert-Telus-apeluje-do-Ukrainy-o-wycofanie-skargi-na-Polske-do-WTO.png\",\"datePublished\":\"2023-09-27T14:59:48+00:00\",\"dateModified\":\"2023-09-27T14:59:50+00:00\",\"author\":{\"@id\":\"https:\\\/\\\/upmp.news\\\/#\\\/schema\\\/person\\\/cebd3113030eb01f184505010f519d71\"},\"breadcrumb\":{\"@id\":\"https:\\\/\\\/upmp.news\\\/pl\\\/pl-in-polish\\\/minister-rolnictwa-robert-telus-apeluje-do-ukrainy-o-wycofanie-skargi-na-polske-do-wto\\\/#breadcrumb\"},\"inLanguage\":\"pl-PL\",\"potentialAction\":[{\"@type\":\"ReadAction\",\"target\":[\"https:\\\/\\\/upmp.news\\\/pl\\\/pl-in-polish\\\/minister-rolnictwa-robert-telus-apeluje-do-ukrainy-o-wycofanie-skargi-na-polske-do-wto\\\/\"]}]},{\"@type\":\"ImageObject\",\"inLanguage\":\"pl-PL\",\"@id\":\"https:\\\/\\\/upmp.news\\\/pl\\\/pl-in-polish\\\/minister-rolnictwa-robert-telus-apeluje-do-ukrainy-o-wycofanie-skargi-na-polske-do-wto\\\/#primaryimage\",\"url\":\"https:\\\/\\\/upmp.news\\\/wp-content\\\/uploads\\\/2023\\\/09\\\/Screenshot-2023-09-27-at-17-52-21-Minister-rolnictwa-Robert-Telus-apeluje-do-Ukrainy-o-wycofanie-skargi-na-Polske-do-WTO.png\",\"contentUrl\":\"https:\\\/\\\/upmp.news\\\/wp-content\\\/uploads\\\/2023\\\/09\\\/Screenshot-2023-09-27-at-17-52-21-Minister-rolnictwa-Robert-Telus-apeluje-do-Ukrainy-o-wycofanie-skargi-na-Polske-do-WTO.png\",\"width\":937,\"height\":515,\"caption\":\"Minister Telus: apeluj\u0119 do Ukrainy o wycofanie skargi na Polsk\u0119 do WTO Foto: Photo RK \\\/ Shutterstock.com; twitter.com\\\/RobertTelus\"},{\"@type\":\"BreadcrumbList\",\"@id\":\"https:\\\/\\\/upmp.news\\\/pl\\\/pl-in-polish\\\/minister-rolnictwa-robert-telus-apeluje-do-ukrainy-o-wycofanie-skargi-na-polske-do-wto\\\/#breadcrumb\",\"itemListElement\":[{\"@type\":\"ListItem\",\"position\":1,\"name\":\"Home\",\"item\":\"https:\\\/\\\/upmp.news\\\/\"},{\"@type\":\"ListItem\",\"position\":2,\"name\":\"Minister rolnictwa Robert Telus apeluje do Ukrainy o wycofanie skargi na Polsk\u0119 do WTO\"}]},{\"@type\":\"WebSite\",\"@id\":\"https:\\\/\\\/upmp.news\\\/#website\",\"url\":\"https:\\\/\\\/upmp.news\\\/\",\"name\":\"U.P.M.P\",\"description\":\"\u0423\u043a\u0440\u0430\u0457\u043d\u043e-\u043f\u043e\u043b\u044c\u0441\u044c\u043a\u0430 \u043c\u0435\u0434\u0456\u0430\u043f\u043b\u0430\u0442\u0444\u043e\u0440\u043c\u0430\",\"potentialAction\":[{\"@type\":\"SearchAction\",\"target\":{\"@type\":\"EntryPoint\",\"urlTemplate\":\"https:\\\/\\\/upmp.news\\\/?s={search_term_string}\"},\"query-input\":{\"@type\":\"PropertyValueSpecification\",\"valueRequired\":true,\"valueName\":\"search_term_string\"}}],\"inLanguage\":\"pl-PL\"},{\"@type\":\"Person\",\"@id\":\"https:\\\/\\\/upmp.news\\\/#\\\/schema\\\/person\\\/cebd3113030eb01f184505010f519d71\",\"name\":\"vladimyr\",\"image\":{\"@type\":\"ImageObject\",\"inLanguage\":\"pl-PL\",\"@id\":\"https:\\\/\\\/upmp.news\\\/wp-content\\\/uploads\\\/2017\\\/12\\\/ava.png\",\"url\":\"https:\\\/\\\/upmp.news\\\/wp-content\\\/uploads\\\/2017\\\/12\\\/ava.png\",\"contentUrl\":\"https:\\\/\\\/upmp.news\\\/wp-content\\\/uploads\\\/2017\\\/12\\\/ava.png\",\"caption\":\"vladimyr\"},\"url\":\"https:\\\/\\\/upmp.news\\\/pl\\\/author\\\/vladimyr\\\/\"}]}<\/script>\n<!-- \/ Yoast SEO plugin. -->","yoast_head_json":{"title":"Minister rolnictwa Robert Telus apeluje do Ukrainy o wycofanie skargi na Polsk\u0119 do WTO &#8211; U.P.M.P","robots":{"index":"index","follow":"follow","max-snippet":"max-snippet:-1","max-image-preview":"max-image-preview:large","max-video-preview":"max-video-preview:-1"},"canonical":"https:\/\/upmp.news\/pl\/pl-in-polish\/minister-rolnictwa-robert-telus-apeluje-do-ukrainy-o-wycofanie-skargi-na-polske-do-wto\/","og_locale":"pl_PL","og_type":"article","og_title":"Minister rolnictwa Robert Telus apeluje do Ukrainy o wycofanie skargi na Polsk\u0119 do WTO &#8211; U.P.M.P","og_description":"Nasze stanowisko jest twarde, na rynek polski zbo\u017ce z Ukrainy nie mo\u017ce wp\u0142ywa\u0107 &#8211; podkre\u015bli\u0142 w \u015brod\u0119 minister rolnictwa Robert Telus. Zaapelowa\u0142 do Ukrainy, by wycofa\u0142a skarg\u0119 na Polsk\u0119 do WTO. Zaznaczy\u0142 te\u017c, \u017ce jest zadowolony ze spotkania ze stron\u0105 ukrai\u0144sk\u0105. Informuje o tym Upmp.news powo\u0142uj\u0105c si\u0119 na Polskie Radio. Szef polskiego resortu rolnictwa w [&hellip;]","og_url":"https:\/\/upmp.news\/pl\/pl-in-polish\/minister-rolnictwa-robert-telus-apeluje-do-ukrainy-o-wycofanie-skargi-na-polske-do-wto\/","og_site_name":"U.P.M.P","article_publisher":"https:\/\/www.facebook.com\/upmp.news\/","article_published_time":"2023-09-27T14:59:48+00:00","article_modified_time":"2023-09-27T14:59:50+00:00","og_image":[{"width":937,"height":515,"url":"https:\/\/upmp.news\/wp-content\/uploads\/2023\/09\/Screenshot-2023-09-27-at-17-52-21-Minister-rolnictwa-Robert-Telus-apeluje-do-Ukrainy-o-wycofanie-skargi-na-Polske-do-WTO.png","type":"image\/png"}],"author":"vladimyr","twitter_card":"summary_large_image","twitter_creator":"@maininua","twitter_site":"@maininua","twitter_misc":{"Napisane przez":"vladimyr","Szacowany czas czytania":"2 minuty"},"schema":{"@context":"https:\/\/schema.org","@graph":[{"@type":"Article","@id":"https:\/\/upmp.news\/pl\/pl-in-polish\/minister-rolnictwa-robert-telus-apeluje-do-ukrainy-o-wycofanie-skargi-na-polske-do-wto\/#article","isPartOf":{"@id":"https:\/\/upmp.news\/pl\/pl-in-polish\/minister-rolnictwa-robert-telus-apeluje-do-ukrainy-o-wycofanie-skargi-na-polske-do-wto\/"},"author":{"name":"vladimyr","@id":"https:\/\/upmp.news\/#\/schema\/person\/cebd3113030eb01f184505010f519d71"},"headline":"Minister rolnictwa Robert Telus apeluje do Ukrainy o wycofanie skargi na Polsk\u0119 do WTO","datePublished":"2023-09-27T14:59:48+00:00","dateModified":"2023-09-27T14:59:50+00:00","mainEntityOfPage":{"@id":"https:\/\/upmp.news\/pl\/pl-in-polish\/minister-rolnictwa-robert-telus-apeluje-do-ukrainy-o-wycofanie-skargi-na-polske-do-wto\/"},"wordCount":527,"image":{"@id":"https:\/\/upmp.news\/pl\/pl-in-polish\/minister-rolnictwa-robert-telus-apeluje-do-ukrainy-o-wycofanie-skargi-na-polske-do-wto\/#primaryimage"},"thumbnailUrl":"https:\/\/upmp.news\/wp-content\/uploads\/2023\/09\/Screenshot-2023-09-27-at-17-52-21-Minister-rolnictwa-Robert-Telus-apeluje-do-Ukrainy-o-wycofanie-skargi-na-Polske-do-WTO.png","keywords":["Robert Telus","WTO"],"articleSection":["Polityka","W Polsce"],"inLanguage":"pl-PL"},{"@type":"WebPage","@id":"https:\/\/upmp.news\/pl\/pl-in-polish\/minister-rolnictwa-robert-telus-apeluje-do-ukrainy-o-wycofanie-skargi-na-polske-do-wto\/","url":"https:\/\/upmp.news\/pl\/pl-in-polish\/minister-rolnictwa-robert-telus-apeluje-do-ukrainy-o-wycofanie-skargi-na-polske-do-wto\/","name":"Minister rolnictwa Robert Telus apeluje do Ukrainy o wycofanie skargi na Polsk\u0119 do WTO &#8211; U.P.M.P","isPartOf":{"@id":"https:\/\/upmp.news\/#website"},"primaryImageOfPage":{"@id":"https:\/\/upmp.news\/pl\/pl-in-polish\/minister-rolnictwa-robert-telus-apeluje-do-ukrainy-o-wycofanie-skargi-na-polske-do-wto\/#primaryimage"},"image":{"@id":"https:\/\/upmp.news\/pl\/pl-in-polish\/minister-rolnictwa-robert-telus-apeluje-do-ukrainy-o-wycofanie-skargi-na-polske-do-wto\/#primaryimage"},"thumbnailUrl":"https:\/\/upmp.news\/wp-content\/uploads\/2023\/09\/Screenshot-2023-09-27-at-17-52-21-Minister-rolnictwa-Robert-Telus-apeluje-do-Ukrainy-o-wycofanie-skargi-na-Polske-do-WTO.png","datePublished":"2023-09-27T14:59:48+00:00","dateModified":"2023-09-27T14:59:50+00:00","author":{"@id":"https:\/\/upmp.news\/#\/schema\/person\/cebd3113030eb01f184505010f519d71"},"breadcrumb":{"@id":"https:\/\/upmp.news\/pl\/pl-in-polish\/minister-rolnictwa-robert-telus-apeluje-do-ukrainy-o-wycofanie-skargi-na-polske-do-wto\/#breadcrumb"},"inLanguage":"pl-PL","potentialAction":[{"@type":"ReadAction","target":["https:\/\/upmp.news\/pl\/pl-in-polish\/minister-rolnictwa-robert-telus-apeluje-do-ukrainy-o-wycofanie-skargi-na-polske-do-wto\/"]}]},{"@type":"ImageObject","inLanguage":"pl-PL","@id":"https:\/\/upmp.news\/pl\/pl-in-polish\/minister-rolnictwa-robert-telus-apeluje-do-ukrainy-o-wycofanie-skargi-na-polske-do-wto\/#primaryimage","url":"https:\/\/upmp.news\/wp-content\/uploads\/2023\/09\/Screenshot-2023-09-27-at-17-52-21-Minister-rolnictwa-Robert-Telus-apeluje-do-Ukrainy-o-wycofanie-skargi-na-Polske-do-WTO.png","contentUrl":"https:\/\/upmp.news\/wp-content\/uploads\/2023\/09\/Screenshot-2023-09-27-at-17-52-21-Minister-rolnictwa-Robert-Telus-apeluje-do-Ukrainy-o-wycofanie-skargi-na-Polske-do-WTO.png","width":937,"height":515,"caption":"Minister Telus: apeluj\u0119 do Ukrainy o wycofanie skargi na Polsk\u0119 do WTO Foto: Photo RK \/ Shutterstock.com; twitter.com\/RobertTelus"},{"@type":"BreadcrumbList","@id":"https:\/\/upmp.news\/pl\/pl-in-polish\/minister-rolnictwa-robert-telus-apeluje-do-ukrainy-o-wycofanie-skargi-na-polske-do-wto\/#breadcrumb","itemListElement":[{"@type":"ListItem","position":1,"name":"Home","item":"https:\/\/upmp.news\/"},{"@type":"ListItem","position":2,"name":"Minister rolnictwa Robert Telus apeluje do Ukrainy o wycofanie skargi na Polsk\u0119 do WTO"}]},{"@type":"WebSite","@id":"https:\/\/upmp.news\/#website","url":"https:\/\/upmp.news\/","name":"U.P.M.P","description":"\u0423\u043a\u0440\u0430\u0457\u043d\u043e-\u043f\u043e\u043b\u044c\u0441\u044c\u043a\u0430 \u043c\u0435\u0434\u0456\u0430\u043f\u043b\u0430\u0442\u0444\u043e\u0440\u043c\u0430","potentialAction":[{"@type":"SearchAction","target":{"@type":"EntryPoint","urlTemplate":"https:\/\/upmp.news\/?s={search_term_string}"},"query-input":{"@type":"PropertyValueSpecification","valueRequired":true,"valueName":"search_term_string"}}],"inLanguage":"pl-PL"},{"@type":"Person","@id":"https:\/\/upmp.news\/#\/schema\/person\/cebd3113030eb01f184505010f519d71","name":"vladimyr","image":{"@type":"ImageObject","inLanguage":"pl-PL","@id":"https:\/\/upmp.news\/wp-content\/uploads\/2017\/12\/ava.png","url":"https:\/\/upmp.news\/wp-content\/uploads\/2017\/12\/ava.png","contentUrl":"https:\/\/upmp.news\/wp-content\/uploads\/2017\/12\/ava.png","caption":"vladimyr"},"url":"https:\/\/upmp.news\/pl\/author\/vladimyr\/"}]}},"_links":{"self":[{"href":"https:\/\/upmp.news\/pl\/wp-json\/wp\/v2\/posts\/260395","targetHints":{"allow":["GET"]}}],"collection":[{"href":"https:\/\/upmp.news\/pl\/wp-json\/wp\/v2\/posts"}],"about":[{"href":"https:\/\/upmp.news\/pl\/wp-json\/wp\/v2\/types\/post"}],"author":[{"embeddable":true,"href":"https:\/\/upmp.news\/pl\/wp-json\/wp\/v2\/users\/27"}],"replies":[{"embeddable":true,"href":"https:\/\/upmp.news\/pl\/wp-json\/wp\/v2\/comments?post=260395"}],"version-history":[{"count":1,"href":"https:\/\/upmp.news\/pl\/wp-json\/wp\/v2\/posts\/260395\/revisions"}],"predecessor-version":[{"id":260401,"href":"https:\/\/upmp.news\/pl\/wp-json\/wp\/v2\/posts\/260395\/revisions\/260401"}],"wp:featuredmedia":[{"embeddable":true,"href":"https:\/\/upmp.news\/pl\/wp-json\/wp\/v2\/media\/260396"}],"wp:attachment":[{"href":"https:\/\/upmp.news\/pl\/wp-json\/wp\/v2\/media?parent=260395"}],"wp:term":[{"taxonomy":"category","embeddable":true,"href":"https:\/\/upmp.news\/pl\/wp-json\/wp\/v2\/categories?post=260395"},{"taxonomy":"post_tag","embeddable":true,"href":"https:\/\/upmp.news\/pl\/wp-json\/wp\/v2\/tags?post=260395"}],"curies":[{"name":"wp","href":"https:\/\/api.w.org\/{rel}","templated":true}]}}