{"id":261804,"date":"2023-10-19T11:07:51","date_gmt":"2023-10-19T09:07:51","guid":{"rendered":"https:\/\/upmp.news\/?p=261804"},"modified":"2023-10-19T11:07:54","modified_gmt":"2023-10-19T09:07:54","slug":"klamstwo-o-tym-ze-polska-nie-zostala-zaproszona-na-forum-zbrojeniowe","status":"publish","type":"post","link":"https:\/\/upmp.news\/pl\/pl-in-polish\/klamstwo-o-tym-ze-polska-nie-zostala-zaproszona-na-forum-zbrojeniowe\/","title":{"rendered":"K\u0142amstwo o tym, \u017ce Polska &#8222;nie zosta\u0142a zaproszona&#8221; na forum zbrojeniowe"},"content":{"rendered":"\n<p><strong>Polskie media, pod\u0105\u017caj\u0105c za rosyjsk\u0105 propagand\u0105, nieustannie staraj\u0105 si\u0119 pogarsza\u0107 stosunki polsko-ukrai\u0144skie, kt\u00f3re i tak przechodz\u0105 trudny okres. Informuje <a href=\"https:\/\/upmp.news\/pl\/\">o tym <\/a>Upmp.news<\/strong>.<\/p>\n\n\n\n<p>Na przyk\u0142ad portal Lega Artis, kt\u00f3ry podszywa si\u0119 pod renomowan\u0105 kancelari\u0119 prawn\u0105, opublikowa\u0142 <a href=\"https:\/\/legaartis.pl\/blog\/2023\/10\/02\/ukraina-nie-zaprosila-polski-na-targi-zbrojeniowe-sasin-odbije-im-sie-to-czkawka\/\">artyku<\/a>\u0142 z nag\u0142\u00f3wkiem: &#8222;Ukraina nie zaprosi\u0142a Polski na targi zbrojeniowe&#8221;.<\/p>\n\n\n\n<p>W artykule autorzy powo\u0142uj\u0105 si\u0119 na Jacka Sasina, Ministra Aktyw\u00f3w Pa\u0144stwowych RP, kt\u00f3ry ostro na to zareagowa\u0142 i stwierdzi\u0142, \u017ce \u201eodbije Ukrainie si\u0119 to czkawk\u0105\u201d. Jednak, jak zawsze w takich przypadkach, ta &#8222;sensacja&#8221; okaza\u0142a si\u0119 fejkiem.<\/p>\n\n\n\n<p>Po pierwsze, strona ukrai\u0144ska zapewni\u0142a, \u017ce Polska by\u0142a jednym z pierwszych kraj\u00f3w zaproszonych na Forum jako strategiczny partner Ukrainy. <a href=\"https:\/\/forsal.pl\/swiat\/ukraina\/artykuly\/9312293,zwarycz-polskie-firmy-byly-zaproszone-na-forum-przemyslu-obronnego-w.html\">O\u015bwiadczy\u0142<\/a> o tym ambasador Ukrainy w Polsce Wasyl \u017bwarycz.<\/p>\n\n\n\n<p>Po drugie, Polska grupa zbrojeniowa (r\u00f3wnie\u017c wspomniana w artykule Lega Artis) <a href=\"https:\/\/twitter.com\/PGZ_pl\/status\/1708054486877368828\">skomentowa\u0142a<\/a> to wydarzenie na Twitterze, stwierdzaj\u0105c dos\u0142ownie: &#8222;W uzgodnieniu ze stron\u0105 ukrai\u0144sk\u0105 nie planowali\u015bmy wsp\u00f3lnych spotka\u0144 na tym wydarzeniu. Spotykamy si\u0119 systematycznie i pracujemy w ramach zespo\u0142\u00f3w roboczych.&#8221;.<\/p>\n\n\n\n<p>P\u00f3\u017aniej PGZ opublikowa\u0142a rozszerzony <a href=\"https:\/\/twitter.com\/PGZ_pl\/status\/1708877559155273969?ref_src=twsrc%5Etfw%7Ctwcamp%5Etweetembed%7Ctwterm%5E1708879560442368212%7Ctwgr%5Ea5d7dff4296eeedc02fd9f84789e7a490e1347d1%7Ctwcon%5Es3_&amp;ref_url=https%3A%2F%2Fwww.money.pl%2Fgospodarka%2Fjacek-sasin-nie-wiedzial-ale-i-tak-powiedzial-teraz-przeprasza-6947905054677952a.html\">komunika<\/a>t, w kt\u00f3rym przedstawi\u0142a swoje stanowisko.<\/p>\n\n\n\n<p>Po trzecie, sam Jacek Sasin, po zrozumieniu sytuacji, musia\u0142 <a href=\"https:\/\/www.money.pl\/gospodarka\/jacek-sasin-nie-wiedzial-ale-i-tak-powiedzial-teraz-przeprasza-6947905054677952a.html\">przeprosi\u0107<\/a> za swoje ostre s\u0142owa.<\/p>\n\n\n\n<p>&#8222;W chwili udzielania wywiadu nie dysponowa\u0142em precyzyjn\u0105 informacj\u0105 na ten temat. Po rozmowie z prezesem PGZ otrzyma\u0142em informacj\u0119, \u017ce Polska Grupa Zbrojeniowa otrzyma\u0142a zaproszenie. Sp\u00f3\u0142ka nie zdecydowa\u0142a si\u0119 wzi\u0105\u0107 udzia\u0142u ze wzgl\u0119du na okoliczno\u015bci, kt\u00f3re s\u0105 zawarte w o\u015bwiadczeniu&#8221; &#8211; powiedzia\u0142 minister.<\/p>\n\n\n\n<p>Wygl\u0105da na to, \u017ce mamy do czynienia z kolejn\u0105 prowokacj\u0105 ze strony polskich pe\u0142nomocnik\u00f3w Kremla, kt\u00f3rzy pr\u00f3buj\u0105 zaogni\u0107 stosunki polsko-ukrai\u0144skie i wywo\u0142a\u0107 skandal z niczego.<\/p>\n\n\n\n<p><strong>Victoria Chyrva<\/strong><\/p>\n<div class=\"newspaper-x-tags\"><strong><\/strong><span><a href=\"https:\/\/upmp.news\/pl\/tag\/klamstwo\/\" rel=\"tag\">K\u0142amstwo<\/a><\/span><a href=\"https:\/\/upmp.news\/pl\/tag\/media-2-2\/\" rel=\"tag\">media<\/a><\/span><a href=\"https:\/\/upmp.news\/pl\/tag\/stoplie-2\/\" rel=\"tag\">StopLie<\/a><\/span><a href=\"https:\/\/upmp.news\/pl\/tag\/victoria-chyrva\/\" rel=\"tag\">Victoria Chyrva<\/a> <\/div>","protected":false},"excerpt":{"rendered":"<p>Polskie media, pod\u0105\u017caj\u0105c za rosyjsk\u0105 propagand\u0105, nieustannie staraj\u0105 si\u0119 pogarsza\u0107 stosunki polsko-ukrai\u0144skie, kt\u00f3re i tak przechodz\u0105 trudny okres. Informuje o tym Upmp.news. Na przyk\u0142ad portal Lega Artis, kt\u00f3ry podszywa si\u0119 pod renomowan\u0105 kancelari\u0119 prawn\u0105, opublikowa\u0142 artyku\u0142 z nag\u0142\u00f3wkiem: &#8222;Ukraina nie zaprosi\u0142a Polski na targi zbrojeniowe&#8221;. W artykule autorzy powo\u0142uj\u0105 si\u0119 na Jacka Sasina, Ministra Aktyw\u00f3w [&hellip;]<\/p>\n","protected":false},"author":27,"featured_media":261809,"comment_status":"closed","ping_status":"open","sticky":true,"template":"","format":"standard","meta":{"_exactmetrics_skip_tracking":false,"_exactmetrics_sitenote_active":false,"_exactmetrics_sitenote_note":"","_exactmetrics_sitenote_category":0,"footnotes":""},"categories":[20556,2078],"tags":[21711,21712,21709,21710],"class_list":["post-261804","post","type-post","status-publish","format-standard","has-post-thumbnail","hentry","category-pl-spsl","category-pl-in-polish","tag-klamstwo","tag-media-2-2","tag-stoplie-2","tag-victoria-chyrva"],"yoast_head":"<!-- This site is optimized with the Yoast SEO plugin v27.3 - https:\/\/yoast.com\/product\/yoast-seo-wordpress\/ -->\n<title>K\u0142amstwo o tym, \u017ce Polska &quot;nie zosta\u0142a zaproszona&quot; na forum zbrojeniowe &#8211; U.P.M.P<\/title>\n<meta name=\"robots\" content=\"index, follow, max-snippet:-1, max-image-preview:large, max-video-preview:-1\" \/>\n<link rel=\"canonical\" href=\"https:\/\/upmp.news\/pl\/pl-in-polish\/klamstwo-o-tym-ze-polska-nie-zostala-zaproszona-na-forum-zbrojeniowe\/\" \/>\n<meta property=\"og:locale\" content=\"pl_PL\" \/>\n<meta property=\"og:type\" content=\"article\" \/>\n<meta property=\"og:title\" content=\"K\u0142amstwo o tym, \u017ce Polska &quot;nie zosta\u0142a zaproszona&quot; na forum zbrojeniowe &#8211; U.P.M.P\" \/>\n<meta property=\"og:description\" content=\"Polskie media, pod\u0105\u017caj\u0105c za rosyjsk\u0105 propagand\u0105, nieustannie staraj\u0105 si\u0119 pogarsza\u0107 stosunki polsko-ukrai\u0144skie, kt\u00f3re i tak przechodz\u0105 trudny okres. Informuje o tym Upmp.news. Na przyk\u0142ad portal Lega Artis, kt\u00f3ry podszywa si\u0119 pod renomowan\u0105 kancelari\u0119 prawn\u0105, opublikowa\u0142 artyku\u0142 z nag\u0142\u00f3wkiem: &#8222;Ukraina nie zaprosi\u0142a Polski na targi zbrojeniowe&#8221;. W artykule autorzy powo\u0142uj\u0105 si\u0119 na Jacka Sasina, Ministra Aktyw\u00f3w [&hellip;]\" \/>\n<meta property=\"og:url\" content=\"https:\/\/upmp.news\/pl\/pl-in-polish\/klamstwo-o-tym-ze-polska-nie-zostala-zaproszona-na-forum-zbrojeniowe\/\" \/>\n<meta property=\"og:site_name\" content=\"U.P.M.P\" \/>\n<meta property=\"article:publisher\" content=\"https:\/\/www.facebook.com\/upmp.news\/\" \/>\n<meta property=\"article:published_time\" content=\"2023-10-19T09:07:51+00:00\" \/>\n<meta property=\"article:modified_time\" content=\"2023-10-19T09:07:54+00:00\" \/>\n<meta property=\"og:image\" content=\"https:\/\/upmp.news\/wp-content\/uploads\/2023\/10\/1_Image-1.jpg\" \/>\n\t<meta property=\"og:image:width\" content=\"933\" \/>\n\t<meta property=\"og:image:height\" content=\"611\" \/>\n\t<meta property=\"og:image:type\" content=\"image\/jpeg\" \/>\n<meta name=\"author\" content=\"vladimyr\" \/>\n<meta name=\"twitter:card\" content=\"summary_large_image\" \/>\n<meta name=\"twitter:creator\" content=\"@maininua\" \/>\n<meta name=\"twitter:site\" content=\"@maininua\" \/>\n<meta name=\"twitter:label1\" content=\"Napisane przez\" \/>\n\t<meta name=\"twitter:data1\" content=\"vladimyr\" \/>\n\t<meta name=\"twitter:label2\" content=\"Szacowany czas czytania\" \/>\n\t<meta name=\"twitter:data2\" content=\"2 minuty\" \/>\n<script type=\"application\/ld+json\" class=\"yoast-schema-graph\">{\"@context\":\"https:\\\/\\\/schema.org\",\"@graph\":[{\"@type\":\"Article\",\"@id\":\"https:\\\/\\\/upmp.news\\\/pl\\\/pl-in-polish\\\/klamstwo-o-tym-ze-polska-nie-zostala-zaproszona-na-forum-zbrojeniowe\\\/#article\",\"isPartOf\":{\"@id\":\"https:\\\/\\\/upmp.news\\\/pl\\\/pl-in-polish\\\/klamstwo-o-tym-ze-polska-nie-zostala-zaproszona-na-forum-zbrojeniowe\\\/\"},\"author\":{\"name\":\"vladimyr\",\"@id\":\"https:\\\/\\\/upmp.news\\\/#\\\/schema\\\/person\\\/cebd3113030eb01f184505010f519d71\"},\"headline\":\"K\u0142amstwo o tym, \u017ce Polska &#8222;nie zosta\u0142a zaproszona&#8221; na forum zbrojeniowe\",\"datePublished\":\"2023-10-19T09:07:51+00:00\",\"dateModified\":\"2023-10-19T09:07:54+00:00\",\"mainEntityOfPage\":{\"@id\":\"https:\\\/\\\/upmp.news\\\/pl\\\/pl-in-polish\\\/klamstwo-o-tym-ze-polska-nie-zostala-zaproszona-na-forum-zbrojeniowe\\\/\"},\"wordCount\":303,\"image\":{\"@id\":\"https:\\\/\\\/upmp.news\\\/pl\\\/pl-in-polish\\\/klamstwo-o-tym-ze-polska-nie-zostala-zaproszona-na-forum-zbrojeniowe\\\/#primaryimage\"},\"thumbnailUrl\":\"https:\\\/\\\/upmp.news\\\/wp-content\\\/uploads\\\/2023\\\/10\\\/1_Image-1.jpg\",\"keywords\":[\"K\u0142amstwo\",\"media\",\"StopLie\",\"Victoria Chyrva\"],\"articleSection\":[\"Projekt specjalny \u201cStop Lie\u201d\",\"W Polsce\"],\"inLanguage\":\"pl-PL\"},{\"@type\":\"WebPage\",\"@id\":\"https:\\\/\\\/upmp.news\\\/pl\\\/pl-in-polish\\\/klamstwo-o-tym-ze-polska-nie-zostala-zaproszona-na-forum-zbrojeniowe\\\/\",\"url\":\"https:\\\/\\\/upmp.news\\\/pl\\\/pl-in-polish\\\/klamstwo-o-tym-ze-polska-nie-zostala-zaproszona-na-forum-zbrojeniowe\\\/\",\"name\":\"K\u0142amstwo o tym, \u017ce Polska \\\"nie zosta\u0142a zaproszona\\\" na forum zbrojeniowe &#8211; U.P.M.P\",\"isPartOf\":{\"@id\":\"https:\\\/\\\/upmp.news\\\/#website\"},\"primaryImageOfPage\":{\"@id\":\"https:\\\/\\\/upmp.news\\\/pl\\\/pl-in-polish\\\/klamstwo-o-tym-ze-polska-nie-zostala-zaproszona-na-forum-zbrojeniowe\\\/#primaryimage\"},\"image\":{\"@id\":\"https:\\\/\\\/upmp.news\\\/pl\\\/pl-in-polish\\\/klamstwo-o-tym-ze-polska-nie-zostala-zaproszona-na-forum-zbrojeniowe\\\/#primaryimage\"},\"thumbnailUrl\":\"https:\\\/\\\/upmp.news\\\/wp-content\\\/uploads\\\/2023\\\/10\\\/1_Image-1.jpg\",\"datePublished\":\"2023-10-19T09:07:51+00:00\",\"dateModified\":\"2023-10-19T09:07:54+00:00\",\"author\":{\"@id\":\"https:\\\/\\\/upmp.news\\\/#\\\/schema\\\/person\\\/cebd3113030eb01f184505010f519d71\"},\"breadcrumb\":{\"@id\":\"https:\\\/\\\/upmp.news\\\/pl\\\/pl-in-polish\\\/klamstwo-o-tym-ze-polska-nie-zostala-zaproszona-na-forum-zbrojeniowe\\\/#breadcrumb\"},\"inLanguage\":\"pl-PL\",\"potentialAction\":[{\"@type\":\"ReadAction\",\"target\":[\"https:\\\/\\\/upmp.news\\\/pl\\\/pl-in-polish\\\/klamstwo-o-tym-ze-polska-nie-zostala-zaproszona-na-forum-zbrojeniowe\\\/\"]}]},{\"@type\":\"ImageObject\",\"inLanguage\":\"pl-PL\",\"@id\":\"https:\\\/\\\/upmp.news\\\/pl\\\/pl-in-polish\\\/klamstwo-o-tym-ze-polska-nie-zostala-zaproszona-na-forum-zbrojeniowe\\\/#primaryimage\",\"url\":\"https:\\\/\\\/upmp.news\\\/wp-content\\\/uploads\\\/2023\\\/10\\\/1_Image-1.jpg\",\"contentUrl\":\"https:\\\/\\\/upmp.news\\\/wp-content\\\/uploads\\\/2023\\\/10\\\/1_Image-1.jpg\",\"width\":933,\"height\":611,\"caption\":\"Ilustracja Adobe Stock\"},{\"@type\":\"BreadcrumbList\",\"@id\":\"https:\\\/\\\/upmp.news\\\/pl\\\/pl-in-polish\\\/klamstwo-o-tym-ze-polska-nie-zostala-zaproszona-na-forum-zbrojeniowe\\\/#breadcrumb\",\"itemListElement\":[{\"@type\":\"ListItem\",\"position\":1,\"name\":\"Home\",\"item\":\"https:\\\/\\\/upmp.news\\\/\"},{\"@type\":\"ListItem\",\"position\":2,\"name\":\"K\u0142amstwo o tym, \u017ce Polska &#8220;nie zosta\u0142a zaproszona&#8221; na forum zbrojeniowe\"}]},{\"@type\":\"WebSite\",\"@id\":\"https:\\\/\\\/upmp.news\\\/#website\",\"url\":\"https:\\\/\\\/upmp.news\\\/\",\"name\":\"U.P.M.P\",\"description\":\"\u0423\u043a\u0440\u0430\u0457\u043d\u043e-\u043f\u043e\u043b\u044c\u0441\u044c\u043a\u0430 \u043c\u0435\u0434\u0456\u0430\u043f\u043b\u0430\u0442\u0444\u043e\u0440\u043c\u0430\",\"potentialAction\":[{\"@type\":\"SearchAction\",\"target\":{\"@type\":\"EntryPoint\",\"urlTemplate\":\"https:\\\/\\\/upmp.news\\\/?s={search_term_string}\"},\"query-input\":{\"@type\":\"PropertyValueSpecification\",\"valueRequired\":true,\"valueName\":\"search_term_string\"}}],\"inLanguage\":\"pl-PL\"},{\"@type\":\"Person\",\"@id\":\"https:\\\/\\\/upmp.news\\\/#\\\/schema\\\/person\\\/cebd3113030eb01f184505010f519d71\",\"name\":\"vladimyr\",\"image\":{\"@type\":\"ImageObject\",\"inLanguage\":\"pl-PL\",\"@id\":\"https:\\\/\\\/upmp.news\\\/wp-content\\\/uploads\\\/2017\\\/12\\\/ava.png\",\"url\":\"https:\\\/\\\/upmp.news\\\/wp-content\\\/uploads\\\/2017\\\/12\\\/ava.png\",\"contentUrl\":\"https:\\\/\\\/upmp.news\\\/wp-content\\\/uploads\\\/2017\\\/12\\\/ava.png\",\"caption\":\"vladimyr\"},\"url\":\"https:\\\/\\\/upmp.news\\\/pl\\\/author\\\/vladimyr\\\/\"}]}<\/script>\n<!-- \/ Yoast SEO plugin. -->","yoast_head_json":{"title":"K\u0142amstwo o tym, \u017ce Polska \"nie zosta\u0142a zaproszona\" na forum zbrojeniowe &#8211; U.P.M.P","robots":{"index":"index","follow":"follow","max-snippet":"max-snippet:-1","max-image-preview":"max-image-preview:large","max-video-preview":"max-video-preview:-1"},"canonical":"https:\/\/upmp.news\/pl\/pl-in-polish\/klamstwo-o-tym-ze-polska-nie-zostala-zaproszona-na-forum-zbrojeniowe\/","og_locale":"pl_PL","og_type":"article","og_title":"K\u0142amstwo o tym, \u017ce Polska \"nie zosta\u0142a zaproszona\" na forum zbrojeniowe &#8211; U.P.M.P","og_description":"Polskie media, pod\u0105\u017caj\u0105c za rosyjsk\u0105 propagand\u0105, nieustannie staraj\u0105 si\u0119 pogarsza\u0107 stosunki polsko-ukrai\u0144skie, kt\u00f3re i tak przechodz\u0105 trudny okres. Informuje o tym Upmp.news. Na przyk\u0142ad portal Lega Artis, kt\u00f3ry podszywa si\u0119 pod renomowan\u0105 kancelari\u0119 prawn\u0105, opublikowa\u0142 artyku\u0142 z nag\u0142\u00f3wkiem: &#8222;Ukraina nie zaprosi\u0142a Polski na targi zbrojeniowe&#8221;. W artykule autorzy powo\u0142uj\u0105 si\u0119 na Jacka Sasina, Ministra Aktyw\u00f3w [&hellip;]","og_url":"https:\/\/upmp.news\/pl\/pl-in-polish\/klamstwo-o-tym-ze-polska-nie-zostala-zaproszona-na-forum-zbrojeniowe\/","og_site_name":"U.P.M.P","article_publisher":"https:\/\/www.facebook.com\/upmp.news\/","article_published_time":"2023-10-19T09:07:51+00:00","article_modified_time":"2023-10-19T09:07:54+00:00","og_image":[{"width":933,"height":611,"url":"https:\/\/upmp.news\/wp-content\/uploads\/2023\/10\/1_Image-1.jpg","type":"image\/jpeg"}],"author":"vladimyr","twitter_card":"summary_large_image","twitter_creator":"@maininua","twitter_site":"@maininua","twitter_misc":{"Napisane przez":"vladimyr","Szacowany czas czytania":"2 minuty"},"schema":{"@context":"https:\/\/schema.org","@graph":[{"@type":"Article","@id":"https:\/\/upmp.news\/pl\/pl-in-polish\/klamstwo-o-tym-ze-polska-nie-zostala-zaproszona-na-forum-zbrojeniowe\/#article","isPartOf":{"@id":"https:\/\/upmp.news\/pl\/pl-in-polish\/klamstwo-o-tym-ze-polska-nie-zostala-zaproszona-na-forum-zbrojeniowe\/"},"author":{"name":"vladimyr","@id":"https:\/\/upmp.news\/#\/schema\/person\/cebd3113030eb01f184505010f519d71"},"headline":"K\u0142amstwo o tym, \u017ce Polska &#8222;nie zosta\u0142a zaproszona&#8221; na forum zbrojeniowe","datePublished":"2023-10-19T09:07:51+00:00","dateModified":"2023-10-19T09:07:54+00:00","mainEntityOfPage":{"@id":"https:\/\/upmp.news\/pl\/pl-in-polish\/klamstwo-o-tym-ze-polska-nie-zostala-zaproszona-na-forum-zbrojeniowe\/"},"wordCount":303,"image":{"@id":"https:\/\/upmp.news\/pl\/pl-in-polish\/klamstwo-o-tym-ze-polska-nie-zostala-zaproszona-na-forum-zbrojeniowe\/#primaryimage"},"thumbnailUrl":"https:\/\/upmp.news\/wp-content\/uploads\/2023\/10\/1_Image-1.jpg","keywords":["K\u0142amstwo","media","StopLie","Victoria Chyrva"],"articleSection":["Projekt specjalny \u201cStop Lie\u201d","W Polsce"],"inLanguage":"pl-PL"},{"@type":"WebPage","@id":"https:\/\/upmp.news\/pl\/pl-in-polish\/klamstwo-o-tym-ze-polska-nie-zostala-zaproszona-na-forum-zbrojeniowe\/","url":"https:\/\/upmp.news\/pl\/pl-in-polish\/klamstwo-o-tym-ze-polska-nie-zostala-zaproszona-na-forum-zbrojeniowe\/","name":"K\u0142amstwo o tym, \u017ce Polska \"nie zosta\u0142a zaproszona\" na forum zbrojeniowe &#8211; U.P.M.P","isPartOf":{"@id":"https:\/\/upmp.news\/#website"},"primaryImageOfPage":{"@id":"https:\/\/upmp.news\/pl\/pl-in-polish\/klamstwo-o-tym-ze-polska-nie-zostala-zaproszona-na-forum-zbrojeniowe\/#primaryimage"},"image":{"@id":"https:\/\/upmp.news\/pl\/pl-in-polish\/klamstwo-o-tym-ze-polska-nie-zostala-zaproszona-na-forum-zbrojeniowe\/#primaryimage"},"thumbnailUrl":"https:\/\/upmp.news\/wp-content\/uploads\/2023\/10\/1_Image-1.jpg","datePublished":"2023-10-19T09:07:51+00:00","dateModified":"2023-10-19T09:07:54+00:00","author":{"@id":"https:\/\/upmp.news\/#\/schema\/person\/cebd3113030eb01f184505010f519d71"},"breadcrumb":{"@id":"https:\/\/upmp.news\/pl\/pl-in-polish\/klamstwo-o-tym-ze-polska-nie-zostala-zaproszona-na-forum-zbrojeniowe\/#breadcrumb"},"inLanguage":"pl-PL","potentialAction":[{"@type":"ReadAction","target":["https:\/\/upmp.news\/pl\/pl-in-polish\/klamstwo-o-tym-ze-polska-nie-zostala-zaproszona-na-forum-zbrojeniowe\/"]}]},{"@type":"ImageObject","inLanguage":"pl-PL","@id":"https:\/\/upmp.news\/pl\/pl-in-polish\/klamstwo-o-tym-ze-polska-nie-zostala-zaproszona-na-forum-zbrojeniowe\/#primaryimage","url":"https:\/\/upmp.news\/wp-content\/uploads\/2023\/10\/1_Image-1.jpg","contentUrl":"https:\/\/upmp.news\/wp-content\/uploads\/2023\/10\/1_Image-1.jpg","width":933,"height":611,"caption":"Ilustracja Adobe Stock"},{"@type":"BreadcrumbList","@id":"https:\/\/upmp.news\/pl\/pl-in-polish\/klamstwo-o-tym-ze-polska-nie-zostala-zaproszona-na-forum-zbrojeniowe\/#breadcrumb","itemListElement":[{"@type":"ListItem","position":1,"name":"Home","item":"https:\/\/upmp.news\/"},{"@type":"ListItem","position":2,"name":"K\u0142amstwo o tym, \u017ce Polska &#8220;nie zosta\u0142a zaproszona&#8221; na forum zbrojeniowe"}]},{"@type":"WebSite","@id":"https:\/\/upmp.news\/#website","url":"https:\/\/upmp.news\/","name":"U.P.M.P","description":"\u0423\u043a\u0440\u0430\u0457\u043d\u043e-\u043f\u043e\u043b\u044c\u0441\u044c\u043a\u0430 \u043c\u0435\u0434\u0456\u0430\u043f\u043b\u0430\u0442\u0444\u043e\u0440\u043c\u0430","potentialAction":[{"@type":"SearchAction","target":{"@type":"EntryPoint","urlTemplate":"https:\/\/upmp.news\/?s={search_term_string}"},"query-input":{"@type":"PropertyValueSpecification","valueRequired":true,"valueName":"search_term_string"}}],"inLanguage":"pl-PL"},{"@type":"Person","@id":"https:\/\/upmp.news\/#\/schema\/person\/cebd3113030eb01f184505010f519d71","name":"vladimyr","image":{"@type":"ImageObject","inLanguage":"pl-PL","@id":"https:\/\/upmp.news\/wp-content\/uploads\/2017\/12\/ava.png","url":"https:\/\/upmp.news\/wp-content\/uploads\/2017\/12\/ava.png","contentUrl":"https:\/\/upmp.news\/wp-content\/uploads\/2017\/12\/ava.png","caption":"vladimyr"},"url":"https:\/\/upmp.news\/pl\/author\/vladimyr\/"}]}},"_links":{"self":[{"href":"https:\/\/upmp.news\/pl\/wp-json\/wp\/v2\/posts\/261804","targetHints":{"allow":["GET"]}}],"collection":[{"href":"https:\/\/upmp.news\/pl\/wp-json\/wp\/v2\/posts"}],"about":[{"href":"https:\/\/upmp.news\/pl\/wp-json\/wp\/v2\/types\/post"}],"author":[{"embeddable":true,"href":"https:\/\/upmp.news\/pl\/wp-json\/wp\/v2\/users\/27"}],"replies":[{"embeddable":true,"href":"https:\/\/upmp.news\/pl\/wp-json\/wp\/v2\/comments?post=261804"}],"version-history":[{"count":1,"href":"https:\/\/upmp.news\/pl\/wp-json\/wp\/v2\/posts\/261804\/revisions"}],"predecessor-version":[{"id":261814,"href":"https:\/\/upmp.news\/pl\/wp-json\/wp\/v2\/posts\/261804\/revisions\/261814"}],"wp:featuredmedia":[{"embeddable":true,"href":"https:\/\/upmp.news\/pl\/wp-json\/wp\/v2\/media\/261809"}],"wp:attachment":[{"href":"https:\/\/upmp.news\/pl\/wp-json\/wp\/v2\/media?parent=261804"}],"wp:term":[{"taxonomy":"category","embeddable":true,"href":"https:\/\/upmp.news\/pl\/wp-json\/wp\/v2\/categories?post=261804"},{"taxonomy":"post_tag","embeddable":true,"href":"https:\/\/upmp.news\/pl\/wp-json\/wp\/v2\/tags?post=261804"}],"curies":[{"name":"wp","href":"https:\/\/api.w.org\/{rel}","templated":true}]}}