{"id":263974,"date":"2023-11-20T21:42:41","date_gmt":"2023-11-20T19:42:41","guid":{"rendered":"https:\/\/upmp.news\/?p=263974"},"modified":"2023-11-20T21:42:44","modified_gmt":"2023-11-20T19:42:44","slug":"wspolnota-rodzin-oleniwki","status":"publish","type":"post","link":"https:\/\/upmp.news\/pl\/pl-in-ukraine\/wspolnota-rodzin-oleniwki\/","title":{"rendered":"Wsp\u00f3lnota rodzin Oleniwki"},"content":{"rendered":"\n<p><strong>W nocy z 28 na 29 lipca przedstawiciele Federacji Rosyjskiej dopu\u015bcili si\u0119 zbrodni wojennej na czasowo okupowanym terytorium Ukrainy w kolonii Wolnowaskiej nr 120 we wsi Oleniwka. W kolonii, w kt\u00f3rej Rosjanie przetrzymywali je\u0144c\u00f3w, mia\u0142a miejsce masowa egzekucja je\u0144c\u00f3w wojennych, g\u0142\u00f3wnie \u017co\u0142nierzy oddzielnej jednostki si\u0142 specjalnych Azow.<\/strong> <strong>Informuje o tym Upmp.news <a href=\"https:\/\/nakipelo.ua\/spilnota-rodyn-olenivky\">powo\u0142uj\u0105c<\/a> si\u0119 na<\/strong> <strong>\u041d\u0430\u043a\u0438\u043f\u0456\u043b\u043e<\/strong>.<\/p>\n\n\n\n<p>My, autorzy artyku\u0142u, jeste\u015bmy przekonani, \u017ce egzekucji dokonali przedstawiciele Rosji. Wskazuj\u0105 na to wnioski zawarte zw\u0142aszcza w raporcie Organizacji Narod\u00f3w Zjednoczonych (pkt 82\u201390). W artykule przedstawiamy trzy aspekty dochodzenia w sprawie masowej egzekucji: \u015bledztwo na szczeblu pa\u0144stwowym, gromadzenie materia\u0142u dowodowego, wsparcie informacyjne.<\/p>\n\n\n\n<p><strong>O \u015bledztwie na szczeblu pa\u0144stwowym<\/strong><\/p>\n\n\n\n<p>W dniu 29.07.2022 r., po otrzymaniu informacji o przest\u0119pstwie pope\u0142nionym w O\u0142eniwce, Prokuratura Generalna wszcz\u0119\u0142a post\u0119powanie karne w sprawie \u015bmierci i obra\u017ce\u0144 o r\u00f3\u017cnym stopniu ci\u0119\u017cko\u015bci w wyniku wybuchu os\u00f3b przetrzymywanych na terenie by\u0142ej kolonii karnej nr 120 we wsi O\u0142eniwka, rejon Wo\u0142nowachski, obw\u00f3d doniecki, na podstawie art. 438 \u00a72 Kodeksu karnego.<\/p>\n\n\n\n<p>W celu zbadania ataku terrorystycznego w Oleniwce, jak zapewniaj\u0105 przedstawiciele w\u0142adz pa\u0144stwowych, konieczne jest uzyskanie dost\u0119pu do miejsca zbrodni. Popar\u0142y to tak\u017ce organizacje mi\u0119dzynarodowe: Sekretarz Generalny ONZ powo\u0142a\u0142 Misj\u0119 maj\u0105c\u0105 na celu ustalenie fakt\u00f3w w sprawie \u015bmierci je\u0144c\u00f3w wojennych w kolonii nr 120 we wsi Oleniwka. Jej celem by\u0142o dotarcie na miejsce zbrodni, zebranie dowod\u00f3w i ustalenie okoliczno\u015bci. Funkcjonuj\u0105ca zaledwie pi\u0119\u0107 miesi\u0119cy misja zosta\u0142a rozwi\u0105zana z powodu odmowy przez Rosjan dost\u0119pu do kolonii w Oleniwce i braku gwarancji bezpiecze\u0144stwa dla przedstawicieli ONZ.<\/p>\n\n\n\n<p>Od czasu rozwi\u0105zania Misji rodziny Ukrai\u0144c\u00f3w zabitych i rannych w ataku terrorystycznym w O\u0142eniwce dzia\u0142aj\u0105 niezale\u017cnie, aby postawi\u0107 Rosj\u0119 przed s\u0105dem i przyspieszy\u0107 powr\u00f3t rannych obro\u0144c\u00f3w. Przedstawiciele \u201eWsp\u00f3lnoty Rodzin Oleniwki\u201d spotkali si\u0119 z przedstawicielami organ\u00f3w pa\u0144stwowych, aby dowiedzie\u0107 si\u0119, czy zbrodnia w Oleniwce jest prowadzona na szczeblu og\u00f3lnokrajowym.<\/p>\n\n\n<div class=\"wp-block-image\">\n<figure class=\"aligncenter size-full\"><img loading=\"lazy\" decoding=\"async\" width=\"1334\" height=\"1001\" src=\"https:\/\/upmp.news\/wp-content\/uploads\/2023\/11\/IMG_5687-1.webp\" alt=\"\" class=\"wp-image-263954\" srcset=\"https:\/\/upmp.news\/wp-content\/uploads\/2023\/11\/IMG_5687-1.webp 1334w, https:\/\/upmp.news\/wp-content\/uploads\/2023\/11\/IMG_5687-1-300x225.webp 300w, https:\/\/upmp.news\/wp-content\/uploads\/2023\/11\/IMG_5687-1-768x576.webp 768w, https:\/\/upmp.news\/wp-content\/uploads\/2023\/11\/IMG_5687-1-1200x900.webp 1200w, https:\/\/upmp.news\/wp-content\/uploads\/2023\/11\/IMG_5687-1-1066x800.webp 1066w, https:\/\/upmp.news\/wp-content\/uploads\/2023\/11\/IMG_5687-1-267x200.webp 267w\" sizes=\"auto, (max-width: 1334px) 100vw, 1334px\" \/><\/figure>\n<\/div>\n\n\n<p>Na pocz\u0105tku naszej dzia\u0142alno\u015bci nie wiedzieli\u015bmy, kto prowadzi spraw\u0119, jaki \u015bledczy zosta\u0142 przydzielony do dochodzenia, zebrania materia\u0142u dowodowego i zezna\u0144 na temat ataku terrorystycznego. Prawie wszystkie zwr\u00f3cone cia\u0142a by\u0142y niezidentyfikowane, nie zweryfikowano opublikowanych przez Ministerstwo Obrony Federacji Rosyjskiej list rannych i zabitych w ataku terrorystycznym.<\/p>\n\n\n\n<p>Byli\u015bmy przekonani, \u017ce \u015bledztwo nie powinno wymaga\u0107 dost\u0119pu do miejsca zbrodni, gdy\u017c wp\u0142ywa na to wiele czynnik\u00f3w. Jest tak\u017ce prawdopodobne, \u017ce Rosjanie niemal natychmiast zniszczyli wszelkie dowody swojego udzia\u0142u w ataku terrorystycznym.<\/p>\n\n\n\n<p>Po kilku spotkaniach, podczas kt\u00f3rych powiedziano nam, \u017ce prace s\u0105 w toku, ale nie mog\u0105 ich komentowa\u0107, nalegali\u015bmy na spotkaniu z komisarzem Rady Najwy\u017cszej ds. praw cz\u0142owieka. Spotkanie to odby\u0142o si\u0119 w kwietniu. Wzi\u0119li w nim udzia\u0142 przedstawiciele r\u00f3\u017cnych organ\u00f3w pa\u0144stwowych: Biura Rzecznika Praw Obywatelskich, Biura Prokuratora Generalnego, Centrali Koordynacji Post\u0119powania z Je\u0144cami Wojennymi, Pa\u0144stwowego Centrum Bada\u0144 Kryminalistycznych Ministerstwa Spraw Wewn\u0119trznych, G\u0142\u00f3wnego Departamentu \u015aledczego Policji Narodowej oraz S\u0142u\u017cby Bezpiecze\u0144stwa Ukrainy.<\/p>\n\n\n\n<p>Po tym spotkaniu rozpocz\u0119\u0142y si\u0119 aktywne prace: uda\u0142o si\u0119 przyspieszy\u0107 badania DNA, \u015bledczy SBU rozpocz\u0105\u0142 przes\u0142uchania \u015bwiadk\u00f3w ataku terrorystycznego, kt\u00f3rzy ju\u017c w 2022 roku wr\u00f3cili z niewoli, ujawniono nowe okoliczno\u015bci rosyjskiej zbrodni.<\/p>\n\n\n<div class=\"wp-block-image\">\n<figure class=\"aligncenter size-full is-resized\"><img loading=\"lazy\" decoding=\"async\" width=\"640\" height=\"419\" src=\"https:\/\/upmp.news\/wp-content\/uploads\/2023\/11\/165511.webp\" alt=\"\" class=\"wp-image-263959\" style=\"aspect-ratio:1.5274463007159904;width:713px;height:auto\" srcset=\"https:\/\/upmp.news\/wp-content\/uploads\/2023\/11\/165511.webp 640w, https:\/\/upmp.news\/wp-content\/uploads\/2023\/11\/165511-300x196.webp 300w, https:\/\/upmp.news\/wp-content\/uploads\/2023\/11\/165511-305x200.webp 305w\" sizes=\"auto, (max-width: 640px) 100vw, 640px\" \/><\/figure>\n<\/div>\n\n\n<p class=\"has-text-align-center\"><em>Konsekwencje ataku na Oleniwk\u0119<\/em><\/p>\n\n\n\n<p>Postanowili\u015bmy tak\u017ce dzia\u0142a\u0107 nie tylko na szczeblu krajowym, ale tak\u017ce po to, aby spo\u0142eczno\u015b\u0107 mi\u0119dzynarodowa zwr\u00f3ci\u0142a uwag\u0119 na zbrodnie pope\u0142nione przez Federacj\u0119 Rosyjsk\u0105 na ukrai\u0144skich je\u0144cach wojennych. Wiosn\u0105 tego roku szukali\u015bmy prawnik\u00f3w i dzia\u0142aczy na rzecz praw cz\u0142owieka, kt\u00f3rzy pomogliby nam zrozumie\u0107 mechanizmy dzia\u0142ania s\u0105d\u00f3w mi\u0119dzynarodowych, gdzie si\u0119 uda\u0107 i na co zwr\u00f3ci\u0107 uwag\u0119.<\/p>\n\n\n\n<p>Odby\u0142o si\u0119 spotkanie z Rad\u0105 Adwokack\u0105. Specjali\u015bci doradzali rodzinom w zakresie otrzymywania pomocy finansowej, pisali wnioski do organ\u00f3w pa\u0144stwowych, a tak\u017ce opowiadali, czym w og\u00f3le s\u0105 s\u0105dy mi\u0119dzynarodowe. Na tym spotkaniu pad\u0142o pytanie: w jaki spos\u00f3b my, rodziny, mo\u017cemy skontaktowa\u0107 si\u0119 z SBU i Prokuratur\u0105 Generaln\u0105, aby kompleksowo zbadano atak terrorystyczny w Oleniwce. Przecie\u017c \u015bledczy SBU jest jeden i zajmuje si\u0119 tylko sprawami zabitych, podczas gdy sprawy rannych nie podlegaj\u0105 jurysdykcji jednego \u015bledczego, kt\u00f3ry by\u0142by odpowiedzialny za \u015bledztwo. Na spotkaniu prawnicy stwierdzili, \u017ce nie ma sensu tego robi\u0107.<\/p>\n\n\n\n<p>Jednak kilka miesi\u0119cy p\u00f3\u017aniej zapewnili\u015bmy sobie wsparcie ukrai\u0144skich organizacji praw cz\u0142owieka i obecnie z nimi wsp\u00f3\u0142pracujemy. S\u0105 to Ukrai\u0144ska Helsi\u0144ska Unia Praw Cz\u0142owieka, Inicjatywa Medialna na rzecz Praw Cz\u0142owieka, Regionalne Centrum Praw Cz\u0142owieka. Wszyscy zgadzaj\u0105 si\u0119, \u017ce konieczne jest po\u0142\u0105czenie spraw obro\u0144c\u00f3w rannych i zabitych w ataku terrorystycznym, aby \u015bledztwo na szczeblu krajowym by\u0142o prowadzone skuteczniej.<\/p>\n\n\n\n<p>Od ponad p\u00f3\u0142 roku \u201eWsp\u00f3lnota Rodzin Oleniwki\u201d stara si\u0119 rozwi\u0105za\u0107 kwesti\u0119 ujednolicenia spraw ofiar, gdy\u017c tylko w ten spos\u00f3b mo\u017cna uzna\u0107 je\u0144c\u00f3w wojennych za rannych w czasie ataku terrorystycznego. Jak dot\u0105d \u017caden ukrai\u0144ski organ pa\u0144stwowy nie uzna\u0142 tych obra\u017ce\u0144 wed\u0142ug \u015bwiadk\u00f3w i dost\u0119pnych dowod\u00f3w fotograficznych i wideo. Ranni nadal znajduj\u0105 si\u0119 w niewoli, wi\u0119c nie jest mo\u017cliwe ustalenie charakteru i ci\u0119\u017cko\u015bci ich obra\u017ce\u0144.<\/p>\n\n\n\n<p>W tym roku na pocz\u0105tku sierpnia centrala koordynacyjna ds. post\u0119powania z je\u0144cami wojennymi rozpocz\u0119\u0142a wsp\u00f3\u0142prac\u0119 naszej organizacji pozarz\u0105dowej z organizacjami praw cz\u0142owieka i organami pa\u0144stwowymi w sprawie mi\u0119dzynarodowego \u015bledztwa. Na spotkaniu opracowano algorytm dalszych dzia\u0142a\u0144 w zakresie sk\u0142adania skarg i raport\u00f3w do MTK, Mi\u0119dzynarodowego Trybuna\u0142u Sprawiedliwo\u015bci ONZ, ETPC itp.<\/p>\n\n\n\n<p>Pierwszy krok ju\u017c zrobili\u015bmy: 1 wrze\u015bnia wraz z organizacjami praw cz\u0142owieka z\u0142o\u017cyli\u015bmy pismo do Niezale\u017cnej Mi\u0119dzynarodowej Komisji ONZ ds. Badania Zbrodni Wojennych w Ukrainie. W pi\u015bmie zwr\u00f3cono uwag\u0119 na brutaln\u0105 zbrodni\u0119 pope\u0142nion\u0105 przez Rosjan w kolonii Oleniwka i zwr\u00f3cono si\u0119 o pomoc w \u015bledztwie. Nasi przedstawiciele byli obecni na 54. sesji ONZ ds. praw cz\u0142owieka, gdzie wypowiada\u0142 si\u0119 szef tej komisji, ale nie powiedzia\u0142 nic o ataku terrorystycznym w Oleniwce. P\u00f3\u017aniej komisja opublikowa\u0142a nowy raport na temat zbrodni Rosji w Ukrainie, w kt\u00f3rym r\u00f3wnie\u017c nie wspomniano o tej zbrodni na je\u0144cach wojennych.<\/p>\n\n\n\n<p>Obecnie koncentrujemy nasze wysi\u0142ki na przes\u0142aniu do MTK. Ale w tym celu musimy zebra\u0107 du\u017c\u0105 ilo\u015b\u0107 dowod\u00f3w i zezna\u0144.<\/p>\n\n\n\n<p>W dniu 29 lipca 2022 r. HUR otrzyma\u0142o informacj\u0119, \u017ce ukrai\u0144scy wi\u0119\u017aniowie w Oleniwce zostali zamordowani przez \u201eWagnerowc\u00f3w\u201d. Jednak na wszystkich naszych spotkaniach z w\u0142adzami pa\u0144stwowymi powiedziano nam, \u017ce nie ma \u017cadnych informacji o organizatorach i sprawcach ataku terrorystycznego.<\/p>\n\n\n\n<p>O pomoc w \u015bledztwie zwr\u00f3cili\u015bmy si\u0119 do Inicjatywy Medialnej na rzecz Praw Cz\u0142owieka, kt\u00f3ra 26 lipca opublikowa\u0142a rekonstrukcj\u0119 masowego mordu w Oleniwce. Nast\u0119pnie w\u0142adze pa\u0144stwowe Ukrainy zgodzi\u0142y si\u0119, \u017ce na miejscu zbrodni nie ma ju\u017c niezb\u0119dnych dowod\u00f3w i mo\u017cemy opiera\u0107 si\u0119 na ju\u017c znanych faktach.<\/p>\n\n\n\n<p>Wed\u0142ug \u015bledztwa Inicjatywy Medialnej na rzecz Praw Cz\u0142owieka \u015bwiadkowie ataku terrorystycznego nie maj\u0105 w\u0105tpliwo\u015bci, \u017ce by\u0142y szef kolonii Siergiej Jewsiukow wiedzia\u0142 o organizacji masowego mordu na je\u0144cach wojennych. 28 lipca 2023 roku SBU og\u0142osi\u0142a podejrzenia Jewsiukowi, zauwa\u017caj\u0105c, \u017ce bra\u0142 on udzia\u0142 w torturowaniu je\u0144c\u00f3w wojennych, nie wspominaj\u0105c jednak o ataku terrorystycznym.<\/p>\n\n\n<div class=\"wp-block-image\">\n<figure class=\"aligncenter size-full is-resized\"><img loading=\"lazy\" decoding=\"async\" width=\"1600\" height=\"900\" src=\"https:\/\/upmp.news\/wp-content\/uploads\/2023\/11\/voyennyj-zlochyn-v-olenivczi-rekonstrukcziya-podij-masovogo-vbyvstva-azovcziv-5.webp\" alt=\"\" class=\"wp-image-263964\" style=\"aspect-ratio:1.7777777777777777;width:745px;height:auto\" srcset=\"https:\/\/upmp.news\/wp-content\/uploads\/2023\/11\/voyennyj-zlochyn-v-olenivczi-rekonstrukcziya-podij-masovogo-vbyvstva-azovcziv-5.webp 1600w, https:\/\/upmp.news\/wp-content\/uploads\/2023\/11\/voyennyj-zlochyn-v-olenivczi-rekonstrukcziya-podij-masovogo-vbyvstva-azovcziv-5-1555x875.webp 1555w, https:\/\/upmp.news\/wp-content\/uploads\/2023\/11\/voyennyj-zlochyn-v-olenivczi-rekonstrukcziya-podij-masovogo-vbyvstva-azovcziv-5-300x169.webp 300w, https:\/\/upmp.news\/wp-content\/uploads\/2023\/11\/voyennyj-zlochyn-v-olenivczi-rekonstrukcziya-podij-masovogo-vbyvstva-azovcziv-5-768x432.webp 768w, https:\/\/upmp.news\/wp-content\/uploads\/2023\/11\/voyennyj-zlochyn-v-olenivczi-rekonstrukcziya-podij-masovogo-vbyvstva-azovcziv-5-1536x864.webp 1536w, https:\/\/upmp.news\/wp-content\/uploads\/2023\/11\/voyennyj-zlochyn-v-olenivczi-rekonstrukcziya-podij-masovogo-vbyvstva-azovcziv-5-1200x675.webp 1200w, https:\/\/upmp.news\/wp-content\/uploads\/2023\/11\/voyennyj-zlochyn-v-olenivczi-rekonstrukcziya-podij-masovogo-vbyvstva-azovcziv-5-1240x698.webp 1240w, https:\/\/upmp.news\/wp-content\/uploads\/2023\/11\/voyennyj-zlochyn-v-olenivczi-rekonstrukcziya-podij-masovogo-vbyvstva-azovcziv-5-310x174.webp 310w\" sizes=\"auto, (max-width: 1600px) 100vw, 1600px\" \/><\/figure>\n<\/div>\n\n\n<p class=\"has-text-align-center\"><em>Serhij Jewsiukow<\/em><\/p>\n\n\n\n<p>Ponadto ponad rok po ataku terrorystycznym nie ma jednolitego wniosku organ\u00f3w krajowych i mi\u0119dzynarodowych co do tego, jakiej broni u\u017cyto. Po ataku terrorystycznym Biuro Prokuratora Generalnego Ukrainy po analizie zdj\u0119\u0107 i materia\u0142\u00f3w wideo z miejsca zbrodni stwierdzi\u0142o, \u017ce u\u017cyto broni termobarycznej.<\/p>\n\n\n\n<p>Przed rocznic\u0105 ataku terrorystycznego wydano stosowne o\u015bwiadczenie dotycz\u0105ce \u015bledztwa prowadzonego przez Prokuratur\u0119 Generaln\u0105: \u201eW toku \u015bledztwa przedprocesowego przeprowadzono wszechstronne badanie broni oraz \u015blad\u00f3w i okoliczno\u015bci jej u\u017cycia. Z ustale\u0144 ogl\u0119dzin wynika, \u017ce \u200b\u200bprzyczyn\u0105 eksplozji by\u0142o u\u017cycie reaktywnego granatnika termobarycznego\u201d.<\/p>\n\n\n\n<p>26 lipca 2023 r. ONZ oficjalnie uzna\u0142a, \u017ce \u200b\u200bHIMARS nie zosta\u0142 rozmieszczony, mimo \u017ce Rosjanie pr\u00f3bowali zwali\u0107 win\u0119 za atak na Si\u0142y Zbrojne. Wed\u0142ug raportu Biura Wysokiego Komisarza Narod\u00f3w Zjednoczonych z 4 pa\u017adziernika 2023 r. nie uda\u0142o si\u0119 ustali\u0107 dok\u0142adnego rodzaju broni, ale charakter uszkodze\u0144 konstrukcji wskazywa\u0142, \u017ce amunicja przemieszcza\u0142a si\u0119 po trajektorii wsch\u00f3d-zach\u00f3d.<\/p>\n\n\n\n<p>Istniej\u0105 rozbie\u017cno\u015bci w publicznych o\u015bwiadczeniach organ\u00f3w pa\u0144stwowych Ukrainy i raportach organizacji mi\u0119dzynarodowych. Nie ma jasnego zrozumienia, jak dosz\u0142o do ataku terrorystycznego, w jaki spos\u00f3b Rosjanie umie\u015bcili ludzi w oddzielnym hangarze w celu przeprowadzenia masowego morderstwa i kto za tym stoi. Jeste\u015bmy przekonani, \u017ce nasza praca jest wa\u017cna, poniewa\u017c Rosjanie to okrutni i podst\u0119pni mordercy, kt\u00f3rzy musz\u0105 ponie\u015b\u0107 pe\u0142n\u0105 odpowiedzialno\u015b\u0107 za wszystkie zbrodnie wojenne.<\/p>\n\n\n\n<p><strong>O zeznaniach<\/strong><\/p>\n\n\n\n<p>Wa\u017cnym aspektem prac nad \u015bledztwem w sprawie masowej egzekucji je\u0144c\u00f3w wojennych w kolonii Wolnowaskiej nr 120 jest gromadzenie materia\u0142u dowodowego, kt\u00f3rym musz\u0105 si\u0119 zaj\u0105\u0107 zespo\u0142y specjalist\u00f3w. Organizacja pozarz\u0105dowa \u201eWsp\u00f3lnota Rodzin Oleniwki\u201d pomaga takim specjalistom w uzyskaniu zezna\u0144 od \u017co\u0142nierzy, kt\u00f3rzy bezpo\u015brednio widzieli przygotowania do egzekucji i byli w koszarach, w kt\u00f3rych je przeprowadzano, a tak\u017ce mog\u0105 opowiedzie\u0107 o dzia\u0142aniach Rosjan po egzekucji.<\/p>\n\n\n\n<p>Pierwsz\u0105 organizacj\u0105, z kt\u00f3r\u0105 rozpocz\u0119li\u015bmy wsp\u00f3\u0142prac\u0119 w tym kierunku, jest Inicjatywa Medialna na rzecz Praw Cz\u0142owieka (MIPL). Jest to zesp\u00f3\u0142 medialny, kt\u00f3rego g\u0142\u00f3wnym obszarem dzia\u0142ania jest \u015bledztwo w sprawie zbrodni wojennych pope\u0142nionych przez Rosjan w Ukrainie, w tym w sprawie niew\u0142a\u015bciwego przetrzymywania je\u0144c\u00f3w wojennych; \u015bledzenie proces\u00f3w wojennych; badanie systemu quasi-prawnego w okupowanej przez Rosj\u0119 cz\u0119\u015bci terytorium Ukrainy; analiza praktyk stosowanych przez wojsko Federacji Rosyjskiej.<\/p>\n\n\n\n<p>W dniu 1 grudnia 2022 r. na stronie internetowej MIPL opublikowano opracowanie &#8222;Zbrodnie oleniwskie: chronologia, zeznania i nazwiska os\u00f3b zaanga\u017cowanych&#8221; autorstwa Artura Prykhno, Tetiany Katrychenko i Marii Klymyk. Jest to historia powstania i funkcjonowania kolonii w Oleniwce, najbardziej znanego miejsca przetrzymywania ludno\u015bci cywilnej i je\u0144c\u00f3w wojennych.<\/p>\n\n\n\n<p>W dniu 26 lipca 2023 r. MIPL opublikowa\u0142o nast\u0119pne opracowanie tych samych autor\u00f3w, kt\u00f3re przygotowali we wsp\u00f3\u0142pracy z organizacj\u0105 pozarz\u0105dow\u0105 \u201eWsp\u00f3lnota Rodzin Oleniwki\u201d: \u201eZbrodnia wojenna w Oleniwce: rekonstrukcja wydarze\u0144 masowego mordu na schwytanych mieszka\u0144cach Azowa\u201d, b\u0119d\u0105ce szczeg\u00f3\u0142owym odwzorowaniem wydarzenia z nocy z 28 na 29 lipca 2022 roku. W prezentacji tego badania wzi\u0119\u0142y udzia\u0142 autorki Tetyana Katrychenko i Maria Klymyk, ekspert Andrii Yakovlev oraz przedstawiciele organizacji pozarz\u0105dowej \u201eWsp\u00f3lnota Rodzin Oleniwki\u201d Anna Lobova i Arina Khavanskikh.<\/p>\n\n\n\n<p>Kolejn\u0105 organizacj\u0105, z kt\u00f3r\u0105 wsp\u00f3\u0142pracujemy w zakresie profesjonalnego gromadzenia zezna\u0144 dotycz\u0105cych masowej egzekucji w Oleniwce, jest francuska organizacja Yahad-In Unum. Od 2004 roku bada i dokumentuje ludob\u00f3jstwo \u017byd\u00f3w oraz inne masowe zbrodnie pope\u0142niane przez nazist\u00f3w podczas II wojny \u015bwiatowej. Wraz z pocz\u0105tkiem rosyjskiej inwazji na Ukrain\u0119 organizacja realizuje projekt maj\u0105cy na celu zebranie dowod\u00f3w rosyjskich zbrodni wojennych w Ukrainie.<\/p>\n\n\n\n<p>Od lipca do pa\u017adziernika br. wraz z przedstawicielem Yahadu Ayushem Bakshi prowadzili\u015bmy przygotowania do zebrania relacji naocznych \u015bwiadk\u00f3w masowej egzekucji w Oleniwce. Od dzisiaj rozpocz\u0119\u0142y si\u0119 przes\u0142uchania \u015bwiadk\u00f3w, kt\u00f3re b\u0119d\u0105 trwa\u0142y przez ca\u0142y listopad.<\/p>\n\n\n\n<p>Co wa\u017cne, Yahad-In Unum jest organizacj\u0105 zagraniczn\u0105, kt\u00f3ra pomo\u017ce nam szerzy\u0107 w\u015br\u00f3d zagranicznej publiczno\u015bci prawd\u0119 o ludob\u00f3jstwie pope\u0142nionym przez Federacj\u0119 Rosyjsk\u0105 w Ukrainie.<\/p>\n\n\n\n<p><strong>O pracy informacyjnej<\/strong><\/p>\n\n\n\n<p>Podsumowuj\u0105c, chcieliby\u015bmy zauwa\u017cy\u0107, \u017ce znacz\u0105cym wk\u0142adem w prac\u0119 nad tym tematem jest wysokiej jako\u015bci wsparcie informacyjne. Wa\u017cne jest, aby spo\u0142ecze\u0144stwo ukrai\u0144skie, a zw\u0142aszcza spo\u0142ecze\u0144stwo zagraniczne, podkre\u015bla\u0142o, \u017ce nie zapominamy ani nie wybaczamy Rosji akt\u00f3w ludob\u00f3jstwa wobec nas. Trwaj\u0105 prace nad postawieniem sprawc\u00f3w przed wymiarem sprawiedliwo\u015bci.<\/p>\n\n\n<div class=\"wp-block-image\">\n<figure class=\"aligncenter size-full\"><img loading=\"lazy\" decoding=\"async\" width=\"1280\" height=\"854\" src=\"https:\/\/upmp.news\/wp-content\/uploads\/2023\/11\/IMG_5692-1.webp\" alt=\"\" class=\"wp-image-263969\" srcset=\"https:\/\/upmp.news\/wp-content\/uploads\/2023\/11\/IMG_5692-1.webp 1280w, https:\/\/upmp.news\/wp-content\/uploads\/2023\/11\/IMG_5692-1-300x200.webp 300w, https:\/\/upmp.news\/wp-content\/uploads\/2023\/11\/IMG_5692-1-768x512.webp 768w, https:\/\/upmp.news\/wp-content\/uploads\/2023\/11\/IMG_5692-1-1200x801.webp 1200w, https:\/\/upmp.news\/wp-content\/uploads\/2023\/11\/IMG_5692-1-1199x800.webp 1199w\" sizes=\"auto, (max-width: 1280px) 100vw, 1280px\" \/><\/figure>\n<\/div>\n\n\n<p>Niestety, liczba zbrodni wojennych pope\u0142nionych przez Federacj\u0119 Rosyjsk\u0105 na terytorium Ukrainy ro\u015bnie z ka\u017cdym dniem. Dlatego wyzwanie, przed kt\u00f3rym stoimy, jest trudne. Wymaga wi\u0119kszych zasob\u00f3w i lepszej wsp\u00f3\u0142pracy: zar\u00f3wno wewn\u0105trz kraju, jak i poza nim.<\/p>\n\n\n\n<p><strong>Oleksandra Mazur, Maria Aleksiejewicz<\/strong><\/p>\n<div class=\"newspaper-x-tags\"><strong><\/strong><span><a href=\"https:\/\/upmp.news\/pl\/tag\/maria-aleksiejewicz-2\/\" rel=\"tag\">Maria Aleksiejewicz<\/a><\/span><a href=\"https:\/\/upmp.news\/pl\/tag\/oleksandra-mazur-2\/\" rel=\"tag\">Oleksandra Mazur<\/a><\/span><a href=\"https:\/\/upmp.news\/pl\/tag\/oleniwka\/\" rel=\"tag\">Oleniwka<\/a><\/span><a href=\"https:\/\/upmp.news\/pl\/tag\/sbu-3-2\/\" rel=\"tag\">SBU<\/a> <\/div>","protected":false},"excerpt":{"rendered":"<p>W nocy z 28 na 29 lipca przedstawiciele Federacji Rosyjskiej dopu\u015bcili si\u0119 zbrodni wojennej na czasowo okupowanym terytorium Ukrainy w kolonii Wolnowaskiej nr 120 we wsi Oleniwka. W kolonii, w kt\u00f3rej Rosjanie przetrzymywali je\u0144c\u00f3w, mia\u0142a miejsce masowa egzekucja je\u0144c\u00f3w wojennych, g\u0142\u00f3wnie \u017co\u0142nierzy oddzielnej jednostki si\u0142 specjalnych Azow. Informuje o tym Upmp.news powo\u0142uj\u0105c si\u0119 na \u041d\u0430\u043a\u0438\u043f\u0456\u043b\u043e. [&hellip;]<\/p>\n","protected":false},"author":27,"featured_media":263969,"comment_status":"closed","ping_status":"open","sticky":true,"template":"","format":"standard","meta":{"_exactmetrics_skip_tracking":false,"_exactmetrics_sitenote_active":false,"_exactmetrics_sitenote_note":"","_exactmetrics_sitenote_category":0,"footnotes":""},"categories":[2077,2094],"tags":[21902,21901,21772,21903],"class_list":["post-263974","post","type-post","status-publish","format-standard","has-post-thumbnail","hentry","category-pl-in-ukraine","category-pl-country-ua","tag-maria-aleksiejewicz-2","tag-oleksandra-mazur-2","tag-oleniwka","tag-sbu-3-2"],"yoast_head":"<!-- This site is optimized with the Yoast SEO plugin v27.3 - https:\/\/yoast.com\/product\/yoast-seo-wordpress\/ -->\n<title>Wsp\u00f3lnota rodzin Oleniwki &#8211; U.P.M.P<\/title>\n<meta name=\"robots\" content=\"index, follow, max-snippet:-1, max-image-preview:large, max-video-preview:-1\" \/>\n<link rel=\"canonical\" href=\"https:\/\/upmp.news\/pl\/pl-in-ukraine\/wspolnota-rodzin-oleniwki\/\" \/>\n<meta property=\"og:locale\" content=\"pl_PL\" \/>\n<meta property=\"og:type\" content=\"article\" \/>\n<meta property=\"og:title\" content=\"Wsp\u00f3lnota rodzin Oleniwki &#8211; U.P.M.P\" \/>\n<meta property=\"og:description\" content=\"W nocy z 28 na 29 lipca przedstawiciele Federacji Rosyjskiej dopu\u015bcili si\u0119 zbrodni wojennej na czasowo okupowanym terytorium Ukrainy w kolonii Wolnowaskiej nr 120 we wsi Oleniwka. W kolonii, w kt\u00f3rej Rosjanie przetrzymywali je\u0144c\u00f3w, mia\u0142a miejsce masowa egzekucja je\u0144c\u00f3w wojennych, g\u0142\u00f3wnie \u017co\u0142nierzy oddzielnej jednostki si\u0142 specjalnych Azow. Informuje o tym Upmp.news powo\u0142uj\u0105c si\u0119 na \u041d\u0430\u043a\u0438\u043f\u0456\u043b\u043e. [&hellip;]\" \/>\n<meta property=\"og:url\" content=\"https:\/\/upmp.news\/pl\/pl-in-ukraine\/wspolnota-rodzin-oleniwki\/\" \/>\n<meta property=\"og:site_name\" content=\"U.P.M.P\" \/>\n<meta property=\"article:publisher\" content=\"https:\/\/www.facebook.com\/upmp.news\/\" \/>\n<meta property=\"article:published_time\" content=\"2023-11-20T19:42:41+00:00\" \/>\n<meta property=\"article:modified_time\" content=\"2023-11-20T19:42:44+00:00\" \/>\n<meta property=\"og:image\" content=\"https:\/\/upmp.news\/wp-content\/uploads\/2023\/11\/IMG_5692-1.webp\" \/>\n\t<meta property=\"og:image:width\" content=\"1280\" \/>\n\t<meta property=\"og:image:height\" content=\"854\" \/>\n\t<meta property=\"og:image:type\" content=\"image\/webp\" \/>\n<meta name=\"author\" content=\"vladimyr\" \/>\n<meta name=\"twitter:card\" content=\"summary_large_image\" \/>\n<meta name=\"twitter:creator\" content=\"@maininua\" \/>\n<meta name=\"twitter:site\" content=\"@maininua\" \/>\n<meta name=\"twitter:label1\" content=\"Napisane przez\" \/>\n\t<meta name=\"twitter:data1\" content=\"vladimyr\" \/>\n\t<meta name=\"twitter:label2\" content=\"Szacowany czas czytania\" \/>\n\t<meta name=\"twitter:data2\" content=\"10 minut\" \/>\n<script type=\"application\/ld+json\" class=\"yoast-schema-graph\">{\"@context\":\"https:\\\/\\\/schema.org\",\"@graph\":[{\"@type\":\"Article\",\"@id\":\"https:\\\/\\\/upmp.news\\\/pl\\\/pl-in-ukraine\\\/wspolnota-rodzin-oleniwki\\\/#article\",\"isPartOf\":{\"@id\":\"https:\\\/\\\/upmp.news\\\/pl\\\/pl-in-ukraine\\\/wspolnota-rodzin-oleniwki\\\/\"},\"author\":{\"name\":\"vladimyr\",\"@id\":\"https:\\\/\\\/upmp.news\\\/#\\\/schema\\\/person\\\/cebd3113030eb01f184505010f519d71\"},\"headline\":\"Wsp\u00f3lnota rodzin Oleniwki\",\"datePublished\":\"2023-11-20T19:42:41+00:00\",\"dateModified\":\"2023-11-20T19:42:44+00:00\",\"mainEntityOfPage\":{\"@id\":\"https:\\\/\\\/upmp.news\\\/pl\\\/pl-in-ukraine\\\/wspolnota-rodzin-oleniwki\\\/\"},\"wordCount\":2210,\"image\":{\"@id\":\"https:\\\/\\\/upmp.news\\\/pl\\\/pl-in-ukraine\\\/wspolnota-rodzin-oleniwki\\\/#primaryimage\"},\"thumbnailUrl\":\"https:\\\/\\\/upmp.news\\\/wp-content\\\/uploads\\\/2023\\\/11\\\/IMG_5692-1.webp\",\"keywords\":[\"Maria Aleksiejewicz\",\"Oleksandra Mazur\",\"Oleniwka\",\"SBU\"],\"articleSection\":[\"Na Ukrainie\",\"W kraju\"],\"inLanguage\":\"pl-PL\"},{\"@type\":\"WebPage\",\"@id\":\"https:\\\/\\\/upmp.news\\\/pl\\\/pl-in-ukraine\\\/wspolnota-rodzin-oleniwki\\\/\",\"url\":\"https:\\\/\\\/upmp.news\\\/pl\\\/pl-in-ukraine\\\/wspolnota-rodzin-oleniwki\\\/\",\"name\":\"Wsp\u00f3lnota rodzin Oleniwki &#8211; U.P.M.P\",\"isPartOf\":{\"@id\":\"https:\\\/\\\/upmp.news\\\/#website\"},\"primaryImageOfPage\":{\"@id\":\"https:\\\/\\\/upmp.news\\\/pl\\\/pl-in-ukraine\\\/wspolnota-rodzin-oleniwki\\\/#primaryimage\"},\"image\":{\"@id\":\"https:\\\/\\\/upmp.news\\\/pl\\\/pl-in-ukraine\\\/wspolnota-rodzin-oleniwki\\\/#primaryimage\"},\"thumbnailUrl\":\"https:\\\/\\\/upmp.news\\\/wp-content\\\/uploads\\\/2023\\\/11\\\/IMG_5692-1.webp\",\"datePublished\":\"2023-11-20T19:42:41+00:00\",\"dateModified\":\"2023-11-20T19:42:44+00:00\",\"author\":{\"@id\":\"https:\\\/\\\/upmp.news\\\/#\\\/schema\\\/person\\\/cebd3113030eb01f184505010f519d71\"},\"breadcrumb\":{\"@id\":\"https:\\\/\\\/upmp.news\\\/pl\\\/pl-in-ukraine\\\/wspolnota-rodzin-oleniwki\\\/#breadcrumb\"},\"inLanguage\":\"pl-PL\",\"potentialAction\":[{\"@type\":\"ReadAction\",\"target\":[\"https:\\\/\\\/upmp.news\\\/pl\\\/pl-in-ukraine\\\/wspolnota-rodzin-oleniwki\\\/\"]}]},{\"@type\":\"ImageObject\",\"inLanguage\":\"pl-PL\",\"@id\":\"https:\\\/\\\/upmp.news\\\/pl\\\/pl-in-ukraine\\\/wspolnota-rodzin-oleniwki\\\/#primaryimage\",\"url\":\"https:\\\/\\\/upmp.news\\\/wp-content\\\/uploads\\\/2023\\\/11\\\/IMG_5692-1.webp\",\"contentUrl\":\"https:\\\/\\\/upmp.news\\\/wp-content\\\/uploads\\\/2023\\\/11\\\/IMG_5692-1.webp\",\"width\":1280,\"height\":854},{\"@type\":\"BreadcrumbList\",\"@id\":\"https:\\\/\\\/upmp.news\\\/pl\\\/pl-in-ukraine\\\/wspolnota-rodzin-oleniwki\\\/#breadcrumb\",\"itemListElement\":[{\"@type\":\"ListItem\",\"position\":1,\"name\":\"Home\",\"item\":\"https:\\\/\\\/upmp.news\\\/\"},{\"@type\":\"ListItem\",\"position\":2,\"name\":\"Wsp\u00f3lnota rodzin Oleniwki\"}]},{\"@type\":\"WebSite\",\"@id\":\"https:\\\/\\\/upmp.news\\\/#website\",\"url\":\"https:\\\/\\\/upmp.news\\\/\",\"name\":\"U.P.M.P\",\"description\":\"\u0423\u043a\u0440\u0430\u0457\u043d\u043e-\u043f\u043e\u043b\u044c\u0441\u044c\u043a\u0430 \u043c\u0435\u0434\u0456\u0430\u043f\u043b\u0430\u0442\u0444\u043e\u0440\u043c\u0430\",\"potentialAction\":[{\"@type\":\"SearchAction\",\"target\":{\"@type\":\"EntryPoint\",\"urlTemplate\":\"https:\\\/\\\/upmp.news\\\/?s={search_term_string}\"},\"query-input\":{\"@type\":\"PropertyValueSpecification\",\"valueRequired\":true,\"valueName\":\"search_term_string\"}}],\"inLanguage\":\"pl-PL\"},{\"@type\":\"Person\",\"@id\":\"https:\\\/\\\/upmp.news\\\/#\\\/schema\\\/person\\\/cebd3113030eb01f184505010f519d71\",\"name\":\"vladimyr\",\"image\":{\"@type\":\"ImageObject\",\"inLanguage\":\"pl-PL\",\"@id\":\"https:\\\/\\\/upmp.news\\\/wp-content\\\/uploads\\\/2017\\\/12\\\/ava.png\",\"url\":\"https:\\\/\\\/upmp.news\\\/wp-content\\\/uploads\\\/2017\\\/12\\\/ava.png\",\"contentUrl\":\"https:\\\/\\\/upmp.news\\\/wp-content\\\/uploads\\\/2017\\\/12\\\/ava.png\",\"caption\":\"vladimyr\"},\"url\":\"https:\\\/\\\/upmp.news\\\/pl\\\/author\\\/vladimyr\\\/\"}]}<\/script>\n<!-- \/ Yoast SEO plugin. -->","yoast_head_json":{"title":"Wsp\u00f3lnota rodzin Oleniwki &#8211; U.P.M.P","robots":{"index":"index","follow":"follow","max-snippet":"max-snippet:-1","max-image-preview":"max-image-preview:large","max-video-preview":"max-video-preview:-1"},"canonical":"https:\/\/upmp.news\/pl\/pl-in-ukraine\/wspolnota-rodzin-oleniwki\/","og_locale":"pl_PL","og_type":"article","og_title":"Wsp\u00f3lnota rodzin Oleniwki &#8211; U.P.M.P","og_description":"W nocy z 28 na 29 lipca przedstawiciele Federacji Rosyjskiej dopu\u015bcili si\u0119 zbrodni wojennej na czasowo okupowanym terytorium Ukrainy w kolonii Wolnowaskiej nr 120 we wsi Oleniwka. W kolonii, w kt\u00f3rej Rosjanie przetrzymywali je\u0144c\u00f3w, mia\u0142a miejsce masowa egzekucja je\u0144c\u00f3w wojennych, g\u0142\u00f3wnie \u017co\u0142nierzy oddzielnej jednostki si\u0142 specjalnych Azow. Informuje o tym Upmp.news powo\u0142uj\u0105c si\u0119 na \u041d\u0430\u043a\u0438\u043f\u0456\u043b\u043e. [&hellip;]","og_url":"https:\/\/upmp.news\/pl\/pl-in-ukraine\/wspolnota-rodzin-oleniwki\/","og_site_name":"U.P.M.P","article_publisher":"https:\/\/www.facebook.com\/upmp.news\/","article_published_time":"2023-11-20T19:42:41+00:00","article_modified_time":"2023-11-20T19:42:44+00:00","og_image":[{"width":1280,"height":854,"url":"https:\/\/upmp.news\/wp-content\/uploads\/2023\/11\/IMG_5692-1.webp","type":"image\/webp"}],"author":"vladimyr","twitter_card":"summary_large_image","twitter_creator":"@maininua","twitter_site":"@maininua","twitter_misc":{"Napisane przez":"vladimyr","Szacowany czas czytania":"10 minut"},"schema":{"@context":"https:\/\/schema.org","@graph":[{"@type":"Article","@id":"https:\/\/upmp.news\/pl\/pl-in-ukraine\/wspolnota-rodzin-oleniwki\/#article","isPartOf":{"@id":"https:\/\/upmp.news\/pl\/pl-in-ukraine\/wspolnota-rodzin-oleniwki\/"},"author":{"name":"vladimyr","@id":"https:\/\/upmp.news\/#\/schema\/person\/cebd3113030eb01f184505010f519d71"},"headline":"Wsp\u00f3lnota rodzin Oleniwki","datePublished":"2023-11-20T19:42:41+00:00","dateModified":"2023-11-20T19:42:44+00:00","mainEntityOfPage":{"@id":"https:\/\/upmp.news\/pl\/pl-in-ukraine\/wspolnota-rodzin-oleniwki\/"},"wordCount":2210,"image":{"@id":"https:\/\/upmp.news\/pl\/pl-in-ukraine\/wspolnota-rodzin-oleniwki\/#primaryimage"},"thumbnailUrl":"https:\/\/upmp.news\/wp-content\/uploads\/2023\/11\/IMG_5692-1.webp","keywords":["Maria Aleksiejewicz","Oleksandra Mazur","Oleniwka","SBU"],"articleSection":["Na Ukrainie","W kraju"],"inLanguage":"pl-PL"},{"@type":"WebPage","@id":"https:\/\/upmp.news\/pl\/pl-in-ukraine\/wspolnota-rodzin-oleniwki\/","url":"https:\/\/upmp.news\/pl\/pl-in-ukraine\/wspolnota-rodzin-oleniwki\/","name":"Wsp\u00f3lnota rodzin Oleniwki &#8211; U.P.M.P","isPartOf":{"@id":"https:\/\/upmp.news\/#website"},"primaryImageOfPage":{"@id":"https:\/\/upmp.news\/pl\/pl-in-ukraine\/wspolnota-rodzin-oleniwki\/#primaryimage"},"image":{"@id":"https:\/\/upmp.news\/pl\/pl-in-ukraine\/wspolnota-rodzin-oleniwki\/#primaryimage"},"thumbnailUrl":"https:\/\/upmp.news\/wp-content\/uploads\/2023\/11\/IMG_5692-1.webp","datePublished":"2023-11-20T19:42:41+00:00","dateModified":"2023-11-20T19:42:44+00:00","author":{"@id":"https:\/\/upmp.news\/#\/schema\/person\/cebd3113030eb01f184505010f519d71"},"breadcrumb":{"@id":"https:\/\/upmp.news\/pl\/pl-in-ukraine\/wspolnota-rodzin-oleniwki\/#breadcrumb"},"inLanguage":"pl-PL","potentialAction":[{"@type":"ReadAction","target":["https:\/\/upmp.news\/pl\/pl-in-ukraine\/wspolnota-rodzin-oleniwki\/"]}]},{"@type":"ImageObject","inLanguage":"pl-PL","@id":"https:\/\/upmp.news\/pl\/pl-in-ukraine\/wspolnota-rodzin-oleniwki\/#primaryimage","url":"https:\/\/upmp.news\/wp-content\/uploads\/2023\/11\/IMG_5692-1.webp","contentUrl":"https:\/\/upmp.news\/wp-content\/uploads\/2023\/11\/IMG_5692-1.webp","width":1280,"height":854},{"@type":"BreadcrumbList","@id":"https:\/\/upmp.news\/pl\/pl-in-ukraine\/wspolnota-rodzin-oleniwki\/#breadcrumb","itemListElement":[{"@type":"ListItem","position":1,"name":"Home","item":"https:\/\/upmp.news\/"},{"@type":"ListItem","position":2,"name":"Wsp\u00f3lnota rodzin Oleniwki"}]},{"@type":"WebSite","@id":"https:\/\/upmp.news\/#website","url":"https:\/\/upmp.news\/","name":"U.P.M.P","description":"\u0423\u043a\u0440\u0430\u0457\u043d\u043e-\u043f\u043e\u043b\u044c\u0441\u044c\u043a\u0430 \u043c\u0435\u0434\u0456\u0430\u043f\u043b\u0430\u0442\u0444\u043e\u0440\u043c\u0430","potentialAction":[{"@type":"SearchAction","target":{"@type":"EntryPoint","urlTemplate":"https:\/\/upmp.news\/?s={search_term_string}"},"query-input":{"@type":"PropertyValueSpecification","valueRequired":true,"valueName":"search_term_string"}}],"inLanguage":"pl-PL"},{"@type":"Person","@id":"https:\/\/upmp.news\/#\/schema\/person\/cebd3113030eb01f184505010f519d71","name":"vladimyr","image":{"@type":"ImageObject","inLanguage":"pl-PL","@id":"https:\/\/upmp.news\/wp-content\/uploads\/2017\/12\/ava.png","url":"https:\/\/upmp.news\/wp-content\/uploads\/2017\/12\/ava.png","contentUrl":"https:\/\/upmp.news\/wp-content\/uploads\/2017\/12\/ava.png","caption":"vladimyr"},"url":"https:\/\/upmp.news\/pl\/author\/vladimyr\/"}]}},"_links":{"self":[{"href":"https:\/\/upmp.news\/pl\/wp-json\/wp\/v2\/posts\/263974","targetHints":{"allow":["GET"]}}],"collection":[{"href":"https:\/\/upmp.news\/pl\/wp-json\/wp\/v2\/posts"}],"about":[{"href":"https:\/\/upmp.news\/pl\/wp-json\/wp\/v2\/types\/post"}],"author":[{"embeddable":true,"href":"https:\/\/upmp.news\/pl\/wp-json\/wp\/v2\/users\/27"}],"replies":[{"embeddable":true,"href":"https:\/\/upmp.news\/pl\/wp-json\/wp\/v2\/comments?post=263974"}],"version-history":[{"count":1,"href":"https:\/\/upmp.news\/pl\/wp-json\/wp\/v2\/posts\/263974\/revisions"}],"predecessor-version":[{"id":263975,"href":"https:\/\/upmp.news\/pl\/wp-json\/wp\/v2\/posts\/263974\/revisions\/263975"}],"wp:featuredmedia":[{"embeddable":true,"href":"https:\/\/upmp.news\/pl\/wp-json\/wp\/v2\/media\/263969"}],"wp:attachment":[{"href":"https:\/\/upmp.news\/pl\/wp-json\/wp\/v2\/media?parent=263974"}],"wp:term":[{"taxonomy":"category","embeddable":true,"href":"https:\/\/upmp.news\/pl\/wp-json\/wp\/v2\/categories?post=263974"},{"taxonomy":"post_tag","embeddable":true,"href":"https:\/\/upmp.news\/pl\/wp-json\/wp\/v2\/tags?post=263974"}],"curies":[{"name":"wp","href":"https:\/\/api.w.org\/{rel}","templated":true}]}}