{"id":264059,"date":"2023-11-26T10:14:38","date_gmt":"2023-11-26T08:14:38","guid":{"rendered":"https:\/\/upmp.news\/?p=264059"},"modified":"2023-11-26T10:14:58","modified_gmt":"2023-11-26T08:14:58","slug":"stanowisko-polsko-ukrainskiej-izby-gospodarczej-w-sprawie-blokady-granicy","status":"publish","type":"post","link":"https:\/\/upmp.news\/pl\/pl-in-polish\/stanowisko-polsko-ukrainskiej-izby-gospodarczej-w-sprawie-blokady-granicy\/","title":{"rendered":"Stanowisko Polsko \u2013 Ukrai\u0144skiej Izby Gospodarczej w sprawie blokady granicy"},"content":{"rendered":"\n<p><strong>W imieniu firm nale\u017c\u0105cych do Polsko \u2013 Ukrai\u0144skiej Izby Gospodarczej ponownie apelujemy o przerwanie blokady granicy polsko \u2013 ukrai\u0144skiej!<\/strong><\/p>\n\n\n\n<p>Zdajemy sobie spraw\u0119, \u017ce cz\u0119\u015b\u0107 polskich przewo\u017anik\u00f3w samochodowych jest rozczarowana sytuacj\u0105 rynkow\u0105 i brakiem dzia\u0142a\u0144 ust\u0119puj\u0105cego polskiego rz\u0105du. Uwa\u017camy, \u017ce postulaty protestuj\u0105cych wymagaj\u0105 spokojnej dyskusji z udzia\u0142em administracji rz\u0105dowych obu pa\u0144stw, wszystkich organizacji zrzeszaj\u0105cych przewo\u017anik\u00f3w, niezale\u017cnych ekspert\u00f3w i Komisji Europejskiej. Potrzebujemy rzeczowej dyskusji, wolnej od emocji i politycznych podszept\u00f3w towarzysz\u0105cych tej blokadzie!<\/p>\n\n\n\n<p>Apelujemy o przerwanie blokady, gdy\u017c uderza ona we wsp\u00f3\u0142prac\u0119 gospodarcz\u0105 Polski z Ukrain\u0105, i w Unii Europejskiej. Uderza w przedsi\u0119biorc\u00f3w obu kraj\u00f3w. Dzisiaj sygnalizuj\u0105 oni zagro\u017cenie realizacji zawartych kontrakt\u00f3w i naliczanie kar umownych, zrywanie dot\u0105d zawartych um\u00f3w, wycofywanie si\u0119 partner\u00f3w z dotychczasowej wsp\u00f3\u0142pracy. Kilkana\u015bcie firm cz\u0142onkowskich poinformowa\u0142o nas, \u017ce blokady przynios\u0142y im straty przekraczaj\u0105ce&nbsp; ju\u017c 100 milion\u00f3w z\u0142otych. Z powodu blokady koszty frachtu drogowego wzros\u0142y nawet o 300 procent, za\u015b koszty przestoju wynosz\u0105 nawet 300 euro za dob\u0119! Ta blokada dzia\u0142a niczym liberum veto \u2013 s\u0142u\u017c\u0105c cz\u0119\u015bci, uderza w zdecydowan\u0105 wi\u0119kszo\u015b\u0107 przedsi\u0119biorc\u00f3w!<\/p>\n\n\n\n<p>Apelujemy o przerwanie blokady, gdy\u017c tu\u017c za blokad\u0105 toczy si\u0119 wojna, wywo\u0142ana przez Rosj\u0119. Jej konsekwencje, w tym g\u0142\u00f3wnie blokada wymiany towarowej z Rosj\u0105 i Bia\u0142orusi\u0105, wp\u0142yn\u0119\u0142y na wyniki finansowe cz\u0119\u015bci polskich przewo\u017anik\u00f3w. Ale najwi\u0119ksz\u0105 cen\u0119 tej agresji p\u0142aci Ukraina. Niszczone s\u0105 zak\u0142ady przemys\u0142owe, gin\u0105 pracownicy firm energetycznych, kolei, firm logistycznych. Zablokowanie i systematyczne niszczenie port\u00f3w Morza Czarnego, kt\u00f3re przed pe\u0142noskalow\u0105 inwazj\u0105 realizowa\u0142y ponad 60 procent ukrai\u0144skiego eksportu, przekierowa\u0142o eksport na szlaki kolejowe i drogowe. Wi\u0119ksze przewozy samochodowe z Ukrainy to nie biznesowy trick, ale efekt polityki Putina. Blokada polskiej granicy przynosi takie same skutki, jak blokada port\u00f3w czarnomorskich przez Rosjan!&nbsp; Dla wykrwawiaj\u0105cej si\u0119 Ukrainy blokada granicy l\u0105dowej to spadek obrot\u00f3w w handlu zagranicznym, w konsekwencji utrata dochod\u00f3w bud\u017cetu, utrata szans na nowe projekty gospodarcze. Apelujemy do protestuj\u0105cych: nie wpisujcie si\u0119 w strategi\u0119 Kremla!<\/p>\n\n\n\n<p>Apelujemy do urz\u0119d\u00f3w i instytucji pa\u0144stwowych, &nbsp;odpowiadaj\u0105cych za funkcjonowanie granicy pa\u0144stwa polskiego, stanowi\u0105cej granic\u0119 Unii Europejskiej o rzeteln\u0105 prac\u0119, wype\u0142nianie swoich obowi\u0105zk\u00f3w i stosowanie prawa. Granica demokratycznego pa\u0144stwa cz\u0142onkowskiego UE to nie mur berli\u0144ski! Rz\u0105d odchodzi, ale pa\u0144stwo polskie musi dzia\u0142a\u0107, s\u0142u\u017cy\u0107 przedsi\u0119biorcom i podatnikom, wzmacnia\u0107 europejsk\u0105 gospodark\u0119.<\/p>\n\n\n\n<p>Apelujemy do urz\u0119d\u00f3w Ukrainy o zmiany w systemie elektronicznej rejestracji pojazd\u00f3w na granicy, postulowane przez protestuj\u0105cych polskich przewo\u017anik\u00f3w.<\/p>\n\n\n\n<p>Apelujemy do wszystkich, kt\u00f3rzy po 24 lutego 2022 roku byli solidarni z Ukrain\u0105: nie pozw\u00f3lmy, aby zaniechania ust\u0119puj\u0105cego rz\u0105du i radykalny protest cz\u0119\u015bci przewo\u017anik\u00f3w zrujnowa\u0142y nasze wsp\u00f3lne dzie\u0142o pojednania i wsparcia. Polska sprawdzi\u0142a si\u0119 jako hub pomocy humanitarnej i militarnej dla Ukrainy. Blokada granicy stawia pytanie: czy Polska podo\u0142a wyzwaniom, jakie przyniesie odbudowa Ukrainy? Czy pa\u0144stwo, kt\u00f3re nie jest w stanie zapewni\u0107 dro\u017cno\u015bci swojej granicy mo\u017ce sta\u0107 si\u0119 w przysz\u0142o\u015bci hubem odbudowy Ukrainy?!<\/p>\n\n\n\n<p>Przedsi\u0119biorc\u00f3w ponosz\u0105cym dzi\u015b straty z powodu blokady granicy, informujemy o mo\u017cliwo\u015bci przygotowywania pozw\u00f3w o odszkodowania od organizator\u00f3w, przygranicznych gmin i Skarbu Pa\u0144stwa . Mo\u017ce taka presja wp\u0142ynie na rozs\u0105dek wszystkich?!<\/p>\n\n\n\n<p>W za\u0142\u0105czeniu opinia Komitetu ds. Prawnych Polsko \u2013 Ukrai\u0144skiej Izby Gospodarczej (zainteresowanym wska\u017cemy kancelarie prawne, gotowe podj\u0105\u0107 to dzia\u0142anie ).<\/p>\n\n\n\n<p>\u201eOrganizatorzy zgromadze\u0144 blokuj\u0105cych przejazd ukrai\u0144skim i polskim przewo\u017anikom powo\u0142uj\u0105 si\u0119 na konstytucyjn\u0105 wolno\u015b\u0107 zgromadze\u0144.<\/p>\n\n\n\n<p>Chocia\u017c faktycznie prawo zapewnia ochron\u0119 zgromadzeniom publicznym, wolno\u015b\u0107 ta nie jest nieograniczona. Warunki korzystania z wolno\u015bci zgromadze\u0144 zosta\u0142y okre\u015blone w ustawie z dnia 24 lipca 2015 roku prawo o zgromadzeniach.<\/p>\n\n\n\n<p>Zgodnie z postanowieniami tej ustawy, organ gminy ma obowi\u0105zek zakazania zgromadzenia w sytuacji, w kt\u00f3rej \u2013 mi\u0119dzy innymi \u2013 zgromadzenie zagra\u017ca\u0142oby mieniu wielkich rozmiar\u00f3w. Chocia\u017c ustawa nie definiuje tego poj\u0119cia, to szkody ponoszone przez przewo\u017anik\u00f3w z pewno\u015bci\u0105 osi\u0105gn\u0119\u0142y ten pu\u0142ap. Z tego wzgl\u0119du, w naszym przekonaniu, zgromadzenie polegaj\u0105ce na blokowaniu przejazdu ci\u0119\u017car\u00f3wkom przedsi\u0119biorc\u00f3w jest nielegalne.<\/p>\n\n\n\n<p>W zwi\u0105zku z powy\u017cszym, chocia\u017c odpowiedni organ gminy nie zakaza\u0142 zgromadzenia przed jego zorganizowaniem, to na podstawie art. 20 ww. ustawy, powinien je rozwi\u0105za\u0107. Zaniechanie takiego dzia\u0142ania nara\u017ca przewo\u017anik\u00f3w\/przedsi\u0119biorc\u00f3w na dalsze szkody.<\/p>\n\n\n\n<p>Naszym zdaniem, przewo\u017anicy powinni zorganizowa\u0107 si\u0119 w stowarzyszenie i wyst\u0105pi\u0107 z pilnym wnioskiem do odpowiednich organ\u00f3w gminy o rozwi\u0105zanie zgromadze\u0144 blokuj\u0105cych przejazd. W braku reakcji, mo\u017cliwe jest wytoczenie pow\u00f3dztwa cywilnego przeciwko: 1) organizatorom zgromadzenia i\/lub 2) Skarbowi Pa\u0144stwa w celu uzyskania odszkodowania odpowiadaj\u0105cego utraconym korzy\u015bciom. Dodatkowo, w przypadku gdy transport dotyczy dzia\u0142alno\u015bci gospodarczej podmiotowi gospodarczemu mo\u017ce przys\u0142ugiwa\u0107 roszczenie na podstawie polsko-ukrai\u0144skiej umowy o popieraniu i ochronie inwestycji z 1993 roku. Takie roszczenie mog\u0142oby by\u0107 dochodzone przed niezale\u017cnym, mi\u0119dzynarodowym trybuna\u0142em arbitra\u017cowym.\u201d<\/p>\n\n\n\n<p>Apelujemy o solidarno\u015b\u0107 i gospodarno\u015b\u0107!<\/p>\n\n\n\n<p>Zarz\u0105d Polsko \u2013 Ukrai\u0144skiej Izby Gospodarczej,<\/p>\n\n\n\n<p>Warszawa- Kij\u00f3w, 25 listopada 2023 roku.<\/p>\n\n\n<div class=\"wp-block-image\">\n<figure class=\"aligncenter size-full\"><img loading=\"lazy\" decoding=\"async\" width=\"2160\" height=\"1215\" src=\"https:\/\/upmp.news\/wp-content\/uploads\/2023\/11\/9f6f656820514a19.jpg\" alt=\"\" class=\"wp-image-264051\" srcset=\"https:\/\/upmp.news\/wp-content\/uploads\/2023\/11\/9f6f656820514a19.jpg 2160w, https:\/\/upmp.news\/wp-content\/uploads\/2023\/11\/9f6f656820514a19-1555x875.jpg 1555w, https:\/\/upmp.news\/wp-content\/uploads\/2023\/11\/9f6f656820514a19-300x169.jpg 300w, https:\/\/upmp.news\/wp-content\/uploads\/2023\/11\/9f6f656820514a19-768x432.jpg 768w, https:\/\/upmp.news\/wp-content\/uploads\/2023\/11\/9f6f656820514a19-1536x864.jpg 1536w, https:\/\/upmp.news\/wp-content\/uploads\/2023\/11\/9f6f656820514a19-2048x1152.jpg 2048w, https:\/\/upmp.news\/wp-content\/uploads\/2023\/11\/9f6f656820514a19-1200x675.jpg 1200w, https:\/\/upmp.news\/wp-content\/uploads\/2023\/11\/9f6f656820514a19-1240x698.jpg 1240w, https:\/\/upmp.news\/wp-content\/uploads\/2023\/11\/9f6f656820514a19-310x174.jpg 310w\" sizes=\"auto, (max-width: 2160px) 100vw, 2160px\" \/><figcaption class=\"wp-element-caption\">MEDYKA, POLAND &#8211; 2023\/11\/23 (Photo by Attila Husejnow\/SOPA Images\/LightRocket via Getty Images)<\/figcaption><\/figure>\n<\/div><div class=\"newspaper-x-tags\"><strong><\/strong><span><a href=\"https:\/\/upmp.news\/pl\/tag\/blokady-granicy\/\" rel=\"tag\">blokady granicy<\/a><\/span><a href=\"https:\/\/upmp.news\/pl\/tag\/oleg-dubish-2-2\/\" rel=\"tag\">Oleg Dubish<\/a> <\/div>","protected":false},"excerpt":{"rendered":"<p>W imieniu firm nale\u017c\u0105cych do Polsko \u2013 Ukrai\u0144skiej Izby Gospodarczej ponownie apelujemy o przerwanie blokady granicy polsko \u2013 ukrai\u0144skiej! Zdajemy sobie spraw\u0119, \u017ce cz\u0119\u015b\u0107 polskich przewo\u017anik\u00f3w samochodowych jest rozczarowana sytuacj\u0105 rynkow\u0105 i brakiem dzia\u0142a\u0144 ust\u0119puj\u0105cego polskiego rz\u0105du. Uwa\u017camy, \u017ce postulaty protestuj\u0105cych wymagaj\u0105 spokojnej dyskusji z udzia\u0142em administracji rz\u0105dowych obu pa\u0144stw, wszystkich organizacji zrzeszaj\u0105cych przewo\u017anik\u00f3w, niezale\u017cnych [&hellip;]<\/p>\n","protected":false},"author":27,"featured_media":264046,"comment_status":"closed","ping_status":"open","sticky":true,"template":"","format":"standard","meta":{"_exactmetrics_skip_tracking":false,"_exactmetrics_sitenote_active":false,"_exactmetrics_sitenote_note":"","_exactmetrics_sitenote_category":0,"footnotes":""},"categories":[2075,2078],"tags":[21904,21294],"class_list":["post-264059","post","type-post","status-publish","format-standard","has-post-thumbnail","hentry","category-pl-suspilstvo-pl","category-pl-in-polish","tag-blokady-granicy","tag-oleg-dubish-2-2"],"yoast_head":"<!-- This site is optimized with the Yoast SEO plugin v27.3 - https:\/\/yoast.com\/product\/yoast-seo-wordpress\/ -->\n<title>Stanowisko Polsko \u2013 Ukrai\u0144skiej Izby Gospodarczej w sprawie blokady granicy &#8211; U.P.M.P<\/title>\n<meta name=\"robots\" content=\"index, follow, max-snippet:-1, max-image-preview:large, max-video-preview:-1\" \/>\n<link rel=\"canonical\" href=\"https:\/\/upmp.news\/pl\/pl-in-polish\/stanowisko-polsko-ukrainskiej-izby-gospodarczej-w-sprawie-blokady-granicy\/\" \/>\n<meta property=\"og:locale\" content=\"pl_PL\" \/>\n<meta property=\"og:type\" content=\"article\" \/>\n<meta property=\"og:title\" content=\"Stanowisko Polsko \u2013 Ukrai\u0144skiej Izby Gospodarczej w sprawie blokady granicy &#8211; U.P.M.P\" \/>\n<meta property=\"og:description\" content=\"W imieniu firm nale\u017c\u0105cych do Polsko \u2013 Ukrai\u0144skiej Izby Gospodarczej ponownie apelujemy o przerwanie blokady granicy polsko \u2013 ukrai\u0144skiej! Zdajemy sobie spraw\u0119, \u017ce cz\u0119\u015b\u0107 polskich przewo\u017anik\u00f3w samochodowych jest rozczarowana sytuacj\u0105 rynkow\u0105 i brakiem dzia\u0142a\u0144 ust\u0119puj\u0105cego polskiego rz\u0105du. Uwa\u017camy, \u017ce postulaty protestuj\u0105cych wymagaj\u0105 spokojnej dyskusji z udzia\u0142em administracji rz\u0105dowych obu pa\u0144stw, wszystkich organizacji zrzeszaj\u0105cych przewo\u017anik\u00f3w, niezale\u017cnych [&hellip;]\" \/>\n<meta property=\"og:url\" content=\"https:\/\/upmp.news\/pl\/pl-in-polish\/stanowisko-polsko-ukrainskiej-izby-gospodarczej-w-sprawie-blokady-granicy\/\" \/>\n<meta property=\"og:site_name\" content=\"U.P.M.P\" \/>\n<meta property=\"article:publisher\" content=\"https:\/\/www.facebook.com\/upmp.news\/\" \/>\n<meta property=\"article:published_time\" content=\"2023-11-26T08:14:38+00:00\" \/>\n<meta property=\"article:modified_time\" content=\"2023-11-26T08:14:58+00:00\" \/>\n<meta property=\"og:image\" content=\"https:\/\/upmp.news\/wp-content\/uploads\/2023\/11\/76274f996f7e2024.jpg\" \/>\n\t<meta property=\"og:image:width\" content=\"2160\" \/>\n\t<meta property=\"og:image:height\" content=\"1439\" \/>\n\t<meta property=\"og:image:type\" content=\"image\/jpeg\" \/>\n<meta name=\"author\" content=\"vladimyr\" \/>\n<meta name=\"twitter:card\" content=\"summary_large_image\" \/>\n<meta name=\"twitter:creator\" content=\"@maininua\" \/>\n<meta name=\"twitter:site\" content=\"@maininua\" \/>\n<meta name=\"twitter:label1\" content=\"Napisane przez\" \/>\n\t<meta name=\"twitter:data1\" content=\"vladimyr\" \/>\n\t<meta name=\"twitter:label2\" content=\"Szacowany czas czytania\" \/>\n\t<meta name=\"twitter:data2\" content=\"5 minut\" \/>\n<script type=\"application\/ld+json\" class=\"yoast-schema-graph\">{\"@context\":\"https:\\\/\\\/schema.org\",\"@graph\":[{\"@type\":\"Article\",\"@id\":\"https:\\\/\\\/upmp.news\\\/pl\\\/pl-in-polish\\\/stanowisko-polsko-ukrainskiej-izby-gospodarczej-w-sprawie-blokady-granicy\\\/#article\",\"isPartOf\":{\"@id\":\"https:\\\/\\\/upmp.news\\\/pl\\\/pl-in-polish\\\/stanowisko-polsko-ukrainskiej-izby-gospodarczej-w-sprawie-blokady-granicy\\\/\"},\"author\":{\"name\":\"vladimyr\",\"@id\":\"https:\\\/\\\/upmp.news\\\/#\\\/schema\\\/person\\\/cebd3113030eb01f184505010f519d71\"},\"headline\":\"Stanowisko Polsko \u2013 Ukrai\u0144skiej Izby Gospodarczej w sprawie blokady granicy\",\"datePublished\":\"2023-11-26T08:14:38+00:00\",\"dateModified\":\"2023-11-26T08:14:58+00:00\",\"mainEntityOfPage\":{\"@id\":\"https:\\\/\\\/upmp.news\\\/pl\\\/pl-in-polish\\\/stanowisko-polsko-ukrainskiej-izby-gospodarczej-w-sprawie-blokady-granicy\\\/\"},\"wordCount\":908,\"image\":{\"@id\":\"https:\\\/\\\/upmp.news\\\/pl\\\/pl-in-polish\\\/stanowisko-polsko-ukrainskiej-izby-gospodarczej-w-sprawie-blokady-granicy\\\/#primaryimage\"},\"thumbnailUrl\":\"https:\\\/\\\/upmp.news\\\/wp-content\\\/uploads\\\/2023\\\/11\\\/76274f996f7e2024.jpg\",\"keywords\":[\"blokady granicy\",\"Oleg Dubish\"],\"articleSection\":[\"Spo\u0142ecze\u0144stwo\",\"W Polsce\"],\"inLanguage\":\"pl-PL\"},{\"@type\":\"WebPage\",\"@id\":\"https:\\\/\\\/upmp.news\\\/pl\\\/pl-in-polish\\\/stanowisko-polsko-ukrainskiej-izby-gospodarczej-w-sprawie-blokady-granicy\\\/\",\"url\":\"https:\\\/\\\/upmp.news\\\/pl\\\/pl-in-polish\\\/stanowisko-polsko-ukrainskiej-izby-gospodarczej-w-sprawie-blokady-granicy\\\/\",\"name\":\"Stanowisko Polsko \u2013 Ukrai\u0144skiej Izby Gospodarczej w sprawie blokady granicy &#8211; U.P.M.P\",\"isPartOf\":{\"@id\":\"https:\\\/\\\/upmp.news\\\/#website\"},\"primaryImageOfPage\":{\"@id\":\"https:\\\/\\\/upmp.news\\\/pl\\\/pl-in-polish\\\/stanowisko-polsko-ukrainskiej-izby-gospodarczej-w-sprawie-blokady-granicy\\\/#primaryimage\"},\"image\":{\"@id\":\"https:\\\/\\\/upmp.news\\\/pl\\\/pl-in-polish\\\/stanowisko-polsko-ukrainskiej-izby-gospodarczej-w-sprawie-blokady-granicy\\\/#primaryimage\"},\"thumbnailUrl\":\"https:\\\/\\\/upmp.news\\\/wp-content\\\/uploads\\\/2023\\\/11\\\/76274f996f7e2024.jpg\",\"datePublished\":\"2023-11-26T08:14:38+00:00\",\"dateModified\":\"2023-11-26T08:14:58+00:00\",\"author\":{\"@id\":\"https:\\\/\\\/upmp.news\\\/#\\\/schema\\\/person\\\/cebd3113030eb01f184505010f519d71\"},\"breadcrumb\":{\"@id\":\"https:\\\/\\\/upmp.news\\\/pl\\\/pl-in-polish\\\/stanowisko-polsko-ukrainskiej-izby-gospodarczej-w-sprawie-blokady-granicy\\\/#breadcrumb\"},\"inLanguage\":\"pl-PL\",\"potentialAction\":[{\"@type\":\"ReadAction\",\"target\":[\"https:\\\/\\\/upmp.news\\\/pl\\\/pl-in-polish\\\/stanowisko-polsko-ukrainskiej-izby-gospodarczej-w-sprawie-blokady-granicy\\\/\"]}]},{\"@type\":\"ImageObject\",\"inLanguage\":\"pl-PL\",\"@id\":\"https:\\\/\\\/upmp.news\\\/pl\\\/pl-in-polish\\\/stanowisko-polsko-ukrainskiej-izby-gospodarczej-w-sprawie-blokady-granicy\\\/#primaryimage\",\"url\":\"https:\\\/\\\/upmp.news\\\/wp-content\\\/uploads\\\/2023\\\/11\\\/76274f996f7e2024.jpg\",\"contentUrl\":\"https:\\\/\\\/upmp.news\\\/wp-content\\\/uploads\\\/2023\\\/11\\\/76274f996f7e2024.jpg\",\"width\":2160,\"height\":1439,\"caption\":\"DOROHUSK, LUBLIN VOIVODESHIP, POLAND - 2023\\\/11\\\/06 (Photo by Attila Husejnow\\\/SOPA Images\\\/LightRocket via Getty Images)\"},{\"@type\":\"BreadcrumbList\",\"@id\":\"https:\\\/\\\/upmp.news\\\/pl\\\/pl-in-polish\\\/stanowisko-polsko-ukrainskiej-izby-gospodarczej-w-sprawie-blokady-granicy\\\/#breadcrumb\",\"itemListElement\":[{\"@type\":\"ListItem\",\"position\":1,\"name\":\"Home\",\"item\":\"https:\\\/\\\/upmp.news\\\/\"},{\"@type\":\"ListItem\",\"position\":2,\"name\":\"Stanowisko Polsko \u2013 Ukrai\u0144skiej Izby Gospodarczej w sprawie blokady granicy\"}]},{\"@type\":\"WebSite\",\"@id\":\"https:\\\/\\\/upmp.news\\\/#website\",\"url\":\"https:\\\/\\\/upmp.news\\\/\",\"name\":\"U.P.M.P\",\"description\":\"\u0423\u043a\u0440\u0430\u0457\u043d\u043e-\u043f\u043e\u043b\u044c\u0441\u044c\u043a\u0430 \u043c\u0435\u0434\u0456\u0430\u043f\u043b\u0430\u0442\u0444\u043e\u0440\u043c\u0430\",\"potentialAction\":[{\"@type\":\"SearchAction\",\"target\":{\"@type\":\"EntryPoint\",\"urlTemplate\":\"https:\\\/\\\/upmp.news\\\/?s={search_term_string}\"},\"query-input\":{\"@type\":\"PropertyValueSpecification\",\"valueRequired\":true,\"valueName\":\"search_term_string\"}}],\"inLanguage\":\"pl-PL\"},{\"@type\":\"Person\",\"@id\":\"https:\\\/\\\/upmp.news\\\/#\\\/schema\\\/person\\\/cebd3113030eb01f184505010f519d71\",\"name\":\"vladimyr\",\"image\":{\"@type\":\"ImageObject\",\"inLanguage\":\"pl-PL\",\"@id\":\"https:\\\/\\\/upmp.news\\\/wp-content\\\/uploads\\\/2017\\\/12\\\/ava.png\",\"url\":\"https:\\\/\\\/upmp.news\\\/wp-content\\\/uploads\\\/2017\\\/12\\\/ava.png\",\"contentUrl\":\"https:\\\/\\\/upmp.news\\\/wp-content\\\/uploads\\\/2017\\\/12\\\/ava.png\",\"caption\":\"vladimyr\"},\"url\":\"https:\\\/\\\/upmp.news\\\/pl\\\/author\\\/vladimyr\\\/\"}]}<\/script>\n<!-- \/ Yoast SEO plugin. -->","yoast_head_json":{"title":"Stanowisko Polsko \u2013 Ukrai\u0144skiej Izby Gospodarczej w sprawie blokady granicy &#8211; U.P.M.P","robots":{"index":"index","follow":"follow","max-snippet":"max-snippet:-1","max-image-preview":"max-image-preview:large","max-video-preview":"max-video-preview:-1"},"canonical":"https:\/\/upmp.news\/pl\/pl-in-polish\/stanowisko-polsko-ukrainskiej-izby-gospodarczej-w-sprawie-blokady-granicy\/","og_locale":"pl_PL","og_type":"article","og_title":"Stanowisko Polsko \u2013 Ukrai\u0144skiej Izby Gospodarczej w sprawie blokady granicy &#8211; U.P.M.P","og_description":"W imieniu firm nale\u017c\u0105cych do Polsko \u2013 Ukrai\u0144skiej Izby Gospodarczej ponownie apelujemy o przerwanie blokady granicy polsko \u2013 ukrai\u0144skiej! Zdajemy sobie spraw\u0119, \u017ce cz\u0119\u015b\u0107 polskich przewo\u017anik\u00f3w samochodowych jest rozczarowana sytuacj\u0105 rynkow\u0105 i brakiem dzia\u0142a\u0144 ust\u0119puj\u0105cego polskiego rz\u0105du. Uwa\u017camy, \u017ce postulaty protestuj\u0105cych wymagaj\u0105 spokojnej dyskusji z udzia\u0142em administracji rz\u0105dowych obu pa\u0144stw, wszystkich organizacji zrzeszaj\u0105cych przewo\u017anik\u00f3w, niezale\u017cnych [&hellip;]","og_url":"https:\/\/upmp.news\/pl\/pl-in-polish\/stanowisko-polsko-ukrainskiej-izby-gospodarczej-w-sprawie-blokady-granicy\/","og_site_name":"U.P.M.P","article_publisher":"https:\/\/www.facebook.com\/upmp.news\/","article_published_time":"2023-11-26T08:14:38+00:00","article_modified_time":"2023-11-26T08:14:58+00:00","og_image":[{"width":2160,"height":1439,"url":"https:\/\/upmp.news\/wp-content\/uploads\/2023\/11\/76274f996f7e2024.jpg","type":"image\/jpeg"}],"author":"vladimyr","twitter_card":"summary_large_image","twitter_creator":"@maininua","twitter_site":"@maininua","twitter_misc":{"Napisane przez":"vladimyr","Szacowany czas czytania":"5 minut"},"schema":{"@context":"https:\/\/schema.org","@graph":[{"@type":"Article","@id":"https:\/\/upmp.news\/pl\/pl-in-polish\/stanowisko-polsko-ukrainskiej-izby-gospodarczej-w-sprawie-blokady-granicy\/#article","isPartOf":{"@id":"https:\/\/upmp.news\/pl\/pl-in-polish\/stanowisko-polsko-ukrainskiej-izby-gospodarczej-w-sprawie-blokady-granicy\/"},"author":{"name":"vladimyr","@id":"https:\/\/upmp.news\/#\/schema\/person\/cebd3113030eb01f184505010f519d71"},"headline":"Stanowisko Polsko \u2013 Ukrai\u0144skiej Izby Gospodarczej w sprawie blokady granicy","datePublished":"2023-11-26T08:14:38+00:00","dateModified":"2023-11-26T08:14:58+00:00","mainEntityOfPage":{"@id":"https:\/\/upmp.news\/pl\/pl-in-polish\/stanowisko-polsko-ukrainskiej-izby-gospodarczej-w-sprawie-blokady-granicy\/"},"wordCount":908,"image":{"@id":"https:\/\/upmp.news\/pl\/pl-in-polish\/stanowisko-polsko-ukrainskiej-izby-gospodarczej-w-sprawie-blokady-granicy\/#primaryimage"},"thumbnailUrl":"https:\/\/upmp.news\/wp-content\/uploads\/2023\/11\/76274f996f7e2024.jpg","keywords":["blokady granicy","Oleg Dubish"],"articleSection":["Spo\u0142ecze\u0144stwo","W Polsce"],"inLanguage":"pl-PL"},{"@type":"WebPage","@id":"https:\/\/upmp.news\/pl\/pl-in-polish\/stanowisko-polsko-ukrainskiej-izby-gospodarczej-w-sprawie-blokady-granicy\/","url":"https:\/\/upmp.news\/pl\/pl-in-polish\/stanowisko-polsko-ukrainskiej-izby-gospodarczej-w-sprawie-blokady-granicy\/","name":"Stanowisko Polsko \u2013 Ukrai\u0144skiej Izby Gospodarczej w sprawie blokady granicy &#8211; U.P.M.P","isPartOf":{"@id":"https:\/\/upmp.news\/#website"},"primaryImageOfPage":{"@id":"https:\/\/upmp.news\/pl\/pl-in-polish\/stanowisko-polsko-ukrainskiej-izby-gospodarczej-w-sprawie-blokady-granicy\/#primaryimage"},"image":{"@id":"https:\/\/upmp.news\/pl\/pl-in-polish\/stanowisko-polsko-ukrainskiej-izby-gospodarczej-w-sprawie-blokady-granicy\/#primaryimage"},"thumbnailUrl":"https:\/\/upmp.news\/wp-content\/uploads\/2023\/11\/76274f996f7e2024.jpg","datePublished":"2023-11-26T08:14:38+00:00","dateModified":"2023-11-26T08:14:58+00:00","author":{"@id":"https:\/\/upmp.news\/#\/schema\/person\/cebd3113030eb01f184505010f519d71"},"breadcrumb":{"@id":"https:\/\/upmp.news\/pl\/pl-in-polish\/stanowisko-polsko-ukrainskiej-izby-gospodarczej-w-sprawie-blokady-granicy\/#breadcrumb"},"inLanguage":"pl-PL","potentialAction":[{"@type":"ReadAction","target":["https:\/\/upmp.news\/pl\/pl-in-polish\/stanowisko-polsko-ukrainskiej-izby-gospodarczej-w-sprawie-blokady-granicy\/"]}]},{"@type":"ImageObject","inLanguage":"pl-PL","@id":"https:\/\/upmp.news\/pl\/pl-in-polish\/stanowisko-polsko-ukrainskiej-izby-gospodarczej-w-sprawie-blokady-granicy\/#primaryimage","url":"https:\/\/upmp.news\/wp-content\/uploads\/2023\/11\/76274f996f7e2024.jpg","contentUrl":"https:\/\/upmp.news\/wp-content\/uploads\/2023\/11\/76274f996f7e2024.jpg","width":2160,"height":1439,"caption":"DOROHUSK, LUBLIN VOIVODESHIP, POLAND - 2023\/11\/06 (Photo by Attila Husejnow\/SOPA Images\/LightRocket via Getty Images)"},{"@type":"BreadcrumbList","@id":"https:\/\/upmp.news\/pl\/pl-in-polish\/stanowisko-polsko-ukrainskiej-izby-gospodarczej-w-sprawie-blokady-granicy\/#breadcrumb","itemListElement":[{"@type":"ListItem","position":1,"name":"Home","item":"https:\/\/upmp.news\/"},{"@type":"ListItem","position":2,"name":"Stanowisko Polsko \u2013 Ukrai\u0144skiej Izby Gospodarczej w sprawie blokady granicy"}]},{"@type":"WebSite","@id":"https:\/\/upmp.news\/#website","url":"https:\/\/upmp.news\/","name":"U.P.M.P","description":"\u0423\u043a\u0440\u0430\u0457\u043d\u043e-\u043f\u043e\u043b\u044c\u0441\u044c\u043a\u0430 \u043c\u0435\u0434\u0456\u0430\u043f\u043b\u0430\u0442\u0444\u043e\u0440\u043c\u0430","potentialAction":[{"@type":"SearchAction","target":{"@type":"EntryPoint","urlTemplate":"https:\/\/upmp.news\/?s={search_term_string}"},"query-input":{"@type":"PropertyValueSpecification","valueRequired":true,"valueName":"search_term_string"}}],"inLanguage":"pl-PL"},{"@type":"Person","@id":"https:\/\/upmp.news\/#\/schema\/person\/cebd3113030eb01f184505010f519d71","name":"vladimyr","image":{"@type":"ImageObject","inLanguage":"pl-PL","@id":"https:\/\/upmp.news\/wp-content\/uploads\/2017\/12\/ava.png","url":"https:\/\/upmp.news\/wp-content\/uploads\/2017\/12\/ava.png","contentUrl":"https:\/\/upmp.news\/wp-content\/uploads\/2017\/12\/ava.png","caption":"vladimyr"},"url":"https:\/\/upmp.news\/pl\/author\/vladimyr\/"}]}},"_links":{"self":[{"href":"https:\/\/upmp.news\/pl\/wp-json\/wp\/v2\/posts\/264059","targetHints":{"allow":["GET"]}}],"collection":[{"href":"https:\/\/upmp.news\/pl\/wp-json\/wp\/v2\/posts"}],"about":[{"href":"https:\/\/upmp.news\/pl\/wp-json\/wp\/v2\/types\/post"}],"author":[{"embeddable":true,"href":"https:\/\/upmp.news\/pl\/wp-json\/wp\/v2\/users\/27"}],"replies":[{"embeddable":true,"href":"https:\/\/upmp.news\/pl\/wp-json\/wp\/v2\/comments?post=264059"}],"version-history":[{"count":1,"href":"https:\/\/upmp.news\/pl\/wp-json\/wp\/v2\/posts\/264059\/revisions"}],"predecessor-version":[{"id":264060,"href":"https:\/\/upmp.news\/pl\/wp-json\/wp\/v2\/posts\/264059\/revisions\/264060"}],"wp:featuredmedia":[{"embeddable":true,"href":"https:\/\/upmp.news\/pl\/wp-json\/wp\/v2\/media\/264046"}],"wp:attachment":[{"href":"https:\/\/upmp.news\/pl\/wp-json\/wp\/v2\/media?parent=264059"}],"wp:term":[{"taxonomy":"category","embeddable":true,"href":"https:\/\/upmp.news\/pl\/wp-json\/wp\/v2\/categories?post=264059"},{"taxonomy":"post_tag","embeddable":true,"href":"https:\/\/upmp.news\/pl\/wp-json\/wp\/v2\/tags?post=264059"}],"curies":[{"name":"wp","href":"https:\/\/api.w.org\/{rel}","templated":true}]}}