{"id":265769,"date":"2023-12-14T18:14:07","date_gmt":"2023-12-14T16:14:07","guid":{"rendered":"https:\/\/upmp.news\/?p=265769"},"modified":"2023-12-14T18:14:09","modified_gmt":"2023-12-14T16:14:09","slug":"prezydent-usa-joe-biden-liczy-na-dalsza-wspolprace-z-polska-jako-bliskim-sojusznikiem","status":"publish","type":"post","link":"https:\/\/upmp.news\/pl\/pl-in-polish\/prezydent-usa-joe-biden-liczy-na-dalsza-wspolprace-z-polska-jako-bliskim-sojusznikiem\/","title":{"rendered":"Prezydent USA Joe Biden liczy na dalsz\u0105 wsp\u00f3\u0142prac\u0119 z Polsk\u0105 jako bliskim sojusznikiem"},"content":{"rendered":"\n<p><strong>Prezydent Joe Biden liczy na dalsz\u0105 wsp\u00f3\u0142prac\u0119 z Polsk\u0105 jako bliskim sojusznikiem &#8211; powiedzia\u0142 w \u015brod\u0119 doradca prezydenta USA ds. bezpiecze\u0144stwa narodowego Jake Sullivan, gratuluj\u0105c Donaldowi Tuskowi obj\u0119cia stanowiska premiera RP. Doda\u0142, \u017ce Bia\u0142y Dom docenia partnerstwo Polski w zakresie pomocy dla Ukrainy, demokratycznych warto\u015bci i energetyki.<\/strong> <strong>Informuje o tym Upmp.news <a href=\"https:\/\/www.polskieradio.pl\/399\/7975\/Artykul\/3299556,prezydent-usa-joe-biden-liczy-na-dalsza-wspolprace-z-polska-jako-bliskim-sojusznikiem\">powo\u0142uj\u0105c<\/a> si\u0119 na<\/strong> <strong>Polskie Radio<\/strong>.<\/p>\n\n\n\n<p>&#8222;POTUS (Prezydent Stan\u00f3w Zjednoczonych) liczy na kontynuacj\u0119 naszej wsp\u00f3lnej pracy jako bliskich sojusznik\u00f3w. Cenimy partnerstwo Polski w tak wielu sprawach &#8211; wsparcia dla Ukrainy, wsp\u00f3lnych warto\u015bci demokratycznych, energii &#8211; by wymieni\u0107 tylko kilka&#8221; &#8211; napisa\u0142 na platformie X Sullivan w gratulacjach skierowanych do nowego szefa polskiego rz\u0105du.<\/p>\n\n\n\n<figure class=\"wp-block-embed is-type-rich is-provider-twitter wp-block-embed-twitter\"><div class=\"wp-block-embed__wrapper\">\n<div class=\"newspaper-x-video-container\"><blockquote class=\"twitter-tweet\" data-width=\"550\" data-dnt=\"true\"><p lang=\"en\" dir=\"ltr\">Congratulations <a href=\"https:\/\/twitter.com\/donaldtusk?ref_src=twsrc%5Etfw\">@donaldtusk<\/a>\u00a0on your election as Poland&#39;s prime minister. <a href=\"https:\/\/twitter.com\/POTUS?ref_src=twsrc%5Etfw\">@POTUS<\/a> looks forward to continuing our work together as close allies.\u00a0We value Poland\u2019s partnership on so many issues \u2013 support for Ukraine, shared democratic values, energy \u2013 to name a few.<\/p>&mdash; Jake Sullivan (@JakeSullivan46) <a href=\"https:\/\/twitter.com\/JakeSullivan46\/status\/1734579024146420123?ref_src=twsrc%5Etfw\">December 12, 2023<\/a><\/blockquote><script async src=\"https:\/\/platform.twitter.com\/widgets.js\" charset=\"utf-8\"><\/script><\/div>\n<\/div><\/figure>\n\n\n\n<p>Pytany o to czy prezydent Biden lub wiceprezydent Kamala Harris zamierzaj\u0105 zadzwoni\u0107 z gratulacjami do nowego premiera, rzecznik Rady Bezpiecze\u0144stwa Narodowego odpar\u0142, \u017ce na razie &#8222;nie ma nic do og\u0142oszenia&#8221; w tej sprawie.<\/p>\n\n\n\n<p>IAR\/PAP\/dad<\/p>\n<div class=\"newspaper-x-tags\"><strong><\/strong><span><a href=\"https:\/\/upmp.news\/pl\/tag\/joe-biden-2\/\" rel=\"tag\">Joe Biden<\/a><\/span><a href=\"https:\/\/upmp.news\/pl\/tag\/polska-2-2\/\" rel=\"tag\">Polsk\u0105<\/a><\/span><a href=\"https:\/\/upmp.news\/pl\/tag\/usa-4\/\" rel=\"tag\">USA<\/a> <\/div>","protected":false},"excerpt":{"rendered":"<p>Prezydent Joe Biden liczy na dalsz\u0105 wsp\u00f3\u0142prac\u0119 z Polsk\u0105 jako bliskim sojusznikiem &#8211; powiedzia\u0142 w \u015brod\u0119 doradca prezydenta USA ds. bezpiecze\u0144stwa narodowego Jake Sullivan, gratuluj\u0105c Donaldowi Tuskowi obj\u0119cia stanowiska premiera RP. Doda\u0142, \u017ce Bia\u0142y Dom docenia partnerstwo Polski w zakresie pomocy dla Ukrainy, demokratycznych warto\u015bci i energetyki. Informuje o tym Upmp.news powo\u0142uj\u0105c si\u0119 na Polskie [&hellip;]<\/p>\n","protected":false},"author":27,"featured_media":265770,"comment_status":"closed","ping_status":"open","sticky":true,"template":"","format":"standard","meta":{"_exactmetrics_skip_tracking":false,"_exactmetrics_sitenote_active":false,"_exactmetrics_sitenote_note":"","_exactmetrics_sitenote_category":0,"footnotes":""},"categories":[2067,2078],"tags":[22087,22089,22088],"class_list":["post-265769","post","type-post","status-publish","format-standard","has-post-thumbnail","hentry","category-pl-politika-pl","category-pl-in-polish","tag-joe-biden-2","tag-polska-2-2","tag-usa-4"],"yoast_head":"<!-- This site is optimized with the Yoast SEO plugin v27.3 - https:\/\/yoast.com\/product\/yoast-seo-wordpress\/ -->\n<title>Prezydent USA Joe Biden liczy na dalsz\u0105 wsp\u00f3\u0142prac\u0119 z Polsk\u0105 jako bliskim sojusznikiem &#8211; U.P.M.P<\/title>\n<meta name=\"robots\" content=\"index, follow, max-snippet:-1, max-image-preview:large, max-video-preview:-1\" \/>\n<link rel=\"canonical\" href=\"https:\/\/upmp.news\/pl\/pl-in-polish\/prezydent-usa-joe-biden-liczy-na-dalsza-wspolprace-z-polska-jako-bliskim-sojusznikiem\/\" \/>\n<meta property=\"og:locale\" content=\"pl_PL\" \/>\n<meta property=\"og:type\" content=\"article\" \/>\n<meta property=\"og:title\" content=\"Prezydent USA Joe Biden liczy na dalsz\u0105 wsp\u00f3\u0142prac\u0119 z Polsk\u0105 jako bliskim sojusznikiem &#8211; U.P.M.P\" \/>\n<meta property=\"og:description\" content=\"Prezydent Joe Biden liczy na dalsz\u0105 wsp\u00f3\u0142prac\u0119 z Polsk\u0105 jako bliskim sojusznikiem &#8211; powiedzia\u0142 w \u015brod\u0119 doradca prezydenta USA ds. bezpiecze\u0144stwa narodowego Jake Sullivan, gratuluj\u0105c Donaldowi Tuskowi obj\u0119cia stanowiska premiera RP. Doda\u0142, \u017ce Bia\u0142y Dom docenia partnerstwo Polski w zakresie pomocy dla Ukrainy, demokratycznych warto\u015bci i energetyki. Informuje o tym Upmp.news powo\u0142uj\u0105c si\u0119 na Polskie [&hellip;]\" \/>\n<meta property=\"og:url\" content=\"https:\/\/upmp.news\/pl\/pl-in-polish\/prezydent-usa-joe-biden-liczy-na-dalsza-wspolprace-z-polska-jako-bliskim-sojusznikiem\/\" \/>\n<meta property=\"og:site_name\" content=\"U.P.M.P\" \/>\n<meta property=\"article:publisher\" content=\"https:\/\/www.facebook.com\/upmp.news\/\" \/>\n<meta property=\"article:published_time\" content=\"2023-12-14T16:14:07+00:00\" \/>\n<meta property=\"article:modified_time\" content=\"2023-12-14T16:14:09+00:00\" \/>\n<meta property=\"og:image\" content=\"https:\/\/upmp.news\/wp-content\/uploads\/2023\/12\/Screenshot-2023-12-14-at-18-11-33-Prezydent-USA-Joe-Biden-liczy-na-dalsza-wspolprace-z-Polska-jako-bliskim-sojusznikiem.png\" \/>\n\t<meta property=\"og:image:width\" content=\"937\" \/>\n\t<meta property=\"og:image:height\" content=\"515\" \/>\n\t<meta property=\"og:image:type\" content=\"image\/png\" \/>\n<meta name=\"author\" content=\"vladimyr\" \/>\n<meta name=\"twitter:card\" content=\"summary_large_image\" \/>\n<meta name=\"twitter:creator\" content=\"@maininua\" \/>\n<meta name=\"twitter:site\" content=\"@maininua\" \/>\n<meta name=\"twitter:label1\" content=\"Napisane przez\" \/>\n\t<meta name=\"twitter:data1\" content=\"vladimyr\" \/>\n\t<meta name=\"twitter:label2\" content=\"Szacowany czas czytania\" \/>\n\t<meta name=\"twitter:data2\" content=\"1 minuta\" \/>\n<script type=\"application\/ld+json\" class=\"yoast-schema-graph\">{\"@context\":\"https:\\\/\\\/schema.org\",\"@graph\":[{\"@type\":\"Article\",\"@id\":\"https:\\\/\\\/upmp.news\\\/pl\\\/pl-in-polish\\\/prezydent-usa-joe-biden-liczy-na-dalsza-wspolprace-z-polska-jako-bliskim-sojusznikiem\\\/#article\",\"isPartOf\":{\"@id\":\"https:\\\/\\\/upmp.news\\\/pl\\\/pl-in-polish\\\/prezydent-usa-joe-biden-liczy-na-dalsza-wspolprace-z-polska-jako-bliskim-sojusznikiem\\\/\"},\"author\":{\"name\":\"vladimyr\",\"@id\":\"https:\\\/\\\/upmp.news\\\/#\\\/schema\\\/person\\\/cebd3113030eb01f184505010f519d71\"},\"headline\":\"Prezydent USA Joe Biden liczy na dalsz\u0105 wsp\u00f3\u0142prac\u0119 z Polsk\u0105 jako bliskim sojusznikiem\",\"datePublished\":\"2023-12-14T16:14:07+00:00\",\"dateModified\":\"2023-12-14T16:14:09+00:00\",\"mainEntityOfPage\":{\"@id\":\"https:\\\/\\\/upmp.news\\\/pl\\\/pl-in-polish\\\/prezydent-usa-joe-biden-liczy-na-dalsza-wspolprace-z-polska-jako-bliskim-sojusznikiem\\\/\"},\"wordCount\":210,\"image\":{\"@id\":\"https:\\\/\\\/upmp.news\\\/pl\\\/pl-in-polish\\\/prezydent-usa-joe-biden-liczy-na-dalsza-wspolprace-z-polska-jako-bliskim-sojusznikiem\\\/#primaryimage\"},\"thumbnailUrl\":\"https:\\\/\\\/upmp.news\\\/wp-content\\\/uploads\\\/2023\\\/12\\\/Screenshot-2023-12-14-at-18-11-33-Prezydent-USA-Joe-Biden-liczy-na-dalsza-wspolprace-z-Polska-jako-bliskim-sojusznikiem.png\",\"keywords\":[\"Joe Biden\",\"Polsk\u0105\",\"USA\"],\"articleSection\":[\"Polityka\",\"W Polsce\"],\"inLanguage\":\"pl-PL\"},{\"@type\":\"WebPage\",\"@id\":\"https:\\\/\\\/upmp.news\\\/pl\\\/pl-in-polish\\\/prezydent-usa-joe-biden-liczy-na-dalsza-wspolprace-z-polska-jako-bliskim-sojusznikiem\\\/\",\"url\":\"https:\\\/\\\/upmp.news\\\/pl\\\/pl-in-polish\\\/prezydent-usa-joe-biden-liczy-na-dalsza-wspolprace-z-polska-jako-bliskim-sojusznikiem\\\/\",\"name\":\"Prezydent USA Joe Biden liczy na dalsz\u0105 wsp\u00f3\u0142prac\u0119 z Polsk\u0105 jako bliskim sojusznikiem &#8211; U.P.M.P\",\"isPartOf\":{\"@id\":\"https:\\\/\\\/upmp.news\\\/#website\"},\"primaryImageOfPage\":{\"@id\":\"https:\\\/\\\/upmp.news\\\/pl\\\/pl-in-polish\\\/prezydent-usa-joe-biden-liczy-na-dalsza-wspolprace-z-polska-jako-bliskim-sojusznikiem\\\/#primaryimage\"},\"image\":{\"@id\":\"https:\\\/\\\/upmp.news\\\/pl\\\/pl-in-polish\\\/prezydent-usa-joe-biden-liczy-na-dalsza-wspolprace-z-polska-jako-bliskim-sojusznikiem\\\/#primaryimage\"},\"thumbnailUrl\":\"https:\\\/\\\/upmp.news\\\/wp-content\\\/uploads\\\/2023\\\/12\\\/Screenshot-2023-12-14-at-18-11-33-Prezydent-USA-Joe-Biden-liczy-na-dalsza-wspolprace-z-Polska-jako-bliskim-sojusznikiem.png\",\"datePublished\":\"2023-12-14T16:14:07+00:00\",\"dateModified\":\"2023-12-14T16:14:09+00:00\",\"author\":{\"@id\":\"https:\\\/\\\/upmp.news\\\/#\\\/schema\\\/person\\\/cebd3113030eb01f184505010f519d71\"},\"breadcrumb\":{\"@id\":\"https:\\\/\\\/upmp.news\\\/pl\\\/pl-in-polish\\\/prezydent-usa-joe-biden-liczy-na-dalsza-wspolprace-z-polska-jako-bliskim-sojusznikiem\\\/#breadcrumb\"},\"inLanguage\":\"pl-PL\",\"potentialAction\":[{\"@type\":\"ReadAction\",\"target\":[\"https:\\\/\\\/upmp.news\\\/pl\\\/pl-in-polish\\\/prezydent-usa-joe-biden-liczy-na-dalsza-wspolprace-z-polska-jako-bliskim-sojusznikiem\\\/\"]}]},{\"@type\":\"ImageObject\",\"inLanguage\":\"pl-PL\",\"@id\":\"https:\\\/\\\/upmp.news\\\/pl\\\/pl-in-polish\\\/prezydent-usa-joe-biden-liczy-na-dalsza-wspolprace-z-polska-jako-bliskim-sojusznikiem\\\/#primaryimage\",\"url\":\"https:\\\/\\\/upmp.news\\\/wp-content\\\/uploads\\\/2023\\\/12\\\/Screenshot-2023-12-14-at-18-11-33-Prezydent-USA-Joe-Biden-liczy-na-dalsza-wspolprace-z-Polska-jako-bliskim-sojusznikiem.png\",\"contentUrl\":\"https:\\\/\\\/upmp.news\\\/wp-content\\\/uploads\\\/2023\\\/12\\\/Screenshot-2023-12-14-at-18-11-33-Prezydent-USA-Joe-Biden-liczy-na-dalsza-wspolprace-z-Polska-jako-bliskim-sojusznikiem.png\",\"width\":937,\"height\":515,\"caption\":\"\\\"Tusk mo\u017ce wprowadzi\u0107 stan wyj\u0105tkowy i zdelegalizowa\u0107 PiS.\\\" Niemiecki dziennikarz o dzia\u0142aniach nowego premiera Foto: PAP\\\/Marcin Obara\"},{\"@type\":\"BreadcrumbList\",\"@id\":\"https:\\\/\\\/upmp.news\\\/pl\\\/pl-in-polish\\\/prezydent-usa-joe-biden-liczy-na-dalsza-wspolprace-z-polska-jako-bliskim-sojusznikiem\\\/#breadcrumb\",\"itemListElement\":[{\"@type\":\"ListItem\",\"position\":1,\"name\":\"Home\",\"item\":\"https:\\\/\\\/upmp.news\\\/\"},{\"@type\":\"ListItem\",\"position\":2,\"name\":\"Prezydent USA Joe Biden liczy na dalsz\u0105 wsp\u00f3\u0142prac\u0119 z Polsk\u0105 jako bliskim sojusznikiem\"}]},{\"@type\":\"WebSite\",\"@id\":\"https:\\\/\\\/upmp.news\\\/#website\",\"url\":\"https:\\\/\\\/upmp.news\\\/\",\"name\":\"U.P.M.P\",\"description\":\"\u0423\u043a\u0440\u0430\u0457\u043d\u043e-\u043f\u043e\u043b\u044c\u0441\u044c\u043a\u0430 \u043c\u0435\u0434\u0456\u0430\u043f\u043b\u0430\u0442\u0444\u043e\u0440\u043c\u0430\",\"potentialAction\":[{\"@type\":\"SearchAction\",\"target\":{\"@type\":\"EntryPoint\",\"urlTemplate\":\"https:\\\/\\\/upmp.news\\\/?s={search_term_string}\"},\"query-input\":{\"@type\":\"PropertyValueSpecification\",\"valueRequired\":true,\"valueName\":\"search_term_string\"}}],\"inLanguage\":\"pl-PL\"},{\"@type\":\"Person\",\"@id\":\"https:\\\/\\\/upmp.news\\\/#\\\/schema\\\/person\\\/cebd3113030eb01f184505010f519d71\",\"name\":\"vladimyr\",\"image\":{\"@type\":\"ImageObject\",\"inLanguage\":\"pl-PL\",\"@id\":\"https:\\\/\\\/upmp.news\\\/wp-content\\\/uploads\\\/2017\\\/12\\\/ava.png\",\"url\":\"https:\\\/\\\/upmp.news\\\/wp-content\\\/uploads\\\/2017\\\/12\\\/ava.png\",\"contentUrl\":\"https:\\\/\\\/upmp.news\\\/wp-content\\\/uploads\\\/2017\\\/12\\\/ava.png\",\"caption\":\"vladimyr\"},\"url\":\"https:\\\/\\\/upmp.news\\\/pl\\\/author\\\/vladimyr\\\/\"}]}<\/script>\n<!-- \/ Yoast SEO plugin. -->","yoast_head_json":{"title":"Prezydent USA Joe Biden liczy na dalsz\u0105 wsp\u00f3\u0142prac\u0119 z Polsk\u0105 jako bliskim sojusznikiem &#8211; U.P.M.P","robots":{"index":"index","follow":"follow","max-snippet":"max-snippet:-1","max-image-preview":"max-image-preview:large","max-video-preview":"max-video-preview:-1"},"canonical":"https:\/\/upmp.news\/pl\/pl-in-polish\/prezydent-usa-joe-biden-liczy-na-dalsza-wspolprace-z-polska-jako-bliskim-sojusznikiem\/","og_locale":"pl_PL","og_type":"article","og_title":"Prezydent USA Joe Biden liczy na dalsz\u0105 wsp\u00f3\u0142prac\u0119 z Polsk\u0105 jako bliskim sojusznikiem &#8211; U.P.M.P","og_description":"Prezydent Joe Biden liczy na dalsz\u0105 wsp\u00f3\u0142prac\u0119 z Polsk\u0105 jako bliskim sojusznikiem &#8211; powiedzia\u0142 w \u015brod\u0119 doradca prezydenta USA ds. bezpiecze\u0144stwa narodowego Jake Sullivan, gratuluj\u0105c Donaldowi Tuskowi obj\u0119cia stanowiska premiera RP. Doda\u0142, \u017ce Bia\u0142y Dom docenia partnerstwo Polski w zakresie pomocy dla Ukrainy, demokratycznych warto\u015bci i energetyki. Informuje o tym Upmp.news powo\u0142uj\u0105c si\u0119 na Polskie [&hellip;]","og_url":"https:\/\/upmp.news\/pl\/pl-in-polish\/prezydent-usa-joe-biden-liczy-na-dalsza-wspolprace-z-polska-jako-bliskim-sojusznikiem\/","og_site_name":"U.P.M.P","article_publisher":"https:\/\/www.facebook.com\/upmp.news\/","article_published_time":"2023-12-14T16:14:07+00:00","article_modified_time":"2023-12-14T16:14:09+00:00","og_image":[{"width":937,"height":515,"url":"https:\/\/upmp.news\/wp-content\/uploads\/2023\/12\/Screenshot-2023-12-14-at-18-11-33-Prezydent-USA-Joe-Biden-liczy-na-dalsza-wspolprace-z-Polska-jako-bliskim-sojusznikiem.png","type":"image\/png"}],"author":"vladimyr","twitter_card":"summary_large_image","twitter_creator":"@maininua","twitter_site":"@maininua","twitter_misc":{"Napisane przez":"vladimyr","Szacowany czas czytania":"1 minuta"},"schema":{"@context":"https:\/\/schema.org","@graph":[{"@type":"Article","@id":"https:\/\/upmp.news\/pl\/pl-in-polish\/prezydent-usa-joe-biden-liczy-na-dalsza-wspolprace-z-polska-jako-bliskim-sojusznikiem\/#article","isPartOf":{"@id":"https:\/\/upmp.news\/pl\/pl-in-polish\/prezydent-usa-joe-biden-liczy-na-dalsza-wspolprace-z-polska-jako-bliskim-sojusznikiem\/"},"author":{"name":"vladimyr","@id":"https:\/\/upmp.news\/#\/schema\/person\/cebd3113030eb01f184505010f519d71"},"headline":"Prezydent USA Joe Biden liczy na dalsz\u0105 wsp\u00f3\u0142prac\u0119 z Polsk\u0105 jako bliskim sojusznikiem","datePublished":"2023-12-14T16:14:07+00:00","dateModified":"2023-12-14T16:14:09+00:00","mainEntityOfPage":{"@id":"https:\/\/upmp.news\/pl\/pl-in-polish\/prezydent-usa-joe-biden-liczy-na-dalsza-wspolprace-z-polska-jako-bliskim-sojusznikiem\/"},"wordCount":210,"image":{"@id":"https:\/\/upmp.news\/pl\/pl-in-polish\/prezydent-usa-joe-biden-liczy-na-dalsza-wspolprace-z-polska-jako-bliskim-sojusznikiem\/#primaryimage"},"thumbnailUrl":"https:\/\/upmp.news\/wp-content\/uploads\/2023\/12\/Screenshot-2023-12-14-at-18-11-33-Prezydent-USA-Joe-Biden-liczy-na-dalsza-wspolprace-z-Polska-jako-bliskim-sojusznikiem.png","keywords":["Joe Biden","Polsk\u0105","USA"],"articleSection":["Polityka","W Polsce"],"inLanguage":"pl-PL"},{"@type":"WebPage","@id":"https:\/\/upmp.news\/pl\/pl-in-polish\/prezydent-usa-joe-biden-liczy-na-dalsza-wspolprace-z-polska-jako-bliskim-sojusznikiem\/","url":"https:\/\/upmp.news\/pl\/pl-in-polish\/prezydent-usa-joe-biden-liczy-na-dalsza-wspolprace-z-polska-jako-bliskim-sojusznikiem\/","name":"Prezydent USA Joe Biden liczy na dalsz\u0105 wsp\u00f3\u0142prac\u0119 z Polsk\u0105 jako bliskim sojusznikiem &#8211; U.P.M.P","isPartOf":{"@id":"https:\/\/upmp.news\/#website"},"primaryImageOfPage":{"@id":"https:\/\/upmp.news\/pl\/pl-in-polish\/prezydent-usa-joe-biden-liczy-na-dalsza-wspolprace-z-polska-jako-bliskim-sojusznikiem\/#primaryimage"},"image":{"@id":"https:\/\/upmp.news\/pl\/pl-in-polish\/prezydent-usa-joe-biden-liczy-na-dalsza-wspolprace-z-polska-jako-bliskim-sojusznikiem\/#primaryimage"},"thumbnailUrl":"https:\/\/upmp.news\/wp-content\/uploads\/2023\/12\/Screenshot-2023-12-14-at-18-11-33-Prezydent-USA-Joe-Biden-liczy-na-dalsza-wspolprace-z-Polska-jako-bliskim-sojusznikiem.png","datePublished":"2023-12-14T16:14:07+00:00","dateModified":"2023-12-14T16:14:09+00:00","author":{"@id":"https:\/\/upmp.news\/#\/schema\/person\/cebd3113030eb01f184505010f519d71"},"breadcrumb":{"@id":"https:\/\/upmp.news\/pl\/pl-in-polish\/prezydent-usa-joe-biden-liczy-na-dalsza-wspolprace-z-polska-jako-bliskim-sojusznikiem\/#breadcrumb"},"inLanguage":"pl-PL","potentialAction":[{"@type":"ReadAction","target":["https:\/\/upmp.news\/pl\/pl-in-polish\/prezydent-usa-joe-biden-liczy-na-dalsza-wspolprace-z-polska-jako-bliskim-sojusznikiem\/"]}]},{"@type":"ImageObject","inLanguage":"pl-PL","@id":"https:\/\/upmp.news\/pl\/pl-in-polish\/prezydent-usa-joe-biden-liczy-na-dalsza-wspolprace-z-polska-jako-bliskim-sojusznikiem\/#primaryimage","url":"https:\/\/upmp.news\/wp-content\/uploads\/2023\/12\/Screenshot-2023-12-14-at-18-11-33-Prezydent-USA-Joe-Biden-liczy-na-dalsza-wspolprace-z-Polska-jako-bliskim-sojusznikiem.png","contentUrl":"https:\/\/upmp.news\/wp-content\/uploads\/2023\/12\/Screenshot-2023-12-14-at-18-11-33-Prezydent-USA-Joe-Biden-liczy-na-dalsza-wspolprace-z-Polska-jako-bliskim-sojusznikiem.png","width":937,"height":515,"caption":"\"Tusk mo\u017ce wprowadzi\u0107 stan wyj\u0105tkowy i zdelegalizowa\u0107 PiS.\" Niemiecki dziennikarz o dzia\u0142aniach nowego premiera Foto: PAP\/Marcin Obara"},{"@type":"BreadcrumbList","@id":"https:\/\/upmp.news\/pl\/pl-in-polish\/prezydent-usa-joe-biden-liczy-na-dalsza-wspolprace-z-polska-jako-bliskim-sojusznikiem\/#breadcrumb","itemListElement":[{"@type":"ListItem","position":1,"name":"Home","item":"https:\/\/upmp.news\/"},{"@type":"ListItem","position":2,"name":"Prezydent USA Joe Biden liczy na dalsz\u0105 wsp\u00f3\u0142prac\u0119 z Polsk\u0105 jako bliskim sojusznikiem"}]},{"@type":"WebSite","@id":"https:\/\/upmp.news\/#website","url":"https:\/\/upmp.news\/","name":"U.P.M.P","description":"\u0423\u043a\u0440\u0430\u0457\u043d\u043e-\u043f\u043e\u043b\u044c\u0441\u044c\u043a\u0430 \u043c\u0435\u0434\u0456\u0430\u043f\u043b\u0430\u0442\u0444\u043e\u0440\u043c\u0430","potentialAction":[{"@type":"SearchAction","target":{"@type":"EntryPoint","urlTemplate":"https:\/\/upmp.news\/?s={search_term_string}"},"query-input":{"@type":"PropertyValueSpecification","valueRequired":true,"valueName":"search_term_string"}}],"inLanguage":"pl-PL"},{"@type":"Person","@id":"https:\/\/upmp.news\/#\/schema\/person\/cebd3113030eb01f184505010f519d71","name":"vladimyr","image":{"@type":"ImageObject","inLanguage":"pl-PL","@id":"https:\/\/upmp.news\/wp-content\/uploads\/2017\/12\/ava.png","url":"https:\/\/upmp.news\/wp-content\/uploads\/2017\/12\/ava.png","contentUrl":"https:\/\/upmp.news\/wp-content\/uploads\/2017\/12\/ava.png","caption":"vladimyr"},"url":"https:\/\/upmp.news\/pl\/author\/vladimyr\/"}]}},"_links":{"self":[{"href":"https:\/\/upmp.news\/pl\/wp-json\/wp\/v2\/posts\/265769","targetHints":{"allow":["GET"]}}],"collection":[{"href":"https:\/\/upmp.news\/pl\/wp-json\/wp\/v2\/posts"}],"about":[{"href":"https:\/\/upmp.news\/pl\/wp-json\/wp\/v2\/types\/post"}],"author":[{"embeddable":true,"href":"https:\/\/upmp.news\/pl\/wp-json\/wp\/v2\/users\/27"}],"replies":[{"embeddable":true,"href":"https:\/\/upmp.news\/pl\/wp-json\/wp\/v2\/comments?post=265769"}],"version-history":[{"count":1,"href":"https:\/\/upmp.news\/pl\/wp-json\/wp\/v2\/posts\/265769\/revisions"}],"predecessor-version":[{"id":265775,"href":"https:\/\/upmp.news\/pl\/wp-json\/wp\/v2\/posts\/265769\/revisions\/265775"}],"wp:featuredmedia":[{"embeddable":true,"href":"https:\/\/upmp.news\/pl\/wp-json\/wp\/v2\/media\/265770"}],"wp:attachment":[{"href":"https:\/\/upmp.news\/pl\/wp-json\/wp\/v2\/media?parent=265769"}],"wp:term":[{"taxonomy":"category","embeddable":true,"href":"https:\/\/upmp.news\/pl\/wp-json\/wp\/v2\/categories?post=265769"},{"taxonomy":"post_tag","embeddable":true,"href":"https:\/\/upmp.news\/pl\/wp-json\/wp\/v2\/tags?post=265769"}],"curies":[{"name":"wp","href":"https:\/\/api.w.org\/{rel}","templated":true}]}}