{"id":268106,"date":"2024-02-07T12:47:00","date_gmt":"2024-02-07T10:47:00","guid":{"rendered":"https:\/\/upmp.news\/?p=268106"},"modified":"2024-02-07T12:47:01","modified_gmt":"2024-02-07T10:47:01","slug":"atak-rakietowy-na-ukraine-szef-mon-w-pelnej-gotowosci-sa-wszystkie-systemy-bezpieczenstwa-w-polsce","status":"publish","type":"post","link":"https:\/\/upmp.news\/pl\/pl-in-polish\/atak-rakietowy-na-ukraine-szef-mon-w-pelnej-gotowosci-sa-wszystkie-systemy-bezpieczenstwa-w-polsce\/","title":{"rendered":"Atak rakietowy na Ukrain\u0119. Szef MON: w pe\u0142nej gotowo\u015bci s\u0105 wszystkie systemy bezpiecze\u0144stwa w Polsce"},"content":{"rendered":"\n<p><strong>Wicepremier, szef MON W\u0142adys\u0142aw Kosiniak-Kamysz powiedzia\u0142, \u017ce od rana w zwi\u0105zku ze zmasowanym atakiem rakietowym na Ukrain\u0119 w pe\u0142nej gotowo\u015bci s\u0105 wszystkie systemy bezpiecze\u0144stwa w Polsce. Doda\u0142, \u017ce poderwane zosta\u0142y m.in. polskie i sojusznicze samoloty F-16.<\/strong> <strong>Informuje o tym Upmp.news <a href=\"https:\/\/www.polskieradio.pl\/399\/7975\/Artykul\/3331277,Atak-rakietowy-na-Ukraine-Szef-MON-w-pelnej-gotowosci-sa-wszystkie-systemy-bezpieczenstwa-w-Polsce\">powo\u0142uj\u0105c<\/a> si\u0119 na<\/strong> <strong>Polskie Radio<\/strong>.<\/p>\n\n\n\n<p>Rosja przeprowadzi\u0142a w \u015brod\u0119 rano zmasowany atak rakietowy na Ukrain\u0119, atakuj\u0105c pociskami manewruj\u0105cymi, odpalanymi z samolot\u00f3w. Na terytorium ca\u0142ego kraju og\u0142oszono alarm powietrzny. Jeden z pocisk\u00f3w lecia\u0142 w stron\u0119 granicy z Polsk\u0105. Szef lwowskiej Obwodowej Administracji Wojskowej Maksym Kozycki poinformowa\u0142 p\u00f3\u017aniej, \u017ce rosyjska rakieta, kt\u00f3ra lecia\u0142a w stron\u0119 Polski, zmieni\u0142a kurs i polecia\u0142a w kierunku Lwowa.<\/p>\n\n\n\n<p>Kosiniak-Kamysz&nbsp;w \u015brod\u0119 rano w Radiu ZET odnosz\u0105c si\u0119 do tej informacji powiedzia\u0142, \u017ce od wczesnych godzin porannych trwa atak rakietowy na Ukrain\u0119, gdzie og\u0142oszony jest alarm powietrzny na terytorium ca\u0142ego kraju. &#8222;To niestety powtarza si\u0119 cyklicznie&#8221; &#8211; doda\u0142.<\/p>\n\n\n\n<p>&#8211; Coraz cz\u0119\u015bciej, raz w tygodniu, raz na dziesi\u0119\u0107 dni te ataki s\u0105 zmasowane. Wi\u0119kszo\u015b\u0107 rakiet leci w kierunku zachodnim, wi\u0119c w kierunku Polski. One s\u0105 oczywi\u015bcie manewruj\u0105ce, z celem wyznaczonym na terytorium Ukrainy, ale dzisiaj pod rana w pe\u0142nej gotowo\u015bci s\u0105 wszystkie systemy bezpiecze\u0144stwa w Polsce &#8211; powiedzia\u0142.<\/p>\n\n\n\n<p><strong>Coraz cz\u0119stsze ataki<\/strong><\/p>\n\n\n\n<p>Wicepremier, szef MON zaznaczy\u0142, \u017ce tego typu ataki &#8222;od ko\u0144ca zesz\u0142ego roku powtarzaj\u0105 si\u0119 coraz cz\u0119\u015bciej&#8221;. Pytany co to oznacza odpowiedzia\u0142, \u017ce Rosja jest przygotowana do powtarzania zmasowanych atak\u00f3w poniewa\u017c &#8222;Odrobi\u0142a straty, kt\u00f3re ponios\u0142a na pocz\u0105tku wojny&#8221;. &#8211; Przestawi\u0142a produkcj\u0119 na tryb wojenny, ma sojusznik\u00f3w, takich jak Korea P\u00f3\u0142nocna, kt\u00f3rzy dostarczaj\u0105 im bardzo du\u017co amunicji i sprz\u0119tu wojskowego &#8211; stwierdzi\u0142.<\/p>\n\n\n\n<figure class=\"wp-block-embed is-type-rich is-provider-twitter wp-block-embed-twitter\"><div class=\"wp-block-embed__wrapper\">\n<div class=\"newspaper-x-video-container\"><blockquote class=\"twitter-tweet\" data-width=\"550\" data-dnt=\"true\"><p lang=\"pl\" dir=\"ltr\">Wicepremier, minister obrony narodowej <a href=\"https:\/\/twitter.com\/KosiniakKamysz?ref_src=twsrc%5Etfw\">@KosiniakKamysz<\/a>: ca\u0142y czas trzeba wspiera\u0107 Ukrain\u0119, bo to jest wspieranie naszego bezpiecze\u0144stwa. Ale musimy pobudzi\u0107 przemys\u0142 zbrojeniowy w ca\u0142ej Europie. Nie mo\u017ce by\u0107 tak, \u017ce on jest w stanie u\u015bpienia, nie mo\u017ce by\u0107 tak, \u017ce on jest w trybie\u2026 <a href=\"https:\/\/t.co\/IxUfhjJ5HB\">pic.twitter.com\/IxUfhjJ5HB<\/a><\/p>&mdash; Ministerstwo Obrony Narodowej \ud83c\uddf5\ud83c\uddf1 (@MON_GOV_PL) <a href=\"https:\/\/twitter.com\/MON_GOV_PL\/status\/1755122857682534776?ref_src=twsrc%5Etfw\">February 7, 2024<\/a><\/blockquote><script async src=\"https:\/\/platform.twitter.com\/widgets.js\" charset=\"utf-8\"><\/script><\/div>\n<\/div><\/figure>\n\n\n\n<p>Pytany o to, jak wygl\u0105daj\u0105 polskie procedury na wypadek takiego ataku (na Ukrain\u0119) odpowiedzia\u0142, \u017ce jest pe\u0142en algorytm post\u0119powania, w ramach kt\u00f3rego podrywane s\u0105 np. polskie i sojusznicze samoloty F-16, a tak\u017ce uruchamiane s\u0105 &#8222;wszystkie systemy obrony rakietowej, przeciwpowietrznej&#8221;. &#8211; Jest ca\u0142y algorytm post\u0119powania opisany na wypadek takiej sytuacji &#8211; doda\u0142.<\/p>\n\n\n\n<p>&#8211; Ustalili\u015bmy system komunikacji, tutaj nast\u0105pi\u0142a zmiana. Informujemy zawsze spo\u0142ecze\u0144stwo o tych dzia\u0142aniach, odpowiedzialne za to informowanie jest dow\u00f3dztwo operacyjne, poniewa\u017c s\u0142ycha\u0107 lataj\u0105ce polskie samoloty, co mo\u017ce budzi\u0107 okre\u015blony niepok\u00f3j, dlatego potrzebna jest rzetelna informacja w tej sprawie &#8211; wyja\u015bni\u0142.<\/p>\n\n\n\n<p><strong>Poderwano my\u015bliwce<\/strong><\/p>\n\n\n\n<p>Dow\u00f3dztwo Operacyjne Rodzaj\u00f3w Si\u0142 Zbrojnych poinformowa\u0142o w \u015brod\u0119 rano o uruchomieniu wszystkich niezb\u0119dnych procedury dla zapewnienia bezpiecze\u0144stwa polskiej przestrzeni, i \u017ce w powietrzu s\u0105 polskie i sojusznicze statki powietrzne.<\/p>\n\n\n\n<figure class=\"wp-block-embed is-type-rich is-provider-twitter wp-block-embed-twitter\"><div class=\"wp-block-embed__wrapper\">\n<div class=\"newspaper-x-video-container\"><blockquote class=\"twitter-tweet\" data-width=\"550\" data-dnt=\"true\"><p lang=\"pl\" dir=\"ltr\">Ze wzgl\u0119du na zmniejszenie poziomu zagro\u017cenia, operowanie par dy\u017curnych polskiego i sojuszniczego lotnictwa w naszej przestrzeni powietrznej zosta\u0142o zako\u0144czone. Uruchomione \u015brodki powr\u00f3ci\u0142y do swoich baz i standardowej dzia\u0142alno\u015bci operacyjnej. <a href=\"https:\/\/twitter.com\/hashtag\/Si%C5%82yZbrojneRP?src=hash&amp;ref_src=twsrc%5Etfw\">#Si\u0142yZbrojneRP<\/a> na bie\u017c\u0105co\u2026 <a href=\"https:\/\/t.co\/Nys2lBoaah\">pic.twitter.com\/Nys2lBoaah<\/a><\/p>&mdash; Dow\u00f3dztwo Operacyjne (@DowOperSZ) <a href=\"https:\/\/twitter.com\/DowOperSZ\/status\/1755150639946973282?ref_src=twsrc%5Etfw\">February 7, 2024<\/a><\/blockquote><script async src=\"https:\/\/platform.twitter.com\/widgets.js\" charset=\"utf-8\"><\/script><\/div>\n<\/div><\/figure>\n\n\n\n<p>&#8222;Informujemy, \u017ce obserwowana jest intensywna aktywno\u015b\u0107 lotnictwa dalekiego zasi\u0119gu Federacji Rosyjskiej, zwi\u0105zana z uderzeniami rakietowymi na terytorium Ukrainy. Wszystkie niezb\u0119dne procedury maj\u0105ce na celu zapewnienie bezpiecze\u0144stwa polskiej przestrzeni powietrznej zosta\u0142y uruchomione, a Dow\u00f3dztwo Operacyjne RSZ na bie\u017c\u0105co monitoruje sytuacj\u0119&#8221; &#8211; poda\u0142o w \u015brod\u0119 rano Dow\u00f3dztwo Operacyjne we wpisie na portalu X.&nbsp;<\/p>\n\n\n\n<p>PAP\/dad<\/p>\n<div class=\"newspaper-x-tags\"><strong><\/strong><span><a href=\"https:\/\/upmp.news\/pl\/tag\/atak\/\" rel=\"tag\">Atak<\/a><\/span><a href=\"https:\/\/upmp.news\/pl\/tag\/f-16-2\/\" rel=\"tag\">F-16<\/a><\/span><a href=\"https:\/\/upmp.news\/pl\/tag\/mon-3\/\" rel=\"tag\">MON<\/a><\/span><a href=\"https:\/\/upmp.news\/pl\/tag\/wladyslaw-kosiniak-kamysz-2\/\" rel=\"tag\">W\u0142adys\u0142aw Kosiniak-Kamysz<\/a> <\/div>","protected":false},"excerpt":{"rendered":"<p>Wicepremier, szef MON W\u0142adys\u0142aw Kosiniak-Kamysz powiedzia\u0142, \u017ce od rana w zwi\u0105zku ze zmasowanym atakiem rakietowym na Ukrain\u0119 w pe\u0142nej gotowo\u015bci s\u0105 wszystkie systemy bezpiecze\u0144stwa w Polsce. Doda\u0142, \u017ce poderwane zosta\u0142y m.in. polskie i sojusznicze samoloty F-16. Informuje o tym Upmp.news powo\u0142uj\u0105c si\u0119 na Polskie Radio. Rosja przeprowadzi\u0142a w \u015brod\u0119 rano zmasowany atak rakietowy na Ukrain\u0119, [&hellip;]<\/p>\n","protected":false},"author":27,"featured_media":268107,"comment_status":"closed","ping_status":"open","sticky":true,"template":"","format":"standard","meta":{"_exactmetrics_skip_tracking":false,"_exactmetrics_sitenote_active":false,"_exactmetrics_sitenote_note":"","_exactmetrics_sitenote_category":0,"footnotes":""},"categories":[2067,2078],"tags":[22385,21277,22387,22386],"class_list":["post-268106","post","type-post","status-publish","format-standard","has-post-thumbnail","hentry","category-pl-politika-pl","category-pl-in-polish","tag-atak","tag-f-16-2","tag-mon-3","tag-wladyslaw-kosiniak-kamysz-2"],"yoast_head":"<!-- This site is optimized with the Yoast SEO plugin v27.3 - https:\/\/yoast.com\/product\/yoast-seo-wordpress\/ -->\n<title>Atak rakietowy na Ukrain\u0119. Szef MON: w pe\u0142nej gotowo\u015bci s\u0105 wszystkie systemy bezpiecze\u0144stwa w Polsce &#8211; U.P.M.P<\/title>\n<meta name=\"robots\" content=\"index, follow, max-snippet:-1, max-image-preview:large, max-video-preview:-1\" \/>\n<link rel=\"canonical\" href=\"https:\/\/upmp.news\/pl\/pl-in-polish\/atak-rakietowy-na-ukraine-szef-mon-w-pelnej-gotowosci-sa-wszystkie-systemy-bezpieczenstwa-w-polsce\/\" \/>\n<meta property=\"og:locale\" content=\"pl_PL\" \/>\n<meta property=\"og:type\" content=\"article\" \/>\n<meta property=\"og:title\" content=\"Atak rakietowy na Ukrain\u0119. Szef MON: w pe\u0142nej gotowo\u015bci s\u0105 wszystkie systemy bezpiecze\u0144stwa w Polsce &#8211; U.P.M.P\" \/>\n<meta property=\"og:description\" content=\"Wicepremier, szef MON W\u0142adys\u0142aw Kosiniak-Kamysz powiedzia\u0142, \u017ce od rana w zwi\u0105zku ze zmasowanym atakiem rakietowym na Ukrain\u0119 w pe\u0142nej gotowo\u015bci s\u0105 wszystkie systemy bezpiecze\u0144stwa w Polsce. Doda\u0142, \u017ce poderwane zosta\u0142y m.in. polskie i sojusznicze samoloty F-16. Informuje o tym Upmp.news powo\u0142uj\u0105c si\u0119 na Polskie Radio. Rosja przeprowadzi\u0142a w \u015brod\u0119 rano zmasowany atak rakietowy na Ukrain\u0119, [&hellip;]\" \/>\n<meta property=\"og:url\" content=\"https:\/\/upmp.news\/pl\/pl-in-polish\/atak-rakietowy-na-ukraine-szef-mon-w-pelnej-gotowosci-sa-wszystkie-systemy-bezpieczenstwa-w-polsce\/\" \/>\n<meta property=\"og:site_name\" content=\"U.P.M.P\" \/>\n<meta property=\"article:publisher\" content=\"https:\/\/www.facebook.com\/upmp.news\/\" \/>\n<meta property=\"article:published_time\" content=\"2024-02-07T10:47:00+00:00\" \/>\n<meta property=\"article:modified_time\" content=\"2024-02-07T10:47:01+00:00\" \/>\n<meta property=\"og:image\" content=\"https:\/\/upmp.news\/wp-content\/uploads\/2024\/02\/Atak-rakietowy-na-Ukraine.-Szef-MON-w-pelnej-gotowosci-sa-wszystkie-systemy-bezpieczenstwa-w-Polsce.png\" \/>\n\t<meta property=\"og:image:width\" content=\"938\" \/>\n\t<meta property=\"og:image:height\" content=\"515\" \/>\n\t<meta property=\"og:image:type\" content=\"image\/png\" \/>\n<meta name=\"author\" content=\"vladimyr\" \/>\n<meta name=\"twitter:card\" content=\"summary_large_image\" \/>\n<meta name=\"twitter:creator\" content=\"@maininua\" \/>\n<meta name=\"twitter:site\" content=\"@maininua\" \/>\n<meta name=\"twitter:label1\" content=\"Napisane przez\" \/>\n\t<meta name=\"twitter:data1\" content=\"vladimyr\" \/>\n\t<meta name=\"twitter:label2\" content=\"Szacowany czas czytania\" \/>\n\t<meta name=\"twitter:data2\" content=\"3 minuty\" \/>\n<script type=\"application\/ld+json\" class=\"yoast-schema-graph\">{\"@context\":\"https:\\\/\\\/schema.org\",\"@graph\":[{\"@type\":\"Article\",\"@id\":\"https:\\\/\\\/upmp.news\\\/pl\\\/pl-in-polish\\\/atak-rakietowy-na-ukraine-szef-mon-w-pelnej-gotowosci-sa-wszystkie-systemy-bezpieczenstwa-w-polsce\\\/#article\",\"isPartOf\":{\"@id\":\"https:\\\/\\\/upmp.news\\\/pl\\\/pl-in-polish\\\/atak-rakietowy-na-ukraine-szef-mon-w-pelnej-gotowosci-sa-wszystkie-systemy-bezpieczenstwa-w-polsce\\\/\"},\"author\":{\"name\":\"vladimyr\",\"@id\":\"https:\\\/\\\/upmp.news\\\/#\\\/schema\\\/person\\\/cebd3113030eb01f184505010f519d71\"},\"headline\":\"Atak rakietowy na Ukrain\u0119. Szef MON: w pe\u0142nej gotowo\u015bci s\u0105 wszystkie systemy bezpiecze\u0144stwa w Polsce\",\"datePublished\":\"2024-02-07T10:47:00+00:00\",\"dateModified\":\"2024-02-07T10:47:01+00:00\",\"mainEntityOfPage\":{\"@id\":\"https:\\\/\\\/upmp.news\\\/pl\\\/pl-in-polish\\\/atak-rakietowy-na-ukraine-szef-mon-w-pelnej-gotowosci-sa-wszystkie-systemy-bezpieczenstwa-w-polsce\\\/\"},\"wordCount\":544,\"image\":{\"@id\":\"https:\\\/\\\/upmp.news\\\/pl\\\/pl-in-polish\\\/atak-rakietowy-na-ukraine-szef-mon-w-pelnej-gotowosci-sa-wszystkie-systemy-bezpieczenstwa-w-polsce\\\/#primaryimage\"},\"thumbnailUrl\":\"https:\\\/\\\/upmp.news\\\/wp-content\\\/uploads\\\/2024\\\/02\\\/Atak-rakietowy-na-Ukraine.-Szef-MON-w-pelnej-gotowosci-sa-wszystkie-systemy-bezpieczenstwa-w-Polsce.png\",\"keywords\":[\"Atak\",\"F-16\",\"MON\",\"W\u0142adys\u0142aw Kosiniak-Kamysz\"],\"articleSection\":[\"Polityka\",\"W Polsce\"],\"inLanguage\":\"pl-PL\"},{\"@type\":\"WebPage\",\"@id\":\"https:\\\/\\\/upmp.news\\\/pl\\\/pl-in-polish\\\/atak-rakietowy-na-ukraine-szef-mon-w-pelnej-gotowosci-sa-wszystkie-systemy-bezpieczenstwa-w-polsce\\\/\",\"url\":\"https:\\\/\\\/upmp.news\\\/pl\\\/pl-in-polish\\\/atak-rakietowy-na-ukraine-szef-mon-w-pelnej-gotowosci-sa-wszystkie-systemy-bezpieczenstwa-w-polsce\\\/\",\"name\":\"Atak rakietowy na Ukrain\u0119. Szef MON: w pe\u0142nej gotowo\u015bci s\u0105 wszystkie systemy bezpiecze\u0144stwa w Polsce &#8211; U.P.M.P\",\"isPartOf\":{\"@id\":\"https:\\\/\\\/upmp.news\\\/#website\"},\"primaryImageOfPage\":{\"@id\":\"https:\\\/\\\/upmp.news\\\/pl\\\/pl-in-polish\\\/atak-rakietowy-na-ukraine-szef-mon-w-pelnej-gotowosci-sa-wszystkie-systemy-bezpieczenstwa-w-polsce\\\/#primaryimage\"},\"image\":{\"@id\":\"https:\\\/\\\/upmp.news\\\/pl\\\/pl-in-polish\\\/atak-rakietowy-na-ukraine-szef-mon-w-pelnej-gotowosci-sa-wszystkie-systemy-bezpieczenstwa-w-polsce\\\/#primaryimage\"},\"thumbnailUrl\":\"https:\\\/\\\/upmp.news\\\/wp-content\\\/uploads\\\/2024\\\/02\\\/Atak-rakietowy-na-Ukraine.-Szef-MON-w-pelnej-gotowosci-sa-wszystkie-systemy-bezpieczenstwa-w-Polsce.png\",\"datePublished\":\"2024-02-07T10:47:00+00:00\",\"dateModified\":\"2024-02-07T10:47:01+00:00\",\"author\":{\"@id\":\"https:\\\/\\\/upmp.news\\\/#\\\/schema\\\/person\\\/cebd3113030eb01f184505010f519d71\"},\"breadcrumb\":{\"@id\":\"https:\\\/\\\/upmp.news\\\/pl\\\/pl-in-polish\\\/atak-rakietowy-na-ukraine-szef-mon-w-pelnej-gotowosci-sa-wszystkie-systemy-bezpieczenstwa-w-polsce\\\/#breadcrumb\"},\"inLanguage\":\"pl-PL\",\"potentialAction\":[{\"@type\":\"ReadAction\",\"target\":[\"https:\\\/\\\/upmp.news\\\/pl\\\/pl-in-polish\\\/atak-rakietowy-na-ukraine-szef-mon-w-pelnej-gotowosci-sa-wszystkie-systemy-bezpieczenstwa-w-polsce\\\/\"]}]},{\"@type\":\"ImageObject\",\"inLanguage\":\"pl-PL\",\"@id\":\"https:\\\/\\\/upmp.news\\\/pl\\\/pl-in-polish\\\/atak-rakietowy-na-ukraine-szef-mon-w-pelnej-gotowosci-sa-wszystkie-systemy-bezpieczenstwa-w-polsce\\\/#primaryimage\",\"url\":\"https:\\\/\\\/upmp.news\\\/wp-content\\\/uploads\\\/2024\\\/02\\\/Atak-rakietowy-na-Ukraine.-Szef-MON-w-pelnej-gotowosci-sa-wszystkie-systemy-bezpieczenstwa-w-Polsce.png\",\"contentUrl\":\"https:\\\/\\\/upmp.news\\\/wp-content\\\/uploads\\\/2024\\\/02\\\/Atak-rakietowy-na-Ukraine.-Szef-MON-w-pelnej-gotowosci-sa-wszystkie-systemy-bezpieczenstwa-w-Polsce.png\",\"width\":938,\"height\":515,\"caption\":\"Wicepremier, minister obrony narodowej W\u0142adys\u0142aw Kosiniak-Kamysz PAP\\\/Albert Zawada\"},{\"@type\":\"BreadcrumbList\",\"@id\":\"https:\\\/\\\/upmp.news\\\/pl\\\/pl-in-polish\\\/atak-rakietowy-na-ukraine-szef-mon-w-pelnej-gotowosci-sa-wszystkie-systemy-bezpieczenstwa-w-polsce\\\/#breadcrumb\",\"itemListElement\":[{\"@type\":\"ListItem\",\"position\":1,\"name\":\"Home\",\"item\":\"https:\\\/\\\/upmp.news\\\/\"},{\"@type\":\"ListItem\",\"position\":2,\"name\":\"Atak rakietowy na Ukrain\u0119. Szef MON: w pe\u0142nej gotowo\u015bci s\u0105 wszystkie systemy bezpiecze\u0144stwa w Polsce\"}]},{\"@type\":\"WebSite\",\"@id\":\"https:\\\/\\\/upmp.news\\\/#website\",\"url\":\"https:\\\/\\\/upmp.news\\\/\",\"name\":\"U.P.M.P\",\"description\":\"\u0423\u043a\u0440\u0430\u0457\u043d\u043e-\u043f\u043e\u043b\u044c\u0441\u044c\u043a\u0430 \u043c\u0435\u0434\u0456\u0430\u043f\u043b\u0430\u0442\u0444\u043e\u0440\u043c\u0430\",\"potentialAction\":[{\"@type\":\"SearchAction\",\"target\":{\"@type\":\"EntryPoint\",\"urlTemplate\":\"https:\\\/\\\/upmp.news\\\/?s={search_term_string}\"},\"query-input\":{\"@type\":\"PropertyValueSpecification\",\"valueRequired\":true,\"valueName\":\"search_term_string\"}}],\"inLanguage\":\"pl-PL\"},{\"@type\":\"Person\",\"@id\":\"https:\\\/\\\/upmp.news\\\/#\\\/schema\\\/person\\\/cebd3113030eb01f184505010f519d71\",\"name\":\"vladimyr\",\"image\":{\"@type\":\"ImageObject\",\"inLanguage\":\"pl-PL\",\"@id\":\"https:\\\/\\\/upmp.news\\\/wp-content\\\/uploads\\\/2017\\\/12\\\/ava.png\",\"url\":\"https:\\\/\\\/upmp.news\\\/wp-content\\\/uploads\\\/2017\\\/12\\\/ava.png\",\"contentUrl\":\"https:\\\/\\\/upmp.news\\\/wp-content\\\/uploads\\\/2017\\\/12\\\/ava.png\",\"caption\":\"vladimyr\"},\"url\":\"https:\\\/\\\/upmp.news\\\/pl\\\/author\\\/vladimyr\\\/\"}]}<\/script>\n<!-- \/ Yoast SEO plugin. -->","yoast_head_json":{"title":"Atak rakietowy na Ukrain\u0119. Szef MON: w pe\u0142nej gotowo\u015bci s\u0105 wszystkie systemy bezpiecze\u0144stwa w Polsce &#8211; U.P.M.P","robots":{"index":"index","follow":"follow","max-snippet":"max-snippet:-1","max-image-preview":"max-image-preview:large","max-video-preview":"max-video-preview:-1"},"canonical":"https:\/\/upmp.news\/pl\/pl-in-polish\/atak-rakietowy-na-ukraine-szef-mon-w-pelnej-gotowosci-sa-wszystkie-systemy-bezpieczenstwa-w-polsce\/","og_locale":"pl_PL","og_type":"article","og_title":"Atak rakietowy na Ukrain\u0119. Szef MON: w pe\u0142nej gotowo\u015bci s\u0105 wszystkie systemy bezpiecze\u0144stwa w Polsce &#8211; U.P.M.P","og_description":"Wicepremier, szef MON W\u0142adys\u0142aw Kosiniak-Kamysz powiedzia\u0142, \u017ce od rana w zwi\u0105zku ze zmasowanym atakiem rakietowym na Ukrain\u0119 w pe\u0142nej gotowo\u015bci s\u0105 wszystkie systemy bezpiecze\u0144stwa w Polsce. Doda\u0142, \u017ce poderwane zosta\u0142y m.in. polskie i sojusznicze samoloty F-16. Informuje o tym Upmp.news powo\u0142uj\u0105c si\u0119 na Polskie Radio. Rosja przeprowadzi\u0142a w \u015brod\u0119 rano zmasowany atak rakietowy na Ukrain\u0119, [&hellip;]","og_url":"https:\/\/upmp.news\/pl\/pl-in-polish\/atak-rakietowy-na-ukraine-szef-mon-w-pelnej-gotowosci-sa-wszystkie-systemy-bezpieczenstwa-w-polsce\/","og_site_name":"U.P.M.P","article_publisher":"https:\/\/www.facebook.com\/upmp.news\/","article_published_time":"2024-02-07T10:47:00+00:00","article_modified_time":"2024-02-07T10:47:01+00:00","og_image":[{"width":938,"height":515,"url":"https:\/\/upmp.news\/wp-content\/uploads\/2024\/02\/Atak-rakietowy-na-Ukraine.-Szef-MON-w-pelnej-gotowosci-sa-wszystkie-systemy-bezpieczenstwa-w-Polsce.png","type":"image\/png"}],"author":"vladimyr","twitter_card":"summary_large_image","twitter_creator":"@maininua","twitter_site":"@maininua","twitter_misc":{"Napisane przez":"vladimyr","Szacowany czas czytania":"3 minuty"},"schema":{"@context":"https:\/\/schema.org","@graph":[{"@type":"Article","@id":"https:\/\/upmp.news\/pl\/pl-in-polish\/atak-rakietowy-na-ukraine-szef-mon-w-pelnej-gotowosci-sa-wszystkie-systemy-bezpieczenstwa-w-polsce\/#article","isPartOf":{"@id":"https:\/\/upmp.news\/pl\/pl-in-polish\/atak-rakietowy-na-ukraine-szef-mon-w-pelnej-gotowosci-sa-wszystkie-systemy-bezpieczenstwa-w-polsce\/"},"author":{"name":"vladimyr","@id":"https:\/\/upmp.news\/#\/schema\/person\/cebd3113030eb01f184505010f519d71"},"headline":"Atak rakietowy na Ukrain\u0119. Szef MON: w pe\u0142nej gotowo\u015bci s\u0105 wszystkie systemy bezpiecze\u0144stwa w Polsce","datePublished":"2024-02-07T10:47:00+00:00","dateModified":"2024-02-07T10:47:01+00:00","mainEntityOfPage":{"@id":"https:\/\/upmp.news\/pl\/pl-in-polish\/atak-rakietowy-na-ukraine-szef-mon-w-pelnej-gotowosci-sa-wszystkie-systemy-bezpieczenstwa-w-polsce\/"},"wordCount":544,"image":{"@id":"https:\/\/upmp.news\/pl\/pl-in-polish\/atak-rakietowy-na-ukraine-szef-mon-w-pelnej-gotowosci-sa-wszystkie-systemy-bezpieczenstwa-w-polsce\/#primaryimage"},"thumbnailUrl":"https:\/\/upmp.news\/wp-content\/uploads\/2024\/02\/Atak-rakietowy-na-Ukraine.-Szef-MON-w-pelnej-gotowosci-sa-wszystkie-systemy-bezpieczenstwa-w-Polsce.png","keywords":["Atak","F-16","MON","W\u0142adys\u0142aw Kosiniak-Kamysz"],"articleSection":["Polityka","W Polsce"],"inLanguage":"pl-PL"},{"@type":"WebPage","@id":"https:\/\/upmp.news\/pl\/pl-in-polish\/atak-rakietowy-na-ukraine-szef-mon-w-pelnej-gotowosci-sa-wszystkie-systemy-bezpieczenstwa-w-polsce\/","url":"https:\/\/upmp.news\/pl\/pl-in-polish\/atak-rakietowy-na-ukraine-szef-mon-w-pelnej-gotowosci-sa-wszystkie-systemy-bezpieczenstwa-w-polsce\/","name":"Atak rakietowy na Ukrain\u0119. Szef MON: w pe\u0142nej gotowo\u015bci s\u0105 wszystkie systemy bezpiecze\u0144stwa w Polsce &#8211; U.P.M.P","isPartOf":{"@id":"https:\/\/upmp.news\/#website"},"primaryImageOfPage":{"@id":"https:\/\/upmp.news\/pl\/pl-in-polish\/atak-rakietowy-na-ukraine-szef-mon-w-pelnej-gotowosci-sa-wszystkie-systemy-bezpieczenstwa-w-polsce\/#primaryimage"},"image":{"@id":"https:\/\/upmp.news\/pl\/pl-in-polish\/atak-rakietowy-na-ukraine-szef-mon-w-pelnej-gotowosci-sa-wszystkie-systemy-bezpieczenstwa-w-polsce\/#primaryimage"},"thumbnailUrl":"https:\/\/upmp.news\/wp-content\/uploads\/2024\/02\/Atak-rakietowy-na-Ukraine.-Szef-MON-w-pelnej-gotowosci-sa-wszystkie-systemy-bezpieczenstwa-w-Polsce.png","datePublished":"2024-02-07T10:47:00+00:00","dateModified":"2024-02-07T10:47:01+00:00","author":{"@id":"https:\/\/upmp.news\/#\/schema\/person\/cebd3113030eb01f184505010f519d71"},"breadcrumb":{"@id":"https:\/\/upmp.news\/pl\/pl-in-polish\/atak-rakietowy-na-ukraine-szef-mon-w-pelnej-gotowosci-sa-wszystkie-systemy-bezpieczenstwa-w-polsce\/#breadcrumb"},"inLanguage":"pl-PL","potentialAction":[{"@type":"ReadAction","target":["https:\/\/upmp.news\/pl\/pl-in-polish\/atak-rakietowy-na-ukraine-szef-mon-w-pelnej-gotowosci-sa-wszystkie-systemy-bezpieczenstwa-w-polsce\/"]}]},{"@type":"ImageObject","inLanguage":"pl-PL","@id":"https:\/\/upmp.news\/pl\/pl-in-polish\/atak-rakietowy-na-ukraine-szef-mon-w-pelnej-gotowosci-sa-wszystkie-systemy-bezpieczenstwa-w-polsce\/#primaryimage","url":"https:\/\/upmp.news\/wp-content\/uploads\/2024\/02\/Atak-rakietowy-na-Ukraine.-Szef-MON-w-pelnej-gotowosci-sa-wszystkie-systemy-bezpieczenstwa-w-Polsce.png","contentUrl":"https:\/\/upmp.news\/wp-content\/uploads\/2024\/02\/Atak-rakietowy-na-Ukraine.-Szef-MON-w-pelnej-gotowosci-sa-wszystkie-systemy-bezpieczenstwa-w-Polsce.png","width":938,"height":515,"caption":"Wicepremier, minister obrony narodowej W\u0142adys\u0142aw Kosiniak-Kamysz PAP\/Albert Zawada"},{"@type":"BreadcrumbList","@id":"https:\/\/upmp.news\/pl\/pl-in-polish\/atak-rakietowy-na-ukraine-szef-mon-w-pelnej-gotowosci-sa-wszystkie-systemy-bezpieczenstwa-w-polsce\/#breadcrumb","itemListElement":[{"@type":"ListItem","position":1,"name":"Home","item":"https:\/\/upmp.news\/"},{"@type":"ListItem","position":2,"name":"Atak rakietowy na Ukrain\u0119. Szef MON: w pe\u0142nej gotowo\u015bci s\u0105 wszystkie systemy bezpiecze\u0144stwa w Polsce"}]},{"@type":"WebSite","@id":"https:\/\/upmp.news\/#website","url":"https:\/\/upmp.news\/","name":"U.P.M.P","description":"\u0423\u043a\u0440\u0430\u0457\u043d\u043e-\u043f\u043e\u043b\u044c\u0441\u044c\u043a\u0430 \u043c\u0435\u0434\u0456\u0430\u043f\u043b\u0430\u0442\u0444\u043e\u0440\u043c\u0430","potentialAction":[{"@type":"SearchAction","target":{"@type":"EntryPoint","urlTemplate":"https:\/\/upmp.news\/?s={search_term_string}"},"query-input":{"@type":"PropertyValueSpecification","valueRequired":true,"valueName":"search_term_string"}}],"inLanguage":"pl-PL"},{"@type":"Person","@id":"https:\/\/upmp.news\/#\/schema\/person\/cebd3113030eb01f184505010f519d71","name":"vladimyr","image":{"@type":"ImageObject","inLanguage":"pl-PL","@id":"https:\/\/upmp.news\/wp-content\/uploads\/2017\/12\/ava.png","url":"https:\/\/upmp.news\/wp-content\/uploads\/2017\/12\/ava.png","contentUrl":"https:\/\/upmp.news\/wp-content\/uploads\/2017\/12\/ava.png","caption":"vladimyr"},"url":"https:\/\/upmp.news\/pl\/author\/vladimyr\/"}]}},"_links":{"self":[{"href":"https:\/\/upmp.news\/pl\/wp-json\/wp\/v2\/posts\/268106","targetHints":{"allow":["GET"]}}],"collection":[{"href":"https:\/\/upmp.news\/pl\/wp-json\/wp\/v2\/posts"}],"about":[{"href":"https:\/\/upmp.news\/pl\/wp-json\/wp\/v2\/types\/post"}],"author":[{"embeddable":true,"href":"https:\/\/upmp.news\/pl\/wp-json\/wp\/v2\/users\/27"}],"replies":[{"embeddable":true,"href":"https:\/\/upmp.news\/pl\/wp-json\/wp\/v2\/comments?post=268106"}],"version-history":[{"count":1,"href":"https:\/\/upmp.news\/pl\/wp-json\/wp\/v2\/posts\/268106\/revisions"}],"predecessor-version":[{"id":268112,"href":"https:\/\/upmp.news\/pl\/wp-json\/wp\/v2\/posts\/268106\/revisions\/268112"}],"wp:featuredmedia":[{"embeddable":true,"href":"https:\/\/upmp.news\/pl\/wp-json\/wp\/v2\/media\/268107"}],"wp:attachment":[{"href":"https:\/\/upmp.news\/pl\/wp-json\/wp\/v2\/media?parent=268106"}],"wp:term":[{"taxonomy":"category","embeddable":true,"href":"https:\/\/upmp.news\/pl\/wp-json\/wp\/v2\/categories?post=268106"},{"taxonomy":"post_tag","embeddable":true,"href":"https:\/\/upmp.news\/pl\/wp-json\/wp\/v2\/tags?post=268106"}],"curies":[{"name":"wp","href":"https:\/\/api.w.org\/{rel}","templated":true}]}}