{"id":270250,"date":"2024-04-01T11:02:56","date_gmt":"2024-04-01T09:02:56","guid":{"rendered":"https:\/\/upmp.news\/?p=270250"},"modified":"2024-04-01T11:02:59","modified_gmt":"2024-04-01T09:02:59","slug":"maria-alekseievych-i-oleksandra-mazur-o-pracy-informacyjnej-za-granica-i-priorytetowych-obszarach-pracy","status":"publish","type":"post","link":"https:\/\/upmp.news\/pl\/pl-in-ukraine\/maria-alekseievych-i-oleksandra-mazur-o-pracy-informacyjnej-za-granica-i-priorytetowych-obszarach-pracy\/","title":{"rendered":"Maria Alekseievych i Oleksandra Mazur o pracy informacyjnej za granic\u0105 i priorytetowych obszarach pracy"},"content":{"rendered":"\n<p><strong>&#8222;Jednym z obszar\u00f3w naszej pracy jest rozpowszechnianie informacji o ataku terrorystycznym zar\u00f3wno na Ukrainie, jak i za granic\u0105. Jest to konieczne, aby spo\u0142eczno\u015b\u0107 mi\u0119dzynarodowa zrozumia\u0142a i zobaczy\u0142a, z jakim okrutnym i cynicznym wrogiem mamy do czynienia; aby \u015bwiat zrozumia\u0142, \u017ce konieczne jest pot\u0119pienie Rosji za wszystkie zbrodnie wojenne pope\u0142nione na terytorium Ukrainy i postawienie Rosjan przed wymiarem sprawiedliwo\u015bci; oraz przywr\u00f3cenie obro\u0144c\u00f3w i wszystkich ukrai\u0144skich je\u0144c\u00f3w wojennych, kt\u00f3rzy ucierpieli w wyniku ataku terrorystycznego&#8221;. &#8211; Maria Alekseievych i Oleksandra Mazur, przedstawicielki Wsp\u00f3lnoty Rodzin O\u0142eniwki, o pracy informacyjnej za granic\u0105 i priorytetowych obszarach pracy.<\/strong> <strong>Informuje o tym <a href=\"https:\/\/upmp.news\/pl\/\">Upmp.news<\/a><\/strong>.<\/p>\n\n\n<div class=\"wp-block-image\">\n<figure class=\"aligncenter size-full is-resized\"><img loading=\"lazy\" decoding=\"async\" width=\"1280\" height=\"1176\" src=\"https:\/\/upmp.news\/wp-content\/uploads\/2024\/04\/1.jpg\" alt=\"\" class=\"wp-image-270251\" style=\"width:483px;height:auto\" srcset=\"https:\/\/upmp.news\/wp-content\/uploads\/2024\/04\/1.jpg 1280w, https:\/\/upmp.news\/wp-content\/uploads\/2024\/04\/1-300x276.jpg 300w, https:\/\/upmp.news\/wp-content\/uploads\/2024\/04\/1-768x706.jpg 768w, https:\/\/upmp.news\/wp-content\/uploads\/2024\/04\/1-1200x1103.jpg 1200w, https:\/\/upmp.news\/wp-content\/uploads\/2024\/04\/1-871x800.jpg 871w, https:\/\/upmp.news\/wp-content\/uploads\/2024\/04\/1-218x200.jpg 218w\" sizes=\"auto, (max-width: 1280px) 100vw, 1280px\" \/><figcaption class=\"wp-element-caption\">Oleksandra Mazur \u0456 Maria Aleksiejewicz<\/figcaption><\/figure>\n<\/div>\n\n\n<p>Od dnia masowego zab\u00f3jstwa w kolonii wo\u0142nowaskiej nr 120 (O\u0142eniwka) min\u0119\u0142o ponad p\u00f3\u0142tora roku. W tym czasie organizatorzy i sprawcy rosyjskiej zbrodni wojennej nie zostali jeszcze znalezieni, dok\u0142adna liczba zabitych i rannych obro\u0144c\u00f3w jest nadal nieznana, a oko\u0142o 120 obro\u0144c\u00f3w Mariupola, kt\u00f3rzy zostali ranni tej nocy, nadal jest przetrzymywanych w rosyjskiej niewoli. Rodziny rannych i zabitych podczas ataku terrorystycznego w O\u0142eniwce w organizacji spo\u0142ecznej &#8222;Wsp\u00f3lnota Rodzin O\u0142eniwki&#8221; ju\u017c od ponad roku staraj\u0105 si\u0119 nie pozwoli\u0107 \u015bwiatu zapomnie\u0107 o publicznej egzekucji ukrai\u0144skich obro\u0144c\u00f3w i robi\u0105 wszystko, co mo\u017cliwe, aby osi\u0105gn\u0105\u0107 sprawiedliwo\u015b\u0107 oraz zwr\u00f3ci\u0107 ofiary ataku terrorystycznego z rosyjskiej niewoli.<\/p>\n\n\n\n<p>Jednym z obszar\u00f3w naszej pracy jest rozpowszechnianie informacji o ataku zar\u00f3wno na Ukrainie, jak i za granic\u0105. Jest to konieczne, aby spo\u0142eczno\u015b\u0107 mi\u0119dzynarodowa zrozumia\u0142a i zobaczy\u0142a, z jakim okrutnym i cynicznym wrogiem mamy do czynienia; aby \u015bwiat zrozumia\u0142, \u017ce konieczne jest pot\u0119pienie Rosji za wszystkie zbrodnie wojenne pope\u0142nione na terytorium Ukrainy i postawienie Rosjan przed wymiarem sprawiedliwo\u015bci; oraz sprowadzenie z powrotem obro\u0144c\u00f3w i wszystkich ukrai\u0144skich je\u0144c\u00f3w wojennych, kt\u00f3rzy ucierpieli w wyniku ataku terrorystycznego.<\/p>\n\n\n<div class=\"wp-block-image\">\n<figure class=\"aligncenter size-full is-resized\"><img loading=\"lazy\" decoding=\"async\" width=\"1200\" height=\"800\" src=\"https:\/\/upmp.news\/wp-content\/uploads\/2024\/04\/2.jpg\" alt=\"\" class=\"wp-image-270256\" style=\"width:591px;height:auto\" srcset=\"https:\/\/upmp.news\/wp-content\/uploads\/2024\/04\/2.jpg 1200w, https:\/\/upmp.news\/wp-content\/uploads\/2024\/04\/2-300x200.jpg 300w, https:\/\/upmp.news\/wp-content\/uploads\/2024\/04\/2-768x512.jpg 768w\" sizes=\"auto, (max-width: 1200px) 100vw, 1200px\" \/><figcaption class=\"wp-element-caption\">Akcja w Londynie. Autor zdj\u0119\u0107: Guy Corbishley<\/figcaption><\/figure>\n<\/div>\n\n\n<p>Dlatego my, Wsp\u00f3lnota Rodzin O\u0142eniwki, poprosili\u015bmy przedstawicieli ukrai\u0144skiej diaspory za granic\u0105, aby pomogli nam opowiedzie\u0107 obcokrajowcom o ataku terrorystycznym w O\u0142eniwce. Przekazali\u015bmy wszystkie niezb\u0119dne informacje na temat zab\u00f3jstw i okalecze\u0144 je\u0144c\u00f3w wojennych w nocy 29 lipca 2022 roku oraz materia\u0142y, z kt\u00f3rych korzystali obcokrajowcy i Ukrai\u0144cy wychodz\u0105cy na manifestacje. Akcje na wsparcie je\u0144c\u00f3w wojennych i po\u015bwi\u0119cone atakowi terrorystycznemu w O\u0142eniwce odby\u0142y si\u0119 w 11 krajach, w tym: Francji, Anglii, Niemczech, Szwecji, W\u0142oszech, Hiszpanii, USA, Polsce, Australii, Kanadzie i Irlandii. W niekt\u00f3rych z tych kraj\u00f3w akcje odbywa\u0142y si\u0119 w r\u00f3\u017cnych miastach. W sumie uda\u0142o nam si\u0119 zorganizowa\u0107 oko\u0142o 20 akcji, dla wi\u0119kszo\u015bci kt\u00f3rych dostarczyli\u015bmy nasze materia\u0142y i za\u0142atwili\u015bmy organizacj\u0119, a niekt\u00f3rzy do\u0142\u0105czyli po publikacjach o mi\u0119dzynarodowych akcjach w naszych sieciach spo\u0142eczno\u015bciowych. Ponadto 24 lutego na ca\u0142ym \u015bwiecie odby\u0142y si\u0119 akcje poparcia dla Ukrainy, a tak\u017ce poprosili\u015bmy ludzi w r\u00f3\u017cnych krajach, aby wyszli z plakatami po\u015bwi\u0119conymi atakowi terrorystycznemu w O\u0142eniwce i przypominaj\u0105cymi im o je\u0144cach wojennych.<\/p>\n\n\n<div class=\"wp-block-image\">\n<figure class=\"aligncenter size-full is-resized\"><img loading=\"lazy\" decoding=\"async\" width=\"1280\" height=\"960\" src=\"https:\/\/upmp.news\/wp-content\/uploads\/2024\/04\/3.jpg\" alt=\"\" class=\"wp-image-270261\" style=\"width:600px;height:auto\" srcset=\"https:\/\/upmp.news\/wp-content\/uploads\/2024\/04\/3.jpg 1280w, https:\/\/upmp.news\/wp-content\/uploads\/2024\/04\/3-300x225.jpg 300w, https:\/\/upmp.news\/wp-content\/uploads\/2024\/04\/3-768x576.jpg 768w, https:\/\/upmp.news\/wp-content\/uploads\/2024\/04\/3-1200x900.jpg 1200w, https:\/\/upmp.news\/wp-content\/uploads\/2024\/04\/3-1067x800.jpg 1067w, https:\/\/upmp.news\/wp-content\/uploads\/2024\/04\/3-267x200.jpg 267w\" sizes=\"auto, (max-width: 1280px) 100vw, 1280px\" \/><figcaption class=\"wp-element-caption\">Akcja w Warszawie. Autor zdj\u0119\u0107: Iryna Danyliuk <\/figcaption><\/figure>\n<\/div>\n\n\n<p>Podczas jednej z akcji w Sacramento organizatorzy zbierali pieni\u0105dze dla 3 Brygady Szturmowej, a tak\u017ce przypominali ludziom o ataku i je\u0144cach wojennych. Organizacja wolontariacka Sunflower Society of Sacramento przes\u0142a\u0142a zebrane po wydarzeniu fundusze na konto PayPal brygady. Nasza spo\u0142eczno\u015b\u0107 uwa\u017ca, \u017ce s\u0105 to niezb\u0119dne \u015brodki podczas wszystkich wydarze\u0144, kt\u00f3re odbywaj\u0105 si\u0119 za granic\u0105, poniewa\u017c wojna wci\u0105\u017c trwa, a my i ca\u0142y cywilizowany \u015bwiat musimy wspiera\u0107 naszych obro\u0144c\u00f3w i pom\u00f3c pokona\u0107 pa\u0144stwo-agresora.<\/p>\n\n\n\n<p>Wa\u017cne by\u0142o, aby obcokrajowcy mogli dowiedzie\u0107 si\u0119 o rosyjskiej zbrodni wojennej, zobaczy\u0107 twarze poleg\u0142ych bohater\u00f3w i obro\u0144c\u00f3w rannych w ataku, kt\u00f3rzy nadal s\u0105 przetrzymywani w niewoli. Wezwali organizacje mi\u0119dzynarodowe i ca\u0142y \u015bwiat do dzia\u0142ania w celu zapewnienia mi\u0119dzynarodowego \u015bledztwa i powrotu ukrai\u0144skich je\u0144c\u00f3w wojennych.<\/p>\n\n\n<div class=\"wp-block-image\">\n<figure class=\"aligncenter size-full is-resized\"><img loading=\"lazy\" decoding=\"async\" width=\"480\" height=\"719\" src=\"https:\/\/upmp.news\/wp-content\/uploads\/2024\/04\/4.jpg\" alt=\"\" class=\"wp-image-270266\" style=\"width:412px;height:auto\" srcset=\"https:\/\/upmp.news\/wp-content\/uploads\/2024\/04\/4.jpg 480w, https:\/\/upmp.news\/wp-content\/uploads\/2024\/04\/4-200x300.jpg 200w, https:\/\/upmp.news\/wp-content\/uploads\/2024\/04\/4-134x200.jpg 134w\" sizes=\"auto, (max-width: 480px) 100vw, 480px\" \/><figcaption class=\"wp-element-caption\">Akcja w Hamburgu. Plakat z rannymi obro\u0144cami podczas ataku w O\u0142eniwce. Fot: Marina B\u00fc<\/figcaption><\/figure>\n<\/div>\n\n\n<p>W Polsce regularnie odbywaj\u0105 si\u0119 akcje upami\u0119tniaj\u0105ce je\u0144c\u00f3w wojennych, ale nie s\u0105 one zbyt liczne, bior\u0105c pod uwag\u0119 liczb\u0119 Ukrai\u0144c\u00f3w w Polsce. W tym roku organizacje w Warszawie i Krakowie ju\u017c przypomnia\u0142y o O\u0142eniwce. By\u0107 mo\u017ce by\u0142o jeszcze kilka przypomnie\u0144, ale nie zostali\u015bmy o nich poinformowani. Dlatego z niecierpliwo\u015bci\u0105 czekamy na og\u0142oszenie, aby\u015bmy mogli wsp\u00f3\u0142pracowa\u0107 ze wszystkimi, kt\u00f3rym zale\u017cy na tym temacie.<\/p>\n\n\n\n<p>Polska jest krajem, kt\u00f3ry do\u015bwiadczy\u0142 rosyjskiej okupacji i masowych represji ze strony Rosjan wobec Polak\u00f3w. Rosjanie stosowali r\u00f3wnie\u017c taktyk\u0119 zbrodni wojennych przeciwko Polakom, w tym masow\u0105 egzekucj\u0119 polskich je\u0144c\u00f3w wojennych w Katyniu. Ta blisko\u015b\u0107 naszych do\u015bwiadcze\u0144 pomaga obecnie budowa\u0107 most wzajemnego zrozumienia, poniewa\u017c analizuj\u0105c wypowiedzi polskich intelektualist\u00f3w i publikacje w polskich mediach, widzimy ich zrozumienie, \u017ce ludob\u00f3jstwo dokonane przez Rosjan nie zna granic. M\u00f3wi\u0105c precyzyjniej, granica jest tam, gdzie Rosjanom ko\u0144czy si\u0119 energia do ludob\u00f3jstwa.<\/p>\n\n\n\n<p>Planujemy do\u0142\u0105czy\u0107 do szeregu polsko-ukrai\u0144skich wydarze\u0144, poniewa\u017c zbrodnie wojenne nie ulegaj\u0105 przedawnieniu, a zbrodnicze pa\u0144stwo musi zosta\u0107 poci\u0105gni\u0119te do odpowiedzialno\u015bci za wszystko, bez wzgl\u0119du na to, jak zmienia swoj\u0105 nazw\u0119, granice czy narracje.<\/p>\n\n\n<div class=\"wp-block-image\">\n<figure class=\"aligncenter size-full is-resized\"><img loading=\"lazy\" decoding=\"async\" width=\"1080\" height=\"810\" src=\"https:\/\/upmp.news\/wp-content\/uploads\/2024\/04\/5.jpg\" alt=\"\" class=\"wp-image-270271\" style=\"width:635px;height:auto\" srcset=\"https:\/\/upmp.news\/wp-content\/uploads\/2024\/04\/5.jpg 1080w, https:\/\/upmp.news\/wp-content\/uploads\/2024\/04\/5-300x225.jpg 300w, https:\/\/upmp.news\/wp-content\/uploads\/2024\/04\/5-768x576.jpg 768w, https:\/\/upmp.news\/wp-content\/uploads\/2024\/04\/5-1067x800.jpg 1067w, https:\/\/upmp.news\/wp-content\/uploads\/2024\/04\/5-267x200.jpg 267w\" sizes=\"auto, (max-width: 1080px) 100vw, 1080px\" \/><figcaption class=\"wp-element-caption\">Akcja w Krakowie. Zdj\u0119cie: Ukraine in DNA <\/figcaption><\/figure>\n<\/div>\n\n\n<p>Planujemy kontynuowa\u0107 realizacj\u0119 r\u00f3\u017cnych inicjatyw naszej spo\u0142eczno\u015bci, w tym tych zwi\u0105zanych z prac\u0105 za granic\u0105. W kwietniu odb\u0119dzie si\u0119 kolejna akcja po\u015bwi\u0119cona atakowi terrorystycznemu w O\u0142eniwce oraz je\u0144com wojennym w Wiedniu. Je\u015bli kt\u00f3ra\u015b z os\u00f3b przebywaj\u0105cych obecnie za granic\u0105 mo\u017ce zorganizowa\u0107 podobne akcje i wydarzenia, podczas kt\u00f3rych obcokrajowcy b\u0119d\u0105 mogli dowiedzie\u0107 si\u0119 wi\u0119cej o ataku terrorystycznym i wesprze\u0107 Ukrain\u0119, prosimy o kontakt za po\u015brednictwem naszych medi\u00f3w spo\u0142eczno\u015bciowych. Jeste\u015bmy otwarci na dialog i now\u0105 wsp\u00f3\u0142prac\u0119, aby osi\u0105gn\u0105\u0107 nasz cel. <\/p>\n\n\n\n<p>W czasie istnienia naszej wsp\u00f3lnoty odbyli\u015bmy wiele spotka\u0144 z organami pa\u0144stwowymi Ukrainy. To zar\u00f3wno z Koordynacyjnym Sztabem ds. Obchodzenia si\u0119 z Je\u0144cami Wojennymi, z Dmytrem Lubincem, kt\u00f3ry jest upowa\u017cnionym Wysokiej Rady Ukrainy ds. Praw Cz\u0142owieka, z SBU, Biurem Prokuratora Generalnego, szefem Kancelarii Prezydenta Andrijem Jermakiem oraz szefem S\u0142u\u017cby Wywiadu Obronnego Kyry\u0142em Budanowem. Na ka\u017cdym spotkaniu prosili\u015bmy o pomoc i wsparcie w rozwi\u0105zaniu najwa\u017cniejszych kwestii od czasu brutalnego i cynicznego rosyjskiego ataku terrorystycznego w O\u0142eniwce: powrotu obro\u0144c\u00f3w rannych w ataku, ustanowienia narodowego dnia pami\u0119ci bohater\u00f3w poleg\u0142ych w ataku oraz mi\u0119dzynarodowego \u015bledztwa w sprawie ataku.<\/p>\n\n\n<div class=\"wp-block-image\">\n<figure class=\"aligncenter size-full is-resized\"><img loading=\"lazy\" decoding=\"async\" width=\"1280\" height=\"853\" src=\"https:\/\/upmp.news\/wp-content\/uploads\/2024\/04\/6.jpg\" alt=\"\" class=\"wp-image-270276\" style=\"width:657px;height:auto\" srcset=\"https:\/\/upmp.news\/wp-content\/uploads\/2024\/04\/6.jpg 1280w, https:\/\/upmp.news\/wp-content\/uploads\/2024\/04\/6-300x200.jpg 300w, https:\/\/upmp.news\/wp-content\/uploads\/2024\/04\/6-768x512.jpg 768w, https:\/\/upmp.news\/wp-content\/uploads\/2024\/04\/6-1200x800.jpg 1200w\" sizes=\"auto, (max-width: 1280px) 100vw, 1280px\" \/><figcaption class=\"wp-element-caption\">Akcja w Sztokholmie. Zdj\u0119cie: Olga Androsowa<\/figcaption><\/figure>\n<\/div>\n\n\n<p>Na przyk\u0142ad 9 stycznia 2024 r. odbyli\u015bmy spotkanie na wysokim szczeblu z ukrai\u0144skim rz\u0105dem, z szefem Kancelarii prezydenta Andrijem Jermakiem i szefem HUR Kyrylem Budanowem. Podkre\u015blili\u015bmy, \u017ce aby uwolni\u0107 rannych obro\u0144c\u00f3w z niewoli podczas ataku terrorystycznego w O\u0142eniwce, musimy poprosi\u0107 o pomoc kraje, kt\u00f3re ju\u017c aktywnie uczestniczy\u0142y w wymianie je\u0144c\u00f3w wojennych mi\u0119dzy Ukrain\u0105 a Rosj\u0105, a mianowicie Turcj\u0119, Arabi\u0119 Saudyjsk\u0105 i Zjednoczone Emiraty Arabskie. Chcemy uda\u0107 si\u0119 do tych kraj\u00f3w, aby porozmawia\u0107 z rz\u0105dami i pokaza\u0107 im konsekwencje ataku terrorystycznego w O\u0142eniwce, powiedzie\u0107 im, co wiemy dzisiaj i poprosi\u0107 o wsparcie, aby sta\u0107 si\u0119 po\u015brednikami w wymianie rannych obro\u0144c\u00f3w mi\u0119dzy Ukrain\u0105 a Rosj\u0105 lub znale\u017a\u0107 kraj trzeci, kt\u00f3ry jest got\u00f3w zobowi\u0105za\u0107 si\u0119 do przestrzegania Konwencji Genewskiej w sprawie traktowania je\u0144c\u00f3w wojennych. Zapewniono nas, \u017ce prace w tym kierunku s\u0105 w toku, ale nasza spo\u0142eczno\u015b\u0107 b\u0119dzie zaanga\u017cowana w wyjazdy mi\u0119dzynarodowe. Jednak od spotkania min\u0119\u0142y ponad dwa miesi\u0105ce i nie mamy \u017cadnych rezultat\u00f3w.\u00a0 <\/p>\n\n\n\n<p>Ponadto 28 lipca 2024 r. min\u0105 dwa lata od ataku terrorystycznego w O\u0142eniwce, ale Dzie\u0144 Pami\u0119ci Straconych Bohater\u00f3w nie zosta\u0142 jeszcze ustanowiony na szczeblu pa\u0144stwowym. Nie by\u0142o odpowiedzi na petycj\u0119 zarejestrowan\u0105 przez nasz\u0105 spo\u0142eczno\u015b\u0107 w lipcu ubieg\u0142ego roku, kt\u00f3ra otrzyma\u0142a ponad 25 000 g\u0142os\u00f3w. Poprosili\u015bmy pos\u0142\u00f3w o zarejestrowanie projektu ustawy o ustanowieniu Dnia Pami\u0119ci, a jeden z nich zrobi\u0142 to kilka miesi\u0119cy temu, ale ten projekt uchwa\u0142y jest nadal rozpatrywany. Na spotkaniu z Jermakiem i Budanowem r\u00f3wnie\u017c o tym rozmawiali\u015bmy, a oni zapewnili nas, \u017ce ta kwestia zostanie rozwi\u0105zana.<\/p>\n\n\n<div class=\"wp-block-image\">\n<figure class=\"aligncenter size-full is-resized\"><img loading=\"lazy\" decoding=\"async\" width=\"1280\" height=\"866\" src=\"https:\/\/upmp.news\/wp-content\/uploads\/2024\/04\/7.jpg\" alt=\"\" class=\"wp-image-270281\" style=\"width:683px;height:auto\" srcset=\"https:\/\/upmp.news\/wp-content\/uploads\/2024\/04\/7.jpg 1280w, https:\/\/upmp.news\/wp-content\/uploads\/2024\/04\/7-300x203.jpg 300w, https:\/\/upmp.news\/wp-content\/uploads\/2024\/04\/7-768x520.jpg 768w, https:\/\/upmp.news\/wp-content\/uploads\/2024\/04\/7-1200x812.jpg 1200w, https:\/\/upmp.news\/wp-content\/uploads\/2024\/04\/7-1182x800.jpg 1182w, https:\/\/upmp.news\/wp-content\/uploads\/2024\/04\/7-296x200.jpg 296w\" sizes=\"auto, (max-width: 1280px) 100vw, 1280px\" \/><figcaption class=\"wp-element-caption\">Akcja w Mediolanie. Autor zdj\u0119\u0107: Lorenzo Ceva Valla <\/figcaption><\/figure>\n<\/div>\n\n\n<p>Potrzebujemy r\u00f3wnie\u017c, aby ukrai\u0144skie ambasady pracowa\u0142y nad promowaniem tematu ataku terrorystycznego w O\u0142eniwce i je\u0144c\u00f3w wojennych w znacznie wi\u0119kszym stopniu ni\u017c obecnie. Zwr\u00f3cili\u015bmy si\u0119 do ukrai\u0144skich ambasador\u00f3w z naszymi pro\u015bbami oko\u0142o dwa miesi\u0105ce temu, ale wi\u0119kszo\u015b\u0107 z nich nie odpowiedzia\u0142a. Niekt\u00f3rzy z nich powiedzieli nam, aby\u015bmy skontaktowali si\u0119 z Central\u0105 Koordynacyjn\u0105 ds. Traktowania Je\u0144c\u00f3w Wojennych, Komisarzem Parlamentu Ukrai\u0144skiego ds. Praw Cz\u0142owieka i innymi organami pa\u0144stwowymi, chocia\u017c jeste\u015bmy z nimi w sta\u0142ym kontakcie i wielokrotnie prosili\u015bmy ich o pomoc. Ponadto nasze pro\u015bby by\u0142y kierowane do ambasador\u00f3w. Nasze dzia\u0142ania za granic\u0105 organizowali\u015bmy wsp\u00f3lnie z diasporami, bez pomocy Ministerstwa Spraw Zagranicznych. Uwa\u017camy, \u017ce wszystkie agencje rz\u0105dowe powinny pracowa\u0107 nad sprowadzeniem naszych ludzi z niewoli, uczczeniem pami\u0119ci poleg\u0142ych w tej wojnie, zrobieniem wszystkiego, aby postawi\u0107 Rosj\u0119 przed wymiarem sprawiedliwo\u015bci za jej zbrodnie wojenne i pom\u00f3c naszym \u017co\u0142nierzom przyspieszy\u0107 zwyci\u0119stwo. Aby to zrobi\u0107, ka\u017cdy musi da\u0107 z siebie wszystko, zw\u0142aszcza ci ludzie, kt\u00f3rzy maj\u0105 ku temu mo\u017cliwo\u015bci, zasoby i wp\u0142ywy.<\/p>\n\n\n<div class=\"wp-block-image\">\n<figure class=\"aligncenter size-full is-resized\"><img loading=\"lazy\" decoding=\"async\" width=\"1280\" height=\"936\" src=\"https:\/\/upmp.news\/wp-content\/uploads\/2024\/04\/8.jpg\" alt=\"\" class=\"wp-image-270286\" style=\"width:665px;height:auto\" srcset=\"https:\/\/upmp.news\/wp-content\/uploads\/2024\/04\/8.jpg 1280w, https:\/\/upmp.news\/wp-content\/uploads\/2024\/04\/8-300x219.jpg 300w, https:\/\/upmp.news\/wp-content\/uploads\/2024\/04\/8-768x562.jpg 768w, https:\/\/upmp.news\/wp-content\/uploads\/2024\/04\/8-1200x878.jpg 1200w, https:\/\/upmp.news\/wp-content\/uploads\/2024\/04\/8-1094x800.jpg 1094w, https:\/\/upmp.news\/wp-content\/uploads\/2024\/04\/8-274x200.jpg 274w\" sizes=\"auto, (max-width: 1280px) 100vw, 1280px\" \/><figcaption class=\"wp-element-caption\">Akcja w Kanadzie. Zdj\u0119cia uczestnik\u00f3w akcji<\/figcaption><\/figure>\n<\/div>\n\n\n<p><strong>Autorki:<\/strong> Maria Aleksiejewicz i O\u0142eksandra Mazur<\/p>\n<div class=\"newspaper-x-tags\"><strong><\/strong><span><a href=\"https:\/\/upmp.news\/pl\/tag\/akcja\/\" rel=\"tag\">Akcja<\/a><\/span><a href=\"https:\/\/upmp.news\/pl\/tag\/maria-aleksiejewicz-2\/\" rel=\"tag\">Maria Aleksiejewicz<\/a><\/span><a href=\"https:\/\/upmp.news\/pl\/tag\/oleksandra-mazur-2-2\/\" rel=\"tag\">O\u0142eksandra Mazur<\/a><\/span><a href=\"https:\/\/upmp.news\/pl\/tag\/oleniwka-3\/\" rel=\"tag\">O\u0142eniwka<\/a><\/span><a href=\"https:\/\/upmp.news\/pl\/tag\/warszawa-3\/\" rel=\"tag\">Warszawa<\/a> <\/div>","protected":false},"excerpt":{"rendered":"<p>&#8222;Jednym z obszar\u00f3w naszej pracy jest rozpowszechnianie informacji o ataku terrorystycznym zar\u00f3wno na Ukrainie, jak i za granic\u0105. Jest to konieczne, aby spo\u0142eczno\u015b\u0107 mi\u0119dzynarodowa zrozumia\u0142a i zobaczy\u0142a, z jakim okrutnym i cynicznym wrogiem mamy do czynienia; aby \u015bwiat zrozumia\u0142, \u017ce konieczne jest pot\u0119pienie Rosji za wszystkie zbrodnie wojenne pope\u0142nione na terytorium Ukrainy i postawienie Rosjan [&hellip;]<\/p>\n","protected":false},"author":27,"featured_media":270261,"comment_status":"closed","ping_status":"open","sticky":true,"template":"","format":"standard","meta":{"_exactmetrics_skip_tracking":false,"_exactmetrics_sitenote_active":false,"_exactmetrics_sitenote_note":"","_exactmetrics_sitenote_category":0,"footnotes":""},"categories":[2077,2096],"tags":[22593,21902,22592,22591,22564],"class_list":["post-270250","post","type-post","status-publish","format-standard","has-post-thumbnail","hentry","category-pl-in-ukraine","category-pl-suspilstvo-ua","tag-akcja","tag-maria-aleksiejewicz-2","tag-oleksandra-mazur-2-2","tag-oleniwka-3","tag-warszawa-3"],"yoast_head":"<!-- This site is optimized with the Yoast SEO plugin v27.3 - https:\/\/yoast.com\/product\/yoast-seo-wordpress\/ -->\n<title>Maria Alekseievych i Oleksandra Mazur o pracy informacyjnej za granic\u0105 i priorytetowych obszarach pracy &#8211; U.P.M.P<\/title>\n<meta name=\"robots\" content=\"index, follow, max-snippet:-1, max-image-preview:large, max-video-preview:-1\" \/>\n<link rel=\"canonical\" href=\"https:\/\/upmp.news\/pl\/pl-in-ukraine\/maria-alekseievych-i-oleksandra-mazur-o-pracy-informacyjnej-za-granica-i-priorytetowych-obszarach-pracy\/\" \/>\n<meta property=\"og:locale\" content=\"pl_PL\" \/>\n<meta property=\"og:type\" content=\"article\" \/>\n<meta property=\"og:title\" content=\"Maria Alekseievych i Oleksandra Mazur o pracy informacyjnej za granic\u0105 i priorytetowych obszarach pracy &#8211; U.P.M.P\" \/>\n<meta property=\"og:description\" content=\"&#8222;Jednym z obszar\u00f3w naszej pracy jest rozpowszechnianie informacji o ataku terrorystycznym zar\u00f3wno na Ukrainie, jak i za granic\u0105. Jest to konieczne, aby spo\u0142eczno\u015b\u0107 mi\u0119dzynarodowa zrozumia\u0142a i zobaczy\u0142a, z jakim okrutnym i cynicznym wrogiem mamy do czynienia; aby \u015bwiat zrozumia\u0142, \u017ce konieczne jest pot\u0119pienie Rosji za wszystkie zbrodnie wojenne pope\u0142nione na terytorium Ukrainy i postawienie Rosjan [&hellip;]\" \/>\n<meta property=\"og:url\" content=\"https:\/\/upmp.news\/pl\/pl-in-ukraine\/maria-alekseievych-i-oleksandra-mazur-o-pracy-informacyjnej-za-granica-i-priorytetowych-obszarach-pracy\/\" \/>\n<meta property=\"og:site_name\" content=\"U.P.M.P\" \/>\n<meta property=\"article:publisher\" content=\"https:\/\/www.facebook.com\/upmp.news\/\" \/>\n<meta property=\"article:published_time\" content=\"2024-04-01T09:02:56+00:00\" \/>\n<meta property=\"article:modified_time\" content=\"2024-04-01T09:02:59+00:00\" \/>\n<meta property=\"og:image\" content=\"https:\/\/upmp.news\/wp-content\/uploads\/2024\/04\/3.jpg\" \/>\n\t<meta property=\"og:image:width\" content=\"1280\" \/>\n\t<meta property=\"og:image:height\" content=\"960\" \/>\n\t<meta property=\"og:image:type\" content=\"image\/jpeg\" \/>\n<meta name=\"author\" content=\"vladimyr\" \/>\n<meta name=\"twitter:card\" content=\"summary_large_image\" \/>\n<meta name=\"twitter:creator\" content=\"@maininua\" \/>\n<meta name=\"twitter:site\" content=\"@maininua\" \/>\n<meta name=\"twitter:label1\" content=\"Napisane przez\" \/>\n\t<meta name=\"twitter:data1\" content=\"vladimyr\" \/>\n\t<meta name=\"twitter:label2\" content=\"Szacowany czas czytania\" \/>\n\t<meta name=\"twitter:data2\" content=\"10 minut\" \/>\n<script type=\"application\/ld+json\" class=\"yoast-schema-graph\">{\"@context\":\"https:\\\/\\\/schema.org\",\"@graph\":[{\"@type\":\"Article\",\"@id\":\"https:\\\/\\\/upmp.news\\\/pl\\\/pl-in-ukraine\\\/maria-alekseievych-i-oleksandra-mazur-o-pracy-informacyjnej-za-granica-i-priorytetowych-obszarach-pracy\\\/#article\",\"isPartOf\":{\"@id\":\"https:\\\/\\\/upmp.news\\\/pl\\\/pl-in-ukraine\\\/maria-alekseievych-i-oleksandra-mazur-o-pracy-informacyjnej-za-granica-i-priorytetowych-obszarach-pracy\\\/\"},\"author\":{\"name\":\"vladimyr\",\"@id\":\"https:\\\/\\\/upmp.news\\\/#\\\/schema\\\/person\\\/cebd3113030eb01f184505010f519d71\"},\"headline\":\"Maria Alekseievych i Oleksandra Mazur o pracy informacyjnej za granic\u0105 i priorytetowych obszarach pracy\",\"datePublished\":\"2024-04-01T09:02:56+00:00\",\"dateModified\":\"2024-04-01T09:02:59+00:00\",\"mainEntityOfPage\":{\"@id\":\"https:\\\/\\\/upmp.news\\\/pl\\\/pl-in-ukraine\\\/maria-alekseievych-i-oleksandra-mazur-o-pracy-informacyjnej-za-granica-i-priorytetowych-obszarach-pracy\\\/\"},\"wordCount\":1659,\"image\":{\"@id\":\"https:\\\/\\\/upmp.news\\\/pl\\\/pl-in-ukraine\\\/maria-alekseievych-i-oleksandra-mazur-o-pracy-informacyjnej-za-granica-i-priorytetowych-obszarach-pracy\\\/#primaryimage\"},\"thumbnailUrl\":\"https:\\\/\\\/upmp.news\\\/wp-content\\\/uploads\\\/2024\\\/04\\\/3.jpg\",\"keywords\":[\"Akcja\",\"Maria Aleksiejewicz\",\"O\u0142eksandra Mazur\",\"O\u0142eniwka\",\"Warszawa\"],\"articleSection\":[\"Na Ukrainie\",\"Spo\u0142ecze\u0144stwo\"],\"inLanguage\":\"pl-PL\"},{\"@type\":\"WebPage\",\"@id\":\"https:\\\/\\\/upmp.news\\\/pl\\\/pl-in-ukraine\\\/maria-alekseievych-i-oleksandra-mazur-o-pracy-informacyjnej-za-granica-i-priorytetowych-obszarach-pracy\\\/\",\"url\":\"https:\\\/\\\/upmp.news\\\/pl\\\/pl-in-ukraine\\\/maria-alekseievych-i-oleksandra-mazur-o-pracy-informacyjnej-za-granica-i-priorytetowych-obszarach-pracy\\\/\",\"name\":\"Maria Alekseievych i Oleksandra Mazur o pracy informacyjnej za granic\u0105 i priorytetowych obszarach pracy &#8211; U.P.M.P\",\"isPartOf\":{\"@id\":\"https:\\\/\\\/upmp.news\\\/#website\"},\"primaryImageOfPage\":{\"@id\":\"https:\\\/\\\/upmp.news\\\/pl\\\/pl-in-ukraine\\\/maria-alekseievych-i-oleksandra-mazur-o-pracy-informacyjnej-za-granica-i-priorytetowych-obszarach-pracy\\\/#primaryimage\"},\"image\":{\"@id\":\"https:\\\/\\\/upmp.news\\\/pl\\\/pl-in-ukraine\\\/maria-alekseievych-i-oleksandra-mazur-o-pracy-informacyjnej-za-granica-i-priorytetowych-obszarach-pracy\\\/#primaryimage\"},\"thumbnailUrl\":\"https:\\\/\\\/upmp.news\\\/wp-content\\\/uploads\\\/2024\\\/04\\\/3.jpg\",\"datePublished\":\"2024-04-01T09:02:56+00:00\",\"dateModified\":\"2024-04-01T09:02:59+00:00\",\"author\":{\"@id\":\"https:\\\/\\\/upmp.news\\\/#\\\/schema\\\/person\\\/cebd3113030eb01f184505010f519d71\"},\"breadcrumb\":{\"@id\":\"https:\\\/\\\/upmp.news\\\/pl\\\/pl-in-ukraine\\\/maria-alekseievych-i-oleksandra-mazur-o-pracy-informacyjnej-za-granica-i-priorytetowych-obszarach-pracy\\\/#breadcrumb\"},\"inLanguage\":\"pl-PL\",\"potentialAction\":[{\"@type\":\"ReadAction\",\"target\":[\"https:\\\/\\\/upmp.news\\\/pl\\\/pl-in-ukraine\\\/maria-alekseievych-i-oleksandra-mazur-o-pracy-informacyjnej-za-granica-i-priorytetowych-obszarach-pracy\\\/\"]}]},{\"@type\":\"ImageObject\",\"inLanguage\":\"pl-PL\",\"@id\":\"https:\\\/\\\/upmp.news\\\/pl\\\/pl-in-ukraine\\\/maria-alekseievych-i-oleksandra-mazur-o-pracy-informacyjnej-za-granica-i-priorytetowych-obszarach-pracy\\\/#primaryimage\",\"url\":\"https:\\\/\\\/upmp.news\\\/wp-content\\\/uploads\\\/2024\\\/04\\\/3.jpg\",\"contentUrl\":\"https:\\\/\\\/upmp.news\\\/wp-content\\\/uploads\\\/2024\\\/04\\\/3.jpg\",\"width\":1280,\"height\":960,\"caption\":\"Akcja w Warszawie. Autor zdj\u0119\u0107: Iryna Danyliuk\"},{\"@type\":\"BreadcrumbList\",\"@id\":\"https:\\\/\\\/upmp.news\\\/pl\\\/pl-in-ukraine\\\/maria-alekseievych-i-oleksandra-mazur-o-pracy-informacyjnej-za-granica-i-priorytetowych-obszarach-pracy\\\/#breadcrumb\",\"itemListElement\":[{\"@type\":\"ListItem\",\"position\":1,\"name\":\"Home\",\"item\":\"https:\\\/\\\/upmp.news\\\/\"},{\"@type\":\"ListItem\",\"position\":2,\"name\":\"Maria Alekseievych i Oleksandra Mazur o pracy informacyjnej za granic\u0105 i priorytetowych obszarach pracy\"}]},{\"@type\":\"WebSite\",\"@id\":\"https:\\\/\\\/upmp.news\\\/#website\",\"url\":\"https:\\\/\\\/upmp.news\\\/\",\"name\":\"U.P.M.P\",\"description\":\"\u0423\u043a\u0440\u0430\u0457\u043d\u043e-\u043f\u043e\u043b\u044c\u0441\u044c\u043a\u0430 \u043c\u0435\u0434\u0456\u0430\u043f\u043b\u0430\u0442\u0444\u043e\u0440\u043c\u0430\",\"potentialAction\":[{\"@type\":\"SearchAction\",\"target\":{\"@type\":\"EntryPoint\",\"urlTemplate\":\"https:\\\/\\\/upmp.news\\\/?s={search_term_string}\"},\"query-input\":{\"@type\":\"PropertyValueSpecification\",\"valueRequired\":true,\"valueName\":\"search_term_string\"}}],\"inLanguage\":\"pl-PL\"},{\"@type\":\"Person\",\"@id\":\"https:\\\/\\\/upmp.news\\\/#\\\/schema\\\/person\\\/cebd3113030eb01f184505010f519d71\",\"name\":\"vladimyr\",\"image\":{\"@type\":\"ImageObject\",\"inLanguage\":\"pl-PL\",\"@id\":\"https:\\\/\\\/upmp.news\\\/wp-content\\\/uploads\\\/2017\\\/12\\\/ava.png\",\"url\":\"https:\\\/\\\/upmp.news\\\/wp-content\\\/uploads\\\/2017\\\/12\\\/ava.png\",\"contentUrl\":\"https:\\\/\\\/upmp.news\\\/wp-content\\\/uploads\\\/2017\\\/12\\\/ava.png\",\"caption\":\"vladimyr\"},\"url\":\"https:\\\/\\\/upmp.news\\\/pl\\\/author\\\/vladimyr\\\/\"}]}<\/script>\n<!-- \/ Yoast SEO plugin. -->","yoast_head_json":{"title":"Maria Alekseievych i Oleksandra Mazur o pracy informacyjnej za granic\u0105 i priorytetowych obszarach pracy &#8211; U.P.M.P","robots":{"index":"index","follow":"follow","max-snippet":"max-snippet:-1","max-image-preview":"max-image-preview:large","max-video-preview":"max-video-preview:-1"},"canonical":"https:\/\/upmp.news\/pl\/pl-in-ukraine\/maria-alekseievych-i-oleksandra-mazur-o-pracy-informacyjnej-za-granica-i-priorytetowych-obszarach-pracy\/","og_locale":"pl_PL","og_type":"article","og_title":"Maria Alekseievych i Oleksandra Mazur o pracy informacyjnej za granic\u0105 i priorytetowych obszarach pracy &#8211; U.P.M.P","og_description":"&#8222;Jednym z obszar\u00f3w naszej pracy jest rozpowszechnianie informacji o ataku terrorystycznym zar\u00f3wno na Ukrainie, jak i za granic\u0105. Jest to konieczne, aby spo\u0142eczno\u015b\u0107 mi\u0119dzynarodowa zrozumia\u0142a i zobaczy\u0142a, z jakim okrutnym i cynicznym wrogiem mamy do czynienia; aby \u015bwiat zrozumia\u0142, \u017ce konieczne jest pot\u0119pienie Rosji za wszystkie zbrodnie wojenne pope\u0142nione na terytorium Ukrainy i postawienie Rosjan [&hellip;]","og_url":"https:\/\/upmp.news\/pl\/pl-in-ukraine\/maria-alekseievych-i-oleksandra-mazur-o-pracy-informacyjnej-za-granica-i-priorytetowych-obszarach-pracy\/","og_site_name":"U.P.M.P","article_publisher":"https:\/\/www.facebook.com\/upmp.news\/","article_published_time":"2024-04-01T09:02:56+00:00","article_modified_time":"2024-04-01T09:02:59+00:00","og_image":[{"width":1280,"height":960,"url":"https:\/\/upmp.news\/wp-content\/uploads\/2024\/04\/3.jpg","type":"image\/jpeg"}],"author":"vladimyr","twitter_card":"summary_large_image","twitter_creator":"@maininua","twitter_site":"@maininua","twitter_misc":{"Napisane przez":"vladimyr","Szacowany czas czytania":"10 minut"},"schema":{"@context":"https:\/\/schema.org","@graph":[{"@type":"Article","@id":"https:\/\/upmp.news\/pl\/pl-in-ukraine\/maria-alekseievych-i-oleksandra-mazur-o-pracy-informacyjnej-za-granica-i-priorytetowych-obszarach-pracy\/#article","isPartOf":{"@id":"https:\/\/upmp.news\/pl\/pl-in-ukraine\/maria-alekseievych-i-oleksandra-mazur-o-pracy-informacyjnej-za-granica-i-priorytetowych-obszarach-pracy\/"},"author":{"name":"vladimyr","@id":"https:\/\/upmp.news\/#\/schema\/person\/cebd3113030eb01f184505010f519d71"},"headline":"Maria Alekseievych i Oleksandra Mazur o pracy informacyjnej za granic\u0105 i priorytetowych obszarach pracy","datePublished":"2024-04-01T09:02:56+00:00","dateModified":"2024-04-01T09:02:59+00:00","mainEntityOfPage":{"@id":"https:\/\/upmp.news\/pl\/pl-in-ukraine\/maria-alekseievych-i-oleksandra-mazur-o-pracy-informacyjnej-za-granica-i-priorytetowych-obszarach-pracy\/"},"wordCount":1659,"image":{"@id":"https:\/\/upmp.news\/pl\/pl-in-ukraine\/maria-alekseievych-i-oleksandra-mazur-o-pracy-informacyjnej-za-granica-i-priorytetowych-obszarach-pracy\/#primaryimage"},"thumbnailUrl":"https:\/\/upmp.news\/wp-content\/uploads\/2024\/04\/3.jpg","keywords":["Akcja","Maria Aleksiejewicz","O\u0142eksandra Mazur","O\u0142eniwka","Warszawa"],"articleSection":["Na Ukrainie","Spo\u0142ecze\u0144stwo"],"inLanguage":"pl-PL"},{"@type":"WebPage","@id":"https:\/\/upmp.news\/pl\/pl-in-ukraine\/maria-alekseievych-i-oleksandra-mazur-o-pracy-informacyjnej-za-granica-i-priorytetowych-obszarach-pracy\/","url":"https:\/\/upmp.news\/pl\/pl-in-ukraine\/maria-alekseievych-i-oleksandra-mazur-o-pracy-informacyjnej-za-granica-i-priorytetowych-obszarach-pracy\/","name":"Maria Alekseievych i Oleksandra Mazur o pracy informacyjnej za granic\u0105 i priorytetowych obszarach pracy &#8211; U.P.M.P","isPartOf":{"@id":"https:\/\/upmp.news\/#website"},"primaryImageOfPage":{"@id":"https:\/\/upmp.news\/pl\/pl-in-ukraine\/maria-alekseievych-i-oleksandra-mazur-o-pracy-informacyjnej-za-granica-i-priorytetowych-obszarach-pracy\/#primaryimage"},"image":{"@id":"https:\/\/upmp.news\/pl\/pl-in-ukraine\/maria-alekseievych-i-oleksandra-mazur-o-pracy-informacyjnej-za-granica-i-priorytetowych-obszarach-pracy\/#primaryimage"},"thumbnailUrl":"https:\/\/upmp.news\/wp-content\/uploads\/2024\/04\/3.jpg","datePublished":"2024-04-01T09:02:56+00:00","dateModified":"2024-04-01T09:02:59+00:00","author":{"@id":"https:\/\/upmp.news\/#\/schema\/person\/cebd3113030eb01f184505010f519d71"},"breadcrumb":{"@id":"https:\/\/upmp.news\/pl\/pl-in-ukraine\/maria-alekseievych-i-oleksandra-mazur-o-pracy-informacyjnej-za-granica-i-priorytetowych-obszarach-pracy\/#breadcrumb"},"inLanguage":"pl-PL","potentialAction":[{"@type":"ReadAction","target":["https:\/\/upmp.news\/pl\/pl-in-ukraine\/maria-alekseievych-i-oleksandra-mazur-o-pracy-informacyjnej-za-granica-i-priorytetowych-obszarach-pracy\/"]}]},{"@type":"ImageObject","inLanguage":"pl-PL","@id":"https:\/\/upmp.news\/pl\/pl-in-ukraine\/maria-alekseievych-i-oleksandra-mazur-o-pracy-informacyjnej-za-granica-i-priorytetowych-obszarach-pracy\/#primaryimage","url":"https:\/\/upmp.news\/wp-content\/uploads\/2024\/04\/3.jpg","contentUrl":"https:\/\/upmp.news\/wp-content\/uploads\/2024\/04\/3.jpg","width":1280,"height":960,"caption":"Akcja w Warszawie. Autor zdj\u0119\u0107: Iryna Danyliuk"},{"@type":"BreadcrumbList","@id":"https:\/\/upmp.news\/pl\/pl-in-ukraine\/maria-alekseievych-i-oleksandra-mazur-o-pracy-informacyjnej-za-granica-i-priorytetowych-obszarach-pracy\/#breadcrumb","itemListElement":[{"@type":"ListItem","position":1,"name":"Home","item":"https:\/\/upmp.news\/"},{"@type":"ListItem","position":2,"name":"Maria Alekseievych i Oleksandra Mazur o pracy informacyjnej za granic\u0105 i priorytetowych obszarach pracy"}]},{"@type":"WebSite","@id":"https:\/\/upmp.news\/#website","url":"https:\/\/upmp.news\/","name":"U.P.M.P","description":"\u0423\u043a\u0440\u0430\u0457\u043d\u043e-\u043f\u043e\u043b\u044c\u0441\u044c\u043a\u0430 \u043c\u0435\u0434\u0456\u0430\u043f\u043b\u0430\u0442\u0444\u043e\u0440\u043c\u0430","potentialAction":[{"@type":"SearchAction","target":{"@type":"EntryPoint","urlTemplate":"https:\/\/upmp.news\/?s={search_term_string}"},"query-input":{"@type":"PropertyValueSpecification","valueRequired":true,"valueName":"search_term_string"}}],"inLanguage":"pl-PL"},{"@type":"Person","@id":"https:\/\/upmp.news\/#\/schema\/person\/cebd3113030eb01f184505010f519d71","name":"vladimyr","image":{"@type":"ImageObject","inLanguage":"pl-PL","@id":"https:\/\/upmp.news\/wp-content\/uploads\/2017\/12\/ava.png","url":"https:\/\/upmp.news\/wp-content\/uploads\/2017\/12\/ava.png","contentUrl":"https:\/\/upmp.news\/wp-content\/uploads\/2017\/12\/ava.png","caption":"vladimyr"},"url":"https:\/\/upmp.news\/pl\/author\/vladimyr\/"}]}},"_links":{"self":[{"href":"https:\/\/upmp.news\/pl\/wp-json\/wp\/v2\/posts\/270250","targetHints":{"allow":["GET"]}}],"collection":[{"href":"https:\/\/upmp.news\/pl\/wp-json\/wp\/v2\/posts"}],"about":[{"href":"https:\/\/upmp.news\/pl\/wp-json\/wp\/v2\/types\/post"}],"author":[{"embeddable":true,"href":"https:\/\/upmp.news\/pl\/wp-json\/wp\/v2\/users\/27"}],"replies":[{"embeddable":true,"href":"https:\/\/upmp.news\/pl\/wp-json\/wp\/v2\/comments?post=270250"}],"version-history":[{"count":1,"href":"https:\/\/upmp.news\/pl\/wp-json\/wp\/v2\/posts\/270250\/revisions"}],"predecessor-version":[{"id":270291,"href":"https:\/\/upmp.news\/pl\/wp-json\/wp\/v2\/posts\/270250\/revisions\/270291"}],"wp:featuredmedia":[{"embeddable":true,"href":"https:\/\/upmp.news\/pl\/wp-json\/wp\/v2\/media\/270261"}],"wp:attachment":[{"href":"https:\/\/upmp.news\/pl\/wp-json\/wp\/v2\/media?parent=270250"}],"wp:term":[{"taxonomy":"category","embeddable":true,"href":"https:\/\/upmp.news\/pl\/wp-json\/wp\/v2\/categories?post=270250"},{"taxonomy":"post_tag","embeddable":true,"href":"https:\/\/upmp.news\/pl\/wp-json\/wp\/v2\/tags?post=270250"}],"curies":[{"name":"wp","href":"https:\/\/api.w.org\/{rel}","templated":true}]}}