{"id":271143,"date":"2024-05-23T13:30:28","date_gmt":"2024-05-23T11:30:28","guid":{"rendered":"https:\/\/upmp.news\/?p=271143"},"modified":"2024-05-23T13:30:30","modified_gmt":"2024-05-23T11:30:30","slug":"sgh-ukrainian-week-ukrainski-tydzien-w-warszawie","status":"publish","type":"post","link":"https:\/\/upmp.news\/pl\/pl-in-polish\/sgh-ukrainian-week-ukrainski-tydzien-w-warszawie\/","title":{"rendered":"SGH Ukrainian Week: ukrai\u0144ski tydzie\u0144 w Warszawie"},"content":{"rendered":"\n<p><strong>W dniach 13-16 maja 2024 roku Szko\u0142a G\u0142\u00f3wna Handlowa w Warszawie sta\u0142a si\u0119 miejscem wyj\u0105tkowego wydarzenia \u2013 SGH Ukrainian Week. Zorganizowane przez Studenckie Ko\u0142o Naukowe Odbudowy Ukrainy we wsp\u00f3\u0142pracy z pe\u0142nomocnikiem rektora ds. wsp\u00f3\u0142pracy z uczelniami ukrai\u0144skimi, wydarzenie to zgromadzi\u0142o ekspert\u00f3w, student\u00f3w oraz dzia\u0142aczy z Polski i Ukrainy, aby dyskutowa\u0107 o przysz\u0142o\u015bci Ukrainy, wyzwaniach stoj\u0105cych przed krajem oraz mo\u017cliwo\u015bciach odbudowy. UPMP zosta\u0142a partnerem medialnym, a ja jako redaktorka naczelna mia\u0142am okazj\u0119 uczestniczy\u0107 w tym spotkaniu, kt\u00f3re obfitowa\u0142o w warto\u015bciowe dyskusje i kulturalne wydarzenia.<\/strong> <strong>Informuje o tym Upmp.news <a href=\"https:\/\/upmp.news\/pl\/post_blog\/sgh-ukrainian-week-ukrainski-tydzien-w-warszawie\/\">powo\u0142uj\u0105c<\/a> si\u0119 na<\/strong> <strong>Anna Sto\u017cko.<\/strong><\/p>\n\n\n<div class=\"wp-block-image\">\n<figure class=\"aligncenter size-full is-resized\"><img loading=\"lazy\" decoding=\"async\" width=\"1283\" height=\"1434\" src=\"https:\/\/upmp.news\/wp-content\/uploads\/2024\/05\/IMG_7655.jpeg\" alt=\"\" class=\"wp-image-271055\" style=\"width:455px;height:auto\" srcset=\"https:\/\/upmp.news\/wp-content\/uploads\/2024\/05\/IMG_7655.jpeg 1283w, https:\/\/upmp.news\/wp-content\/uploads\/2024\/05\/IMG_7655-268x300.jpeg 268w, https:\/\/upmp.news\/wp-content\/uploads\/2024\/05\/IMG_7655-768x858.jpeg 768w, https:\/\/upmp.news\/wp-content\/uploads\/2024\/05\/IMG_7655-1074x1200.jpeg 1074w, https:\/\/upmp.news\/wp-content\/uploads\/2024\/05\/IMG_7655-1270x1420.jpeg 1270w, https:\/\/upmp.news\/wp-content\/uploads\/2024\/05\/IMG_7655-716x800.jpeg 716w, https:\/\/upmp.news\/wp-content\/uploads\/2024\/05\/IMG_7655-179x200.jpeg 179w\" sizes=\"auto, (max-width: 1283px) 100vw, 1283px\" \/><\/figure>\n<\/div>\n\n\n<p>SGH Ukrainian Week rozpocz\u0105\u0142 si\u0119 13 maja otwarciem wystawy zdj\u0119\u0107 projektu \u201eUkra\u0457ner\u201d oraz pokazem ukrai\u0144skiego filmu. Wystawa, ukazuj\u0105ca r\u00f3\u017cnorodno\u015b\u0107 i pi\u0119kno Ukrainy, by\u0142a doskona\u0142ym wst\u0119pem do rozm\u00f3w&nbsp;o wyzwaniach stoj\u0105cych przed krajem.<\/p>\n\n\n\n<p>Drugiego dnia odby\u0142 si\u0119 panel dyskusyjny \u201eOdbudowa Ukrainy: wyzwania i mo\u017cliwo\u015bci\u201d. Uczestniczyli w nim Ambasador Ukrainy w Polsce Vasyl Zvarych, Minister do spraw Unii Europejskiej Adam Sz\u0142apka, Wiceprzewodnicz\u0105ca Polsko-Ukrai\u0144skiej Grupy Parlamentarnej Aleksandra Wi\u015bniewska, Wiceprezes Polsko-Ukrai\u0144skiej Izby Gospodarczej Andrzej Drozd oraz Rektor SGH Piotr Wachowiak. Moderatorem by\u0142 dr Jakub Karnowski z SGH.<\/p>\n\n\n<div class=\"wp-block-image\">\n<figure class=\"aligncenter size-large\"><img loading=\"lazy\" decoding=\"async\" width=\"2200\" height=\"1363\" src=\"https:\/\/upmp.news\/wp-content\/uploads\/2024\/05\/IMG_7738-2200x1363.jpeg\" alt=\"\" class=\"wp-image-271050\" srcset=\"https:\/\/upmp.news\/wp-content\/uploads\/2024\/05\/IMG_7738-2200x1363.jpeg 2200w, https:\/\/upmp.news\/wp-content\/uploads\/2024\/05\/IMG_7738-1555x963.jpeg 1555w, https:\/\/upmp.news\/wp-content\/uploads\/2024\/05\/IMG_7738-300x186.jpeg 300w, https:\/\/upmp.news\/wp-content\/uploads\/2024\/05\/IMG_7738-768x476.jpeg 768w, https:\/\/upmp.news\/wp-content\/uploads\/2024\/05\/IMG_7738-1536x952.jpeg 1536w, https:\/\/upmp.news\/wp-content\/uploads\/2024\/05\/IMG_7738-2048x1269.jpeg 2048w, https:\/\/upmp.news\/wp-content\/uploads\/2024\/05\/IMG_7738-1200x743.jpeg 1200w, https:\/\/upmp.news\/wp-content\/uploads\/2024\/05\/IMG_7738-1240x768.jpeg 1240w, https:\/\/upmp.news\/wp-content\/uploads\/2024\/05\/IMG_7738-310x192.jpeg 310w\" sizes=\"auto, (max-width: 2200px) 100vw, 2200px\" \/><\/figure>\n<\/div>\n\n\n<p>Vasyl Zvarych podkre\u015bli\u0142 kluczow\u0105 rol\u0119 Polski w procesie odbudowy Ukrainy. Powiedzia\u0142: \u201eBez Polski nie b\u0119dzie odbudowy Ukrainy. Polska dostarcza materia\u0142y budowlane, wygrywa przetargi publiczne i jest jednym z naszych najwa\u017cniejszych partner\u00f3w.\u201d Zwr\u00f3ci\u0142 r\u00f3wnie\u017c uwag\u0119 na znaczenie m\u0142odzie\u017cy i ich rol\u0119 w przysz\u0142o\u015bci Ukrainy. \u201eRola m\u0142odzie\u017cy Ukrainy jest nie do przecenienia. To oni b\u0119d\u0105 budowa\u0107 przysz\u0142o\u015b\u0107 naszego kraju,\u201d doda\u0142 Zvarych. Podkre\u015bli\u0142 r\u00f3wnie\u017c, jak wa\u017cne jest mi\u0119dzynarodowe wsparcie: \u201eZa\u0142atwiamy wiele spraw jednocze\u015bnie \u2013 rozbudowujemy partnerstwa, bronimy si\u0119, dbamy o gospodark\u0119, a tak\u017ce staramy si\u0119 przybli\u017cy\u0107 do UE.\u201d<\/p>\n\n\n<div class=\"wp-block-image\">\n<figure class=\"aligncenter size-full\"><img loading=\"lazy\" decoding=\"async\" width=\"1198\" height=\"804\" src=\"https:\/\/upmp.news\/wp-content\/uploads\/2024\/05\/26.jpeg\" alt=\"\" class=\"wp-image-271144\" srcset=\"https:\/\/upmp.news\/wp-content\/uploads\/2024\/05\/26.jpeg 1198w, https:\/\/upmp.news\/wp-content\/uploads\/2024\/05\/26-300x201.jpeg 300w, https:\/\/upmp.news\/wp-content\/uploads\/2024\/05\/26-768x515.jpeg 768w, https:\/\/upmp.news\/wp-content\/uploads\/2024\/05\/26-1192x800.jpeg 1192w, https:\/\/upmp.news\/wp-content\/uploads\/2024\/05\/26-298x200.jpeg 298w\" sizes=\"auto, (max-width: 1198px) 100vw, 1198px\" \/><figcaption class=\"wp-element-caption\">Ambasador Ukrainy w Polsce Vasyl Zvarych, Prezeska TPU Weronika Marczuk, redaktorka naczelna UPMP Anna Sto\u017cko<\/figcaption><\/figure>\n<\/div>\n\n\n<p>Adam Sz\u0142apka zwr\u00f3ci\u0142 uwag\u0119 na znaczenie mi\u0119dzynarodowego wsparcia i innowacyjnych rozwi\u0105za\u0144, kt\u00f3re mog\u0105 przyspieszy\u0107 odbudow\u0119 kraju.<\/p>\n\n\n\n<p>Aleksandra Wi\u015bniewska zaznaczy\u0142a, \u017ce Ukraina potrzebuje nowego planu Marshalla, aby skutecznie zintegrowa\u0107 si\u0119 z Uni\u0105 Europejsk\u0105 i NATO. \u201eAkcesja do Unii Europejskiej, a w przysz\u0142o\u015bci r\u00f3wnie\u017c do NATO, jest kluczowa. Potrzebujemy nowego planu Marshalla dla Ukrainy, kt\u00f3ry by\u0142by najwi\u0119kszym sukcesem XXI wieku. Los Ukrainy rozgrywa si\u0119 teraz! Ukraina radzi sobie, ale potrzebuje pomocy militarnej i obronnej, bo pod rakietami! \u0422o nasza wojna! Odsun\u0105\u0107 Rosj\u0119 maksymalnie \u2013 to nasze zadanie,\u201d m\u00f3wi\u0142a Wi\u015bniewska. Podkre\u015bli\u0142a tak\u017ce konieczno\u015b\u0107 reintegracji okupowanych terytori\u00f3w oraz zaanga\u017cowania polskich przedsi\u0119biorstw: \u201ePolskie firmy na Ukrainie by\u0142y i s\u0105, funkcjonuj\u0105. Musimy okre\u015bli\u0107 priorytety, ubezpieczy\u0107 inwestycje i dzia\u0142a\u0107 szybko.\u201d<\/p>\n\n\n<div class=\"wp-block-image\">\n<figure class=\"aligncenter size-large\"><img loading=\"lazy\" decoding=\"async\" width=\"2200\" height=\"1409\" src=\"https:\/\/upmp.news\/wp-content\/uploads\/2024\/05\/IMG_7774-2200x1409.jpeg\" alt=\"\" class=\"wp-image-271065\" srcset=\"https:\/\/upmp.news\/wp-content\/uploads\/2024\/05\/IMG_7774-2200x1409.jpeg 2200w, https:\/\/upmp.news\/wp-content\/uploads\/2024\/05\/IMG_7774-1555x996.jpeg 1555w, https:\/\/upmp.news\/wp-content\/uploads\/2024\/05\/IMG_7774-300x192.jpeg 300w, https:\/\/upmp.news\/wp-content\/uploads\/2024\/05\/IMG_7774-768x492.jpeg 768w, https:\/\/upmp.news\/wp-content\/uploads\/2024\/05\/IMG_7774-1536x984.jpeg 1536w, https:\/\/upmp.news\/wp-content\/uploads\/2024\/05\/IMG_7774-2048x1312.jpeg 2048w, https:\/\/upmp.news\/wp-content\/uploads\/2024\/05\/IMG_7774-1200x769.jpeg 1200w, https:\/\/upmp.news\/wp-content\/uploads\/2024\/05\/IMG_7774-1240x794.jpeg 1240w, https:\/\/upmp.news\/wp-content\/uploads\/2024\/05\/IMG_7774-310x200.jpeg 310w\" sizes=\"auto, (max-width: 2200px) 100vw, 2200px\" \/><\/figure>\n<\/div>\n\n\n<p>Kolejny panel \u201eUkraina a Unia Europejska \u2013 win-win?\u201d odby\u0142 si\u0119 pod moderacj\u0105 Marka Tata\u0142y z Fundacji Wolno\u015bci Gospodarczej. Udzia\u0142 wzi\u0119li prof. dr hab. Artur Nowak-Far, cz\u0142onek Sta\u0142ej Delegacji do Zgromadzenia Parlamentarnego Rady Europy Lesia Zaburanna, prof. Myko\u0142a Hnatiuk oraz Prezeska Ukrai\u0144skiego Domu Myros\u0142awa Keryk. Dyskusja skupi\u0142a si\u0119 na potencjalnych scenariuszach i wyzwaniach, z jakimi Ukraina mog\u0142aby si\u0119 zmierzy\u0107 po wej\u015bciu do UE. Om\u00f3wiono g\u0142\u00f3wne korzy\u015bci i trudno\u015bci zwi\u0105zane z cz\u0142onkostwem Ukrainy w Unii Europejskiej oraz kroki, kt\u00f3re kraj musi podj\u0105\u0107, aby jak najlepiej wykorzysta\u0107 potencja\u0142 integracji.<\/p>\n\n\n\n<p>Trzeci dzie\u0144 wydarzenia po\u015bwi\u0119cony by\u0142 roli kobiet w odbudowie Ukrainy. Panel \u201eDzi\u015b Ukraina jest kobiet\u0105\u201d moderowany przez dr Iryn\u0119 Degtyarov\u0105 z SGH, zgromadzi\u0142 Weronik\u0119 Marczuk, Olen\u0119 Tsybukh, Ann\u0119 Gorkun oraz dr Viktori\u0119 Hurochkin\u0119. Dyskutowano o wyzwaniach i osi\u0105gni\u0119ciach kobiet w dyplomacji, nauce, biznesie i organizacjach pozarz\u0105dowych przez pryzmat ogromnego do\u015bwiadczenia kobiet w dzisiejszych czasach wojny w Ukrainie.<\/p>\n\n\n<div class=\"wp-block-image\">\n<figure class=\"aligncenter size-large\"><img loading=\"lazy\" decoding=\"async\" width=\"2200\" height=\"1650\" src=\"https:\/\/upmp.news\/wp-content\/uploads\/2024\/05\/IMG_7912-2200x1650.jpeg\" alt=\"\" class=\"wp-image-271070\" srcset=\"https:\/\/upmp.news\/wp-content\/uploads\/2024\/05\/IMG_7912-2200x1650.jpeg 2200w, https:\/\/upmp.news\/wp-content\/uploads\/2024\/05\/IMG_7912-1555x1166.jpeg 1555w, https:\/\/upmp.news\/wp-content\/uploads\/2024\/05\/IMG_7912-300x225.jpeg 300w, https:\/\/upmp.news\/wp-content\/uploads\/2024\/05\/IMG_7912-768x576.jpeg 768w, https:\/\/upmp.news\/wp-content\/uploads\/2024\/05\/IMG_7912-1536x1152.jpeg 1536w, https:\/\/upmp.news\/wp-content\/uploads\/2024\/05\/IMG_7912-2048x1536.jpeg 2048w, https:\/\/upmp.news\/wp-content\/uploads\/2024\/05\/IMG_7912-1200x900.jpeg 1200w, https:\/\/upmp.news\/wp-content\/uploads\/2024\/05\/IMG_7912-1893x1420.jpeg 1893w, https:\/\/upmp.news\/wp-content\/uploads\/2024\/05\/IMG_7912-1067x800.jpeg 1067w, https:\/\/upmp.news\/wp-content\/uploads\/2024\/05\/IMG_7912-267x200.jpeg 267w\" sizes=\"auto, (max-width: 2200px) 100vw, 2200px\" \/><\/figure>\n<\/div>\n\n<div class=\"wp-block-image\">\n<figure class=\"aligncenter size-large\"><img loading=\"lazy\" decoding=\"async\" width=\"2200\" height=\"1425\" src=\"https:\/\/upmp.news\/wp-content\/uploads\/2024\/05\/IMG_7921-1-2200x1425.jpeg\" alt=\"\" class=\"wp-image-271075\" srcset=\"https:\/\/upmp.news\/wp-content\/uploads\/2024\/05\/IMG_7921-1-2200x1425.jpeg 2200w, https:\/\/upmp.news\/wp-content\/uploads\/2024\/05\/IMG_7921-1-1555x1007.jpeg 1555w, https:\/\/upmp.news\/wp-content\/uploads\/2024\/05\/IMG_7921-1-300x194.jpeg 300w, https:\/\/upmp.news\/wp-content\/uploads\/2024\/05\/IMG_7921-1-768x497.jpeg 768w, https:\/\/upmp.news\/wp-content\/uploads\/2024\/05\/IMG_7921-1-1536x995.jpeg 1536w, https:\/\/upmp.news\/wp-content\/uploads\/2024\/05\/IMG_7921-1-2048x1327.jpeg 2048w, https:\/\/upmp.news\/wp-content\/uploads\/2024\/05\/IMG_7921-1-1200x777.jpeg 1200w, https:\/\/upmp.news\/wp-content\/uploads\/2024\/05\/IMG_7921-1-1235x800.jpeg 1235w, https:\/\/upmp.news\/wp-content\/uploads\/2024\/05\/IMG_7921-1-310x200.jpeg 310w\" sizes=\"auto, (max-width: 2200px) 100vw, 2200px\" \/><\/figure>\n<\/div>\n\n\n<p>Panel dyskusyjny zosta\u0142 zako\u0144czony przyjemn\u0105 niespodziank\u0105 dla Weroniki Marczuk, kt\u00f3ra zosta\u0142a uhonorowana nagrod\u0105 \u201eUkrai\u0144ska Berehynia\u201d za swoje wieloletnie wsparcie Ukrainy jako podzi\u0119kowanie za pomoc dzieciom, kobietom oraz organizacje du\u017cej ilo\u015bci pomocy humanitarnej, medycznej i in. Weronika Marczuk od 20 lat prowadzi Towarzystwo Przyjaci\u00f3\u0142 Ukrainy, w Ukrainie kieruje Mi\u0119dzynarodow\u0105 Ambasad\u0105 Kobiet Przedsi\u0119biorczych, a tak\u017ce piastuje stanowisko Wiceprzewodnicz\u0105cej Rady PUIG w Warszawie. Jej dzia\u0142alno\u015b\u0107 od wielu lat koncentruje si\u0119 na wspieraniu inicjatyw maj\u0105cych na celu rozw\u00f3j, a teraz i odbudow\u0119 Ukrainy, jak r\u00f3wnie\u017c na promowaniu dialogu mi\u0119dzykulturowego. S\u0142ynie z organizacji najwi\u0119kszych projekt\u00f3w polsko-ukrai\u0144skich, aktywno\u015bci medialnej oraz dzia\u0142a\u0144 pomocowych na rzecz Ukrainy w trudnym czasie wojny, co dodatkowo uwydatnia jej zaanga\u017cowanie oraz oddanie sprawom wa\u017cnym dla obu kraj\u00f3w.<\/p>\n\n\n\n<p>Ostatni panel trzeciego dnia, zatytu\u0142owany \u201e\u015awiat nale\u017cy m\u0142odym(?)\u201d, skupi\u0142 si\u0119 na roli m\u0142odzie\u017cy w kszta\u0142towaniu przysz\u0142o\u015bci Ukrainy. Eksperci om\u00f3wili wyzwania i mo\u017cliwo\u015bci stoj\u0105ce przed m\u0142odymi lud\u017ami oraz inicjatywy wspieraj\u0105ce ich aktywno\u015b\u0107 spo\u0142eczn\u0105, ekonomiczn\u0105 i polityczn\u0105. M\u0142odzie\u017c jest postrzegana jako kluczowy element w budowie nowoczesnego pa\u0144stwa, a ich aktywno\u015b\u0107 mo\u017ce przyczyni\u0107 si\u0119 do pozytywnych zmian w Ukrainie i na \u015bwiecie.<\/p>\n\n\n\n<p>SGH Ukrainian Week zako\u0144czy\u0142 si\u0119 koncertem \u201eZawsze Wolna: SGH edition\u201d, kt\u00f3ry by\u0142 symbolicznym zwie\u0144czeniem tego inspiruj\u0105cego wydarzenia. By\u0142a to przestrze\u0144 do dalszych rozm\u00f3w, wymiany do\u015bwiadcze\u0144 i budowania most\u00f3w mi\u0119dzy Polsk\u0105 a Ukrain\u0105.<\/p>\n\n\n<div class=\"wp-block-image\">\n<figure class=\"aligncenter size-full\"><img loading=\"lazy\" decoding=\"async\" width=\"2048\" height=\"1536\" src=\"https:\/\/upmp.news\/wp-content\/uploads\/2024\/05\/IMG_7839-1.jpeg\" alt=\"\" class=\"wp-image-271080\" srcset=\"https:\/\/upmp.news\/wp-content\/uploads\/2024\/05\/IMG_7839-1.jpeg 2048w, https:\/\/upmp.news\/wp-content\/uploads\/2024\/05\/IMG_7839-1-1555x1166.jpeg 1555w, https:\/\/upmp.news\/wp-content\/uploads\/2024\/05\/IMG_7839-1-300x225.jpeg 300w, https:\/\/upmp.news\/wp-content\/uploads\/2024\/05\/IMG_7839-1-768x576.jpeg 768w, https:\/\/upmp.news\/wp-content\/uploads\/2024\/05\/IMG_7839-1-1536x1152.jpeg 1536w, https:\/\/upmp.news\/wp-content\/uploads\/2024\/05\/IMG_7839-1-1200x900.jpeg 1200w, https:\/\/upmp.news\/wp-content\/uploads\/2024\/05\/IMG_7839-1-1893x1420.jpeg 1893w, https:\/\/upmp.news\/wp-content\/uploads\/2024\/05\/IMG_7839-1-1067x800.jpeg 1067w, https:\/\/upmp.news\/wp-content\/uploads\/2024\/05\/IMG_7839-1-267x200.jpeg 267w\" sizes=\"auto, (max-width: 2048px) 100vw, 2048px\" \/><\/figure>\n<\/div>\n\n\n<p>SGH Ukrainian Week okaza\u0142 si\u0119 nie tylko miejscem cennych dyskusji i wymiany wiedzy, ale tak\u017ce platform\u0105 do budowania silnych relacji polsko-ukrai\u0144skich. Wydarzenie to pokaza\u0142o, jak wa\u017cna jest wsp\u00f3\u0142praca i wzajemne wsparcie w procesie odbudowy Ukrainy. Inspiruj\u0105ce panele i wydarzenia kulturalne dostarczy\u0142y uczestnikom warto\u015bciowej wiedzy i nowych perspektyw, pozostawiaj\u0105c niezapomniane wra\u017cenia.<\/p>\n<div class=\"newspaper-x-tags\"><strong><\/strong><span><a href=\"https:\/\/upmp.news\/pl\/tag\/anna-stozko-2\/\" rel=\"tag\">Anna Sto\u017cko<\/a><\/span><a href=\"https:\/\/upmp.news\/pl\/tag\/vasyl-zvarych-2\/\" rel=\"tag\">Vasyl Zvarych<\/a><\/span><a href=\"https:\/\/upmp.news\/pl\/tag\/weronika-marczuk-2\/\" rel=\"tag\">Weronika Marczuk<\/a> <\/div>","protected":false},"excerpt":{"rendered":"<p>W dniach 13-16 maja 2024 roku Szko\u0142a G\u0142\u00f3wna Handlowa w Warszawie sta\u0142a si\u0119 miejscem wyj\u0105tkowego wydarzenia \u2013 SGH Ukrainian Week. Zorganizowane przez Studenckie Ko\u0142o Naukowe Odbudowy Ukrainy we wsp\u00f3\u0142pracy z pe\u0142nomocnikiem rektora ds. wsp\u00f3\u0142pracy z uczelniami ukrai\u0144skimi, wydarzenie to zgromadzi\u0142o ekspert\u00f3w, student\u00f3w oraz dzia\u0142aczy z Polski i Ukrainy, aby dyskutowa\u0107 o przysz\u0142o\u015bci Ukrainy, wyzwaniach stoj\u0105cych [&hellip;]<\/p>\n","protected":false},"author":27,"featured_media":271075,"comment_status":"closed","ping_status":"open","sticky":true,"template":"","format":"standard","meta":{"_exactmetrics_skip_tracking":false,"_exactmetrics_sitenote_active":false,"_exactmetrics_sitenote_note":"","_exactmetrics_sitenote_category":0,"footnotes":""},"categories":[2075,2078],"tags":[19881,22653,22654],"class_list":["post-271143","post","type-post","status-publish","format-standard","has-post-thumbnail","hentry","category-pl-suspilstvo-pl","category-pl-in-polish","tag-anna-stozko-2","tag-vasyl-zvarych-2","tag-weronika-marczuk-2"],"yoast_head":"<!-- This site is optimized with the Yoast SEO plugin v27.3 - https:\/\/yoast.com\/product\/yoast-seo-wordpress\/ -->\n<title>SGH Ukrainian Week: ukrai\u0144ski tydzie\u0144 w Warszawie &#8211; U.P.M.P<\/title>\n<meta name=\"robots\" content=\"index, follow, max-snippet:-1, max-image-preview:large, max-video-preview:-1\" \/>\n<link rel=\"canonical\" href=\"https:\/\/upmp.news\/pl\/pl-in-polish\/sgh-ukrainian-week-ukrainski-tydzien-w-warszawie\/\" \/>\n<meta property=\"og:locale\" content=\"pl_PL\" \/>\n<meta property=\"og:type\" content=\"article\" \/>\n<meta property=\"og:title\" content=\"SGH Ukrainian Week: ukrai\u0144ski tydzie\u0144 w Warszawie &#8211; U.P.M.P\" \/>\n<meta property=\"og:description\" content=\"W dniach 13-16 maja 2024 roku Szko\u0142a G\u0142\u00f3wna Handlowa w Warszawie sta\u0142a si\u0119 miejscem wyj\u0105tkowego wydarzenia \u2013 SGH Ukrainian Week. Zorganizowane przez Studenckie Ko\u0142o Naukowe Odbudowy Ukrainy we wsp\u00f3\u0142pracy z pe\u0142nomocnikiem rektora ds. wsp\u00f3\u0142pracy z uczelniami ukrai\u0144skimi, wydarzenie to zgromadzi\u0142o ekspert\u00f3w, student\u00f3w oraz dzia\u0142aczy z Polski i Ukrainy, aby dyskutowa\u0107 o przysz\u0142o\u015bci Ukrainy, wyzwaniach stoj\u0105cych [&hellip;]\" \/>\n<meta property=\"og:url\" content=\"https:\/\/upmp.news\/pl\/pl-in-polish\/sgh-ukrainian-week-ukrainski-tydzien-w-warszawie\/\" \/>\n<meta property=\"og:site_name\" content=\"U.P.M.P\" \/>\n<meta property=\"article:publisher\" content=\"https:\/\/www.facebook.com\/upmp.news\/\" \/>\n<meta property=\"article:published_time\" content=\"2024-05-23T11:30:28+00:00\" \/>\n<meta property=\"article:modified_time\" content=\"2024-05-23T11:30:30+00:00\" \/>\n<meta property=\"og:image\" content=\"https:\/\/upmp.news\/wp-content\/uploads\/2024\/05\/IMG_7921-1-scaled.jpeg\" \/>\n\t<meta property=\"og:image:width\" content=\"2560\" \/>\n\t<meta property=\"og:image:height\" content=\"1658\" \/>\n\t<meta property=\"og:image:type\" content=\"image\/jpeg\" \/>\n<meta name=\"author\" content=\"vladimyr\" \/>\n<meta name=\"twitter:card\" content=\"summary_large_image\" \/>\n<meta name=\"twitter:creator\" content=\"@maininua\" \/>\n<meta name=\"twitter:site\" content=\"@maininua\" \/>\n<meta name=\"twitter:label1\" content=\"Napisane przez\" \/>\n\t<meta name=\"twitter:data1\" content=\"vladimyr\" \/>\n\t<meta name=\"twitter:label2\" content=\"Szacowany czas czytania\" \/>\n\t<meta name=\"twitter:data2\" content=\"6 minut\" \/>\n<script type=\"application\/ld+json\" class=\"yoast-schema-graph\">{\"@context\":\"https:\\\/\\\/schema.org\",\"@graph\":[{\"@type\":\"Article\",\"@id\":\"https:\\\/\\\/upmp.news\\\/pl\\\/pl-in-polish\\\/sgh-ukrainian-week-ukrainski-tydzien-w-warszawie\\\/#article\",\"isPartOf\":{\"@id\":\"https:\\\/\\\/upmp.news\\\/pl\\\/pl-in-polish\\\/sgh-ukrainian-week-ukrainski-tydzien-w-warszawie\\\/\"},\"author\":{\"name\":\"vladimyr\",\"@id\":\"https:\\\/\\\/upmp.news\\\/#\\\/schema\\\/person\\\/cebd3113030eb01f184505010f519d71\"},\"headline\":\"SGH Ukrainian Week: ukrai\u0144ski tydzie\u0144 w Warszawie\",\"datePublished\":\"2024-05-23T11:30:28+00:00\",\"dateModified\":\"2024-05-23T11:30:30+00:00\",\"mainEntityOfPage\":{\"@id\":\"https:\\\/\\\/upmp.news\\\/pl\\\/pl-in-polish\\\/sgh-ukrainian-week-ukrainski-tydzien-w-warszawie\\\/\"},\"wordCount\":1085,\"image\":{\"@id\":\"https:\\\/\\\/upmp.news\\\/pl\\\/pl-in-polish\\\/sgh-ukrainian-week-ukrainski-tydzien-w-warszawie\\\/#primaryimage\"},\"thumbnailUrl\":\"https:\\\/\\\/upmp.news\\\/wp-content\\\/uploads\\\/2024\\\/05\\\/IMG_7921-1-scaled.jpeg\",\"keywords\":[\"Anna Sto\u017cko\",\"Vasyl Zvarych\",\"Weronika Marczuk\"],\"articleSection\":[\"Spo\u0142ecze\u0144stwo\",\"W Polsce\"],\"inLanguage\":\"pl-PL\"},{\"@type\":\"WebPage\",\"@id\":\"https:\\\/\\\/upmp.news\\\/pl\\\/pl-in-polish\\\/sgh-ukrainian-week-ukrainski-tydzien-w-warszawie\\\/\",\"url\":\"https:\\\/\\\/upmp.news\\\/pl\\\/pl-in-polish\\\/sgh-ukrainian-week-ukrainski-tydzien-w-warszawie\\\/\",\"name\":\"SGH Ukrainian Week: ukrai\u0144ski tydzie\u0144 w Warszawie &#8211; U.P.M.P\",\"isPartOf\":{\"@id\":\"https:\\\/\\\/upmp.news\\\/#website\"},\"primaryImageOfPage\":{\"@id\":\"https:\\\/\\\/upmp.news\\\/pl\\\/pl-in-polish\\\/sgh-ukrainian-week-ukrainski-tydzien-w-warszawie\\\/#primaryimage\"},\"image\":{\"@id\":\"https:\\\/\\\/upmp.news\\\/pl\\\/pl-in-polish\\\/sgh-ukrainian-week-ukrainski-tydzien-w-warszawie\\\/#primaryimage\"},\"thumbnailUrl\":\"https:\\\/\\\/upmp.news\\\/wp-content\\\/uploads\\\/2024\\\/05\\\/IMG_7921-1-scaled.jpeg\",\"datePublished\":\"2024-05-23T11:30:28+00:00\",\"dateModified\":\"2024-05-23T11:30:30+00:00\",\"author\":{\"@id\":\"https:\\\/\\\/upmp.news\\\/#\\\/schema\\\/person\\\/cebd3113030eb01f184505010f519d71\"},\"breadcrumb\":{\"@id\":\"https:\\\/\\\/upmp.news\\\/pl\\\/pl-in-polish\\\/sgh-ukrainian-week-ukrainski-tydzien-w-warszawie\\\/#breadcrumb\"},\"inLanguage\":\"pl-PL\",\"potentialAction\":[{\"@type\":\"ReadAction\",\"target\":[\"https:\\\/\\\/upmp.news\\\/pl\\\/pl-in-polish\\\/sgh-ukrainian-week-ukrainski-tydzien-w-warszawie\\\/\"]}]},{\"@type\":\"ImageObject\",\"inLanguage\":\"pl-PL\",\"@id\":\"https:\\\/\\\/upmp.news\\\/pl\\\/pl-in-polish\\\/sgh-ukrainian-week-ukrainski-tydzien-w-warszawie\\\/#primaryimage\",\"url\":\"https:\\\/\\\/upmp.news\\\/wp-content\\\/uploads\\\/2024\\\/05\\\/IMG_7921-1-scaled.jpeg\",\"contentUrl\":\"https:\\\/\\\/upmp.news\\\/wp-content\\\/uploads\\\/2024\\\/05\\\/IMG_7921-1-scaled.jpeg\",\"width\":2560,\"height\":1658},{\"@type\":\"BreadcrumbList\",\"@id\":\"https:\\\/\\\/upmp.news\\\/pl\\\/pl-in-polish\\\/sgh-ukrainian-week-ukrainski-tydzien-w-warszawie\\\/#breadcrumb\",\"itemListElement\":[{\"@type\":\"ListItem\",\"position\":1,\"name\":\"Home\",\"item\":\"https:\\\/\\\/upmp.news\\\/\"},{\"@type\":\"ListItem\",\"position\":2,\"name\":\"SGH Ukrainian Week: ukrai\u0144ski tydzie\u0144 w Warszawie\"}]},{\"@type\":\"WebSite\",\"@id\":\"https:\\\/\\\/upmp.news\\\/#website\",\"url\":\"https:\\\/\\\/upmp.news\\\/\",\"name\":\"U.P.M.P\",\"description\":\"\u0423\u043a\u0440\u0430\u0457\u043d\u043e-\u043f\u043e\u043b\u044c\u0441\u044c\u043a\u0430 \u043c\u0435\u0434\u0456\u0430\u043f\u043b\u0430\u0442\u0444\u043e\u0440\u043c\u0430\",\"potentialAction\":[{\"@type\":\"SearchAction\",\"target\":{\"@type\":\"EntryPoint\",\"urlTemplate\":\"https:\\\/\\\/upmp.news\\\/?s={search_term_string}\"},\"query-input\":{\"@type\":\"PropertyValueSpecification\",\"valueRequired\":true,\"valueName\":\"search_term_string\"}}],\"inLanguage\":\"pl-PL\"},{\"@type\":\"Person\",\"@id\":\"https:\\\/\\\/upmp.news\\\/#\\\/schema\\\/person\\\/cebd3113030eb01f184505010f519d71\",\"name\":\"vladimyr\",\"image\":{\"@type\":\"ImageObject\",\"inLanguage\":\"pl-PL\",\"@id\":\"https:\\\/\\\/upmp.news\\\/wp-content\\\/uploads\\\/2017\\\/12\\\/ava.png\",\"url\":\"https:\\\/\\\/upmp.news\\\/wp-content\\\/uploads\\\/2017\\\/12\\\/ava.png\",\"contentUrl\":\"https:\\\/\\\/upmp.news\\\/wp-content\\\/uploads\\\/2017\\\/12\\\/ava.png\",\"caption\":\"vladimyr\"},\"url\":\"https:\\\/\\\/upmp.news\\\/pl\\\/author\\\/vladimyr\\\/\"}]}<\/script>\n<!-- \/ Yoast SEO plugin. -->","yoast_head_json":{"title":"SGH Ukrainian Week: ukrai\u0144ski tydzie\u0144 w Warszawie &#8211; U.P.M.P","robots":{"index":"index","follow":"follow","max-snippet":"max-snippet:-1","max-image-preview":"max-image-preview:large","max-video-preview":"max-video-preview:-1"},"canonical":"https:\/\/upmp.news\/pl\/pl-in-polish\/sgh-ukrainian-week-ukrainski-tydzien-w-warszawie\/","og_locale":"pl_PL","og_type":"article","og_title":"SGH Ukrainian Week: ukrai\u0144ski tydzie\u0144 w Warszawie &#8211; U.P.M.P","og_description":"W dniach 13-16 maja 2024 roku Szko\u0142a G\u0142\u00f3wna Handlowa w Warszawie sta\u0142a si\u0119 miejscem wyj\u0105tkowego wydarzenia \u2013 SGH Ukrainian Week. Zorganizowane przez Studenckie Ko\u0142o Naukowe Odbudowy Ukrainy we wsp\u00f3\u0142pracy z pe\u0142nomocnikiem rektora ds. wsp\u00f3\u0142pracy z uczelniami ukrai\u0144skimi, wydarzenie to zgromadzi\u0142o ekspert\u00f3w, student\u00f3w oraz dzia\u0142aczy z Polski i Ukrainy, aby dyskutowa\u0107 o przysz\u0142o\u015bci Ukrainy, wyzwaniach stoj\u0105cych [&hellip;]","og_url":"https:\/\/upmp.news\/pl\/pl-in-polish\/sgh-ukrainian-week-ukrainski-tydzien-w-warszawie\/","og_site_name":"U.P.M.P","article_publisher":"https:\/\/www.facebook.com\/upmp.news\/","article_published_time":"2024-05-23T11:30:28+00:00","article_modified_time":"2024-05-23T11:30:30+00:00","og_image":[{"width":2560,"height":1658,"url":"https:\/\/upmp.news\/wp-content\/uploads\/2024\/05\/IMG_7921-1-scaled.jpeg","type":"image\/jpeg"}],"author":"vladimyr","twitter_card":"summary_large_image","twitter_creator":"@maininua","twitter_site":"@maininua","twitter_misc":{"Napisane przez":"vladimyr","Szacowany czas czytania":"6 minut"},"schema":{"@context":"https:\/\/schema.org","@graph":[{"@type":"Article","@id":"https:\/\/upmp.news\/pl\/pl-in-polish\/sgh-ukrainian-week-ukrainski-tydzien-w-warszawie\/#article","isPartOf":{"@id":"https:\/\/upmp.news\/pl\/pl-in-polish\/sgh-ukrainian-week-ukrainski-tydzien-w-warszawie\/"},"author":{"name":"vladimyr","@id":"https:\/\/upmp.news\/#\/schema\/person\/cebd3113030eb01f184505010f519d71"},"headline":"SGH Ukrainian Week: ukrai\u0144ski tydzie\u0144 w Warszawie","datePublished":"2024-05-23T11:30:28+00:00","dateModified":"2024-05-23T11:30:30+00:00","mainEntityOfPage":{"@id":"https:\/\/upmp.news\/pl\/pl-in-polish\/sgh-ukrainian-week-ukrainski-tydzien-w-warszawie\/"},"wordCount":1085,"image":{"@id":"https:\/\/upmp.news\/pl\/pl-in-polish\/sgh-ukrainian-week-ukrainski-tydzien-w-warszawie\/#primaryimage"},"thumbnailUrl":"https:\/\/upmp.news\/wp-content\/uploads\/2024\/05\/IMG_7921-1-scaled.jpeg","keywords":["Anna Sto\u017cko","Vasyl Zvarych","Weronika Marczuk"],"articleSection":["Spo\u0142ecze\u0144stwo","W Polsce"],"inLanguage":"pl-PL"},{"@type":"WebPage","@id":"https:\/\/upmp.news\/pl\/pl-in-polish\/sgh-ukrainian-week-ukrainski-tydzien-w-warszawie\/","url":"https:\/\/upmp.news\/pl\/pl-in-polish\/sgh-ukrainian-week-ukrainski-tydzien-w-warszawie\/","name":"SGH Ukrainian Week: ukrai\u0144ski tydzie\u0144 w Warszawie &#8211; U.P.M.P","isPartOf":{"@id":"https:\/\/upmp.news\/#website"},"primaryImageOfPage":{"@id":"https:\/\/upmp.news\/pl\/pl-in-polish\/sgh-ukrainian-week-ukrainski-tydzien-w-warszawie\/#primaryimage"},"image":{"@id":"https:\/\/upmp.news\/pl\/pl-in-polish\/sgh-ukrainian-week-ukrainski-tydzien-w-warszawie\/#primaryimage"},"thumbnailUrl":"https:\/\/upmp.news\/wp-content\/uploads\/2024\/05\/IMG_7921-1-scaled.jpeg","datePublished":"2024-05-23T11:30:28+00:00","dateModified":"2024-05-23T11:30:30+00:00","author":{"@id":"https:\/\/upmp.news\/#\/schema\/person\/cebd3113030eb01f184505010f519d71"},"breadcrumb":{"@id":"https:\/\/upmp.news\/pl\/pl-in-polish\/sgh-ukrainian-week-ukrainski-tydzien-w-warszawie\/#breadcrumb"},"inLanguage":"pl-PL","potentialAction":[{"@type":"ReadAction","target":["https:\/\/upmp.news\/pl\/pl-in-polish\/sgh-ukrainian-week-ukrainski-tydzien-w-warszawie\/"]}]},{"@type":"ImageObject","inLanguage":"pl-PL","@id":"https:\/\/upmp.news\/pl\/pl-in-polish\/sgh-ukrainian-week-ukrainski-tydzien-w-warszawie\/#primaryimage","url":"https:\/\/upmp.news\/wp-content\/uploads\/2024\/05\/IMG_7921-1-scaled.jpeg","contentUrl":"https:\/\/upmp.news\/wp-content\/uploads\/2024\/05\/IMG_7921-1-scaled.jpeg","width":2560,"height":1658},{"@type":"BreadcrumbList","@id":"https:\/\/upmp.news\/pl\/pl-in-polish\/sgh-ukrainian-week-ukrainski-tydzien-w-warszawie\/#breadcrumb","itemListElement":[{"@type":"ListItem","position":1,"name":"Home","item":"https:\/\/upmp.news\/"},{"@type":"ListItem","position":2,"name":"SGH Ukrainian Week: ukrai\u0144ski tydzie\u0144 w Warszawie"}]},{"@type":"WebSite","@id":"https:\/\/upmp.news\/#website","url":"https:\/\/upmp.news\/","name":"U.P.M.P","description":"\u0423\u043a\u0440\u0430\u0457\u043d\u043e-\u043f\u043e\u043b\u044c\u0441\u044c\u043a\u0430 \u043c\u0435\u0434\u0456\u0430\u043f\u043b\u0430\u0442\u0444\u043e\u0440\u043c\u0430","potentialAction":[{"@type":"SearchAction","target":{"@type":"EntryPoint","urlTemplate":"https:\/\/upmp.news\/?s={search_term_string}"},"query-input":{"@type":"PropertyValueSpecification","valueRequired":true,"valueName":"search_term_string"}}],"inLanguage":"pl-PL"},{"@type":"Person","@id":"https:\/\/upmp.news\/#\/schema\/person\/cebd3113030eb01f184505010f519d71","name":"vladimyr","image":{"@type":"ImageObject","inLanguage":"pl-PL","@id":"https:\/\/upmp.news\/wp-content\/uploads\/2017\/12\/ava.png","url":"https:\/\/upmp.news\/wp-content\/uploads\/2017\/12\/ava.png","contentUrl":"https:\/\/upmp.news\/wp-content\/uploads\/2017\/12\/ava.png","caption":"vladimyr"},"url":"https:\/\/upmp.news\/pl\/author\/vladimyr\/"}]}},"_links":{"self":[{"href":"https:\/\/upmp.news\/pl\/wp-json\/wp\/v2\/posts\/271143","targetHints":{"allow":["GET"]}}],"collection":[{"href":"https:\/\/upmp.news\/pl\/wp-json\/wp\/v2\/posts"}],"about":[{"href":"https:\/\/upmp.news\/pl\/wp-json\/wp\/v2\/types\/post"}],"author":[{"embeddable":true,"href":"https:\/\/upmp.news\/pl\/wp-json\/wp\/v2\/users\/27"}],"replies":[{"embeddable":true,"href":"https:\/\/upmp.news\/pl\/wp-json\/wp\/v2\/comments?post=271143"}],"version-history":[{"count":1,"href":"https:\/\/upmp.news\/pl\/wp-json\/wp\/v2\/posts\/271143\/revisions"}],"predecessor-version":[{"id":271149,"href":"https:\/\/upmp.news\/pl\/wp-json\/wp\/v2\/posts\/271143\/revisions\/271149"}],"wp:featuredmedia":[{"embeddable":true,"href":"https:\/\/upmp.news\/pl\/wp-json\/wp\/v2\/media\/271075"}],"wp:attachment":[{"href":"https:\/\/upmp.news\/pl\/wp-json\/wp\/v2\/media?parent=271143"}],"wp:term":[{"taxonomy":"category","embeddable":true,"href":"https:\/\/upmp.news\/pl\/wp-json\/wp\/v2\/categories?post=271143"},{"taxonomy":"post_tag","embeddable":true,"href":"https:\/\/upmp.news\/pl\/wp-json\/wp\/v2\/tags?post=271143"}],"curies":[{"name":"wp","href":"https:\/\/api.w.org\/{rel}","templated":true}]}}