{"id":278342,"date":"2025-01-06T10:23:48","date_gmt":"2025-01-06T08:23:48","guid":{"rendered":"https:\/\/upmp.news\/?p=278342"},"modified":"2025-01-06T10:23:50","modified_gmt":"2025-01-06T08:23:50","slug":"olaf-scholz-pojedzie-na-spotkanie-z-wladimirem-putinem-politycy-spd-dementuja","status":"publish","type":"post","link":"https:\/\/upmp.news\/pl\/pl-in-polish\/olaf-scholz-pojedzie-na-spotkanie-z-wladimirem-putinem-politycy-spd-dementuja\/","title":{"rendered":"Olaf Scholz pojedzie na spotkanie z W\u0142adimirem Putinem? Politycy SPD dementuj\u0105"},"content":{"rendered":"\n<p><strong>Politycy niemieckiej SPD zaprzeczyli doniesieniom Rodericha Kiesewettera z CDU o mo\u017cliwym spotkaniu kanclerza Olafa Scholza z przyw\u00f3dc\u0105 Rosji W\u0142adimirem Putinem jeszcze przed wyborami do Bundestagu, zaplanowanymi na 23 lutego. Zdaniem szefa parlamentarnej frakcji SPD Rolfa Muetzenicha jest to &#8222;fikcja&#8221;.<\/strong> <strong>Informuje o tym Upmp.news <a href=\"https:\/\/www.polskieradio.pl\/399\/7975\/Artykul\/3467078,Szef-dyplomacji-USA-to-Ukraina-powinna-zdecydowac-o-zakonczeniu-wojny\">powo\u0142uj\u0105c<\/a> si\u0119 na<\/strong> <strong>Polskie Radio<\/strong>.<\/p>\n\n\n\n<p>Z kolei sekretarz generalny SPD Matthias Miersch, cytowany przez agencj\u0119 dpa, oceni\u0142, \u017ce zarzut Kiesewettera jest &#8222;haniebny i perfidny&#8221;.<br><br>Politycy SPD za\u017c\u0105dali, aby deputowany CDU wycofa\u0142 swoje o\u015bwiadczenie z platformy X i oficjalnie przeprosi\u0142 Scholza.<\/p>\n\n\n\n<figure class=\"wp-block-embed is-type-rich is-provider-twitter wp-block-embed-twitter\"><div class=\"wp-block-embed__wrapper\">\nhttps:\/\/twitter.com\/Bielsat_pl\/status\/1875890856873664649\n<\/div><\/figure>\n\n\n\n<p>Kiesewetter napisa\u0142 na platformie X, \u017ce &#8222;musimy przygotowa\u0107 si\u0119 na niespodziank\u0119 w kampanii wyborczej&#8221;. Wed\u0142ug niego coraz wi\u0119cej wskazuje na to, \u017ce &#8222;kanclerz Scholz pojedzie do Moskwy lub spotka si\u0119 z Putinem przed 23 lutego&#8221;.<\/p>\n\n\n\n<h2 class=\"wp-block-heading\">Rozmowy Schulz-Putin<\/h2>\n\n\n\n<p>W listopadzie 2024 r. Scholz rozmawia\u0142 telefonicznie z Putinem po raz pierwszy od prawie dw\u00f3ch lat, co wywo\u0142a\u0142o krytyk\u0119 nie tylko w Ukrainie, ale tak\u017ce w pa\u0144stwach wschodniej flanki NATO. Kanclerz go\u015bci\u0142 po raz ostatni w Moskwie na kilka dni przed rosyjsk\u0105 agresj\u0105 na Ukrain\u0119, w lutym 2022 r.<br><br>Wybory parlamentarne w Niemczech odb\u0119d\u0105 si\u0119 23 lutego. W sonda\u017cach przedwyborczych prowadzi obecnie CDU, a lider tej partii Friedrich Merz jest postrzegany jako faworyt do obj\u0119cia stanowiska nowego kanclerza Niemiec.<\/p>\n\n\n\n<p>IAR\/PAP\/dad<\/p>\n<div class=\"newspaper-x-tags\"><strong><\/strong><span><a href=\"https:\/\/upmp.news\/pl\/tag\/olaf-scholz-3\/\" rel=\"tag\">Olaf Scholz<\/a><\/span><a href=\"https:\/\/upmp.news\/pl\/tag\/spd-2\/\" rel=\"tag\">SPD<\/a><\/span><a href=\"https:\/\/upmp.news\/pl\/tag\/wladimir-putin\/\" rel=\"tag\">W\u0142adimir Putin<\/a> <\/div>","protected":false},"excerpt":{"rendered":"<p>Politycy niemieckiej SPD zaprzeczyli doniesieniom Rodericha Kiesewettera z CDU o mo\u017cliwym spotkaniu kanclerza Olafa Scholza z przyw\u00f3dc\u0105 Rosji W\u0142adimirem Putinem jeszcze przed wyborami do Bundestagu, zaplanowanymi na 23 lutego. Zdaniem szefa parlamentarnej frakcji SPD Rolfa Muetzenicha jest to &#8222;fikcja&#8221;. Informuje o tym Upmp.news powo\u0142uj\u0105c si\u0119 na Polskie Radio. Z kolei sekretarz generalny SPD Matthias Miersch, [&hellip;]<\/p>\n","protected":false},"author":27,"featured_media":278343,"comment_status":"closed","ping_status":"open","sticky":true,"template":"","format":"standard","meta":{"_exactmetrics_skip_tracking":false,"_exactmetrics_sitenote_active":false,"_exactmetrics_sitenote_note":"","_exactmetrics_sitenote_category":0,"footnotes":""},"categories":[2067,2078],"tags":[23207,23293,14238],"class_list":["post-278342","post","type-post","status-publish","format-standard","has-post-thumbnail","hentry","category-pl-politika-pl","category-pl-in-polish","tag-olaf-scholz-3","tag-spd-2","tag-wladimir-putin"],"yoast_head":"<!-- This site is optimized with the Yoast SEO plugin v27.3 - https:\/\/yoast.com\/product\/yoast-seo-wordpress\/ -->\n<title>Olaf Scholz pojedzie na spotkanie z W\u0142adimirem Putinem? Politycy SPD dementuj\u0105 &#8211; U.P.M.P<\/title>\n<meta name=\"robots\" content=\"index, follow, max-snippet:-1, max-image-preview:large, max-video-preview:-1\" \/>\n<link rel=\"canonical\" href=\"https:\/\/upmp.news\/pl\/pl-in-polish\/olaf-scholz-pojedzie-na-spotkanie-z-wladimirem-putinem-politycy-spd-dementuja\/\" \/>\n<meta property=\"og:locale\" content=\"pl_PL\" \/>\n<meta property=\"og:type\" content=\"article\" \/>\n<meta property=\"og:title\" content=\"Olaf Scholz pojedzie na spotkanie z W\u0142adimirem Putinem? Politycy SPD dementuj\u0105 &#8211; U.P.M.P\" \/>\n<meta property=\"og:description\" content=\"Politycy niemieckiej SPD zaprzeczyli doniesieniom Rodericha Kiesewettera z CDU o mo\u017cliwym spotkaniu kanclerza Olafa Scholza z przyw\u00f3dc\u0105 Rosji W\u0142adimirem Putinem jeszcze przed wyborami do Bundestagu, zaplanowanymi na 23 lutego. Zdaniem szefa parlamentarnej frakcji SPD Rolfa Muetzenicha jest to &#8222;fikcja&#8221;. Informuje o tym Upmp.news powo\u0142uj\u0105c si\u0119 na Polskie Radio. Z kolei sekretarz generalny SPD Matthias Miersch, [&hellip;]\" \/>\n<meta property=\"og:url\" content=\"https:\/\/upmp.news\/pl\/pl-in-polish\/olaf-scholz-pojedzie-na-spotkanie-z-wladimirem-putinem-politycy-spd-dementuja\/\" \/>\n<meta property=\"og:site_name\" content=\"U.P.M.P\" \/>\n<meta property=\"article:publisher\" content=\"https:\/\/www.facebook.com\/upmp.news\/\" \/>\n<meta property=\"article:published_time\" content=\"2025-01-06T08:23:48+00:00\" \/>\n<meta property=\"article:modified_time\" content=\"2025-01-06T08:23:50+00:00\" \/>\n<meta property=\"og:image\" content=\"https:\/\/upmp.news\/wp-content\/uploads\/2025\/01\/Olaf-Scholz-pojedzie-na-spotkanie-z-Wladimirem-Putinem-Politycy-SPD-dementuja.png\" \/>\n\t<meta property=\"og:image:width\" content=\"939\" \/>\n\t<meta property=\"og:image:height\" content=\"514\" \/>\n\t<meta property=\"og:image:type\" content=\"image\/png\" \/>\n<meta name=\"author\" content=\"vladimyr\" \/>\n<meta name=\"twitter:card\" content=\"summary_large_image\" \/>\n<meta name=\"twitter:creator\" content=\"@maininua\" \/>\n<meta name=\"twitter:site\" content=\"@maininua\" \/>\n<meta name=\"twitter:label1\" content=\"Napisane przez\" \/>\n\t<meta name=\"twitter:data1\" content=\"vladimyr\" \/>\n\t<meta name=\"twitter:label2\" content=\"Szacowany czas czytania\" \/>\n\t<meta name=\"twitter:data2\" content=\"2 minuty\" \/>\n<script type=\"application\/ld+json\" class=\"yoast-schema-graph\">{\"@context\":\"https:\\\/\\\/schema.org\",\"@graph\":[{\"@type\":\"Article\",\"@id\":\"https:\\\/\\\/upmp.news\\\/pl\\\/pl-in-polish\\\/olaf-scholz-pojedzie-na-spotkanie-z-wladimirem-putinem-politycy-spd-dementuja\\\/#article\",\"isPartOf\":{\"@id\":\"https:\\\/\\\/upmp.news\\\/pl\\\/pl-in-polish\\\/olaf-scholz-pojedzie-na-spotkanie-z-wladimirem-putinem-politycy-spd-dementuja\\\/\"},\"author\":{\"name\":\"vladimyr\",\"@id\":\"https:\\\/\\\/upmp.news\\\/#\\\/schema\\\/person\\\/cebd3113030eb01f184505010f519d71\"},\"headline\":\"Olaf Scholz pojedzie na spotkanie z W\u0142adimirem Putinem? Politycy SPD dementuj\u0105\",\"datePublished\":\"2025-01-06T08:23:48+00:00\",\"dateModified\":\"2025-01-06T08:23:50+00:00\",\"mainEntityOfPage\":{\"@id\":\"https:\\\/\\\/upmp.news\\\/pl\\\/pl-in-polish\\\/olaf-scholz-pojedzie-na-spotkanie-z-wladimirem-putinem-politycy-spd-dementuja\\\/\"},\"wordCount\":234,\"image\":{\"@id\":\"https:\\\/\\\/upmp.news\\\/pl\\\/pl-in-polish\\\/olaf-scholz-pojedzie-na-spotkanie-z-wladimirem-putinem-politycy-spd-dementuja\\\/#primaryimage\"},\"thumbnailUrl\":\"https:\\\/\\\/upmp.news\\\/wp-content\\\/uploads\\\/2025\\\/01\\\/Olaf-Scholz-pojedzie-na-spotkanie-z-Wladimirem-Putinem-Politycy-SPD-dementuja.png\",\"keywords\":[\"Olaf Scholz\",\"SPD\",\"W\u0142adimir Putin\"],\"articleSection\":[\"Polityka\",\"W Polsce\"],\"inLanguage\":\"pl-PL\"},{\"@type\":\"WebPage\",\"@id\":\"https:\\\/\\\/upmp.news\\\/pl\\\/pl-in-polish\\\/olaf-scholz-pojedzie-na-spotkanie-z-wladimirem-putinem-politycy-spd-dementuja\\\/\",\"url\":\"https:\\\/\\\/upmp.news\\\/pl\\\/pl-in-polish\\\/olaf-scholz-pojedzie-na-spotkanie-z-wladimirem-putinem-politycy-spd-dementuja\\\/\",\"name\":\"Olaf Scholz pojedzie na spotkanie z W\u0142adimirem Putinem? Politycy SPD dementuj\u0105 &#8211; U.P.M.P\",\"isPartOf\":{\"@id\":\"https:\\\/\\\/upmp.news\\\/#website\"},\"primaryImageOfPage\":{\"@id\":\"https:\\\/\\\/upmp.news\\\/pl\\\/pl-in-polish\\\/olaf-scholz-pojedzie-na-spotkanie-z-wladimirem-putinem-politycy-spd-dementuja\\\/#primaryimage\"},\"image\":{\"@id\":\"https:\\\/\\\/upmp.news\\\/pl\\\/pl-in-polish\\\/olaf-scholz-pojedzie-na-spotkanie-z-wladimirem-putinem-politycy-spd-dementuja\\\/#primaryimage\"},\"thumbnailUrl\":\"https:\\\/\\\/upmp.news\\\/wp-content\\\/uploads\\\/2025\\\/01\\\/Olaf-Scholz-pojedzie-na-spotkanie-z-Wladimirem-Putinem-Politycy-SPD-dementuja.png\",\"datePublished\":\"2025-01-06T08:23:48+00:00\",\"dateModified\":\"2025-01-06T08:23:50+00:00\",\"author\":{\"@id\":\"https:\\\/\\\/upmp.news\\\/#\\\/schema\\\/person\\\/cebd3113030eb01f184505010f519d71\"},\"breadcrumb\":{\"@id\":\"https:\\\/\\\/upmp.news\\\/pl\\\/pl-in-polish\\\/olaf-scholz-pojedzie-na-spotkanie-z-wladimirem-putinem-politycy-spd-dementuja\\\/#breadcrumb\"},\"inLanguage\":\"pl-PL\",\"potentialAction\":[{\"@type\":\"ReadAction\",\"target\":[\"https:\\\/\\\/upmp.news\\\/pl\\\/pl-in-polish\\\/olaf-scholz-pojedzie-na-spotkanie-z-wladimirem-putinem-politycy-spd-dementuja\\\/\"]}]},{\"@type\":\"ImageObject\",\"inLanguage\":\"pl-PL\",\"@id\":\"https:\\\/\\\/upmp.news\\\/pl\\\/pl-in-polish\\\/olaf-scholz-pojedzie-na-spotkanie-z-wladimirem-putinem-politycy-spd-dementuja\\\/#primaryimage\",\"url\":\"https:\\\/\\\/upmp.news\\\/wp-content\\\/uploads\\\/2025\\\/01\\\/Olaf-Scholz-pojedzie-na-spotkanie-z-Wladimirem-Putinem-Politycy-SPD-dementuja.png\",\"contentUrl\":\"https:\\\/\\\/upmp.news\\\/wp-content\\\/uploads\\\/2025\\\/01\\\/Olaf-Scholz-pojedzie-na-spotkanie-z-Wladimirem-Putinem-Politycy-SPD-dementuja.png\",\"width\":939,\"height\":514,\"caption\":\"Niemiecki polityk opozycji: spotkanie Scholza z Putinem mo\u017cliwe jeszcze przed wyboramiJuergen Nowak \\\/ Shutterstock.com & miss.cabul \\\/ Shutterstock.com\"},{\"@type\":\"BreadcrumbList\",\"@id\":\"https:\\\/\\\/upmp.news\\\/pl\\\/pl-in-polish\\\/olaf-scholz-pojedzie-na-spotkanie-z-wladimirem-putinem-politycy-spd-dementuja\\\/#breadcrumb\",\"itemListElement\":[{\"@type\":\"ListItem\",\"position\":1,\"name\":\"Home\",\"item\":\"https:\\\/\\\/upmp.news\\\/\"},{\"@type\":\"ListItem\",\"position\":2,\"name\":\"Olaf Scholz pojedzie na spotkanie z W\u0142adimirem Putinem? Politycy SPD dementuj\u0105\"}]},{\"@type\":\"WebSite\",\"@id\":\"https:\\\/\\\/upmp.news\\\/#website\",\"url\":\"https:\\\/\\\/upmp.news\\\/\",\"name\":\"U.P.M.P\",\"description\":\"\u0423\u043a\u0440\u0430\u0457\u043d\u043e-\u043f\u043e\u043b\u044c\u0441\u044c\u043a\u0430 \u043c\u0435\u0434\u0456\u0430\u043f\u043b\u0430\u0442\u0444\u043e\u0440\u043c\u0430\",\"potentialAction\":[{\"@type\":\"SearchAction\",\"target\":{\"@type\":\"EntryPoint\",\"urlTemplate\":\"https:\\\/\\\/upmp.news\\\/?s={search_term_string}\"},\"query-input\":{\"@type\":\"PropertyValueSpecification\",\"valueRequired\":true,\"valueName\":\"search_term_string\"}}],\"inLanguage\":\"pl-PL\"},{\"@type\":\"Person\",\"@id\":\"https:\\\/\\\/upmp.news\\\/#\\\/schema\\\/person\\\/cebd3113030eb01f184505010f519d71\",\"name\":\"vladimyr\",\"image\":{\"@type\":\"ImageObject\",\"inLanguage\":\"pl-PL\",\"@id\":\"https:\\\/\\\/upmp.news\\\/wp-content\\\/uploads\\\/2017\\\/12\\\/ava.png\",\"url\":\"https:\\\/\\\/upmp.news\\\/wp-content\\\/uploads\\\/2017\\\/12\\\/ava.png\",\"contentUrl\":\"https:\\\/\\\/upmp.news\\\/wp-content\\\/uploads\\\/2017\\\/12\\\/ava.png\",\"caption\":\"vladimyr\"},\"url\":\"https:\\\/\\\/upmp.news\\\/pl\\\/author\\\/vladimyr\\\/\"}]}<\/script>\n<!-- \/ Yoast SEO plugin. -->","yoast_head_json":{"title":"Olaf Scholz pojedzie na spotkanie z W\u0142adimirem Putinem? Politycy SPD dementuj\u0105 &#8211; U.P.M.P","robots":{"index":"index","follow":"follow","max-snippet":"max-snippet:-1","max-image-preview":"max-image-preview:large","max-video-preview":"max-video-preview:-1"},"canonical":"https:\/\/upmp.news\/pl\/pl-in-polish\/olaf-scholz-pojedzie-na-spotkanie-z-wladimirem-putinem-politycy-spd-dementuja\/","og_locale":"pl_PL","og_type":"article","og_title":"Olaf Scholz pojedzie na spotkanie z W\u0142adimirem Putinem? Politycy SPD dementuj\u0105 &#8211; U.P.M.P","og_description":"Politycy niemieckiej SPD zaprzeczyli doniesieniom Rodericha Kiesewettera z CDU o mo\u017cliwym spotkaniu kanclerza Olafa Scholza z przyw\u00f3dc\u0105 Rosji W\u0142adimirem Putinem jeszcze przed wyborami do Bundestagu, zaplanowanymi na 23 lutego. Zdaniem szefa parlamentarnej frakcji SPD Rolfa Muetzenicha jest to &#8222;fikcja&#8221;. Informuje o tym Upmp.news powo\u0142uj\u0105c si\u0119 na Polskie Radio. Z kolei sekretarz generalny SPD Matthias Miersch, [&hellip;]","og_url":"https:\/\/upmp.news\/pl\/pl-in-polish\/olaf-scholz-pojedzie-na-spotkanie-z-wladimirem-putinem-politycy-spd-dementuja\/","og_site_name":"U.P.M.P","article_publisher":"https:\/\/www.facebook.com\/upmp.news\/","article_published_time":"2025-01-06T08:23:48+00:00","article_modified_time":"2025-01-06T08:23:50+00:00","og_image":[{"width":939,"height":514,"url":"https:\/\/upmp.news\/wp-content\/uploads\/2025\/01\/Olaf-Scholz-pojedzie-na-spotkanie-z-Wladimirem-Putinem-Politycy-SPD-dementuja.png","type":"image\/png"}],"author":"vladimyr","twitter_card":"summary_large_image","twitter_creator":"@maininua","twitter_site":"@maininua","twitter_misc":{"Napisane przez":"vladimyr","Szacowany czas czytania":"2 minuty"},"schema":{"@context":"https:\/\/schema.org","@graph":[{"@type":"Article","@id":"https:\/\/upmp.news\/pl\/pl-in-polish\/olaf-scholz-pojedzie-na-spotkanie-z-wladimirem-putinem-politycy-spd-dementuja\/#article","isPartOf":{"@id":"https:\/\/upmp.news\/pl\/pl-in-polish\/olaf-scholz-pojedzie-na-spotkanie-z-wladimirem-putinem-politycy-spd-dementuja\/"},"author":{"name":"vladimyr","@id":"https:\/\/upmp.news\/#\/schema\/person\/cebd3113030eb01f184505010f519d71"},"headline":"Olaf Scholz pojedzie na spotkanie z W\u0142adimirem Putinem? Politycy SPD dementuj\u0105","datePublished":"2025-01-06T08:23:48+00:00","dateModified":"2025-01-06T08:23:50+00:00","mainEntityOfPage":{"@id":"https:\/\/upmp.news\/pl\/pl-in-polish\/olaf-scholz-pojedzie-na-spotkanie-z-wladimirem-putinem-politycy-spd-dementuja\/"},"wordCount":234,"image":{"@id":"https:\/\/upmp.news\/pl\/pl-in-polish\/olaf-scholz-pojedzie-na-spotkanie-z-wladimirem-putinem-politycy-spd-dementuja\/#primaryimage"},"thumbnailUrl":"https:\/\/upmp.news\/wp-content\/uploads\/2025\/01\/Olaf-Scholz-pojedzie-na-spotkanie-z-Wladimirem-Putinem-Politycy-SPD-dementuja.png","keywords":["Olaf Scholz","SPD","W\u0142adimir Putin"],"articleSection":["Polityka","W Polsce"],"inLanguage":"pl-PL"},{"@type":"WebPage","@id":"https:\/\/upmp.news\/pl\/pl-in-polish\/olaf-scholz-pojedzie-na-spotkanie-z-wladimirem-putinem-politycy-spd-dementuja\/","url":"https:\/\/upmp.news\/pl\/pl-in-polish\/olaf-scholz-pojedzie-na-spotkanie-z-wladimirem-putinem-politycy-spd-dementuja\/","name":"Olaf Scholz pojedzie na spotkanie z W\u0142adimirem Putinem? Politycy SPD dementuj\u0105 &#8211; U.P.M.P","isPartOf":{"@id":"https:\/\/upmp.news\/#website"},"primaryImageOfPage":{"@id":"https:\/\/upmp.news\/pl\/pl-in-polish\/olaf-scholz-pojedzie-na-spotkanie-z-wladimirem-putinem-politycy-spd-dementuja\/#primaryimage"},"image":{"@id":"https:\/\/upmp.news\/pl\/pl-in-polish\/olaf-scholz-pojedzie-na-spotkanie-z-wladimirem-putinem-politycy-spd-dementuja\/#primaryimage"},"thumbnailUrl":"https:\/\/upmp.news\/wp-content\/uploads\/2025\/01\/Olaf-Scholz-pojedzie-na-spotkanie-z-Wladimirem-Putinem-Politycy-SPD-dementuja.png","datePublished":"2025-01-06T08:23:48+00:00","dateModified":"2025-01-06T08:23:50+00:00","author":{"@id":"https:\/\/upmp.news\/#\/schema\/person\/cebd3113030eb01f184505010f519d71"},"breadcrumb":{"@id":"https:\/\/upmp.news\/pl\/pl-in-polish\/olaf-scholz-pojedzie-na-spotkanie-z-wladimirem-putinem-politycy-spd-dementuja\/#breadcrumb"},"inLanguage":"pl-PL","potentialAction":[{"@type":"ReadAction","target":["https:\/\/upmp.news\/pl\/pl-in-polish\/olaf-scholz-pojedzie-na-spotkanie-z-wladimirem-putinem-politycy-spd-dementuja\/"]}]},{"@type":"ImageObject","inLanguage":"pl-PL","@id":"https:\/\/upmp.news\/pl\/pl-in-polish\/olaf-scholz-pojedzie-na-spotkanie-z-wladimirem-putinem-politycy-spd-dementuja\/#primaryimage","url":"https:\/\/upmp.news\/wp-content\/uploads\/2025\/01\/Olaf-Scholz-pojedzie-na-spotkanie-z-Wladimirem-Putinem-Politycy-SPD-dementuja.png","contentUrl":"https:\/\/upmp.news\/wp-content\/uploads\/2025\/01\/Olaf-Scholz-pojedzie-na-spotkanie-z-Wladimirem-Putinem-Politycy-SPD-dementuja.png","width":939,"height":514,"caption":"Niemiecki polityk opozycji: spotkanie Scholza z Putinem mo\u017cliwe jeszcze przed wyboramiJuergen Nowak \/ Shutterstock.com & miss.cabul \/ Shutterstock.com"},{"@type":"BreadcrumbList","@id":"https:\/\/upmp.news\/pl\/pl-in-polish\/olaf-scholz-pojedzie-na-spotkanie-z-wladimirem-putinem-politycy-spd-dementuja\/#breadcrumb","itemListElement":[{"@type":"ListItem","position":1,"name":"Home","item":"https:\/\/upmp.news\/"},{"@type":"ListItem","position":2,"name":"Olaf Scholz pojedzie na spotkanie z W\u0142adimirem Putinem? Politycy SPD dementuj\u0105"}]},{"@type":"WebSite","@id":"https:\/\/upmp.news\/#website","url":"https:\/\/upmp.news\/","name":"U.P.M.P","description":"\u0423\u043a\u0440\u0430\u0457\u043d\u043e-\u043f\u043e\u043b\u044c\u0441\u044c\u043a\u0430 \u043c\u0435\u0434\u0456\u0430\u043f\u043b\u0430\u0442\u0444\u043e\u0440\u043c\u0430","potentialAction":[{"@type":"SearchAction","target":{"@type":"EntryPoint","urlTemplate":"https:\/\/upmp.news\/?s={search_term_string}"},"query-input":{"@type":"PropertyValueSpecification","valueRequired":true,"valueName":"search_term_string"}}],"inLanguage":"pl-PL"},{"@type":"Person","@id":"https:\/\/upmp.news\/#\/schema\/person\/cebd3113030eb01f184505010f519d71","name":"vladimyr","image":{"@type":"ImageObject","inLanguage":"pl-PL","@id":"https:\/\/upmp.news\/wp-content\/uploads\/2017\/12\/ava.png","url":"https:\/\/upmp.news\/wp-content\/uploads\/2017\/12\/ava.png","contentUrl":"https:\/\/upmp.news\/wp-content\/uploads\/2017\/12\/ava.png","caption":"vladimyr"},"url":"https:\/\/upmp.news\/pl\/author\/vladimyr\/"}]}},"_links":{"self":[{"href":"https:\/\/upmp.news\/pl\/wp-json\/wp\/v2\/posts\/278342","targetHints":{"allow":["GET"]}}],"collection":[{"href":"https:\/\/upmp.news\/pl\/wp-json\/wp\/v2\/posts"}],"about":[{"href":"https:\/\/upmp.news\/pl\/wp-json\/wp\/v2\/types\/post"}],"author":[{"embeddable":true,"href":"https:\/\/upmp.news\/pl\/wp-json\/wp\/v2\/users\/27"}],"replies":[{"embeddable":true,"href":"https:\/\/upmp.news\/pl\/wp-json\/wp\/v2\/comments?post=278342"}],"version-history":[{"count":1,"href":"https:\/\/upmp.news\/pl\/wp-json\/wp\/v2\/posts\/278342\/revisions"}],"predecessor-version":[{"id":278348,"href":"https:\/\/upmp.news\/pl\/wp-json\/wp\/v2\/posts\/278342\/revisions\/278348"}],"wp:featuredmedia":[{"embeddable":true,"href":"https:\/\/upmp.news\/pl\/wp-json\/wp\/v2\/media\/278343"}],"wp:attachment":[{"href":"https:\/\/upmp.news\/pl\/wp-json\/wp\/v2\/media?parent=278342"}],"wp:term":[{"taxonomy":"category","embeddable":true,"href":"https:\/\/upmp.news\/pl\/wp-json\/wp\/v2\/categories?post=278342"},{"taxonomy":"post_tag","embeddable":true,"href":"https:\/\/upmp.news\/pl\/wp-json\/wp\/v2\/tags?post=278342"}],"curies":[{"name":"wp","href":"https:\/\/api.w.org\/{rel}","templated":true}]}}