{"id":279681,"date":"2025-03-18T12:59:08","date_gmt":"2025-03-18T10:59:08","guid":{"rendered":"https:\/\/upmp.news\/?p=279681"},"modified":"2025-03-18T12:59:09","modified_gmt":"2025-03-18T10:59:09","slug":"oswiadczenie-ministrow-obrony-estonii-lotwy-litwy-i-polski-o-wypowiedzeniu-konwencji-ottawskiej","status":"publish","type":"post","link":"https:\/\/upmp.news\/pl\/pl-in-polish\/oswiadczenie-ministrow-obrony-estonii-lotwy-litwy-i-polski-o-wypowiedzeniu-konwencji-ottawskiej\/","title":{"rendered":"O\u015bwiadczenie Ministr\u00f3w Obrony Estonii, \u0141otwy, Litwy i Polski o wypowiedzeniu Konwencji Ottawskiej"},"content":{"rendered":"\n<p><strong>Od momentu ratyfikacji Konwencji o zakazie u\u017cycia, sk\u0142adowania, produkcji i przekazywania min przeciwpiechotnych oraz ich zniszczeniu (Konwencja Ottawska), sytuacja bezpiecze\u0144stwa w naszym regionie uleg\u0142a znacznemu pogorszeniu. Zagro\u017cenia militarne wobec pa\u0144stw cz\u0142onkowskich NATO granicz\u0105cych z Rosj\u0105 i Bia\u0142orusi\u0105 znacz\u0105co wzros\u0142y. W \u015bwietle tej niestabilnej sytuacji bezpiecze\u0144stwa &#8211; naznaczonej agresj\u0105 Rosji i ci\u0105g\u0142ym zagro\u017ceniem jakie stanowi dla spo\u0142eczno\u015bci euroatlantyckiej &#8211; kluczowe jest okre\u015blenie wszystkich \u015brodk\u00f3w, kt\u00f3re mog\u0105 pos\u0142u\u017cy\u0107 do wzmocnienia naszych zdolno\u015bci odstraszania i obrony.<\/strong> <strong>Informuje o tym Upmp.news <a href=\"https:\/\/www.gov.pl\/web\/obrona-narodowa\/oswiadczenie-ministrow-obrony-estonii-lotwy-litwy-i-polski-o-wypowiedzeniu-konwencji-ottawskiej\">powo\u0142uj\u0105c<\/a> si\u0119 na<\/strong> <strong>Ministerstwo Oborony Narodowej<\/strong>.<\/p>\n\n\n\n<p>Wierzymy, \u017ce w obecnym \u015brodowisku bezpiecze\u0144stwa najwa\u017cniejsze jest zapewnienie naszym si\u0142om zbrojnym elastyczno\u015bci i mo\u017cliwo\u015bci wyboru wzgl\u0119dem potencjalnego u\u017cycia nowoczesnych system\u00f3w uzbrojenia i rozwi\u0105za\u0144, w celu wzmocnienia obrony zagro\u017conej wschodniej flanki Sojuszu.<\/p>\n\n\n\n<p>W \u015bwietle tych rozwa\u017ca\u0144, my &#8211; Ministrowie Obrony Estonii, \u0141otwy, Litwy i Polski &#8211; jednog\u0142o\u015bnie rekomendujemy wypowiedzenie Konwencji Ottawskiej. Nasza decyzja to czytelny przekaz: nasze kraje s\u0105 gotowe i mog\u0105 u\u017cy\u0107 ka\u017cdego niezb\u0119dnego \u015brodka do obrony naszego terytorium i wolno\u015bci.<\/p>\n\n\n\n<p>Pomimo wycofania si\u0119 z Konwencji, pozostajemy zobowi\u0105zani mi\u0119dzynarodowym prawem humanitarnym, w tym do ochrony ludno\u015bci cywilnej podczas konflikt\u00f3w zbrojnych. Nasze pa\u0144stwa b\u0119d\u0105 nadal przestrzega\u0107 tych zasad, podczas ochrony naszego bezpiecze\u0144stwa.<\/p>\n\n\n\n<p>Doceniamy zrozumienie i wsparcie wszystkich naszych sojusznik\u00f3w i partner\u00f3w, kt\u00f3rzy dostrzegaj\u0105 powag\u0119 zagro\u017ce\u0144 dla bezpiecze\u0144stwa, z kt\u00f3rymi musimy si\u0119 mierzy\u0107 i szanuj\u0105 nasze decyzje w tym obszarze.<\/p>\n<div class=\"newspaper-x-tags\"><strong><\/strong><span><a href=\"https:\/\/upmp.news\/pl\/tag\/estonii\/\" rel=\"tag\">Estonii<\/a><\/span><a href=\"https:\/\/upmp.news\/pl\/tag\/litwy\/\" rel=\"tag\">Litwy<\/a><\/span><a href=\"https:\/\/upmp.news\/pl\/tag\/lotwy\/\" rel=\"tag\">\u0141otwy<\/a><\/span><a href=\"https:\/\/upmp.news\/pl\/tag\/ministrowie-obrony\/\" rel=\"tag\">Ministrowie Obrony<\/a><\/span><a href=\"https:\/\/upmp.news\/pl\/tag\/polski\/\" rel=\"tag\">Polski<\/a> <\/div>","protected":false},"excerpt":{"rendered":"<p>Od momentu ratyfikacji Konwencji o zakazie u\u017cycia, sk\u0142adowania, produkcji i przekazywania min przeciwpiechotnych oraz ich zniszczeniu (Konwencja Ottawska), sytuacja bezpiecze\u0144stwa w naszym regionie uleg\u0142a znacznemu pogorszeniu. Zagro\u017cenia militarne wobec pa\u0144stw cz\u0142onkowskich NATO granicz\u0105cych z Rosj\u0105 i Bia\u0142orusi\u0105 znacz\u0105co wzros\u0142y. W \u015bwietle tej niestabilnej sytuacji bezpiecze\u0144stwa &#8211; naznaczonej agresj\u0105 Rosji i ci\u0105g\u0142ym zagro\u017ceniem jakie stanowi dla [&hellip;]<\/p>\n","protected":false},"author":27,"featured_media":279682,"comment_status":"closed","ping_status":"open","sticky":true,"template":"","format":"standard","meta":{"_exactmetrics_skip_tracking":false,"_exactmetrics_sitenote_active":false,"_exactmetrics_sitenote_note":"","_exactmetrics_sitenote_category":0,"footnotes":""},"categories":[2067,2078],"tags":[23372,23374,23373,23376,23375],"class_list":["post-279681","post","type-post","status-publish","format-standard","has-post-thumbnail","hentry","category-pl-politika-pl","category-pl-in-polish","tag-estonii","tag-litwy","tag-lotwy","tag-ministrowie-obrony","tag-polski"],"yoast_head":"<!-- This site is optimized with the Yoast SEO plugin v27.3 - https:\/\/yoast.com\/product\/yoast-seo-wordpress\/ -->\n<title>O\u015bwiadczenie Ministr\u00f3w Obrony Estonii, \u0141otwy, Litwy i Polski o wypowiedzeniu Konwencji Ottawskiej &#8211; U.P.M.P<\/title>\n<meta name=\"robots\" content=\"index, follow, max-snippet:-1, max-image-preview:large, max-video-preview:-1\" \/>\n<link rel=\"canonical\" href=\"https:\/\/upmp.news\/pl\/pl-in-polish\/oswiadczenie-ministrow-obrony-estonii-lotwy-litwy-i-polski-o-wypowiedzeniu-konwencji-ottawskiej\/\" \/>\n<meta property=\"og:locale\" content=\"pl_PL\" \/>\n<meta property=\"og:type\" content=\"article\" \/>\n<meta property=\"og:title\" content=\"O\u015bwiadczenie Ministr\u00f3w Obrony Estonii, \u0141otwy, Litwy i Polski o wypowiedzeniu Konwencji Ottawskiej &#8211; U.P.M.P\" \/>\n<meta property=\"og:description\" content=\"Od momentu ratyfikacji Konwencji o zakazie u\u017cycia, sk\u0142adowania, produkcji i przekazywania min przeciwpiechotnych oraz ich zniszczeniu (Konwencja Ottawska), sytuacja bezpiecze\u0144stwa w naszym regionie uleg\u0142a znacznemu pogorszeniu. Zagro\u017cenia militarne wobec pa\u0144stw cz\u0142onkowskich NATO granicz\u0105cych z Rosj\u0105 i Bia\u0142orusi\u0105 znacz\u0105co wzros\u0142y. W \u015bwietle tej niestabilnej sytuacji bezpiecze\u0144stwa &#8211; naznaczonej agresj\u0105 Rosji i ci\u0105g\u0142ym zagro\u017ceniem jakie stanowi dla [&hellip;]\" \/>\n<meta property=\"og:url\" content=\"https:\/\/upmp.news\/pl\/pl-in-polish\/oswiadczenie-ministrow-obrony-estonii-lotwy-litwy-i-polski-o-wypowiedzeniu-konwencji-ottawskiej\/\" \/>\n<meta property=\"og:site_name\" content=\"U.P.M.P\" \/>\n<meta property=\"article:publisher\" content=\"https:\/\/www.facebook.com\/upmp.news\/\" \/>\n<meta property=\"article:published_time\" content=\"2025-03-18T10:59:08+00:00\" \/>\n<meta property=\"article:modified_time\" content=\"2025-03-18T10:59:09+00:00\" \/>\n<meta property=\"og:image\" content=\"https:\/\/upmp.news\/wp-content\/uploads\/2025\/03\/34.png\" \/>\n\t<meta property=\"og:image:width\" content=\"1460\" \/>\n\t<meta property=\"og:image:height\" content=\"616\" \/>\n\t<meta property=\"og:image:type\" content=\"image\/png\" \/>\n<meta name=\"author\" content=\"vladimyr\" \/>\n<meta name=\"twitter:card\" content=\"summary_large_image\" \/>\n<meta name=\"twitter:creator\" content=\"@maininua\" \/>\n<meta name=\"twitter:site\" content=\"@maininua\" \/>\n<meta name=\"twitter:label1\" content=\"Napisane przez\" \/>\n\t<meta name=\"twitter:data1\" content=\"vladimyr\" \/>\n\t<meta name=\"twitter:label2\" content=\"Szacowany czas czytania\" \/>\n\t<meta name=\"twitter:data2\" content=\"2 minuty\" \/>\n<script type=\"application\/ld+json\" class=\"yoast-schema-graph\">{\"@context\":\"https:\\\/\\\/schema.org\",\"@graph\":[{\"@type\":\"Article\",\"@id\":\"https:\\\/\\\/upmp.news\\\/pl\\\/pl-in-polish\\\/oswiadczenie-ministrow-obrony-estonii-lotwy-litwy-i-polski-o-wypowiedzeniu-konwencji-ottawskiej\\\/#article\",\"isPartOf\":{\"@id\":\"https:\\\/\\\/upmp.news\\\/pl\\\/pl-in-polish\\\/oswiadczenie-ministrow-obrony-estonii-lotwy-litwy-i-polski-o-wypowiedzeniu-konwencji-ottawskiej\\\/\"},\"author\":{\"name\":\"vladimyr\",\"@id\":\"https:\\\/\\\/upmp.news\\\/#\\\/schema\\\/person\\\/cebd3113030eb01f184505010f519d71\"},\"headline\":\"O\u015bwiadczenie Ministr\u00f3w Obrony Estonii, \u0141otwy, Litwy i Polski o wypowiedzeniu Konwencji Ottawskiej\",\"datePublished\":\"2025-03-18T10:59:08+00:00\",\"dateModified\":\"2025-03-18T10:59:09+00:00\",\"mainEntityOfPage\":{\"@id\":\"https:\\\/\\\/upmp.news\\\/pl\\\/pl-in-polish\\\/oswiadczenie-ministrow-obrony-estonii-lotwy-litwy-i-polski-o-wypowiedzeniu-konwencji-ottawskiej\\\/\"},\"wordCount\":283,\"image\":{\"@id\":\"https:\\\/\\\/upmp.news\\\/pl\\\/pl-in-polish\\\/oswiadczenie-ministrow-obrony-estonii-lotwy-litwy-i-polski-o-wypowiedzeniu-konwencji-ottawskiej\\\/#primaryimage\"},\"thumbnailUrl\":\"https:\\\/\\\/upmp.news\\\/wp-content\\\/uploads\\\/2025\\\/03\\\/34.png\",\"keywords\":[\"Estonii\",\"Litwy\",\"\u0141otwy\",\"Ministrowie Obrony\",\"Polski\"],\"articleSection\":[\"Polityka\",\"W Polsce\"],\"inLanguage\":\"pl-PL\"},{\"@type\":\"WebPage\",\"@id\":\"https:\\\/\\\/upmp.news\\\/pl\\\/pl-in-polish\\\/oswiadczenie-ministrow-obrony-estonii-lotwy-litwy-i-polski-o-wypowiedzeniu-konwencji-ottawskiej\\\/\",\"url\":\"https:\\\/\\\/upmp.news\\\/pl\\\/pl-in-polish\\\/oswiadczenie-ministrow-obrony-estonii-lotwy-litwy-i-polski-o-wypowiedzeniu-konwencji-ottawskiej\\\/\",\"name\":\"O\u015bwiadczenie Ministr\u00f3w Obrony Estonii, \u0141otwy, Litwy i Polski o wypowiedzeniu Konwencji Ottawskiej &#8211; U.P.M.P\",\"isPartOf\":{\"@id\":\"https:\\\/\\\/upmp.news\\\/#website\"},\"primaryImageOfPage\":{\"@id\":\"https:\\\/\\\/upmp.news\\\/pl\\\/pl-in-polish\\\/oswiadczenie-ministrow-obrony-estonii-lotwy-litwy-i-polski-o-wypowiedzeniu-konwencji-ottawskiej\\\/#primaryimage\"},\"image\":{\"@id\":\"https:\\\/\\\/upmp.news\\\/pl\\\/pl-in-polish\\\/oswiadczenie-ministrow-obrony-estonii-lotwy-litwy-i-polski-o-wypowiedzeniu-konwencji-ottawskiej\\\/#primaryimage\"},\"thumbnailUrl\":\"https:\\\/\\\/upmp.news\\\/wp-content\\\/uploads\\\/2025\\\/03\\\/34.png\",\"datePublished\":\"2025-03-18T10:59:08+00:00\",\"dateModified\":\"2025-03-18T10:59:09+00:00\",\"author\":{\"@id\":\"https:\\\/\\\/upmp.news\\\/#\\\/schema\\\/person\\\/cebd3113030eb01f184505010f519d71\"},\"breadcrumb\":{\"@id\":\"https:\\\/\\\/upmp.news\\\/pl\\\/pl-in-polish\\\/oswiadczenie-ministrow-obrony-estonii-lotwy-litwy-i-polski-o-wypowiedzeniu-konwencji-ottawskiej\\\/#breadcrumb\"},\"inLanguage\":\"pl-PL\",\"potentialAction\":[{\"@type\":\"ReadAction\",\"target\":[\"https:\\\/\\\/upmp.news\\\/pl\\\/pl-in-polish\\\/oswiadczenie-ministrow-obrony-estonii-lotwy-litwy-i-polski-o-wypowiedzeniu-konwencji-ottawskiej\\\/\"]}]},{\"@type\":\"ImageObject\",\"inLanguage\":\"pl-PL\",\"@id\":\"https:\\\/\\\/upmp.news\\\/pl\\\/pl-in-polish\\\/oswiadczenie-ministrow-obrony-estonii-lotwy-litwy-i-polski-o-wypowiedzeniu-konwencji-ottawskiej\\\/#primaryimage\",\"url\":\"https:\\\/\\\/upmp.news\\\/wp-content\\\/uploads\\\/2025\\\/03\\\/34.png\",\"contentUrl\":\"https:\\\/\\\/upmp.news\\\/wp-content\\\/uploads\\\/2025\\\/03\\\/34.png\",\"width\":1460,\"height\":616},{\"@type\":\"BreadcrumbList\",\"@id\":\"https:\\\/\\\/upmp.news\\\/pl\\\/pl-in-polish\\\/oswiadczenie-ministrow-obrony-estonii-lotwy-litwy-i-polski-o-wypowiedzeniu-konwencji-ottawskiej\\\/#breadcrumb\",\"itemListElement\":[{\"@type\":\"ListItem\",\"position\":1,\"name\":\"Home\",\"item\":\"https:\\\/\\\/upmp.news\\\/\"},{\"@type\":\"ListItem\",\"position\":2,\"name\":\"O\u015bwiadczenie Ministr\u00f3w Obrony Estonii, \u0141otwy, Litwy i Polski o wypowiedzeniu Konwencji Ottawskiej\"}]},{\"@type\":\"WebSite\",\"@id\":\"https:\\\/\\\/upmp.news\\\/#website\",\"url\":\"https:\\\/\\\/upmp.news\\\/\",\"name\":\"U.P.M.P\",\"description\":\"\u0423\u043a\u0440\u0430\u0457\u043d\u043e-\u043f\u043e\u043b\u044c\u0441\u044c\u043a\u0430 \u043c\u0435\u0434\u0456\u0430\u043f\u043b\u0430\u0442\u0444\u043e\u0440\u043c\u0430\",\"potentialAction\":[{\"@type\":\"SearchAction\",\"target\":{\"@type\":\"EntryPoint\",\"urlTemplate\":\"https:\\\/\\\/upmp.news\\\/?s={search_term_string}\"},\"query-input\":{\"@type\":\"PropertyValueSpecification\",\"valueRequired\":true,\"valueName\":\"search_term_string\"}}],\"inLanguage\":\"pl-PL\"},{\"@type\":\"Person\",\"@id\":\"https:\\\/\\\/upmp.news\\\/#\\\/schema\\\/person\\\/cebd3113030eb01f184505010f519d71\",\"name\":\"vladimyr\",\"image\":{\"@type\":\"ImageObject\",\"inLanguage\":\"pl-PL\",\"@id\":\"https:\\\/\\\/upmp.news\\\/wp-content\\\/uploads\\\/2017\\\/12\\\/ava.png\",\"url\":\"https:\\\/\\\/upmp.news\\\/wp-content\\\/uploads\\\/2017\\\/12\\\/ava.png\",\"contentUrl\":\"https:\\\/\\\/upmp.news\\\/wp-content\\\/uploads\\\/2017\\\/12\\\/ava.png\",\"caption\":\"vladimyr\"},\"url\":\"https:\\\/\\\/upmp.news\\\/pl\\\/author\\\/vladimyr\\\/\"}]}<\/script>\n<!-- \/ Yoast SEO plugin. -->","yoast_head_json":{"title":"O\u015bwiadczenie Ministr\u00f3w Obrony Estonii, \u0141otwy, Litwy i Polski o wypowiedzeniu Konwencji Ottawskiej &#8211; U.P.M.P","robots":{"index":"index","follow":"follow","max-snippet":"max-snippet:-1","max-image-preview":"max-image-preview:large","max-video-preview":"max-video-preview:-1"},"canonical":"https:\/\/upmp.news\/pl\/pl-in-polish\/oswiadczenie-ministrow-obrony-estonii-lotwy-litwy-i-polski-o-wypowiedzeniu-konwencji-ottawskiej\/","og_locale":"pl_PL","og_type":"article","og_title":"O\u015bwiadczenie Ministr\u00f3w Obrony Estonii, \u0141otwy, Litwy i Polski o wypowiedzeniu Konwencji Ottawskiej &#8211; U.P.M.P","og_description":"Od momentu ratyfikacji Konwencji o zakazie u\u017cycia, sk\u0142adowania, produkcji i przekazywania min przeciwpiechotnych oraz ich zniszczeniu (Konwencja Ottawska), sytuacja bezpiecze\u0144stwa w naszym regionie uleg\u0142a znacznemu pogorszeniu. Zagro\u017cenia militarne wobec pa\u0144stw cz\u0142onkowskich NATO granicz\u0105cych z Rosj\u0105 i Bia\u0142orusi\u0105 znacz\u0105co wzros\u0142y. W \u015bwietle tej niestabilnej sytuacji bezpiecze\u0144stwa &#8211; naznaczonej agresj\u0105 Rosji i ci\u0105g\u0142ym zagro\u017ceniem jakie stanowi dla [&hellip;]","og_url":"https:\/\/upmp.news\/pl\/pl-in-polish\/oswiadczenie-ministrow-obrony-estonii-lotwy-litwy-i-polski-o-wypowiedzeniu-konwencji-ottawskiej\/","og_site_name":"U.P.M.P","article_publisher":"https:\/\/www.facebook.com\/upmp.news\/","article_published_time":"2025-03-18T10:59:08+00:00","article_modified_time":"2025-03-18T10:59:09+00:00","og_image":[{"width":1460,"height":616,"url":"https:\/\/upmp.news\/wp-content\/uploads\/2025\/03\/34.png","type":"image\/png"}],"author":"vladimyr","twitter_card":"summary_large_image","twitter_creator":"@maininua","twitter_site":"@maininua","twitter_misc":{"Napisane przez":"vladimyr","Szacowany czas czytania":"2 minuty"},"schema":{"@context":"https:\/\/schema.org","@graph":[{"@type":"Article","@id":"https:\/\/upmp.news\/pl\/pl-in-polish\/oswiadczenie-ministrow-obrony-estonii-lotwy-litwy-i-polski-o-wypowiedzeniu-konwencji-ottawskiej\/#article","isPartOf":{"@id":"https:\/\/upmp.news\/pl\/pl-in-polish\/oswiadczenie-ministrow-obrony-estonii-lotwy-litwy-i-polski-o-wypowiedzeniu-konwencji-ottawskiej\/"},"author":{"name":"vladimyr","@id":"https:\/\/upmp.news\/#\/schema\/person\/cebd3113030eb01f184505010f519d71"},"headline":"O\u015bwiadczenie Ministr\u00f3w Obrony Estonii, \u0141otwy, Litwy i Polski o wypowiedzeniu Konwencji Ottawskiej","datePublished":"2025-03-18T10:59:08+00:00","dateModified":"2025-03-18T10:59:09+00:00","mainEntityOfPage":{"@id":"https:\/\/upmp.news\/pl\/pl-in-polish\/oswiadczenie-ministrow-obrony-estonii-lotwy-litwy-i-polski-o-wypowiedzeniu-konwencji-ottawskiej\/"},"wordCount":283,"image":{"@id":"https:\/\/upmp.news\/pl\/pl-in-polish\/oswiadczenie-ministrow-obrony-estonii-lotwy-litwy-i-polski-o-wypowiedzeniu-konwencji-ottawskiej\/#primaryimage"},"thumbnailUrl":"https:\/\/upmp.news\/wp-content\/uploads\/2025\/03\/34.png","keywords":["Estonii","Litwy","\u0141otwy","Ministrowie Obrony","Polski"],"articleSection":["Polityka","W Polsce"],"inLanguage":"pl-PL"},{"@type":"WebPage","@id":"https:\/\/upmp.news\/pl\/pl-in-polish\/oswiadczenie-ministrow-obrony-estonii-lotwy-litwy-i-polski-o-wypowiedzeniu-konwencji-ottawskiej\/","url":"https:\/\/upmp.news\/pl\/pl-in-polish\/oswiadczenie-ministrow-obrony-estonii-lotwy-litwy-i-polski-o-wypowiedzeniu-konwencji-ottawskiej\/","name":"O\u015bwiadczenie Ministr\u00f3w Obrony Estonii, \u0141otwy, Litwy i Polski o wypowiedzeniu Konwencji Ottawskiej &#8211; U.P.M.P","isPartOf":{"@id":"https:\/\/upmp.news\/#website"},"primaryImageOfPage":{"@id":"https:\/\/upmp.news\/pl\/pl-in-polish\/oswiadczenie-ministrow-obrony-estonii-lotwy-litwy-i-polski-o-wypowiedzeniu-konwencji-ottawskiej\/#primaryimage"},"image":{"@id":"https:\/\/upmp.news\/pl\/pl-in-polish\/oswiadczenie-ministrow-obrony-estonii-lotwy-litwy-i-polski-o-wypowiedzeniu-konwencji-ottawskiej\/#primaryimage"},"thumbnailUrl":"https:\/\/upmp.news\/wp-content\/uploads\/2025\/03\/34.png","datePublished":"2025-03-18T10:59:08+00:00","dateModified":"2025-03-18T10:59:09+00:00","author":{"@id":"https:\/\/upmp.news\/#\/schema\/person\/cebd3113030eb01f184505010f519d71"},"breadcrumb":{"@id":"https:\/\/upmp.news\/pl\/pl-in-polish\/oswiadczenie-ministrow-obrony-estonii-lotwy-litwy-i-polski-o-wypowiedzeniu-konwencji-ottawskiej\/#breadcrumb"},"inLanguage":"pl-PL","potentialAction":[{"@type":"ReadAction","target":["https:\/\/upmp.news\/pl\/pl-in-polish\/oswiadczenie-ministrow-obrony-estonii-lotwy-litwy-i-polski-o-wypowiedzeniu-konwencji-ottawskiej\/"]}]},{"@type":"ImageObject","inLanguage":"pl-PL","@id":"https:\/\/upmp.news\/pl\/pl-in-polish\/oswiadczenie-ministrow-obrony-estonii-lotwy-litwy-i-polski-o-wypowiedzeniu-konwencji-ottawskiej\/#primaryimage","url":"https:\/\/upmp.news\/wp-content\/uploads\/2025\/03\/34.png","contentUrl":"https:\/\/upmp.news\/wp-content\/uploads\/2025\/03\/34.png","width":1460,"height":616},{"@type":"BreadcrumbList","@id":"https:\/\/upmp.news\/pl\/pl-in-polish\/oswiadczenie-ministrow-obrony-estonii-lotwy-litwy-i-polski-o-wypowiedzeniu-konwencji-ottawskiej\/#breadcrumb","itemListElement":[{"@type":"ListItem","position":1,"name":"Home","item":"https:\/\/upmp.news\/"},{"@type":"ListItem","position":2,"name":"O\u015bwiadczenie Ministr\u00f3w Obrony Estonii, \u0141otwy, Litwy i Polski o wypowiedzeniu Konwencji Ottawskiej"}]},{"@type":"WebSite","@id":"https:\/\/upmp.news\/#website","url":"https:\/\/upmp.news\/","name":"U.P.M.P","description":"\u0423\u043a\u0440\u0430\u0457\u043d\u043e-\u043f\u043e\u043b\u044c\u0441\u044c\u043a\u0430 \u043c\u0435\u0434\u0456\u0430\u043f\u043b\u0430\u0442\u0444\u043e\u0440\u043c\u0430","potentialAction":[{"@type":"SearchAction","target":{"@type":"EntryPoint","urlTemplate":"https:\/\/upmp.news\/?s={search_term_string}"},"query-input":{"@type":"PropertyValueSpecification","valueRequired":true,"valueName":"search_term_string"}}],"inLanguage":"pl-PL"},{"@type":"Person","@id":"https:\/\/upmp.news\/#\/schema\/person\/cebd3113030eb01f184505010f519d71","name":"vladimyr","image":{"@type":"ImageObject","inLanguage":"pl-PL","@id":"https:\/\/upmp.news\/wp-content\/uploads\/2017\/12\/ava.png","url":"https:\/\/upmp.news\/wp-content\/uploads\/2017\/12\/ava.png","contentUrl":"https:\/\/upmp.news\/wp-content\/uploads\/2017\/12\/ava.png","caption":"vladimyr"},"url":"https:\/\/upmp.news\/pl\/author\/vladimyr\/"}]}},"_links":{"self":[{"href":"https:\/\/upmp.news\/pl\/wp-json\/wp\/v2\/posts\/279681","targetHints":{"allow":["GET"]}}],"collection":[{"href":"https:\/\/upmp.news\/pl\/wp-json\/wp\/v2\/posts"}],"about":[{"href":"https:\/\/upmp.news\/pl\/wp-json\/wp\/v2\/types\/post"}],"author":[{"embeddable":true,"href":"https:\/\/upmp.news\/pl\/wp-json\/wp\/v2\/users\/27"}],"replies":[{"embeddable":true,"href":"https:\/\/upmp.news\/pl\/wp-json\/wp\/v2\/comments?post=279681"}],"version-history":[{"count":2,"href":"https:\/\/upmp.news\/pl\/wp-json\/wp\/v2\/posts\/279681\/revisions"}],"predecessor-version":[{"id":279688,"href":"https:\/\/upmp.news\/pl\/wp-json\/wp\/v2\/posts\/279681\/revisions\/279688"}],"wp:featuredmedia":[{"embeddable":true,"href":"https:\/\/upmp.news\/pl\/wp-json\/wp\/v2\/media\/279682"}],"wp:attachment":[{"href":"https:\/\/upmp.news\/pl\/wp-json\/wp\/v2\/media?parent=279681"}],"wp:term":[{"taxonomy":"category","embeddable":true,"href":"https:\/\/upmp.news\/pl\/wp-json\/wp\/v2\/categories?post=279681"},{"taxonomy":"post_tag","embeddable":true,"href":"https:\/\/upmp.news\/pl\/wp-json\/wp\/v2\/tags?post=279681"}],"curies":[{"name":"wp","href":"https:\/\/api.w.org\/{rel}","templated":true}]}}