{"id":305304,"date":"2026-04-30T18:27:48","date_gmt":"2026-04-30T16:27:48","guid":{"rendered":"https:\/\/upmp.news\/?p=305304"},"modified":"2026-04-30T18:27:50","modified_gmt":"2026-04-30T16:27:50","slug":"nasza-corka-od-urodzenia-nie-widziala-swojego-taty-historia-zony-jenca-wojennego-oleha-lobova-anny","status":"publish","type":"post","link":"https:\/\/upmp.news\/pl\/pl-in-ukraine\/nasza-corka-od-urodzenia-nie-widziala-swojego-taty-historia-zony-jenca-wojennego-oleha-lobova-anny\/","title":{"rendered":"\u201eNasza c\u00f3rka od urodzenia nie widzia\u0142a swojego taty\u201dHistoria \u017cony je\u0144ca wojennego Oleha Lobova, Anny"},"content":{"rendered":"\n<p style=\"text-align: justify;\"><strong>Historia \u017cony je\u0144ca wojennego Olega \u0141obowa, Anny.<\/strong><\/p>\n<p style=\"text-align: justify;\"><strong>Opowiedz, prosz\u0119, troch\u0119 o sobie. Kim jeste\u015b, gdzie teraz mieszkasz, kim s\u0105 cz\u0142onkowie twojej rodziny?<\/strong><\/p>\n<p style=\"text-align: justify;\">Nazywam si\u0119 Anna Lobova i jestem \u017con\u0105 je\u0144ca wojennego Oleha Lobova, ci\u0119\u017cko rannego podczas wybuchu w O\u0142eniwce. Razem z c\u00f3rk\u0105 wyjecha\u0142y\u015bmy z okupacji w 2022 roku i teraz mieszkamy w Ukrainie.<strong>\u00a0\u00a0\u00a0\u00a0\u00a0 <\/strong><\/p>\n\n\n<div class=\"wp-block-image\">\n<figure class=\"aligncenter size-full\"><img loading=\"lazy\" decoding=\"async\" width=\"503\" height=\"338\" src=\"https:\/\/upmp.news\/wp-content\/uploads\/2026\/02\/5472002443978674603.jpg\" alt=\"\" class=\"wp-image-297494\" srcset=\"https:\/\/upmp.news\/wp-content\/uploads\/2026\/02\/5472002443978674603.jpg 503w, https:\/\/upmp.news\/wp-content\/uploads\/2026\/02\/5472002443978674603-300x202.jpg 300w, https:\/\/upmp.news\/wp-content\/uploads\/2026\/02\/5472002443978674603-298x200.jpg 298w\" sizes=\"auto, (max-width: 503px) 100vw, 503px\" \/><\/figure>\n<\/div>\n\n\n<p style=\"text-align: justify;\"><strong>Kim jest dla ciebie tw\u00f3j obro\u0144ca?<\/strong><\/p>\n<p style=\"text-align: justify;\">To m\u00f3j m\u0105\u017c.\u00a0\u00a0\u00a0\u00a0\u00a0\u00a0\u00a0\u00a0\u00a0\u00a0\u00a0\u00a0\u00a0\u00a0\u00a0\u00a0\u00a0\u00a0\u00a0\u00a0\u00a0\u00a0\u00a0\u00a0\u00a0\u00a0\u00a0\u00a0\u00a0\u00a0\u00a0\u00a0\u00a0\u00a0\u00a0\u00a0\u00a0<\/p>\n\n\n<div class=\"wp-block-image\">\n<figure class=\"aligncenter size-full is-resized\"><img loading=\"lazy\" decoding=\"async\" width=\"1280\" height=\"1266\" src=\"https:\/\/upmp.news\/wp-content\/uploads\/2026\/02\/5472002443978674606.jpg\" alt=\"\" class=\"wp-image-297489\" style=\"aspect-ratio:1.0110636158849526;width:498px;height:auto\" srcset=\"https:\/\/upmp.news\/wp-content\/uploads\/2026\/02\/5472002443978674606.jpg 1280w, https:\/\/upmp.news\/wp-content\/uploads\/2026\/02\/5472002443978674606-300x297.jpg 300w, https:\/\/upmp.news\/wp-content\/uploads\/2026\/02\/5472002443978674606-768x760.jpg 768w, https:\/\/upmp.news\/wp-content\/uploads\/2026\/02\/5472002443978674606-1200x1187.jpg 1200w, https:\/\/upmp.news\/wp-content\/uploads\/2026\/02\/5472002443978674606-809x800.jpg 809w, https:\/\/upmp.news\/wp-content\/uploads\/2026\/02\/5472002443978674606-202x200.jpg 202w\" sizes=\"auto, (max-width: 1280px) 100vw, 1280px\" \/><\/figure>\n<\/div>\n\n\n<p style=\"text-align: justify;\"><strong>Jaki on by\u0142 przed wojn\u0105?<\/strong><\/p>\n<p style=\"text-align: justify;\">M\u00f3j m\u0105\u017c, moja najbli\u017csza osoba. W\u0142a\u015bciwie umiem opowiada\u0107 o nim tylko jako o osobie cywilnej, bo nie znam go jako wojskowego. Jego s\u0142u\u017cba pozostawa\u0142a poza naszym \u017cyciem rodzinnym. Mimo wielu przeciwno\u015bci losu, jest pozytywny, troskliwy i odpowiedzialny.\u00a0\u00a0\u00a0\u00a0\u00a0\u00a0\u00a0<\/p>\n<p style=\"text-align: justify;\"><strong>Co lubi\u0142, czym \u017cy\u0142, o czym marzy\u0142 Oleh?<\/strong><\/p>\n<p style=\"text-align: justify;\">Nie mog\u0119 opowiedzie\u0107 o jego najwi\u0119kszym marzeniu, bo to by\u0142oby troch\u0119 nie w porz\u0105dku wobec niego. Ale wierz\u0119, \u017ce na pewno spe\u0142nimy je razem.<\/p>\n<p style=\"text-align: justify;\"><strong>Jak si\u0119 znalaz\u0142 na wojnie?\u00a0\u00a0\u00a0\u00a0\u00a0\u00a0\u00a0\u00a0\u00a0\u00a0\u00a0\u00a0\u00a0\u00a0\u00a0\u00a0\u00a0\u00a0\u00a0\u00a0\u00a0\u00a0\u00a0\u00a0\u00a0\u00a0\u00a0\u00a0\u00a0\u00a0\u00a0\u00a0\u00a0\u00a0\u00a0\u00a0\u00a0\u00a0\u00a0\u00a0\u00a0\u00a0\u00a0\u00a0\u00a0\u00a0\u00a0\u00a0\u00a0\u00a0\u00a0\u00a0\u00a0\u00a0\u00a0\u00a0\u00a0\u00a0\u00a0\u00a0\u00a0\u00a0\u00a0\u00a0\u00a0\u00a0\u00a0\u00a0\u00a0\u00a0\u00a0\u00a0\u00a0\u00a0\u00a0\u00a0\u00a0\u00a0\u00a0\u00a0\u00a0\u00a0\u00a0\u00a0\u00a0\u00a0\u00a0\u00a0\u00a0\u00a0\u00a0\u00a0\u00a0\u00a0\u00a0\u00a0\u00a0\u00a0\u00a0\u00a0\u00a0\u00a0\u00a0\u00a0\u00a0\u00a0\u00a0\u00a0\u00a0\u00a0\u00a0\u00a0\u00a0\u00a0\u00a0\u00a0\u00a0\u00a0\u00a0\u00a0 <\/strong><\/p>\n<p style=\"text-align: justify;\">W momencie pe\u0142noskalowej inwazji Oleh by\u0142 czynnym wojskowym, dlatego, zgodnie z rozkazem swojego dow\u00f3dztwa, zostali przeniesieni do Mariupola.<\/p>\n<p style=\"text-align: justify;\"><strong>Czy podj\u0105\u0142 t\u0119 dezyzj\u0119 z w\u0142asnej woli?<\/strong><\/p>\n<p style=\"text-align: justify;\">Tak, z w\u0142asnej.<\/p>\n<p style=\"text-align: justify;\"><strong>Czy pami\u0119tasz ostatni\u0105 wasz\u0105 rozmow\u0119 przed tym, jak on pojecha\u0142 na front?<\/strong><\/p>\n<p style=\"text-align: justify;\">W ostatnch dniach przed pe\u0142noskalow\u0105 inwazj\u0105 ma\u0142o rozmawiali\u015bmy. W tamtym momencie dopiero co urodzilo si\u0119 nasze dziecko i wi\u0119kszo\u015b\u0107 rozm\u00f3w dotyczy\u0142a ma\u0142ej.<\/p>\n<p style=\"text-align: justify;\"><strong>Co najmocniej zapameta\u0142a\u015b?<\/strong><\/p>\n<p style=\"text-align: justify;\">Zachowanie Oleha. Dopiero teraz rozumiem, jak by\u0142o mu ci\u0119\u017cko. Rozumiej\u0105c wszystko, co si\u0119 dzia\u0142o, stara\u0142 si\u0119, \u017cebym ja si\u0119 nie martwi\u0142a. Pr\u00f3bowa\u0142, cho\u0107 na jaki\u015b czas, zachowa\u0107 nasz spok\u00f3j.<\/p>\n<p style=\"text-align: justify;\"><strong>Jak si\u0119 dowiedzia\u0142a\u015b, \u017ce tw\u00f3j ukochany znalaz\u0142 si\u0119 w niewoli? Co to by\u0142 za dzie\u0144, jakie by\u0142y pierwsze s\u0142owa czy wiadomo\u015bci?<\/strong><\/p>\n<p style=\"text-align: justify;\">Od momentu pe\u0142noskalowego ataku ca\u0142a moja uwaga by\u0142a przykuta do wydarze\u0144 w Mariupolu. Rozumia\u0142am, \u017ce sytuacja jest patowa i jedynym wyj\u015bciem mog\u0105 by\u0107 jakie\u015b szczeg\u00f3lne negocjacje i ustalenia. I tak w\u0142a\u015bnie si\u0119 sta\u0142o 16 maja 2022 roku. W wiadomo\u015bciach zacz\u0119li pokazywa\u0107, \u017ce ogie\u0144 na Azowstali ucich\u0142 i niby trwaj\u0105 jakie\u015b negocjacje. Wieczorem, po wideo od Denysa Prokopenki (dow\u00f3dcy Azowa w Mariupolu \u2013 przyp. t\u0142um.), w grupie napisali, \u017ce ch\u0142opcy wychodz\u0105 do szarej strefy. Na pocz\u0105tku wychodz\u0105 ci\u0119\u017cko ranni, nied\u0142ugo wszyscy si\u0119 spotkaj\u0105 i jak tylko wszyscy b\u0119d\u0105 na miejscu, to zadzwoni\u0105 do domu. Nie wiedzieli\u015bmy, dok\u0105d ich wioz\u0105. To by\u0142y jedyne informacje, a dalej czekali\u015bmy na wiadomo\u015bci, co powie prezydent. Ale on d\u0142ugo milcza\u0142, za to komentarze dawa\u0142a Hanna Maliar (\u00f3wczesna wiceminister obrony &#8211; przyp. t\u0142um.)\u00a0\u00a0\u00a0\u00a0\u00a0\u00a0\u00a0<\/p>\n\n\n<div class=\"wp-block-image\">\n<figure class=\"aligncenter size-full is-resized\"><img loading=\"lazy\" decoding=\"async\" width=\"1097\" height=\"1280\" src=\"https:\/\/upmp.news\/wp-content\/uploads\/2026\/02\/5472002443978674362.jpg\" alt=\"\" class=\"wp-image-297404\" style=\"aspect-ratio:0.8570239838706708;width:477px;height:auto\" srcset=\"https:\/\/upmp.news\/wp-content\/uploads\/2026\/02\/5472002443978674362.jpg 1097w, https:\/\/upmp.news\/wp-content\/uploads\/2026\/02\/5472002443978674362-257x300.jpg 257w, https:\/\/upmp.news\/wp-content\/uploads\/2026\/02\/5472002443978674362-768x896.jpg 768w, https:\/\/upmp.news\/wp-content\/uploads\/2026\/02\/5472002443978674362-1028x1200.jpg 1028w, https:\/\/upmp.news\/wp-content\/uploads\/2026\/02\/5472002443978674362-686x800.jpg 686w, https:\/\/upmp.news\/wp-content\/uploads\/2026\/02\/5472002443978674362-171x200.jpg 171w\" sizes=\"auto, (max-width: 1097px) 100vw, 1097px\" \/><\/figure>\n<\/div>\n\n\n<p style=\"text-align: justify;\"><strong>Sk\u0105d dowiedzia\u0142a\u015b si\u0119, jak Oleh prze\u017cy\u0142 wydarzenia zwi\u0105zane z wybuchem w O\u0142eniwce?\u00a0\u00a0\u00a0\u00a0\u00a0\u00a0\u00a0\u00a0\u00a0\u00a0\u00a0\u00a0\u00a0\u00a0\u00a0\u00a0\u00a0\u00a0\u00a0\u00a0\u00a0\u00a0\u00a0\u00a0\u00a0\u00a0\u00a0\u00a0\u00a0\u00a0\u00a0\u00a0\u00a0\u00a0\u00a0\u00a0\u00a0\u00a0\u00a0\u00a0\u00a0\u00a0\u00a0\u00a0\u00a0\u00a0\u00a0\u00a0\u00a0\u00a0\u00a0\u00a0\u00a0\u00a0\u00a0\u00a0\u00a0\u00a0\u00a0\u00a0\u00a0\u00a0\u00a0\u00a0\u00a0\u00a0\u00a0\u00a0\u00a0 \u00a0\u00a0\u00a0\u00a0\u00a0\u00a0\u00a0\u00a0\u00a0\u00a0\u00a0\u00a0\u00a0\u00a0\u00a0\u00a0\u00a0\u00a0\u00a0\u00a0\u00a0\u00a0\u00a0\u00a0\u00a0\u00a0\u00a0\u00a0\u00a0\u00a0\u00a0\u00a0\u00a0\u00a0\u00a0\u00a0\u00a0\u00a0\u00a0\u00a0\u00a0\u00a0\u00a0\u00a0\u00a0\u00a0\u00a0\u00a0\u00a0\u00a0\u00a0\u00a0\u00a0\u00a0\u00a0\u00a0\u00a0\u00a0\u00a0\u00a0\u00a0\u00a0\u00a0\u00a0\u00a0\u00a0\u00a0\u00a0\u00a0\u00a0\u00a0\u00a0\u00a0\u00a0\u00a0<\/strong><\/p>\n<p style=\"text-align: justify;\">Z rosyjskich wiadomo\u015bci. Rano tam powiedzieli, \u017ce w O\u0142eniwce by\u0142 wybuch. P\u00f3\u017aniej ju\u017c zacz\u0119li pokazywa\u0107 wideo ze skutkami. Nast\u0119pnej nocy opublikowali listy zabitych i rannych. M\u00f3j m\u0105\u017c by\u0142 na obydwu listach.\u00a0\u00a0\u00a0\u00a0\u00a0\u00a0\u00a0\u00a0\u00a0\u00a0\u00a0\u00a0\u00a0 \u00a0 \u00a0 \u00a0 \u00a0 \u00a0 \u00a0\u00a0<\/p>\n<p style=\"text-align: justify;\"><strong>Jak\u0105 informacj\u0119 co do m\u0119\u017ca mia\u0142a\u015b w pierwszych tygodniach niewoli? Kto j\u0105 przekazywa\u0142: towarzysze broni, pa\u0144stwo, organizacje mi\u0119dzynarodowe, wolontariusze?<\/strong><\/p>\n<p style=\"text-align: justify;\">\u017badnej. W nocy z 16 na 17 maja 2022 otrzyma\u0142am sms z nieznanego numeru, z tekstem o osobistym charakterze. Zrozumia\u0142am, \u017ce to napisa\u0142 Oleh. Po 20 maja dzwoni\u0142am na gor\u0105c\u0105 lini\u0119 Gwardii Narodowej Ukrainy, \u017ceby zapyta\u0107, czy m\u00f3j m\u0105\u017c wyszed\u0142 do niewoli. Ju\u017c nie pami\u0119tam dok\u0142adnie, kiedy mi odpowiedzieli i potwierdzili, \u017ce on wyszed\u0142 z Azowstali.<\/p>\n\n\n<div class=\"wp-block-image\">\n<figure class=\"aligncenter size-full is-resized\"><img loading=\"lazy\" decoding=\"async\" width=\"701\" height=\"854\" src=\"https:\/\/upmp.news\/wp-content\/uploads\/2026\/02\/5472002443978674604.jpg\" alt=\"\" class=\"wp-image-297504\" style=\"aspect-ratio:0.8208522962350021;width:476px;height:auto\" srcset=\"https:\/\/upmp.news\/wp-content\/uploads\/2026\/02\/5472002443978674604.jpg 701w, https:\/\/upmp.news\/wp-content\/uploads\/2026\/02\/5472002443978674604-246x300.jpg 246w, https:\/\/upmp.news\/wp-content\/uploads\/2026\/02\/5472002443978674604-657x800.jpg 657w, https:\/\/upmp.news\/wp-content\/uploads\/2026\/02\/5472002443978674604-164x200.jpg 164w\" sizes=\"auto, (max-width: 701px) 100vw, 701px\" \/><\/figure>\n<\/div>\n\n\n<p style=\"text-align: justify;\"><strong>Czy twoja wiedza na temat jego stanu jako\u015b si\u0119 zmieni\u0142a przez ten czas? Co wiesz dzisiaj?<\/strong><\/p>\n<p style=\"text-align: justify;\">17 sierpnia 2022 roku na kanale jednego z ukrai\u0144skich bloger\u00f3w by\u0142o wideo ze szpitala w Doniecku, na k\u00f3rym zobaczy\u0142am swojego m\u0119\u017ca i w\u0142a\u015bnie w ten spos\u00f3b dowiedzia\u0142am si\u0119, \u017ce on prze\u017cy\u0142 po tym, co si\u0119 sta\u0142o w O\u0142eniwce. Od ludzi, kt\u00f3rzy zostali zwolnieni w wymianach je\u0144c\u00f3w dowiedzia\u0142am si\u0119, \u017ce on by\u0142 w szpitalu prawie p\u00f3\u0142 roku, a dalej zawie\u017ali ich do kolonii karnej. Gdzie obecnie przebywa m\u00f3j m\u0105\u017c, nie wiem. O poranieniu wiem tylko tyle, co wida\u0107 na wideo. Rana g\u0142owy, od\u0142amki w ca\u0142ym ciele, co\u015b z r\u0119k\u0105.<\/p>\n<p style=\"text-align: justify;\"><strong>Jak prze\u017cy\u0142a\u015b dzie\u0144, kiedy dowiedzia\u0142a\u015b si\u0119 o masowej egzekucji w O\u0142eniwce? Co by\u0142o najtrudniejsze w tych godzinach i dniach?<\/strong><\/p>\n<p style=\"text-align: justify;\">Wypad\u0142am z \u017cycia i ten stan trwa do teraz. Bo \u017cadne gwarancje, kt\u00f3re by\u0142y obiecane na pocz\u0105tku niewoli, nie zadzia\u0142a\u0142y, jak i termin niewoli.<\/p>\n\n\n<div class=\"wp-block-image\">\n<figure class=\"aligncenter size-full is-resized\"><img loading=\"lazy\" decoding=\"async\" width=\"546\" height=\"728\" src=\"https:\/\/upmp.news\/wp-content\/uploads\/2026\/02\/IMG_7520.jpeg\" alt=\"\" class=\"wp-image-305301\" style=\"aspect-ratio:0.749999976833823;width:481px;height:auto\" srcset=\"https:\/\/upmp.news\/wp-content\/uploads\/2026\/02\/IMG_7520.jpeg 546w, https:\/\/upmp.news\/wp-content\/uploads\/2026\/02\/IMG_7520-225x300.jpeg 225w, https:\/\/upmp.news\/wp-content\/uploads\/2026\/02\/IMG_7520-150x200.jpeg 150w\" sizes=\"auto, (max-width: 546px) 100vw, 546px\" \/><\/figure>\n<\/div>\n\n\n<p style=\"text-align: justify;\"><strong>Jakie pytanie pozostaj\u0105 dla ciebie wci\u0105\u017c bez odpowiedzi? Co najbardziej boli w tej niewiedzy?<\/strong><\/p>\n<p style=\"text-align: justify;\">Dlaczego wszystkich rannych nie zabrali do Ukrainy, kiedy by\u0142a taka mo\u017cliwo\u015b\u0107, a konkretnie 21 wrze\u015bnie 2022 roku, kiedy by\u0142a wymiana na Medwedczuka. Dlaczego nasz kraj, maj\u0105c tak\u0105 mo\u017cliwo\u015b\u0107, nie zabra\u0142 wszystkich, kt\u00f3rzy prze\u017cyli po wysadzeniu baraku w O\u0142eniwce?<\/p>\n<p style=\"text-align: justify;\"><strong>Jak z czasem zmieni\u0142 si\u0119 tw\u00f3j stosunek do s\u0142owa \u201eniewola\u201d? Co ono oznacza dla ciebie teraz?<\/strong>\u00a0\u00a0\u00a0<\/p>\n<p style=\"text-align: justify;\">Niewola to niewiedza, nie ma rozm\u00f3w, list\u00f3w. Latami \u017cyjesz i nie mo\u017cesz pom\u00f3c swojej ukochanej osobie.<\/p>\n<p style=\"text-align: justify;\"><strong>Od czego dla ciebie si\u0119 zacz\u0119\u0142a walka za ukochanego? Jakie by\u0142y pierwsze kroki: telefony, listy, apele?<\/strong><\/p>\n<p style=\"text-align: justify;\">Na pocz\u0105tku bra\u0142am udzia\u0142 w og\u00f3lnych spotkaniach. S\u0142ucha\u0142am uwa\u017cnie wszystkich bzdur, kt\u00f3re opowiadali przedstawiciele Sztabu Koordynacyjnego do spraw je\u0144c\u00f3w wojennych. Dlaczego bzdur? Bo ju\u017c rok p\u00f3\u017aniej m\u00f3wili rzeczy, kt\u00f3re by\u0142y dok\u0142adnym przeciwe\u0144stwem tego, co wcze\u015bniej. Do psycholog\u00f3w im daleko, ale ich rola jest podobna. Po tym, jak 5 stycznia 2023 roku zamkn\u0119li misj\u0119 monitoruj\u0105c\u0105 ONZ, kt\u00f3ra mia\u0142a pojecha\u0107 do O\u0142eniwki, napisa\u0142am wniosek do Biura Rzecznika Praw Obywatelskich Ukrainy z pro\u015bb\u0105 o spotkanie z rodzinami rannych je\u0144c\u00f3w wojennych. Odm\u00f3wiono mi, powo\u0142uj\u0105c si\u0119 na zape\u0142niony grafik pana Lubinca. Po nieprzyjemnej rozmowie, jednak wyznaczyli nam spotkanie, ale z zast\u0119pc\u0105. W\u0142a\u015bnie tak zaczyna\u0142 si\u0119 szlak naszej walki, kt\u00f3ry potem przeszed\u0142 w organizacj\u0119 spo\u0142eczn\u0105 \u201eWsp\u00f3lnota O\u0142eniwki\u201d.\u00a0\u00a0\u00a0\u00a0<\/p>\n\n\n<div class=\"wp-block-image\">\n<figure class=\"aligncenter size-full is-resized\"><img loading=\"lazy\" decoding=\"async\" width=\"544\" height=\"1280\" src=\"https:\/\/upmp.news\/wp-content\/uploads\/2026\/02\/5415960508105881130.jpg\" alt=\"\" class=\"wp-image-297514\" style=\"width:473px;height:auto\" srcset=\"https:\/\/upmp.news\/wp-content\/uploads\/2026\/02\/5415960508105881130.jpg 544w, https:\/\/upmp.news\/wp-content\/uploads\/2026\/02\/5415960508105881130-128x300.jpg 128w, https:\/\/upmp.news\/wp-content\/uploads\/2026\/02\/5415960508105881130-510x1200.jpg 510w, https:\/\/upmp.news\/wp-content\/uploads\/2026\/02\/5415960508105881130-340x800.jpg 340w, https:\/\/upmp.news\/wp-content\/uploads\/2026\/02\/5415960508105881130-85x200.jpg 85w\" sizes=\"auto, (max-width: 544px) 100vw, 544px\" \/><\/figure>\n<\/div>\n\n\n<p style=\"text-align: justify;\"><strong>Jakie kroki podejmujesz teraz, aby pozna\u0107 prawd\u0119, doprowadzi\u0107 do uwolnienia, ruszy\u0107 spraw\u0119 z miejsca?<\/strong><\/p>\n<p style=\"text-align: justify;\">Teraz doskonale rozumiem, \u017ce naszych bliskich wprowadzono w b\u0142\u0105d, aby bez problem\u00f3w opu\u015bcili teren kombinatu. Razem z innymi \u017conami zacz\u0119\u0142y\u015bmy szuka\u0107 odpowiedzi na pytania, kto wyprowadzi\u0142 naszych bliskich do niewoli, kto przeprowadza\u0142 negocjacje i dlaczego mariupolski garnizon nadal jest w niewoli. Cz\u0119\u015bciowo uda\u0142o nam si\u0119 znale\u017a\u0107 pewne informacje. Niestety nie ma mo\u017cliwo\u015bci dalszej komunikacji ze wszystkimi uczestnikami tamtych wydarze\u0144, dlatego nie mo\u017cemy otrzyma\u0107 odpowiedzi.<\/p>\n<p style=\"text-align: justify;\">Bior\u0105c pod uwag\u0119 szczeg\u00f3lnie trudn\u0105 sytuacj\u0119 z wymian\u0105 tych, kt\u00f3rzy wyszli do niewoli z Azowstali, nasza organizacja zaproponowa\u0142a stworzenie osobnej grupy negocjacyjnej w celu uratowania je\u0144c\u00f3w z Mariupola. Odm\u00f3wiono nam bez podania przyczyny. P\u00f3\u0142 roku p\u00f3\u017aniej zacz\u0119\u0142y\u015bmy wychodzi\u0107 na akcje protestu. Bo wymiany si\u0119 odbywaj\u0105, ale ci, kt\u00f3rym obiecano wymian\u0119 w pierwszej kolejno\u015bci, siedz\u0105 latami w niewoli. W kwietniu 2025 roku zrobi\u0142y\u015bmy protest g\u0142odowy.<\/p>\n<p style=\"text-align: justify;\"><strong>Jak i kiedy do\u0142\u0105czy\u0142a\u015b do Wsp\u00f3lnoty O\u0142eniwki? Jakie by\u0142y pocz\u0105tki?<\/strong><\/p>\n<p style=\"text-align: justify;\">To wysz\u0142o tak, \u017ce zosta\u0142am inicjatork\u0105 jej utworzenia, chocia\u017c na pocz\u0105tku jako zespo\u0142u roboczego. Punktem startowym sta\u0142o si\u0119 rozwi\u0105zanie misji monitoruj\u0105cej ONZ i cisza wewn\u0105trz kraju.<\/p>\n<p style=\"text-align: justify;\"><strong>Co dok\u0142adnie daje ci ta Wsp\u00f3lnota: informacje, wsparcie, wsp\u00f3lne dzia\u0142ania?<\/strong><\/p>\n<p style=\"text-align: justify;\">Wsp\u00f3lne dzia\u0142anie dla osi\u0105gni\u0119cia celu.<\/p>\n<p style=\"text-align: justify;\"><strong>Z jakimi strukturami pa\u0144stwowymi pr\u00f3bowa\u0142a\u015b si\u0119 komunikowa\u0107? Jakie odpowiedzi i reakcje otrzymywa\u0142a\u015b, je\u015bli w og\u00f3le?<\/strong><\/p>\n<p style=\"text-align: justify;\">Gwardia Narodowa Ukrainy, Biuro Rzecznika Praw Obywatelskich, Sztab Koordynacyjny do spraw je\u0144c\u00f3w wojennych, S\u0142u\u017cba Bezpiecze\u0144stwa Ukrainy i inni. Najcz\u0119\u015bciej w odpowiedzi przychodz\u0105 standardowe formu\u0142ki.\u00a0\u00a0\u00a0\u00a0\u00a0\u00a0\u00a0\u00a0 \u00a0 \u00a0 \u00a0 \u00a0 \u00a0 \u00a0 \u00a0 \u00a0 \u00a0 \u00a0 \u00a0 \u00a0 \u00a0 \u00a0 \u00a0 \u00a0 \u00a0 \u00a0 \u00a0 \u00a0 \u00a0 \u00a0 \u00a0 \u00a0 \u00a0 \u00a0 \u00a0 \u00a0 \u00a0 \u00a0 \u00a0 \u00a0 \u00a0 \u00a0 \u00a0 \u00a0 \u00a0 \u00a0 \u00a0\u00a0<\/p>\n<p style=\"text-align: justify;\"><strong>Czy mia\u0142a\u015b do\u015bwiadczenie zwracania si\u0119 do organizacji mi\u0119dzynarodowych (Mi\u0119dzynarodowy Komitet Czerwonego Krzy\u017ca, organizacje broni\u0105ce praw cz\u0142owieka, ONZ itp.)? Czego od nich oczekiwa\u0142a\u015b i co otrzyma\u0142a\u015b w praktyce?<\/strong><\/p>\n<p style=\"text-align: justify;\">Do\u015bwiadczenia mam, negatywne. Oni s\u0105 calkowicie bezczynni, kiedy\u015b przyjdzie czas na ich rozwi\u0105zanie.<\/p>\n<p style=\"text-align: justify;\"><strong>Jak przez ten czas zmieni\u0142a si\u0119 twoja relacja z pa\u0144stwem? Co daje poczucie wsparcia, a co &#8211; poczucie porzucenia?<\/strong><\/p>\n<p style=\"text-align: justify;\">To bardziej emocjonalne pytanie. Jak my\u015blisz: m\u00f3j m\u0105\u017c jest czwarty rok w niewoli, zamiast obiecanych czterech miesi\u0119cy, a do tego prze\u017cy\u0142 wybuch w O\u0142eniwce. Jakie mog\u0142abym mie\u0107 odczucia?<\/p>\n<p style=\"text-align: justify;\"><strong>Jak wojna i niewola ukochanego zmieni\u0142y twoje \u017cycie codzienne: prac\u0119, dom, plany, relacje z bliskimi?<\/strong><\/p>\n<p style=\"text-align: justify;\">To nie jest \u017cycie, to wegetacja.\u00a0\u00a0\u00a0\u00a0\u00a0 \u00a0 \u00a0 \u00a0 \u00a0 \u00a0 \u00a0 \u00a0 \u00a0 \u00a0 \u00a0 \u00a0 \u00a0 \u00a0 \u00a0 \u00a0 \u00a0 \u00a0 \u00a0 \u00a0 \u00a0 \u00a0 \u00a0\u00a0<\/p>\n<p style=\"text-align: justify;\"><strong>Co pomaga ci si\u0119 trzyma\u0107 przez te wszystkie lata: ludzie, wiara, rytua\u0142y, wolontariat, aktywizm?<\/strong><\/p>\n<p style=\"text-align: justify;\">To jemu porzebna jest pomoc. Opr\u00f3cz mnie, niestety, nie ma kto tego robi\u0107. Wi\u0119c czy mog\u0142abym zanurzy\u0107 si\u0119 we w\u0142asnych emocjach i martwi\u0107 si\u0119 o siebie?<\/p>\n<p style=\"text-align: justify;\"><strong>Czy masz jakie\u015b w\u0142asne male\u0144kie rytua\u0142y pami\u0119ci i wsparcia: listy, dziennik, zdj\u0119cia, co\u015b, co robisz specjalnie dla niego?<\/strong><\/p>\n<p style=\"text-align: justify;\">Nie.<\/p>\n<p style=\"text-align: justify;\"><strong>Jakie s\u0142owa ze strony otoczenia ci pomagaj\u0105, a jakie, wr\u0119cz przeciwnie, rani\u0105 najbardziej?<\/strong><\/p>\n<p style=\"text-align: justify;\">Nie lubi\u0119 wsp\u00f3\u0142czucia, a ludzie, kt\u00f3rzy sami nie s\u0105 w takiej sytuacji, najcz\u0119\u015bciej wsp\u00f3\u0142czuj\u0105, bo to jest naprawd\u0119 trudne. Prosz\u0119 sobie wyobrazi\u0107, chocia\u017cby przez jedn\u0105 dob\u0119 nie wiedzie\u0107, co z wasz\u0105 rodzin\u0105. A my z tym \u017cyjemy ju\u017c czwarty rok.<\/p>\n<p style=\"text-align: justify;\"><strong>Czego, twoim zdaniem, brakuje w publicznej rozmowie na temat niewoli i O\u0142eniwki?<\/strong><\/p>\n<p style=\"text-align: justify;\">Ju\u017c du\u017co zosta\u0142o powiedziane i zrobione. Ma\u0142o uwagi po\u015bwi\u0119ca si\u0119 temu, \u017ce ci, kt\u00f3rzy prze\u017cyli, nadal s\u0105 w niewoli. Nawet z publicznej listy, kt\u00f3r\u0105 udost\u0119pni\u0142a sama strona rosyjska, wi\u0119cej ni\u017c po\u0142owa nadal jest w niewoli.\u00a0\u00a0\u00a0\u00a0\u00a0\u00a0 \u00a0 \u00a0 \u00a0 \u00a0 \u00a0 \u00a0 \u00a0 \u00a0 \u00a0 \u00a0 \u00a0 \u00a0 \u00a0 \u00a0 \u00a0 \u00a0 \u00a0 \u00a0 \u00a0 \u00a0 \u00a0 \u00a0 \u00a0 \u00a0 \u00a0 \u00a0 \u00a0 \u00a0 \u00a0 \u00a0 \u00a0 \u00a0 \u00a0 \u00a0 \u00a0 \u00a0 \u00a0 \u00a0 \u00a0 \u00a0 \u00a0 \u00a0 \u00a0\u00a0<\/p>\n<p style=\"text-align: justify;\"><strong>O czym jeszcze nie m\u00f3wimy na g\u0142os, a powinni\u015bmy?<\/strong><\/p>\n<p style=\"text-align: justify;\">Nie wiem, nie mam odpowiedzi na to pytanie.<\/p>\n<p style=\"text-align: justify;\"><strong>Jaka jest jedna rzecz, kt\u00f3r\u0105 chcia\u0142aby\u015b, \u017ceby ludzie w Ukrainie zrozumieli na temat je\u0144c\u00f3w wojennych i ich rodzin?<\/strong><\/p>\n<p style=\"text-align: justify;\">Nie chc\u0119 niczego narzuca\u0107 ludziom, To mo\u017cna zrozumie\u0107 i odczu\u0107, kiedy jeste\u015b w tej sytuacji. Wyobrazi\u0107 sobie, a \u017cy\u0107 z tym, to s\u0105 dwie r\u00f3zne rzeczy. Dlatego te\u017c nie ma zrozumienia.<\/p>\n<p style=\"text-align: justify;\"><strong>Je\u015bliby m\u00f3wi\u0107 szczerze i bez cenzury, to co chcia\u0142aby\u015b powiedzie\u0107 ukrai\u0144skim w\u0142adzom w zwi\u0105zku z niewol\u0105 twojego ukochanego i tragedi\u0105 w O\u0142eniwce?<\/strong><\/p>\n<p style=\"text-align: justify;\">Poprosi\u0142abym, \u017ceby uczynili mozliwym pierwsze spotkanie naszej c\u00f3rki z Olehem, wyci\u0105gn\u0119li Marii tat\u0119 z niewoli. Nasza c\u00f3rka od urodzenia nie widzia\u0142a swojego taty, Gdyby niewola trwa\u0142a 4 miesi\u0105ce, to Maria sp\u0119dzi\u0142aby swoje pierwsze urodziny z tat\u0105. A ju\u017c min\u0105\u0142 czwarty rok i Oleh wci\u0105\u017c jest w niewoli.<\/p>\n<p style=\"text-align: justify;\"><strong>A co chcia\u0142aby\u015b powiedzie\u0107 partnerom zagranicznym, kt\u00f3rzy m\u00f3wi\u0105 o pomocy Ukrainie, ale, jak si\u0119 wydaje, rzadko wspominaj\u0105 o pojmanych?<\/strong><\/p>\n<p style=\"text-align: justify;\">Mo\u017cliwe, \u017ce nie \u015bledz\u0119 wiadomo\u015bci zbyt dok\u0142adnie, ale nie widz\u0119 w przestrzeni publicznej, \u017ceby zagraniczni partnerzy wzywali do uwolnienia wszystkich je\u0144c\u00f3w.<\/p>\n<p style=\"text-align: justify;\"><strong>Jak widzisz sprawiediwo\u015b\u0107 w tej historii?<\/strong><\/p>\n<p style=\"text-align: justify;\">Ja dla siebie znam prawd\u0119, ale od tego nie jest l\u017cej, to na pewno. Teraz najwa\u017cniejsze jest, by wyci\u0105gn\u0105\u0107 ludzi z niewoli. To jest niewyobra\u017calne, \u017cy\u0107 tak latami, za kratami, we wsp\u00f3\u0142czesnym \u015bwiecie.<\/p>\n<p style=\"text-align: justify;\"><strong>Co powiedzia\u0142aby\u015b innym rodzinom uwi\u0119zionych, kt\u00f3re jeszcze si\u0119 wahaj\u0105, czy m\u00f3wi\u0107 publicznie o swoich historiach, czy pozosta\u0107 cicho?<\/strong><\/p>\n<p style=\"text-align: justify;\">M\u00f3wi\u0107 czy milcze\u0107, to jest indywidualny wyb\u00f3r ka\u017cdej osoby. Tutaj nie da si\u0119 czego\u015b doradzi\u0107, ka\u017cdy musi sam podj\u0105\u0107 decyzj\u0119. W przypadku cz\u0119\u015bci je\u0144c\u00f3w z Azowstali rozg\u0142os zadzia\u0142a\u0142, dla wi\u0119kszo\u015bci faktycznie zadzia\u0142a\u0142 on na pocz\u0105tku.<\/p>\n<p style=\"text-align: justify;\">\u00a0<\/p>\n<p style=\"text-align: justify;\"><strong>Autorka:<\/strong> Oleksandra Mazur, \u201eWsp\u00f3lnota O\u0142eniwki\u201d<\/p>\n<p style=\"text-align: justify;\"><strong>T\u0142umaczka<\/strong>: Iga Janik<\/p>\n<p style=\"text-align: justify;\"><strong>Zdj\u0119cia: <\/strong>Archiwum Anny Lobovej<\/p>\n<p style=\"text-align: justify;\">\u00a0<\/p>\n<div class=\"newspaper-x-tags\"><strong><\/strong><span><a href=\"https:\/\/upmp.news\/pl\/tag\/anna-lobova-2\/\" rel=\"tag\">Anna Lobova<\/a><\/span><a href=\"https:\/\/upmp.news\/pl\/tag\/iga-janik\/\" rel=\"tag\">Iga Janik<\/a><\/span><a href=\"https:\/\/upmp.news\/pl\/tag\/oleg-lobova\/\" rel=\"tag\">Oleg \u0141obova<\/a><\/span><a href=\"https:\/\/upmp.news\/pl\/tag\/oleksandra-mazur-2\/\" rel=\"tag\">Oleksandra Mazur<\/a><\/span><a href=\"https:\/\/upmp.news\/pl\/tag\/wspolnota-oleniwki\/\" rel=\"tag\">Wsp\u00f3lnota O\u0142eniwki<\/a> <\/div>","protected":false},"excerpt":{"rendered":"<p>Historia \u017cony je\u0144ca wojennego Olega \u0141obowa, Anny. Opowiedz, prosz\u0119, troch\u0119 o sobie. Kim jeste\u015b, gdzie teraz mieszkasz, kim s\u0105 cz\u0142onkowie twojej rodziny? Nazywam si\u0119 Anna Lobova i jestem \u017con\u0105 je\u0144ca wojennego Oleha Lobova, ci\u0119\u017cko rannego podczas wybuchu w O\u0142eniwce. Razem z c\u00f3rk\u0105 wyjecha\u0142y\u015bmy z okupacji w 2022 roku i teraz mieszkamy w Ukrainie.\u00a0\u00a0\u00a0\u00a0\u00a0 Kim jest [&hellip;]<\/p>\n","protected":false},"author":27,"featured_media":297484,"comment_status":"closed","ping_status":"open","sticky":false,"template":"","format":"standard","meta":{"_exactmetrics_skip_tracking":false,"_exactmetrics_sitenote_active":false,"_exactmetrics_sitenote_note":"","_exactmetrics_sitenote_category":0,"footnotes":""},"categories":[2077,2096],"tags":[26083,25086,26084,21901,23682],"class_list":["post-305304","post","type-post","status-publish","format-standard","has-post-thumbnail","hentry","category-pl-in-ukraine","category-pl-suspilstvo-ua","tag-anna-lobova-2","tag-iga-janik","tag-oleg-lobova","tag-oleksandra-mazur-2","tag-wspolnota-oleniwki"],"yoast_head":"<!-- This site is optimized with the Yoast SEO plugin v27.3 - https:\/\/yoast.com\/product\/yoast-seo-wordpress\/ -->\n<title>\u201eNasza c\u00f3rka od urodzenia nie widzia\u0142a swojego taty\u201dHistoria \u017cony je\u0144ca wojennego Oleha Lobova, Anny &#8211; U.P.M.P<\/title>\n<meta name=\"robots\" content=\"index, follow, max-snippet:-1, max-image-preview:large, max-video-preview:-1\" \/>\n<link rel=\"canonical\" href=\"https:\/\/upmp.news\/pl\/pl-in-ukraine\/nasza-corka-od-urodzenia-nie-widziala-swojego-taty-historia-zony-jenca-wojennego-oleha-lobova-anny\/\" \/>\n<meta property=\"og:locale\" content=\"pl_PL\" \/>\n<meta property=\"og:type\" content=\"article\" \/>\n<meta property=\"og:title\" content=\"\u201eNasza c\u00f3rka od urodzenia nie widzia\u0142a swojego taty\u201dHistoria \u017cony je\u0144ca wojennego Oleha Lobova, Anny &#8211; U.P.M.P\" \/>\n<meta property=\"og:description\" content=\"Historia \u017cony je\u0144ca wojennego Olega \u0141obowa, Anny. Opowiedz, prosz\u0119, troch\u0119 o sobie. Kim jeste\u015b, gdzie teraz mieszkasz, kim s\u0105 cz\u0142onkowie twojej rodziny? Nazywam si\u0119 Anna Lobova i jestem \u017con\u0105 je\u0144ca wojennego Oleha Lobova, ci\u0119\u017cko rannego podczas wybuchu w O\u0142eniwce. Razem z c\u00f3rk\u0105 wyjecha\u0142y\u015bmy z okupacji w 2022 roku i teraz mieszkamy w Ukrainie.\u00a0\u00a0\u00a0\u00a0\u00a0 Kim jest [&hellip;]\" \/>\n<meta property=\"og:url\" content=\"https:\/\/upmp.news\/pl\/pl-in-ukraine\/nasza-corka-od-urodzenia-nie-widziala-swojego-taty-historia-zony-jenca-wojennego-oleha-lobova-anny\/\" \/>\n<meta property=\"og:site_name\" content=\"U.P.M.P\" \/>\n<meta property=\"article:publisher\" content=\"https:\/\/www.facebook.com\/upmp.news\/\" \/>\n<meta property=\"article:published_time\" content=\"2026-04-30T16:27:48+00:00\" \/>\n<meta property=\"article:modified_time\" content=\"2026-04-30T16:27:50+00:00\" \/>\n<meta property=\"og:image\" content=\"https:\/\/upmp.news\/wp-content\/uploads\/2026\/02\/5472002443978674605.jpg\" \/>\n\t<meta property=\"og:image:width\" content=\"1080\" \/>\n\t<meta property=\"og:image:height\" content=\"594\" \/>\n\t<meta property=\"og:image:type\" content=\"image\/jpeg\" \/>\n<meta name=\"author\" content=\"vladimyr\" \/>\n<meta name=\"twitter:card\" content=\"summary_large_image\" \/>\n<meta name=\"twitter:creator\" content=\"@maininua\" \/>\n<meta name=\"twitter:site\" content=\"@maininua\" \/>\n<meta name=\"twitter:label1\" content=\"Napisane przez\" \/>\n\t<meta name=\"twitter:data1\" content=\"vladimyr\" \/>\n\t<meta name=\"twitter:label2\" content=\"Szacowany czas czytania\" \/>\n\t<meta name=\"twitter:data2\" content=\"11 minut\" \/>\n<script type=\"application\/ld+json\" class=\"yoast-schema-graph\">{\"@context\":\"https:\\\/\\\/schema.org\",\"@graph\":[{\"@type\":\"Article\",\"@id\":\"https:\\\/\\\/upmp.news\\\/pl\\\/pl-in-ukraine\\\/nasza-corka-od-urodzenia-nie-widziala-swojego-taty-historia-zony-jenca-wojennego-oleha-lobova-anny\\\/#article\",\"isPartOf\":{\"@id\":\"https:\\\/\\\/upmp.news\\\/pl\\\/pl-in-ukraine\\\/nasza-corka-od-urodzenia-nie-widziala-swojego-taty-historia-zony-jenca-wojennego-oleha-lobova-anny\\\/\"},\"author\":{\"name\":\"vladimyr\",\"@id\":\"https:\\\/\\\/upmp.news\\\/#\\\/schema\\\/person\\\/cebd3113030eb01f184505010f519d71\"},\"headline\":\"\u201eNasza c\u00f3rka od urodzenia nie widzia\u0142a swojego taty\u201dHistoria \u017cony je\u0144ca wojennego Oleha Lobova, Anny\",\"datePublished\":\"2026-04-30T16:27:48+00:00\",\"dateModified\":\"2026-04-30T16:27:50+00:00\",\"mainEntityOfPage\":{\"@id\":\"https:\\\/\\\/upmp.news\\\/pl\\\/pl-in-ukraine\\\/nasza-corka-od-urodzenia-nie-widziala-swojego-taty-historia-zony-jenca-wojennego-oleha-lobova-anny\\\/\"},\"wordCount\":1993,\"image\":{\"@id\":\"https:\\\/\\\/upmp.news\\\/pl\\\/pl-in-ukraine\\\/nasza-corka-od-urodzenia-nie-widziala-swojego-taty-historia-zony-jenca-wojennego-oleha-lobova-anny\\\/#primaryimage\"},\"thumbnailUrl\":\"https:\\\/\\\/upmp.news\\\/wp-content\\\/uploads\\\/2026\\\/02\\\/5472002443978674605.jpg\",\"keywords\":[\"Anna Lobova\",\"Iga Janik\",\"Oleg \u0141obova\",\"Oleksandra Mazur\",\"Wsp\u00f3lnota O\u0142eniwki\"],\"articleSection\":[\"Na Ukrainie\",\"Spo\u0142ecze\u0144stwo\"],\"inLanguage\":\"pl-PL\"},{\"@type\":\"WebPage\",\"@id\":\"https:\\\/\\\/upmp.news\\\/pl\\\/pl-in-ukraine\\\/nasza-corka-od-urodzenia-nie-widziala-swojego-taty-historia-zony-jenca-wojennego-oleha-lobova-anny\\\/\",\"url\":\"https:\\\/\\\/upmp.news\\\/pl\\\/pl-in-ukraine\\\/nasza-corka-od-urodzenia-nie-widziala-swojego-taty-historia-zony-jenca-wojennego-oleha-lobova-anny\\\/\",\"name\":\"\u201eNasza c\u00f3rka od urodzenia nie widzia\u0142a swojego taty\u201dHistoria \u017cony je\u0144ca wojennego Oleha Lobova, Anny &#8211; U.P.M.P\",\"isPartOf\":{\"@id\":\"https:\\\/\\\/upmp.news\\\/#website\"},\"primaryImageOfPage\":{\"@id\":\"https:\\\/\\\/upmp.news\\\/pl\\\/pl-in-ukraine\\\/nasza-corka-od-urodzenia-nie-widziala-swojego-taty-historia-zony-jenca-wojennego-oleha-lobova-anny\\\/#primaryimage\"},\"image\":{\"@id\":\"https:\\\/\\\/upmp.news\\\/pl\\\/pl-in-ukraine\\\/nasza-corka-od-urodzenia-nie-widziala-swojego-taty-historia-zony-jenca-wojennego-oleha-lobova-anny\\\/#primaryimage\"},\"thumbnailUrl\":\"https:\\\/\\\/upmp.news\\\/wp-content\\\/uploads\\\/2026\\\/02\\\/5472002443978674605.jpg\",\"datePublished\":\"2026-04-30T16:27:48+00:00\",\"dateModified\":\"2026-04-30T16:27:50+00:00\",\"author\":{\"@id\":\"https:\\\/\\\/upmp.news\\\/#\\\/schema\\\/person\\\/cebd3113030eb01f184505010f519d71\"},\"breadcrumb\":{\"@id\":\"https:\\\/\\\/upmp.news\\\/pl\\\/pl-in-ukraine\\\/nasza-corka-od-urodzenia-nie-widziala-swojego-taty-historia-zony-jenca-wojennego-oleha-lobova-anny\\\/#breadcrumb\"},\"inLanguage\":\"pl-PL\",\"potentialAction\":[{\"@type\":\"ReadAction\",\"target\":[\"https:\\\/\\\/upmp.news\\\/pl\\\/pl-in-ukraine\\\/nasza-corka-od-urodzenia-nie-widziala-swojego-taty-historia-zony-jenca-wojennego-oleha-lobova-anny\\\/\"]}]},{\"@type\":\"ImageObject\",\"inLanguage\":\"pl-PL\",\"@id\":\"https:\\\/\\\/upmp.news\\\/pl\\\/pl-in-ukraine\\\/nasza-corka-od-urodzenia-nie-widziala-swojego-taty-historia-zony-jenca-wojennego-oleha-lobova-anny\\\/#primaryimage\",\"url\":\"https:\\\/\\\/upmp.news\\\/wp-content\\\/uploads\\\/2026\\\/02\\\/5472002443978674605.jpg\",\"contentUrl\":\"https:\\\/\\\/upmp.news\\\/wp-content\\\/uploads\\\/2026\\\/02\\\/5472002443978674605.jpg\",\"width\":1080,\"height\":594},{\"@type\":\"BreadcrumbList\",\"@id\":\"https:\\\/\\\/upmp.news\\\/pl\\\/pl-in-ukraine\\\/nasza-corka-od-urodzenia-nie-widziala-swojego-taty-historia-zony-jenca-wojennego-oleha-lobova-anny\\\/#breadcrumb\",\"itemListElement\":[{\"@type\":\"ListItem\",\"position\":1,\"name\":\"Home\",\"item\":\"https:\\\/\\\/upmp.news\\\/\"},{\"@type\":\"ListItem\",\"position\":2,\"name\":\"\u201eNasza c\u00f3rka od urodzenia nie widzia\u0142a swojego taty\u201dHistoria \u017cony je\u0144ca wojennego Oleha Lobova, Anny\"}]},{\"@type\":\"WebSite\",\"@id\":\"https:\\\/\\\/upmp.news\\\/#website\",\"url\":\"https:\\\/\\\/upmp.news\\\/\",\"name\":\"U.P.M.P\",\"description\":\"\u0423\u043a\u0440\u0430\u0457\u043d\u043e-\u043f\u043e\u043b\u044c\u0441\u044c\u043a\u0430 \u043c\u0435\u0434\u0456\u0430\u043f\u043b\u0430\u0442\u0444\u043e\u0440\u043c\u0430\",\"potentialAction\":[{\"@type\":\"SearchAction\",\"target\":{\"@type\":\"EntryPoint\",\"urlTemplate\":\"https:\\\/\\\/upmp.news\\\/?s={search_term_string}\"},\"query-input\":{\"@type\":\"PropertyValueSpecification\",\"valueRequired\":true,\"valueName\":\"search_term_string\"}}],\"inLanguage\":\"pl-PL\"},{\"@type\":\"Person\",\"@id\":\"https:\\\/\\\/upmp.news\\\/#\\\/schema\\\/person\\\/cebd3113030eb01f184505010f519d71\",\"name\":\"vladimyr\",\"image\":{\"@type\":\"ImageObject\",\"inLanguage\":\"pl-PL\",\"@id\":\"https:\\\/\\\/upmp.news\\\/wp-content\\\/uploads\\\/2017\\\/12\\\/ava.png\",\"url\":\"https:\\\/\\\/upmp.news\\\/wp-content\\\/uploads\\\/2017\\\/12\\\/ava.png\",\"contentUrl\":\"https:\\\/\\\/upmp.news\\\/wp-content\\\/uploads\\\/2017\\\/12\\\/ava.png\",\"caption\":\"vladimyr\"},\"url\":\"https:\\\/\\\/upmp.news\\\/pl\\\/author\\\/vladimyr\\\/\"}]}<\/script>\n<!-- \/ Yoast SEO plugin. -->","yoast_head_json":{"title":"\u201eNasza c\u00f3rka od urodzenia nie widzia\u0142a swojego taty\u201dHistoria \u017cony je\u0144ca wojennego Oleha Lobova, Anny &#8211; U.P.M.P","robots":{"index":"index","follow":"follow","max-snippet":"max-snippet:-1","max-image-preview":"max-image-preview:large","max-video-preview":"max-video-preview:-1"},"canonical":"https:\/\/upmp.news\/pl\/pl-in-ukraine\/nasza-corka-od-urodzenia-nie-widziala-swojego-taty-historia-zony-jenca-wojennego-oleha-lobova-anny\/","og_locale":"pl_PL","og_type":"article","og_title":"\u201eNasza c\u00f3rka od urodzenia nie widzia\u0142a swojego taty\u201dHistoria \u017cony je\u0144ca wojennego Oleha Lobova, Anny &#8211; U.P.M.P","og_description":"Historia \u017cony je\u0144ca wojennego Olega \u0141obowa, Anny. Opowiedz, prosz\u0119, troch\u0119 o sobie. Kim jeste\u015b, gdzie teraz mieszkasz, kim s\u0105 cz\u0142onkowie twojej rodziny? Nazywam si\u0119 Anna Lobova i jestem \u017con\u0105 je\u0144ca wojennego Oleha Lobova, ci\u0119\u017cko rannego podczas wybuchu w O\u0142eniwce. Razem z c\u00f3rk\u0105 wyjecha\u0142y\u015bmy z okupacji w 2022 roku i teraz mieszkamy w Ukrainie.\u00a0\u00a0\u00a0\u00a0\u00a0 Kim jest [&hellip;]","og_url":"https:\/\/upmp.news\/pl\/pl-in-ukraine\/nasza-corka-od-urodzenia-nie-widziala-swojego-taty-historia-zony-jenca-wojennego-oleha-lobova-anny\/","og_site_name":"U.P.M.P","article_publisher":"https:\/\/www.facebook.com\/upmp.news\/","article_published_time":"2026-04-30T16:27:48+00:00","article_modified_time":"2026-04-30T16:27:50+00:00","og_image":[{"width":1080,"height":594,"url":"https:\/\/upmp.news\/wp-content\/uploads\/2026\/02\/5472002443978674605.jpg","type":"image\/jpeg"}],"author":"vladimyr","twitter_card":"summary_large_image","twitter_creator":"@maininua","twitter_site":"@maininua","twitter_misc":{"Napisane przez":"vladimyr","Szacowany czas czytania":"11 minut"},"schema":{"@context":"https:\/\/schema.org","@graph":[{"@type":"Article","@id":"https:\/\/upmp.news\/pl\/pl-in-ukraine\/nasza-corka-od-urodzenia-nie-widziala-swojego-taty-historia-zony-jenca-wojennego-oleha-lobova-anny\/#article","isPartOf":{"@id":"https:\/\/upmp.news\/pl\/pl-in-ukraine\/nasza-corka-od-urodzenia-nie-widziala-swojego-taty-historia-zony-jenca-wojennego-oleha-lobova-anny\/"},"author":{"name":"vladimyr","@id":"https:\/\/upmp.news\/#\/schema\/person\/cebd3113030eb01f184505010f519d71"},"headline":"\u201eNasza c\u00f3rka od urodzenia nie widzia\u0142a swojego taty\u201dHistoria \u017cony je\u0144ca wojennego Oleha Lobova, Anny","datePublished":"2026-04-30T16:27:48+00:00","dateModified":"2026-04-30T16:27:50+00:00","mainEntityOfPage":{"@id":"https:\/\/upmp.news\/pl\/pl-in-ukraine\/nasza-corka-od-urodzenia-nie-widziala-swojego-taty-historia-zony-jenca-wojennego-oleha-lobova-anny\/"},"wordCount":1993,"image":{"@id":"https:\/\/upmp.news\/pl\/pl-in-ukraine\/nasza-corka-od-urodzenia-nie-widziala-swojego-taty-historia-zony-jenca-wojennego-oleha-lobova-anny\/#primaryimage"},"thumbnailUrl":"https:\/\/upmp.news\/wp-content\/uploads\/2026\/02\/5472002443978674605.jpg","keywords":["Anna Lobova","Iga Janik","Oleg \u0141obova","Oleksandra Mazur","Wsp\u00f3lnota O\u0142eniwki"],"articleSection":["Na Ukrainie","Spo\u0142ecze\u0144stwo"],"inLanguage":"pl-PL"},{"@type":"WebPage","@id":"https:\/\/upmp.news\/pl\/pl-in-ukraine\/nasza-corka-od-urodzenia-nie-widziala-swojego-taty-historia-zony-jenca-wojennego-oleha-lobova-anny\/","url":"https:\/\/upmp.news\/pl\/pl-in-ukraine\/nasza-corka-od-urodzenia-nie-widziala-swojego-taty-historia-zony-jenca-wojennego-oleha-lobova-anny\/","name":"\u201eNasza c\u00f3rka od urodzenia nie widzia\u0142a swojego taty\u201dHistoria \u017cony je\u0144ca wojennego Oleha Lobova, Anny &#8211; U.P.M.P","isPartOf":{"@id":"https:\/\/upmp.news\/#website"},"primaryImageOfPage":{"@id":"https:\/\/upmp.news\/pl\/pl-in-ukraine\/nasza-corka-od-urodzenia-nie-widziala-swojego-taty-historia-zony-jenca-wojennego-oleha-lobova-anny\/#primaryimage"},"image":{"@id":"https:\/\/upmp.news\/pl\/pl-in-ukraine\/nasza-corka-od-urodzenia-nie-widziala-swojego-taty-historia-zony-jenca-wojennego-oleha-lobova-anny\/#primaryimage"},"thumbnailUrl":"https:\/\/upmp.news\/wp-content\/uploads\/2026\/02\/5472002443978674605.jpg","datePublished":"2026-04-30T16:27:48+00:00","dateModified":"2026-04-30T16:27:50+00:00","author":{"@id":"https:\/\/upmp.news\/#\/schema\/person\/cebd3113030eb01f184505010f519d71"},"breadcrumb":{"@id":"https:\/\/upmp.news\/pl\/pl-in-ukraine\/nasza-corka-od-urodzenia-nie-widziala-swojego-taty-historia-zony-jenca-wojennego-oleha-lobova-anny\/#breadcrumb"},"inLanguage":"pl-PL","potentialAction":[{"@type":"ReadAction","target":["https:\/\/upmp.news\/pl\/pl-in-ukraine\/nasza-corka-od-urodzenia-nie-widziala-swojego-taty-historia-zony-jenca-wojennego-oleha-lobova-anny\/"]}]},{"@type":"ImageObject","inLanguage":"pl-PL","@id":"https:\/\/upmp.news\/pl\/pl-in-ukraine\/nasza-corka-od-urodzenia-nie-widziala-swojego-taty-historia-zony-jenca-wojennego-oleha-lobova-anny\/#primaryimage","url":"https:\/\/upmp.news\/wp-content\/uploads\/2026\/02\/5472002443978674605.jpg","contentUrl":"https:\/\/upmp.news\/wp-content\/uploads\/2026\/02\/5472002443978674605.jpg","width":1080,"height":594},{"@type":"BreadcrumbList","@id":"https:\/\/upmp.news\/pl\/pl-in-ukraine\/nasza-corka-od-urodzenia-nie-widziala-swojego-taty-historia-zony-jenca-wojennego-oleha-lobova-anny\/#breadcrumb","itemListElement":[{"@type":"ListItem","position":1,"name":"Home","item":"https:\/\/upmp.news\/"},{"@type":"ListItem","position":2,"name":"\u201eNasza c\u00f3rka od urodzenia nie widzia\u0142a swojego taty\u201dHistoria \u017cony je\u0144ca wojennego Oleha Lobova, Anny"}]},{"@type":"WebSite","@id":"https:\/\/upmp.news\/#website","url":"https:\/\/upmp.news\/","name":"U.P.M.P","description":"\u0423\u043a\u0440\u0430\u0457\u043d\u043e-\u043f\u043e\u043b\u044c\u0441\u044c\u043a\u0430 \u043c\u0435\u0434\u0456\u0430\u043f\u043b\u0430\u0442\u0444\u043e\u0440\u043c\u0430","potentialAction":[{"@type":"SearchAction","target":{"@type":"EntryPoint","urlTemplate":"https:\/\/upmp.news\/?s={search_term_string}"},"query-input":{"@type":"PropertyValueSpecification","valueRequired":true,"valueName":"search_term_string"}}],"inLanguage":"pl-PL"},{"@type":"Person","@id":"https:\/\/upmp.news\/#\/schema\/person\/cebd3113030eb01f184505010f519d71","name":"vladimyr","image":{"@type":"ImageObject","inLanguage":"pl-PL","@id":"https:\/\/upmp.news\/wp-content\/uploads\/2017\/12\/ava.png","url":"https:\/\/upmp.news\/wp-content\/uploads\/2017\/12\/ava.png","contentUrl":"https:\/\/upmp.news\/wp-content\/uploads\/2017\/12\/ava.png","caption":"vladimyr"},"url":"https:\/\/upmp.news\/pl\/author\/vladimyr\/"}]}},"_links":{"self":[{"href":"https:\/\/upmp.news\/pl\/wp-json\/wp\/v2\/posts\/305304","targetHints":{"allow":["GET"]}}],"collection":[{"href":"https:\/\/upmp.news\/pl\/wp-json\/wp\/v2\/posts"}],"about":[{"href":"https:\/\/upmp.news\/pl\/wp-json\/wp\/v2\/types\/post"}],"author":[{"embeddable":true,"href":"https:\/\/upmp.news\/pl\/wp-json\/wp\/v2\/users\/27"}],"replies":[{"embeddable":true,"href":"https:\/\/upmp.news\/pl\/wp-json\/wp\/v2\/comments?post=305304"}],"version-history":[{"count":1,"href":"https:\/\/upmp.news\/pl\/wp-json\/wp\/v2\/posts\/305304\/revisions"}],"predecessor-version":[{"id":305309,"href":"https:\/\/upmp.news\/pl\/wp-json\/wp\/v2\/posts\/305304\/revisions\/305309"}],"wp:featuredmedia":[{"embeddable":true,"href":"https:\/\/upmp.news\/pl\/wp-json\/wp\/v2\/media\/297484"}],"wp:attachment":[{"href":"https:\/\/upmp.news\/pl\/wp-json\/wp\/v2\/media?parent=305304"}],"wp:term":[{"taxonomy":"category","embeddable":true,"href":"https:\/\/upmp.news\/pl\/wp-json\/wp\/v2\/categories?post=305304"},{"taxonomy":"post_tag","embeddable":true,"href":"https:\/\/upmp.news\/pl\/wp-json\/wp\/v2\/tags?post=305304"}],"curies":[{"name":"wp","href":"https:\/\/api.w.org\/{rel}","templated":true}]}}