{"id":64173,"date":"2019-09-28T10:27:53","date_gmt":"2019-09-28T08:27:53","guid":{"rendered":"https:\/\/upmp.news\/?p=64173"},"modified":"2019-09-28T10:27:53","modified_gmt":"2019-09-28T08:27:53","slug":"ksiega-wysiedlonych-1947","status":"publish","type":"post","link":"https:\/\/upmp.news\/pl\/pl-in-polish\/ksiega-wysiedlonych-1947\/","title":{"rendered":"Ksi\u0119ga wysiedlonych 1947"},"content":{"rendered":"<h4 style=\"text-align: justify;\"><span style=\"font-size: 18pt; font-family: times new roman, times, serif; color: #000000;\">Ocali\u0107 od zapomnienia imiona i nazwiska 150 tys. Ukrai\u0144c\u00f3w wysiedlonych w 1947 r. w Akcji \u201eWis\u0142a\u201d. <span lang=\"pl-PL\">Informuje o tym <\/span>Upmp.news<span lang=\"pl-PL\"><a style=\"color: #000000;\" href=\"https:\/\/emisilo.pl\"> powo\u0142uj\u0105c <\/a>si\u0119 na Emisilo.pl.<\/span><\/span><\/h4>\n<p style=\"text-align: justify;\"><span style=\"font-size: 14pt; font-family: times new roman, times, serif; color: #000000;\">Pomys\u0142 opracowania \u201eKsi\u0119gi wysiedlonych 1947\u201d zrodzi\u0142 si\u0119 podczas prac nad ksi\u0105\u017ck\u0105 <em>Akcja<\/em> <em>\u201eWis\u0142a\u201d<\/em>. W\u015br\u00f3d tysi\u0119cy r\u00f3\u017cnych dokument\u00f3w Grupy Operacyjnej \u201eWis\u0142a\u201d, Pa\u0144stwowego Urz\u0119du Repatriacyjnego, Ministerstwa Bezpiecze\u0144stwa Publicznego i Ministerstwa Ziem Odzyskanych, odnalezionych w archiwach, by\u0142y r\u00f3wnie\u017c listy transportowe rodzin ukrai\u0144skich i mieszanych polsko-ukrai\u0144skich wywiezionych na tzw. ziemie odzyskane.<\/span><\/p>\n<p><img loading=\"lazy\" decoding=\"async\" class=\" wp-image-64175 aligncenter\" src=\"https:\/\/upmp.news\/wp-content\/uploads\/2019\/09\/2-15-1015x1555.jpg\" alt=\"\" width=\"545\" height=\"835\" srcset=\"https:\/\/upmp.news\/wp-content\/uploads\/2019\/09\/2-15-1015x1555.jpg 1015w, https:\/\/upmp.news\/wp-content\/uploads\/2019\/09\/2-15-196x300.jpg 196w, https:\/\/upmp.news\/wp-content\/uploads\/2019\/09\/2-15-768x1176.jpg 768w, https:\/\/upmp.news\/wp-content\/uploads\/2019\/09\/2-15-1436x2200.jpg 1436w, https:\/\/upmp.news\/wp-content\/uploads\/2019\/09\/2-15-783x1200.jpg 783w, https:\/\/upmp.news\/wp-content\/uploads\/2019\/09\/2-15-927x1420.jpg 927w, https:\/\/upmp.news\/wp-content\/uploads\/2019\/09\/2-15-522x800.jpg 522w, https:\/\/upmp.news\/wp-content\/uploads\/2019\/09\/2-15-131x200.jpg 131w\" sizes=\"auto, (max-width: 545px) 100vw, 545px\" \/><\/p>\n<p style=\"text-align: justify;\"><span style=\"font-size: 14pt; font-family: times new roman, times, serif; color: #000000;\">W 2003 r. zwr\u00f3ci\u0142em si\u0119 z apelem do \u015brodowisk ukrai\u0144skich w Polsce o w\u0142\u0105czenie si\u0119 do prac nad \u201eKsi\u0119g\u0105 wysiedlonych\u201d, przekazywanie informacji dotycz\u0105cych ich rodzinnych miejscowo\u015bci, nazwisk rodzin ukrai\u0144skich zamieszkuj\u0105cych je do czasu wysiedlenia na Ukrain\u0119 Radzieck\u0105 (1944\u20131946) i w Akcji \u201eWis\u0142a\u201d, plan\u00f3w wsi, pami\u0105tek, fotografii, relacji opisuj\u0105cych wysiedlenie. W tym celu opracowa\u0142em poradnik oraz formularz (\u201e\u0141ystok wyse\u0142enoho\u201d) do zapisywania danych wysiedle\u0144c\u00f3w.<\/span><\/p>\n<p><img loading=\"lazy\" decoding=\"async\" class=\" wp-image-64177 aligncenter\" src=\"https:\/\/upmp.news\/wp-content\/uploads\/2019\/09\/3-11.jpg\" alt=\"\" width=\"563\" height=\"704\" srcset=\"https:\/\/upmp.news\/wp-content\/uploads\/2019\/09\/3-11.jpg 819w, https:\/\/upmp.news\/wp-content\/uploads\/2019\/09\/3-11-240x300.jpg 240w, https:\/\/upmp.news\/wp-content\/uploads\/2019\/09\/3-11-768x960.jpg 768w, https:\/\/upmp.news\/wp-content\/uploads\/2019\/09\/3-11-640x800.jpg 640w, https:\/\/upmp.news\/wp-content\/uploads\/2019\/09\/3-11-160x200.jpg 160w\" sizes=\"auto, (max-width: 563px) 100vw, 563px\" \/><\/p>\n<p style=\"text-align: justify;\"><span style=\"font-size: 14pt; font-family: times new roman, times, serif; color: #000000;\">Odzew by\u0142 stosunkowo ograniczony. Mimo up\u0142ywu lat wiele os\u00f3b wci\u0105\u017c obawia si\u0119 ujawnienia swej to\u017csamo\u015bci narodowej. Jednak materia\u0142y, kt\u00f3re od tamtego czasu zgromadzi\u0142em, a w szczeg\u00f3lno\u015bci dokumenty odnalezione w archiwach, s\u0105 na tyle cenne, \u017ce utwierdzi\u0142y mnie w przekonaniu o potrzebie kontynuowania tego projektu.<\/span><\/p>\n<p><img loading=\"lazy\" decoding=\"async\" class=\" wp-image-64178 aligncenter\" src=\"https:\/\/upmp.news\/wp-content\/uploads\/2019\/09\/4-10.jpg\" alt=\"\" width=\"579\" height=\"811\" srcset=\"https:\/\/upmp.news\/wp-content\/uploads\/2019\/09\/4-10.jpg 731w, https:\/\/upmp.news\/wp-content\/uploads\/2019\/09\/4-10-214x300.jpg 214w, https:\/\/upmp.news\/wp-content\/uploads\/2019\/09\/4-10-571x800.jpg 571w, https:\/\/upmp.news\/wp-content\/uploads\/2019\/09\/4-10-143x200.jpg 143w\" sizes=\"auto, (max-width: 579px) 100vw, 579px\" \/><\/p>\n<p style=\"text-align: justify;\"><span style=\"font-size: 14pt; font-family: times new roman, times, serif; color: #000000;\">\u201eKsi\u0119ga wysiedlonych\u201d b\u0119dzie mia\u0142a charakter interaktywnej bazy komputerowej powi\u0105zanej z map\u0105 miejscowo\u015bci, a nie tradycyjnej ksi\u0105\u017cki w wersji papierowej. Pozwoli to unikn\u0105\u0107 wysokich koszt\u00f3w druku i uzupe\u0142nia\u0107 na bie\u017c\u0105co jej zawarto\u015b\u0107 o nowe dane, nazwiska, informacje, fotografie. Ale przede wszystkim umo\u017cliwi dost\u0119p do jej zawarto\u015bci ka\u017cdemu zainteresowanemu za po\u015brednictwem internetu i da szans\u0119 aktywnego wsp\u00f3\u0142uczestniczenia w jej tworzeniu.<\/span><\/p>\n<p style=\"text-align: justify;\"><span style=\"font-size: 14pt; font-family: times new roman, times, serif; color: #000000;\">\u201eKsi\u0119ga wysiedlonych\u201d sk\u0142ada\u0107 si\u0119 b\u0119dzie z nast\u0119puj\u0105cych element\u00f3w:<\/span><\/p>\n<ol style=\"text-align: justify;\">\n<li><span style=\"font-size: 14pt; font-family: times new roman, times, serif; color: #000000;\">Cz\u0119\u015bci opisowej zawieraj\u0105cej informacje historyczne o danej miejscowo\u015bci i jej mieszka\u0144cach, ich powojennych losach, w tym wysiedleniu do USRR (1944\u20131946), komunistycznych represjach (skazani przez s\u0105dy wojskowe, uwi\u0119zieni w obozie w Jaworznie, zamordowani przez podziemie).<\/span><\/li>\n<li><span style=\"font-size: 14pt; font-family: times new roman, times, serif; color: #000000;\">Dat wysiedlenia danej miejscowo\u015bci, liczby wysiedlonych rodzin (os\u00f3b), nazwy stacji kolejowej za\u0142adowczej i docelowych na \u201eziemiach odzyskanych\u201d, numer\u00f3w transport\u00f3w wysiedle\u0144czych.<\/span><\/li>\n<li><span style=\"font-size: 14pt; font-family: times new roman, times, serif; color: #000000;\">Fotografii oraz fotokopii dokument\u00f3w dotycz\u0105cych danej miejscowo\u015bci i jej mieszka\u0144c\u00f3w.<\/span><\/li>\n<li><span style=\"font-size: 14pt; font-family: times new roman, times, serif; color: #000000;\">Map z zaznaczon\u0105 lokalizacj\u0105 poszczeg\u00f3lnych miejscowo\u015bci.<\/span><\/li>\n<li><span style=\"font-size: 14pt; font-family: times new roman, times, serif; color: #000000;\">Wykaz\u00f3w nazwisk rodzin i os\u00f3b wysiedlonych z poszczeg\u00f3lnych miejscowo\u015bci opracowanych na podstawie list transportowych PUR, Grupy Operacyjnej \u201eWis\u0142a\u201d oraz danych os\u00f3b prywatnych.<\/span><\/li>\n<\/ol>\n<p style=\"text-align: justify;\"><span style=\"font-size: 14pt; font-family: times new roman, times, serif; color: #000000;\"><strong>\u00a0<\/strong><strong>NOTA INFORMACYJNA<\/strong><\/span><\/p>\n<p style=\"text-align: justify;\"><span style=\"font-size: 14pt; font-family: times new roman, times, serif; color: #000000;\">Z ponad 5 mln ukrai\u0144skiej mniejszo\u015bci narodowej zamieszka\u0142ej w Polsce przed 1939 r., po wytyczeniu nowych granic w lipcu 1944 roku pozosta\u0142o niespe\u0142na 700 tys. Z tej liczby oko\u0142o 500 tys. Ukrai\u0144c\u00f3w wysiedlono w latach 1944\u20131946 do USRR i 150 tys. w 1947 r. w Akcji \u201eWis\u0142a\u201d na ziemie zachodnie i p\u00f3\u0142nocne Polski. Pozosta\u0142y osoby z rodzin mieszanych, kt\u00f3re unikn\u0119\u0142y wyw\u00f3zki i Ukrai\u0144cy zamieszkali w powiecie Bielsk Podlaski w wojew\u00f3dztwie bia\u0142ostockim, nieobj\u0119te wysiedleniem do USRR i Akcj\u0105 \u201eWis\u0142a\u201d.<\/span><\/p>\n<p><img loading=\"lazy\" decoding=\"async\" class=\" wp-image-64179 aligncenter\" src=\"https:\/\/upmp.news\/wp-content\/uploads\/2019\/09\/5-9.jpg\" alt=\"\" width=\"809\" height=\"539\" srcset=\"https:\/\/upmp.news\/wp-content\/uploads\/2019\/09\/5-9.jpg 1024w, https:\/\/upmp.news\/wp-content\/uploads\/2019\/09\/5-9-300x200.jpg 300w, https:\/\/upmp.news\/wp-content\/uploads\/2019\/09\/5-9-768x512.jpg 768w\" sizes=\"auto, (max-width: 809px) 100vw, 809px\" \/><\/p>\n<p style=\"text-align: justify;\"><span style=\"font-size: 14pt; font-family: times new roman, times, serif; color: #000000;\">Wzorowana na linii Curzona granica wschodnia oddziela\u0142a od Polski ziemie ukrai\u0144skie przy\u0142\u0105czone do niej przed sze\u015bcioma wiekami, stanowi\u0105ce w \u015bwiadomo\u015bci historycznej Polak\u00f3w integraln\u0105 cz\u0119\u015b\u0107 jej terytorium. R\u00f3wnocze\u015bnie odcina\u0142a od Ukrainy najdalej na zach\u00f3d wysuni\u0119t\u0105 cz\u0119\u015b\u0107 jej ziem etnicznych. Ukrai\u0144cy nie stanowili na tych terenach elementu nap\u0142ywowego. Podlasie, Che\u0142mszczyzna, Hrubieszowskie, Nadsanie, Bojkowszczyzna i \u0141emkowszczyzna by\u0142y Kresami Zachodnimi etnicznych ziem ukrai\u0144skich, zwanych cz\u0119sto \u201eZakerzoniem\u201d. Ze wszystkimi cechami pogranicza historycznego, kulturowego, j\u0119zykowego i religijnego \u2013 naturalnym wzajemnym przenikaniem si\u0119 kultur przy r\u00f3wnoczesnym, silnym d\u0105\u017ceniu do zachowania w\u0142asnej to\u017csamo\u015bci narodowej.<\/span><\/p>\n<p style=\"text-align: justify;\"><span style=\"font-size: 14pt; font-family: times new roman, times, serif; color: #000000;\">W odr\u00f3\u017cnieniu od Polak\u00f3w z Kres\u00f3w Wschodnich zmiana granic dla Ukrai\u0144c\u00f3w z \u201eZakerzonia\u201d nie oznacza\u0142a zmiany pa\u0144stwowo\u015bci i konieczno\u015bci wyrzeczenia si\u0119 polskiego obywatelstwa, a przesiedlenie \u2013 powrotu do ojczyzny. Dla nich realn\u0105 ojczyzn\u0105 by\u0142a ziemia stanowi\u0105ca od pokole\u0144 ich ojcowizn\u0119. W \u015bwiadomo\u015bci tych ludzi \u2013 by\u0142a to ziemia ukrai\u0144ska czy jak si\u0119 w\u00f3wczas mawia\u0142o na \u0141emkowszczy\u017anie \u2013 \u201eruska\u201d.<\/span><\/p>\n<p><img loading=\"lazy\" decoding=\"async\" class=\" wp-image-64181 aligncenter\" src=\"https:\/\/upmp.news\/wp-content\/uploads\/2019\/09\/13-19-1030x1555.jpg\" alt=\"\" width=\"641\" height=\"968\" srcset=\"https:\/\/upmp.news\/wp-content\/uploads\/2019\/09\/13-19-1030x1555.jpg 1030w, https:\/\/upmp.news\/wp-content\/uploads\/2019\/09\/13-19-199x300.jpg 199w, https:\/\/upmp.news\/wp-content\/uploads\/2019\/09\/13-19-768x1160.jpg 768w, https:\/\/upmp.news\/wp-content\/uploads\/2019\/09\/13-19-1457x2200.jpg 1457w, https:\/\/upmp.news\/wp-content\/uploads\/2019\/09\/13-19-795x1200.jpg 795w, https:\/\/upmp.news\/wp-content\/uploads\/2019\/09\/13-19-940x1420.jpg 940w, https:\/\/upmp.news\/wp-content\/uploads\/2019\/09\/13-19-530x800.jpg 530w, https:\/\/upmp.news\/wp-content\/uploads\/2019\/09\/13-19-132x200.jpg 132w\" sizes=\"auto, (max-width: 641px) 100vw, 641px\" \/><\/p>\n<p style=\"text-align: justify;\"><span style=\"font-size: 14pt; font-family: times new roman, times, serif; color: #000000;\">Oddalenie od tradycyjnych centr\u00f3w Ukrainy sprawi\u0142o, \u017ce miejscowa ludno\u015b\u0107 ukrai\u0144ska by\u0142a silnie zr\u00f3\u017cnicowana politycznie, religijnie, jak te\u017c pod wzgl\u0119dem stopnia rozwoju \u015bwiadomo\u015bci narodowej. Konstatacja ta jest niezmiernie istotna dla zrozumienia postaw Ukrai\u0144c\u00f3w po 1944 r., jak te\u017c dla nale\u017cytej oceny realizowanej wobec nich polityki pa\u0144stwa polskiego, kt\u00f3re nie uwzgl\u0119dniaj\u0105c tych czynnik\u00f3w, traktowa\u0142o spo\u0142eczno\u015b\u0107 ukrai\u0144sk\u0105 instrumentalnie, jako jednorodn\u0105 mas\u0119 o wyra\u017anie nacjonalistycznym, antypolskim i antykomunistycznym obliczu.<\/span><\/p>\n<p><img loading=\"lazy\" decoding=\"async\" class=\" wp-image-64183 aligncenter\" src=\"https:\/\/upmp.news\/wp-content\/uploads\/2019\/09\/14-21-1555x1033.jpg\" alt=\"\" width=\"742\" height=\"493\" srcset=\"https:\/\/upmp.news\/wp-content\/uploads\/2019\/09\/14-21-1555x1033.jpg 1555w, https:\/\/upmp.news\/wp-content\/uploads\/2019\/09\/14-21-300x199.jpg 300w, https:\/\/upmp.news\/wp-content\/uploads\/2019\/09\/14-21-768x510.jpg 768w, https:\/\/upmp.news\/wp-content\/uploads\/2019\/09\/14-21-1200x797.jpg 1200w, https:\/\/upmp.news\/wp-content\/uploads\/2019\/09\/14-21-1204x800.jpg 1204w, https:\/\/upmp.news\/wp-content\/uploads\/2019\/09\/14-21-301x200.jpg 301w\" sizes=\"auto, (max-width: 742px) 100vw, 742px\" \/><\/p>\n<p style=\"text-align: justify;\"><span style=\"font-size: 14pt; font-family: times new roman, times, serif; color: #000000;\">Na podstawie meldunk\u00f3w oddzia\u0142\u00f3w wojskowych bior\u0105cych udzia\u0142 w wysiedleniu Ukrai\u0144c\u00f3w w Akcji \u201eWis\u0142a\u201d, ustalono, \u017ce od 28 kwietnia do 15 sierpnia 1947 r. z co najmniej 1244 miejscowo\u015bci po\u0142o\u017conych w 22 powiatach, 3 wojew\u00f3dztwach, deportowano \u0142\u0105cznie 147 175 os\u00f3b, w tym z wojew\u00f3dztwa krakowskiego 9307, lubelskiego 34 722, rzeszowskiego 103 146. Natomiast wed\u0142ug zestawie\u0144 Pa\u0144stwowego Urz\u0119du Repatriacyjnego i raport\u00f3w Sztabu Generalnego w czasie Akcji \u201eWis\u0142a\u201d w 442 transportach wywieziono og\u00f3\u0142em 33 tys. rodzin, 140 660 os\u00f3b, w tym: z wojew\u00f3dztwa krakowskiego \u2013 10 510 os\u00f3b, lubelskiego \u2013 44 728, rzeszowskiego \u2013 85 339. Osiedlono ich w rozproszeniu na terenie 5 wojew\u00f3dztw w 66 powiatach, w tym wojew\u00f3dztwie bia\u0142ostockim \u2013 991 os\u00f3b, gda\u0144skim \u2013 6838, olszty\u0144skim \u2013 55 089, pozna\u0144skim \u2013 8 042, szczeci\u0144skim \u2013 48 465, wroc\u0142awskim \u2013 21 235.<\/span><\/p>\n<p><img loading=\"lazy\" decoding=\"async\" class=\" wp-image-64184 aligncenter\" src=\"https:\/\/upmp.news\/wp-content\/uploads\/2019\/09\/8-7.jpg\" alt=\"\" width=\"820\" height=\"391\" srcset=\"https:\/\/upmp.news\/wp-content\/uploads\/2019\/09\/8-7.jpg 1454w, https:\/\/upmp.news\/wp-content\/uploads\/2019\/09\/8-7-300x143.jpg 300w, https:\/\/upmp.news\/wp-content\/uploads\/2019\/09\/8-7-768x366.jpg 768w, https:\/\/upmp.news\/wp-content\/uploads\/2019\/09\/8-7-1200x572.jpg 1200w, https:\/\/upmp.news\/wp-content\/uploads\/2019\/09\/8-7-1240x591.jpg 1240w, https:\/\/upmp.news\/wp-content\/uploads\/2019\/09\/8-7-310x148.jpg 310w\" sizes=\"auto, (max-width: 820px) 100vw, 820px\" \/><\/p>\n<p style=\"text-align: justify;\"><span style=\"font-size: 14pt; font-family: times new roman, times, serif; color: #000000;\">Pierwszy transport wysiedle\u0144czy oznaczony jako R-10 wyruszy\u0142 z obszaru \u201eS\u201d (Sanok) 29 kwietnia 1947 r. ze stacji kolejowej Szczawne w powiecie Sanok i przez O\u015bwi\u0119cim, a nast\u0119pnie punkt rozdzielczy w Szczecinku, dotar\u0142 3 maja 1947 r. do S\u0142upska. Ostatni \u2013 R-509 \u2013 wys\u0142ano 8 sierpnia ze stacji Zwierzyniec i 12 sierpnia przyby\u0142 do Bia\u0142ogardu-Tychowa.<\/span><\/p>\n<p><img loading=\"lazy\" decoding=\"async\" class=\" wp-image-64185 aligncenter\" src=\"https:\/\/upmp.news\/wp-content\/uploads\/2019\/09\/9-5-1030x1555.jpg\" alt=\"\" width=\"629\" height=\"949\" srcset=\"https:\/\/upmp.news\/wp-content\/uploads\/2019\/09\/9-5-1030x1555.jpg 1030w, https:\/\/upmp.news\/wp-content\/uploads\/2019\/09\/9-5-199x300.jpg 199w, https:\/\/upmp.news\/wp-content\/uploads\/2019\/09\/9-5-768x1159.jpg 768w, https:\/\/upmp.news\/wp-content\/uploads\/2019\/09\/9-5-1457x2200.jpg 1457w, https:\/\/upmp.news\/wp-content\/uploads\/2019\/09\/9-5-795x1200.jpg 795w, https:\/\/upmp.news\/wp-content\/uploads\/2019\/09\/9-5-941x1420.jpg 941w, https:\/\/upmp.news\/wp-content\/uploads\/2019\/09\/9-5-530x800.jpg 530w, https:\/\/upmp.news\/wp-content\/uploads\/2019\/09\/9-5-132x200.jpg 132w\" sizes=\"auto, (max-width: 629px) 100vw, 629px\" \/><\/p>\n<p style=\"text-align: justify;\"><span style=\"font-size: 14pt; font-family: times new roman, times, serif; color: #000000;\">Szczeg\u00f3\u0142owe zestawienie 1244 wysiedlonych miejscowo\u015bci i 442 transport\u00f3w wysiedle\u0144czych, kt\u00f3re b\u0119dzie podstaw\u0105 do opracowania \u201eKsi\u0119gi wysiedlonych\u201d, podaj\u0119 w mojej ksi\u0105\u017cce <em>Akcja \u201eWis\u0142a\u201d 1947. Dokumenty i materia\u0142y<\/em>, za\u0142\u0105czniki nr 1\u20133. Zawiera ono dzienne daty wysiedlenia Ukrai\u0144c\u00f3w z danej miejscowo\u015bci, liczb\u0119 wysiedlonych i wywiezionych os\u00f3b w poszczeg\u00f3lnych transportach, liczb\u0119 pozosta\u0142ych w danej miejscowo\u015bci Polak\u00f3w lub os\u00f3b z rodzin mieszanych. Jest to jak dotychczas jedyny i najpe\u0142niejszy tego rodzaju wykaz. https:\/\/emisilo.pl\/wp-content\/uploads\/Akcja-Wis%C5%82a-2014.pdf<\/span><\/p>\n<p><img loading=\"lazy\" decoding=\"async\" class=\" wp-image-64186 aligncenter\" src=\"https:\/\/upmp.news\/wp-content\/uploads\/2019\/09\/15-22.jpg\" alt=\"\" width=\"625\" height=\"875\" srcset=\"https:\/\/upmp.news\/wp-content\/uploads\/2019\/09\/15-22.jpg 731w, https:\/\/upmp.news\/wp-content\/uploads\/2019\/09\/15-22-214x300.jpg 214w, https:\/\/upmp.news\/wp-content\/uploads\/2019\/09\/15-22-571x800.jpg 571w, https:\/\/upmp.news\/wp-content\/uploads\/2019\/09\/15-22-143x200.jpg 143w\" sizes=\"auto, (max-width: 625px) 100vw, 625px\" \/><\/p>\n<p style=\"text-align: justify;\"><span style=\"font-size: 14pt; font-family: times new roman, times, serif; color: #000000;\">Lektura wykaz\u00f3w wysiedlonych miejscowo\u015bci jest przygn\u0119biaj\u0105ca. Po wielu z nich nie ma ju\u017c dzi\u015b \u015bladu. Cz\u0119\u015b\u0107 zosta\u0142a spalona przez wojsko, (szczeg\u00f3lnie te, kt\u00f3re znajdowa\u0142y si\u0119 w pobli\u017cu kompleks\u00f3w le\u015bnych) lub przez UPA, by uniemo\u017cliwi\u0107 zasiedlanie ich polskimi osadnikami. Pozosta\u0142e, opustosza\u0142e przez wiele lat, uleg\u0142y samoistnej zag\u0142adzie. O ich istnieniu \u015bwiadcz\u0105 dzi\u015b ju\u017c tylko nazwy na przedwojennych mapach i poros\u0142e lasem cmentarze. B\u0119dzie te\u017c \u201eKsi\u0119ga wysiedlonych 1947\u201d.<\/span><\/p>\n<p><img loading=\"lazy\" decoding=\"async\" class=\" wp-image-64187 aligncenter\" src=\"https:\/\/upmp.news\/wp-content\/uploads\/2019\/09\/12-28.jpg\" alt=\"\" width=\"610\" height=\"786\" srcset=\"https:\/\/upmp.news\/wp-content\/uploads\/2019\/09\/12-28.jpg 600w, https:\/\/upmp.news\/wp-content\/uploads\/2019\/09\/12-28-233x300.jpg 233w, https:\/\/upmp.news\/wp-content\/uploads\/2019\/09\/12-28-155x200.jpg 155w\" sizes=\"auto, (max-width: 610px) 100vw, 610px\" \/><\/p>\n<div class=\"newspaper-x-tags\"><strong><\/strong><span><a href=\"https:\/\/upmp.news\/pl\/tag\/wisla\/\" rel=\"tag\">Wis\u0142a<\/a> <\/div>\n","protected":false},"excerpt":{"rendered":"<p>Ocali\u0107 od zapomnienia imiona i nazwiska 150 tys. Ukrai\u0144c\u00f3w wysiedlonych w 1947 r. w Akcji \u201eWis\u0142a\u201d. Informuje o tym Upmp.news powo\u0142uj\u0105c si\u0119 na Emisilo.pl. Pomys\u0142 opracowania \u201eKsi\u0119gi wysiedlonych 1947\u201d zrodzi\u0142 si\u0119 podczas prac nad ksi\u0105\u017ck\u0105 Akcja \u201eWis\u0142a\u201d. W\u015br\u00f3d tysi\u0119cy r\u00f3\u017cnych dokument\u00f3w Grupy Operacyjnej \u201eWis\u0142a\u201d, Pa\u0144stwowego Urz\u0119du Repatriacyjnego, Ministerstwa Bezpiecze\u0144stwa Publicznego i Ministerstwa Ziem Odzyskanych, odnalezionych [&hellip;]<\/p>\n","protected":false},"author":27,"featured_media":64176,"comment_status":"closed","ping_status":"open","sticky":false,"template":"","format":"standard","meta":{"_exactmetrics_skip_tracking":false,"_exactmetrics_sitenote_active":false,"_exactmetrics_sitenote_note":"","_exactmetrics_sitenote_category":0,"footnotes":""},"categories":[2075,2078],"tags":[13420],"class_list":["post-64173","post","type-post","status-publish","format-standard","has-post-thumbnail","hentry","category-pl-suspilstvo-pl","category-pl-in-polish","tag-wisla"],"yoast_head":"<!-- This site is optimized with the Yoast SEO plugin v27.3 - https:\/\/yoast.com\/product\/yoast-seo-wordpress\/ -->\n<title>Ksi\u0119ga wysiedlonych 1947 &#8211; U.P.M.P<\/title>\n<meta name=\"robots\" content=\"index, follow, max-snippet:-1, max-image-preview:large, max-video-preview:-1\" \/>\n<link rel=\"canonical\" href=\"https:\/\/upmp.news\/pl\/pl-in-polish\/ksiega-wysiedlonych-1947\/\" \/>\n<meta property=\"og:locale\" content=\"pl_PL\" \/>\n<meta property=\"og:type\" content=\"article\" \/>\n<meta property=\"og:title\" content=\"Ksi\u0119ga wysiedlonych 1947 &#8211; U.P.M.P\" \/>\n<meta property=\"og:description\" content=\"Ocali\u0107 od zapomnienia imiona i nazwiska 150 tys. Ukrai\u0144c\u00f3w wysiedlonych w 1947 r. w Akcji \u201eWis\u0142a\u201d. Informuje o tym Upmp.news powo\u0142uj\u0105c si\u0119 na Emisilo.pl. Pomys\u0142 opracowania \u201eKsi\u0119gi wysiedlonych 1947\u201d zrodzi\u0142 si\u0119 podczas prac nad ksi\u0105\u017ck\u0105 Akcja \u201eWis\u0142a\u201d. W\u015br\u00f3d tysi\u0119cy r\u00f3\u017cnych dokument\u00f3w Grupy Operacyjnej \u201eWis\u0142a\u201d, Pa\u0144stwowego Urz\u0119du Repatriacyjnego, Ministerstwa Bezpiecze\u0144stwa Publicznego i Ministerstwa Ziem Odzyskanych, odnalezionych [&hellip;]\" \/>\n<meta property=\"og:url\" content=\"https:\/\/upmp.news\/pl\/pl-in-polish\/ksiega-wysiedlonych-1947\/\" \/>\n<meta property=\"og:site_name\" content=\"U.P.M.P\" \/>\n<meta property=\"article:publisher\" content=\"https:\/\/www.facebook.com\/upmp.news\/\" \/>\n<meta property=\"article:published_time\" content=\"2019-09-28T08:27:53+00:00\" \/>\n<meta property=\"og:image\" content=\"https:\/\/upmp.news\/wp-content\/uploads\/2019\/09\/1-12.jpg\" \/>\n\t<meta property=\"og:image:width\" content=\"1454\" \/>\n\t<meta property=\"og:image:height\" content=\"540\" \/>\n\t<meta property=\"og:image:type\" content=\"image\/jpeg\" \/>\n<meta name=\"author\" content=\"vladimyr\" \/>\n<meta name=\"twitter:card\" content=\"summary_large_image\" \/>\n<meta name=\"twitter:creator\" content=\"@maininua\" \/>\n<meta name=\"twitter:site\" content=\"@maininua\" \/>\n<meta name=\"twitter:label1\" content=\"Napisane przez\" \/>\n\t<meta name=\"twitter:data1\" content=\"vladimyr\" \/>\n\t<meta name=\"twitter:label2\" content=\"Szacowany czas czytania\" \/>\n\t<meta name=\"twitter:data2\" content=\"6 minut\" \/>\n<script type=\"application\/ld+json\" class=\"yoast-schema-graph\">{\"@context\":\"https:\\\/\\\/schema.org\",\"@graph\":[{\"@type\":\"Article\",\"@id\":\"https:\\\/\\\/upmp.news\\\/pl\\\/pl-in-polish\\\/ksiega-wysiedlonych-1947\\\/#article\",\"isPartOf\":{\"@id\":\"https:\\\/\\\/upmp.news\\\/pl\\\/pl-in-polish\\\/ksiega-wysiedlonych-1947\\\/\"},\"author\":{\"name\":\"vladimyr\",\"@id\":\"https:\\\/\\\/upmp.news\\\/#\\\/schema\\\/person\\\/cebd3113030eb01f184505010f519d71\"},\"headline\":\"Ksi\u0119ga wysiedlonych 1947\",\"datePublished\":\"2019-09-28T08:27:53+00:00\",\"mainEntityOfPage\":{\"@id\":\"https:\\\/\\\/upmp.news\\\/pl\\\/pl-in-polish\\\/ksiega-wysiedlonych-1947\\\/\"},\"wordCount\":1129,\"image\":{\"@id\":\"https:\\\/\\\/upmp.news\\\/pl\\\/pl-in-polish\\\/ksiega-wysiedlonych-1947\\\/#primaryimage\"},\"thumbnailUrl\":\"https:\\\/\\\/upmp.news\\\/wp-content\\\/uploads\\\/2019\\\/09\\\/1-12.jpg\",\"keywords\":[\"Wis\u0142a\"],\"articleSection\":[\"Spo\u0142ecze\u0144stwo\",\"W Polsce\"],\"inLanguage\":\"pl-PL\"},{\"@type\":\"WebPage\",\"@id\":\"https:\\\/\\\/upmp.news\\\/pl\\\/pl-in-polish\\\/ksiega-wysiedlonych-1947\\\/\",\"url\":\"https:\\\/\\\/upmp.news\\\/pl\\\/pl-in-polish\\\/ksiega-wysiedlonych-1947\\\/\",\"name\":\"Ksi\u0119ga wysiedlonych 1947 &#8211; U.P.M.P\",\"isPartOf\":{\"@id\":\"https:\\\/\\\/upmp.news\\\/#website\"},\"primaryImageOfPage\":{\"@id\":\"https:\\\/\\\/upmp.news\\\/pl\\\/pl-in-polish\\\/ksiega-wysiedlonych-1947\\\/#primaryimage\"},\"image\":{\"@id\":\"https:\\\/\\\/upmp.news\\\/pl\\\/pl-in-polish\\\/ksiega-wysiedlonych-1947\\\/#primaryimage\"},\"thumbnailUrl\":\"https:\\\/\\\/upmp.news\\\/wp-content\\\/uploads\\\/2019\\\/09\\\/1-12.jpg\",\"datePublished\":\"2019-09-28T08:27:53+00:00\",\"author\":{\"@id\":\"https:\\\/\\\/upmp.news\\\/#\\\/schema\\\/person\\\/cebd3113030eb01f184505010f519d71\"},\"breadcrumb\":{\"@id\":\"https:\\\/\\\/upmp.news\\\/pl\\\/pl-in-polish\\\/ksiega-wysiedlonych-1947\\\/#breadcrumb\"},\"inLanguage\":\"pl-PL\",\"potentialAction\":[{\"@type\":\"ReadAction\",\"target\":[\"https:\\\/\\\/upmp.news\\\/pl\\\/pl-in-polish\\\/ksiega-wysiedlonych-1947\\\/\"]}]},{\"@type\":\"ImageObject\",\"inLanguage\":\"pl-PL\",\"@id\":\"https:\\\/\\\/upmp.news\\\/pl\\\/pl-in-polish\\\/ksiega-wysiedlonych-1947\\\/#primaryimage\",\"url\":\"https:\\\/\\\/upmp.news\\\/wp-content\\\/uploads\\\/2019\\\/09\\\/1-12.jpg\",\"contentUrl\":\"https:\\\/\\\/upmp.news\\\/wp-content\\\/uploads\\\/2019\\\/09\\\/1-12.jpg\",\"width\":1454,\"height\":540},{\"@type\":\"BreadcrumbList\",\"@id\":\"https:\\\/\\\/upmp.news\\\/pl\\\/pl-in-polish\\\/ksiega-wysiedlonych-1947\\\/#breadcrumb\",\"itemListElement\":[{\"@type\":\"ListItem\",\"position\":1,\"name\":\"Home\",\"item\":\"https:\\\/\\\/upmp.news\\\/\"},{\"@type\":\"ListItem\",\"position\":2,\"name\":\"Ksi\u0119ga wysiedlonych 1947\"}]},{\"@type\":\"WebSite\",\"@id\":\"https:\\\/\\\/upmp.news\\\/#website\",\"url\":\"https:\\\/\\\/upmp.news\\\/\",\"name\":\"U.P.M.P\",\"description\":\"\u0423\u043a\u0440\u0430\u0457\u043d\u043e-\u043f\u043e\u043b\u044c\u0441\u044c\u043a\u0430 \u043c\u0435\u0434\u0456\u0430\u043f\u043b\u0430\u0442\u0444\u043e\u0440\u043c\u0430\",\"potentialAction\":[{\"@type\":\"SearchAction\",\"target\":{\"@type\":\"EntryPoint\",\"urlTemplate\":\"https:\\\/\\\/upmp.news\\\/?s={search_term_string}\"},\"query-input\":{\"@type\":\"PropertyValueSpecification\",\"valueRequired\":true,\"valueName\":\"search_term_string\"}}],\"inLanguage\":\"pl-PL\"},{\"@type\":\"Person\",\"@id\":\"https:\\\/\\\/upmp.news\\\/#\\\/schema\\\/person\\\/cebd3113030eb01f184505010f519d71\",\"name\":\"vladimyr\",\"image\":{\"@type\":\"ImageObject\",\"inLanguage\":\"pl-PL\",\"@id\":\"https:\\\/\\\/upmp.news\\\/wp-content\\\/uploads\\\/2017\\\/12\\\/ava.png\",\"url\":\"https:\\\/\\\/upmp.news\\\/wp-content\\\/uploads\\\/2017\\\/12\\\/ava.png\",\"contentUrl\":\"https:\\\/\\\/upmp.news\\\/wp-content\\\/uploads\\\/2017\\\/12\\\/ava.png\",\"caption\":\"vladimyr\"},\"url\":\"https:\\\/\\\/upmp.news\\\/pl\\\/author\\\/vladimyr\\\/\"}]}<\/script>\n<!-- \/ Yoast SEO plugin. -->","yoast_head_json":{"title":"Ksi\u0119ga wysiedlonych 1947 &#8211; U.P.M.P","robots":{"index":"index","follow":"follow","max-snippet":"max-snippet:-1","max-image-preview":"max-image-preview:large","max-video-preview":"max-video-preview:-1"},"canonical":"https:\/\/upmp.news\/pl\/pl-in-polish\/ksiega-wysiedlonych-1947\/","og_locale":"pl_PL","og_type":"article","og_title":"Ksi\u0119ga wysiedlonych 1947 &#8211; U.P.M.P","og_description":"Ocali\u0107 od zapomnienia imiona i nazwiska 150 tys. Ukrai\u0144c\u00f3w wysiedlonych w 1947 r. w Akcji \u201eWis\u0142a\u201d. Informuje o tym Upmp.news powo\u0142uj\u0105c si\u0119 na Emisilo.pl. Pomys\u0142 opracowania \u201eKsi\u0119gi wysiedlonych 1947\u201d zrodzi\u0142 si\u0119 podczas prac nad ksi\u0105\u017ck\u0105 Akcja \u201eWis\u0142a\u201d. W\u015br\u00f3d tysi\u0119cy r\u00f3\u017cnych dokument\u00f3w Grupy Operacyjnej \u201eWis\u0142a\u201d, Pa\u0144stwowego Urz\u0119du Repatriacyjnego, Ministerstwa Bezpiecze\u0144stwa Publicznego i Ministerstwa Ziem Odzyskanych, odnalezionych [&hellip;]","og_url":"https:\/\/upmp.news\/pl\/pl-in-polish\/ksiega-wysiedlonych-1947\/","og_site_name":"U.P.M.P","article_publisher":"https:\/\/www.facebook.com\/upmp.news\/","article_published_time":"2019-09-28T08:27:53+00:00","og_image":[{"width":1454,"height":540,"url":"https:\/\/upmp.news\/wp-content\/uploads\/2019\/09\/1-12.jpg","type":"image\/jpeg"}],"author":"vladimyr","twitter_card":"summary_large_image","twitter_creator":"@maininua","twitter_site":"@maininua","twitter_misc":{"Napisane przez":"vladimyr","Szacowany czas czytania":"6 minut"},"schema":{"@context":"https:\/\/schema.org","@graph":[{"@type":"Article","@id":"https:\/\/upmp.news\/pl\/pl-in-polish\/ksiega-wysiedlonych-1947\/#article","isPartOf":{"@id":"https:\/\/upmp.news\/pl\/pl-in-polish\/ksiega-wysiedlonych-1947\/"},"author":{"name":"vladimyr","@id":"https:\/\/upmp.news\/#\/schema\/person\/cebd3113030eb01f184505010f519d71"},"headline":"Ksi\u0119ga wysiedlonych 1947","datePublished":"2019-09-28T08:27:53+00:00","mainEntityOfPage":{"@id":"https:\/\/upmp.news\/pl\/pl-in-polish\/ksiega-wysiedlonych-1947\/"},"wordCount":1129,"image":{"@id":"https:\/\/upmp.news\/pl\/pl-in-polish\/ksiega-wysiedlonych-1947\/#primaryimage"},"thumbnailUrl":"https:\/\/upmp.news\/wp-content\/uploads\/2019\/09\/1-12.jpg","keywords":["Wis\u0142a"],"articleSection":["Spo\u0142ecze\u0144stwo","W Polsce"],"inLanguage":"pl-PL"},{"@type":"WebPage","@id":"https:\/\/upmp.news\/pl\/pl-in-polish\/ksiega-wysiedlonych-1947\/","url":"https:\/\/upmp.news\/pl\/pl-in-polish\/ksiega-wysiedlonych-1947\/","name":"Ksi\u0119ga wysiedlonych 1947 &#8211; U.P.M.P","isPartOf":{"@id":"https:\/\/upmp.news\/#website"},"primaryImageOfPage":{"@id":"https:\/\/upmp.news\/pl\/pl-in-polish\/ksiega-wysiedlonych-1947\/#primaryimage"},"image":{"@id":"https:\/\/upmp.news\/pl\/pl-in-polish\/ksiega-wysiedlonych-1947\/#primaryimage"},"thumbnailUrl":"https:\/\/upmp.news\/wp-content\/uploads\/2019\/09\/1-12.jpg","datePublished":"2019-09-28T08:27:53+00:00","author":{"@id":"https:\/\/upmp.news\/#\/schema\/person\/cebd3113030eb01f184505010f519d71"},"breadcrumb":{"@id":"https:\/\/upmp.news\/pl\/pl-in-polish\/ksiega-wysiedlonych-1947\/#breadcrumb"},"inLanguage":"pl-PL","potentialAction":[{"@type":"ReadAction","target":["https:\/\/upmp.news\/pl\/pl-in-polish\/ksiega-wysiedlonych-1947\/"]}]},{"@type":"ImageObject","inLanguage":"pl-PL","@id":"https:\/\/upmp.news\/pl\/pl-in-polish\/ksiega-wysiedlonych-1947\/#primaryimage","url":"https:\/\/upmp.news\/wp-content\/uploads\/2019\/09\/1-12.jpg","contentUrl":"https:\/\/upmp.news\/wp-content\/uploads\/2019\/09\/1-12.jpg","width":1454,"height":540},{"@type":"BreadcrumbList","@id":"https:\/\/upmp.news\/pl\/pl-in-polish\/ksiega-wysiedlonych-1947\/#breadcrumb","itemListElement":[{"@type":"ListItem","position":1,"name":"Home","item":"https:\/\/upmp.news\/"},{"@type":"ListItem","position":2,"name":"Ksi\u0119ga wysiedlonych 1947"}]},{"@type":"WebSite","@id":"https:\/\/upmp.news\/#website","url":"https:\/\/upmp.news\/","name":"U.P.M.P","description":"\u0423\u043a\u0440\u0430\u0457\u043d\u043e-\u043f\u043e\u043b\u044c\u0441\u044c\u043a\u0430 \u043c\u0435\u0434\u0456\u0430\u043f\u043b\u0430\u0442\u0444\u043e\u0440\u043c\u0430","potentialAction":[{"@type":"SearchAction","target":{"@type":"EntryPoint","urlTemplate":"https:\/\/upmp.news\/?s={search_term_string}"},"query-input":{"@type":"PropertyValueSpecification","valueRequired":true,"valueName":"search_term_string"}}],"inLanguage":"pl-PL"},{"@type":"Person","@id":"https:\/\/upmp.news\/#\/schema\/person\/cebd3113030eb01f184505010f519d71","name":"vladimyr","image":{"@type":"ImageObject","inLanguage":"pl-PL","@id":"https:\/\/upmp.news\/wp-content\/uploads\/2017\/12\/ava.png","url":"https:\/\/upmp.news\/wp-content\/uploads\/2017\/12\/ava.png","contentUrl":"https:\/\/upmp.news\/wp-content\/uploads\/2017\/12\/ava.png","caption":"vladimyr"},"url":"https:\/\/upmp.news\/pl\/author\/vladimyr\/"}]}},"_links":{"self":[{"href":"https:\/\/upmp.news\/pl\/wp-json\/wp\/v2\/posts\/64173","targetHints":{"allow":["GET"]}}],"collection":[{"href":"https:\/\/upmp.news\/pl\/wp-json\/wp\/v2\/posts"}],"about":[{"href":"https:\/\/upmp.news\/pl\/wp-json\/wp\/v2\/types\/post"}],"author":[{"embeddable":true,"href":"https:\/\/upmp.news\/pl\/wp-json\/wp\/v2\/users\/27"}],"replies":[{"embeddable":true,"href":"https:\/\/upmp.news\/pl\/wp-json\/wp\/v2\/comments?post=64173"}],"version-history":[{"count":1,"href":"https:\/\/upmp.news\/pl\/wp-json\/wp\/v2\/posts\/64173\/revisions"}],"predecessor-version":[{"id":64188,"href":"https:\/\/upmp.news\/pl\/wp-json\/wp\/v2\/posts\/64173\/revisions\/64188"}],"wp:featuredmedia":[{"embeddable":true,"href":"https:\/\/upmp.news\/pl\/wp-json\/wp\/v2\/media\/64176"}],"wp:attachment":[{"href":"https:\/\/upmp.news\/pl\/wp-json\/wp\/v2\/media?parent=64173"}],"wp:term":[{"taxonomy":"category","embeddable":true,"href":"https:\/\/upmp.news\/pl\/wp-json\/wp\/v2\/categories?post=64173"},{"taxonomy":"post_tag","embeddable":true,"href":"https:\/\/upmp.news\/pl\/wp-json\/wp\/v2\/tags?post=64173"}],"curies":[{"name":"wp","href":"https:\/\/api.w.org\/{rel}","templated":true}]}}