{"id":77165,"date":"2020-04-23T10:01:49","date_gmt":"2020-04-23T08:01:49","guid":{"rendered":"https:\/\/upmp.news\/?p=77165"},"modified":"2020-04-23T10:02:34","modified_gmt":"2020-04-23T08:02:34","slug":"bezplatny-webinar-smierc-przedsiebiorcy-co-dalej-z-firma","status":"publish","type":"post","link":"https:\/\/upmp.news\/pl\/ua-in-polish\/bezplatny-webinar-smierc-przedsiebiorcy-co-dalej-z-firma\/","title":{"rendered":"BEZP\u0141ATNY WEBINAR. \u015amier\u0107 przedsi\u0119biorcy, co dalej z firm\u0105?"},"content":{"rendered":"\n<h4 class=\"wp-block-heading\">BEZP\u0141ATNY WEBINAR. \u015amier\u0107 przedsi\u0119biorcy, co dalej z firm\u0105? <strong>Informuje o <a href=\"https:\/\/upmp.news\/pl\/post_blog\/bezplatny-webinar-smierc-przedsiebiorcy-co-dalej-z-firma\/\">tym<\/a> Upmp.news<\/strong>.<\/h4>\n\n\n\n<p>KIEDY:&nbsp;2020-04-23 <\/p>\n\n\n\n<p>GODZINA:&nbsp;11:00\nOd kilku lat obowi\u0105zuj\u0105 przepisy o zarz\u0105dzie sukcesyjnym.&nbsp;\nW\n oparciu o nie, je\u017celi przedsi\u0119biorca prowadz\u0105cy firm\u0119 w postaci \njednoosobowej dzia\u0142alno\u015bci gospodarczej ustanowi zarz\u0105dc\u0119 sukcesyjnego \nlub je\u017celi taki zarz\u0105dca ustanowiony zostanie przez spadkobierc\u00f3w firma \nnie przestaje istnie\u0107.&nbsp;\n&nbsp;\nW\u015br\u00f3d przedsi\u0119biorc\u00f3w utar\u0142 si\u0119 pogl\u0105d, \u017ce je\u017celi ustanowi\u0105 zarz\u0105dc\u0119, to mog\u0105 spa\u0107 spokojnie.\n&nbsp;\n\n<\/p>\n\n\n\n<ul class=\"wp-block-list\"><li>Jednak czy na pewno jest to w\u0142a\u015bciwe podej\u015bcie?<\/li><li>Jak wygl\u0105da sukcesja firmy w praktyce?<\/li><li>Czy ustanowi\u0107 nadzorc\u0119 za \u017cycia czy pozostawi\u0107 to spadkobiercom?<\/li><li>W jaki spos\u00f3b nadzorca przeka\u017ce firm\u0119 nast\u0119pcom prawnym i jakie b\u0119d\u0105 tego koszy?<\/li><li>Czy ustanowienie zarz\u0105du sukcesyjnego rozwi\u0105zuje problemy dziedziczenia firmy?<\/li><\/ul>\n\n\n\n<p>\nNa\n te i inne pytania w zakresie dziedziczenia przedsi\u0119biorstwa \nprowadzonego w formie jednoosobowej dzia\u0142alno\u015bci gospodarczej odpowie \nMariusz Tywoniuk nasz ekspert i wieloletni praktyk w zakresie prawa \nobrotu gospodarczego.\n<\/p>\n\n\n\n<div class=\"wp-block-image\"><figure class=\"aligncenter size-large\"><img loading=\"lazy\" decoding=\"async\" width=\"600\" height=\"314\" src=\"https:\/\/upmp.news\/wp-content\/uploads\/2020\/04\/unnamed.jpg\" alt=\"\" class=\"wp-image-77160\" srcset=\"https:\/\/upmp.news\/wp-content\/uploads\/2020\/04\/unnamed.jpg 600w, https:\/\/upmp.news\/wp-content\/uploads\/2020\/04\/unnamed-300x157.jpg 300w, https:\/\/upmp.news\/wp-content\/uploads\/2020\/04\/unnamed-310x162.jpg 310w\" sizes=\"auto, (max-width: 600px) 100vw, 600px\" \/><\/figure><\/div>\n\n\n\n<p><strong>Mariusz Tywoniuk<\/strong> <\/p>\n\n\n\n<p>Wsp\u00f3lnik Kancelarii Prawnej TYWONIUK &amp; LEWANDOWSKI, prokurent w Grupie OCG, Prezes Zarz\u0105du Fundacji IUSTUS,\u00a0 Prawnik  i mediator, od ponad 20-tu lat specjalizuje si\u0119 w prawie obrotu  gospodarczego,\u00a0w szczeg\u00f3lno\u015bci: przekszta\u0142ceniu podmiot\u00f3w prawa  handlowego, proces\u00f3w naprawczych, restrukturyzacyjnych, fuzji\u00a0 i przej\u0119\u0107  krajowych oraz zagranicznych, a tak\u017ce przygotowania\u00a0i sprzeda\u017cy sp\u00f3\u0142ek  handlowych oraz windykacji nale\u017cno\u015bci. W  2015 roku wyr\u00f3\u017cniony przez Bank \u015awiatowy dyplomem uznania od za wk\u0142ad w  rozw\u00f3j przedsi\u0119biorczo\u015bci, a w roku 2018 Polsko Ukrai\u0144sk\u0105 Bu\u0142aw\u0105  Gospodarcz\u0105 za wybitne dzia\u0142ania na rzecz rozwoju polsko \u2013 ukrai\u0144skiej  wsp\u00f3\u0142pracy gospodarczej. Wsp\u00f3\u0142pracuje r\u00f3wnie\u017c z najbardziej znacz\u0105cymi  kancelariami adwokackimi w Rosji co pozwala skutecznie wspiera\u0107  inwestycje w Federacji Rosyjskiej. <\/p>\n\n\n\n<p><strong>Logowanie na bezp\u0142\u0105tny webinar pod linkiem:\u00a0<a rel=\"noreferrer noopener\" href=\"https:\/\/mtywoniuk-d3fa6.gr8.com\/\" target=\"_blank\">https:\/\/mtywoniuk-d3fa6.gr8.com\/<\/a><\/strong><\/p>\n<div class=\"newspaper-x-tags\"><strong><\/strong><span><a href=\"https:\/\/upmp.news\/pl\/tag\/mariusz-tywoniuk\/\" rel=\"tag\">Mariusz Tywoniuk<\/a> <\/div>","protected":false},"excerpt":{"rendered":"<p>BEZP\u0141ATNY WEBINAR. \u015amier\u0107 przedsi\u0119biorcy, co dalej z firm\u0105? Informuje o tym Upmp.news. KIEDY:&nbsp;2020-04-23 GODZINA:&nbsp;11:00 Od kilku lat obowi\u0105zuj\u0105 przepisy o zarz\u0105dzie sukcesyjnym.&nbsp; W oparciu o nie, je\u017celi przedsi\u0119biorca prowadz\u0105cy firm\u0119 w postaci jednoosobowej dzia\u0142alno\u015bci gospodarczej ustanowi zarz\u0105dc\u0119 sukcesyjnego lub je\u017celi taki zarz\u0105dca ustanowiony zostanie przez spadkobierc\u00f3w firma nie przestaje istnie\u0107.&nbsp; &nbsp; W\u015br\u00f3d przedsi\u0119biorc\u00f3w utar\u0142 si\u0119 [&hellip;]<\/p>\n","protected":false},"author":27,"featured_media":77160,"comment_status":"closed","ping_status":"open","sticky":false,"template":"","format":"standard","meta":{"_exactmetrics_skip_tracking":false,"_exactmetrics_sitenote_active":false,"_exactmetrics_sitenote_note":"","_exactmetrics_sitenote_category":0,"footnotes":""},"categories":[2195,2209],"tags":[4122],"class_list":["post-77165","post","type-post","status-publish","format-standard","has-post-thumbnail","hentry","category-ua-in-polish","category-ua-suspilstvo-pl","tag-mariusz-tywoniuk"],"yoast_head":"<!-- This site is optimized with the Yoast SEO plugin v27.3 - https:\/\/yoast.com\/product\/yoast-seo-wordpress\/ -->\n<title>BEZP\u0141ATNY WEBINAR. \u015amier\u0107 przedsi\u0119biorcy, co dalej z firm\u0105? &#8211; U.P.M.P<\/title>\n<meta name=\"description\" content=\"Mariusz Tywoniuk: BEZP\u0141ATNY WEBINAR. \u015amier\u0107 przedsi\u0119biorcy, co dalej z firm\u0105?\" \/>\n<meta name=\"robots\" content=\"index, follow, max-snippet:-1, max-image-preview:large, max-video-preview:-1\" \/>\n<link rel=\"canonical\" href=\"https:\/\/upmp.news\/pl\/ua-in-polish\/bezplatny-webinar-smierc-przedsiebiorcy-co-dalej-z-firma\/\" \/>\n<meta property=\"og:locale\" content=\"pl_PL\" \/>\n<meta property=\"og:type\" content=\"article\" \/>\n<meta property=\"og:title\" content=\"BEZP\u0141ATNY WEBINAR. \u015amier\u0107 przedsi\u0119biorcy, co dalej z firm\u0105? &#8211; U.P.M.P\" \/>\n<meta property=\"og:description\" content=\"Mariusz Tywoniuk: BEZP\u0141ATNY WEBINAR. \u015amier\u0107 przedsi\u0119biorcy, co dalej z firm\u0105?\" \/>\n<meta property=\"og:url\" content=\"https:\/\/upmp.news\/pl\/ua-in-polish\/bezplatny-webinar-smierc-przedsiebiorcy-co-dalej-z-firma\/\" \/>\n<meta property=\"og:site_name\" content=\"U.P.M.P\" \/>\n<meta property=\"article:publisher\" content=\"https:\/\/www.facebook.com\/upmp.news\/\" \/>\n<meta property=\"article:published_time\" content=\"2020-04-23T08:01:49+00:00\" \/>\n<meta property=\"article:modified_time\" content=\"2020-04-23T08:02:34+00:00\" \/>\n<meta property=\"og:image\" content=\"https:\/\/upmp.news\/wp-content\/uploads\/2020\/04\/unnamed.jpg\" \/>\n\t<meta property=\"og:image:width\" content=\"600\" \/>\n\t<meta property=\"og:image:height\" content=\"314\" \/>\n\t<meta property=\"og:image:type\" content=\"image\/jpeg\" \/>\n<meta name=\"author\" content=\"vladimyr\" \/>\n<meta name=\"twitter:card\" content=\"summary_large_image\" \/>\n<meta name=\"twitter:creator\" content=\"@maininua\" \/>\n<meta name=\"twitter:site\" content=\"@maininua\" \/>\n<meta name=\"twitter:label1\" content=\"Napisane przez\" \/>\n\t<meta name=\"twitter:data1\" content=\"vladimyr\" \/>\n\t<meta name=\"twitter:label2\" content=\"Szacowany czas czytania\" \/>\n\t<meta name=\"twitter:data2\" content=\"2 minuty\" \/>\n<script type=\"application\/ld+json\" class=\"yoast-schema-graph\">{\"@context\":\"https:\\\/\\\/schema.org\",\"@graph\":[{\"@type\":\"Article\",\"@id\":\"https:\\\/\\\/upmp.news\\\/pl\\\/ua-in-polish\\\/bezplatny-webinar-smierc-przedsiebiorcy-co-dalej-z-firma\\\/#article\",\"isPartOf\":{\"@id\":\"https:\\\/\\\/upmp.news\\\/pl\\\/ua-in-polish\\\/bezplatny-webinar-smierc-przedsiebiorcy-co-dalej-z-firma\\\/\"},\"author\":{\"name\":\"vladimyr\",\"@id\":\"https:\\\/\\\/upmp.news\\\/#\\\/schema\\\/person\\\/cebd3113030eb01f184505010f519d71\"},\"headline\":\"BEZP\u0141ATNY WEBINAR. \u015amier\u0107 przedsi\u0119biorcy, co dalej z firm\u0105?\",\"datePublished\":\"2020-04-23T08:01:49+00:00\",\"dateModified\":\"2020-04-23T08:02:34+00:00\",\"mainEntityOfPage\":{\"@id\":\"https:\\\/\\\/upmp.news\\\/pl\\\/ua-in-polish\\\/bezplatny-webinar-smierc-przedsiebiorcy-co-dalej-z-firma\\\/\"},\"wordCount\":326,\"image\":{\"@id\":\"https:\\\/\\\/upmp.news\\\/pl\\\/ua-in-polish\\\/bezplatny-webinar-smierc-przedsiebiorcy-co-dalej-z-firma\\\/#primaryimage\"},\"thumbnailUrl\":\"https:\\\/\\\/upmp.news\\\/wp-content\\\/uploads\\\/2020\\\/04\\\/unnamed.jpg\",\"keywords\":[\"Mariusz Tywoniuk\"],\"articleSection\":[\"\u0412 \u041f\u043e\u043b\u044c\u0449\u0456\",\"\u0421\u0443\u0441\u043f\u0456\u043b\u044c\u0441\u0442\u0432\u043e\"],\"inLanguage\":\"pl-PL\"},{\"@type\":\"WebPage\",\"@id\":\"https:\\\/\\\/upmp.news\\\/pl\\\/ua-in-polish\\\/bezplatny-webinar-smierc-przedsiebiorcy-co-dalej-z-firma\\\/\",\"url\":\"https:\\\/\\\/upmp.news\\\/pl\\\/ua-in-polish\\\/bezplatny-webinar-smierc-przedsiebiorcy-co-dalej-z-firma\\\/\",\"name\":\"BEZP\u0141ATNY WEBINAR. \u015amier\u0107 przedsi\u0119biorcy, co dalej z firm\u0105? &#8211; U.P.M.P\",\"isPartOf\":{\"@id\":\"https:\\\/\\\/upmp.news\\\/#website\"},\"primaryImageOfPage\":{\"@id\":\"https:\\\/\\\/upmp.news\\\/pl\\\/ua-in-polish\\\/bezplatny-webinar-smierc-przedsiebiorcy-co-dalej-z-firma\\\/#primaryimage\"},\"image\":{\"@id\":\"https:\\\/\\\/upmp.news\\\/pl\\\/ua-in-polish\\\/bezplatny-webinar-smierc-przedsiebiorcy-co-dalej-z-firma\\\/#primaryimage\"},\"thumbnailUrl\":\"https:\\\/\\\/upmp.news\\\/wp-content\\\/uploads\\\/2020\\\/04\\\/unnamed.jpg\",\"datePublished\":\"2020-04-23T08:01:49+00:00\",\"dateModified\":\"2020-04-23T08:02:34+00:00\",\"author\":{\"@id\":\"https:\\\/\\\/upmp.news\\\/#\\\/schema\\\/person\\\/cebd3113030eb01f184505010f519d71\"},\"description\":\"Mariusz Tywoniuk: BEZP\u0141ATNY WEBINAR. \u015amier\u0107 przedsi\u0119biorcy, co dalej z firm\u0105?\",\"breadcrumb\":{\"@id\":\"https:\\\/\\\/upmp.news\\\/pl\\\/ua-in-polish\\\/bezplatny-webinar-smierc-przedsiebiorcy-co-dalej-z-firma\\\/#breadcrumb\"},\"inLanguage\":\"pl-PL\",\"potentialAction\":[{\"@type\":\"ReadAction\",\"target\":[\"https:\\\/\\\/upmp.news\\\/pl\\\/ua-in-polish\\\/bezplatny-webinar-smierc-przedsiebiorcy-co-dalej-z-firma\\\/\"]}]},{\"@type\":\"ImageObject\",\"inLanguage\":\"pl-PL\",\"@id\":\"https:\\\/\\\/upmp.news\\\/pl\\\/ua-in-polish\\\/bezplatny-webinar-smierc-przedsiebiorcy-co-dalej-z-firma\\\/#primaryimage\",\"url\":\"https:\\\/\\\/upmp.news\\\/wp-content\\\/uploads\\\/2020\\\/04\\\/unnamed.jpg\",\"contentUrl\":\"https:\\\/\\\/upmp.news\\\/wp-content\\\/uploads\\\/2020\\\/04\\\/unnamed.jpg\",\"width\":600,\"height\":314},{\"@type\":\"BreadcrumbList\",\"@id\":\"https:\\\/\\\/upmp.news\\\/pl\\\/ua-in-polish\\\/bezplatny-webinar-smierc-przedsiebiorcy-co-dalej-z-firma\\\/#breadcrumb\",\"itemListElement\":[{\"@type\":\"ListItem\",\"position\":1,\"name\":\"Home\",\"item\":\"https:\\\/\\\/upmp.news\\\/\"},{\"@type\":\"ListItem\",\"position\":2,\"name\":\"BEZP\u0141ATNY WEBINAR. \u015amier\u0107 przedsi\u0119biorcy, co dalej z firm\u0105?\"}]},{\"@type\":\"WebSite\",\"@id\":\"https:\\\/\\\/upmp.news\\\/#website\",\"url\":\"https:\\\/\\\/upmp.news\\\/\",\"name\":\"U.P.M.P\",\"description\":\"\u0423\u043a\u0440\u0430\u0457\u043d\u043e-\u043f\u043e\u043b\u044c\u0441\u044c\u043a\u0430 \u043c\u0435\u0434\u0456\u0430\u043f\u043b\u0430\u0442\u0444\u043e\u0440\u043c\u0430\",\"potentialAction\":[{\"@type\":\"SearchAction\",\"target\":{\"@type\":\"EntryPoint\",\"urlTemplate\":\"https:\\\/\\\/upmp.news\\\/?s={search_term_string}\"},\"query-input\":{\"@type\":\"PropertyValueSpecification\",\"valueRequired\":true,\"valueName\":\"search_term_string\"}}],\"inLanguage\":\"pl-PL\"},{\"@type\":\"Person\",\"@id\":\"https:\\\/\\\/upmp.news\\\/#\\\/schema\\\/person\\\/cebd3113030eb01f184505010f519d71\",\"name\":\"vladimyr\",\"image\":{\"@type\":\"ImageObject\",\"inLanguage\":\"pl-PL\",\"@id\":\"https:\\\/\\\/upmp.news\\\/wp-content\\\/uploads\\\/2017\\\/12\\\/ava.png\",\"url\":\"https:\\\/\\\/upmp.news\\\/wp-content\\\/uploads\\\/2017\\\/12\\\/ava.png\",\"contentUrl\":\"https:\\\/\\\/upmp.news\\\/wp-content\\\/uploads\\\/2017\\\/12\\\/ava.png\",\"caption\":\"vladimyr\"},\"url\":\"https:\\\/\\\/upmp.news\\\/pl\\\/author\\\/vladimyr\\\/\"}]}<\/script>\n<!-- \/ Yoast SEO plugin. -->","yoast_head_json":{"title":"BEZP\u0141ATNY WEBINAR. \u015amier\u0107 przedsi\u0119biorcy, co dalej z firm\u0105? &#8211; U.P.M.P","description":"Mariusz Tywoniuk: BEZP\u0141ATNY WEBINAR. \u015amier\u0107 przedsi\u0119biorcy, co dalej z firm\u0105?","robots":{"index":"index","follow":"follow","max-snippet":"max-snippet:-1","max-image-preview":"max-image-preview:large","max-video-preview":"max-video-preview:-1"},"canonical":"https:\/\/upmp.news\/pl\/ua-in-polish\/bezplatny-webinar-smierc-przedsiebiorcy-co-dalej-z-firma\/","og_locale":"pl_PL","og_type":"article","og_title":"BEZP\u0141ATNY WEBINAR. \u015amier\u0107 przedsi\u0119biorcy, co dalej z firm\u0105? &#8211; U.P.M.P","og_description":"Mariusz Tywoniuk: BEZP\u0141ATNY WEBINAR. \u015amier\u0107 przedsi\u0119biorcy, co dalej z firm\u0105?","og_url":"https:\/\/upmp.news\/pl\/ua-in-polish\/bezplatny-webinar-smierc-przedsiebiorcy-co-dalej-z-firma\/","og_site_name":"U.P.M.P","article_publisher":"https:\/\/www.facebook.com\/upmp.news\/","article_published_time":"2020-04-23T08:01:49+00:00","article_modified_time":"2020-04-23T08:02:34+00:00","og_image":[{"width":600,"height":314,"url":"https:\/\/upmp.news\/wp-content\/uploads\/2020\/04\/unnamed.jpg","type":"image\/jpeg"}],"author":"vladimyr","twitter_card":"summary_large_image","twitter_creator":"@maininua","twitter_site":"@maininua","twitter_misc":{"Napisane przez":"vladimyr","Szacowany czas czytania":"2 minuty"},"schema":{"@context":"https:\/\/schema.org","@graph":[{"@type":"Article","@id":"https:\/\/upmp.news\/pl\/ua-in-polish\/bezplatny-webinar-smierc-przedsiebiorcy-co-dalej-z-firma\/#article","isPartOf":{"@id":"https:\/\/upmp.news\/pl\/ua-in-polish\/bezplatny-webinar-smierc-przedsiebiorcy-co-dalej-z-firma\/"},"author":{"name":"vladimyr","@id":"https:\/\/upmp.news\/#\/schema\/person\/cebd3113030eb01f184505010f519d71"},"headline":"BEZP\u0141ATNY WEBINAR. \u015amier\u0107 przedsi\u0119biorcy, co dalej z firm\u0105?","datePublished":"2020-04-23T08:01:49+00:00","dateModified":"2020-04-23T08:02:34+00:00","mainEntityOfPage":{"@id":"https:\/\/upmp.news\/pl\/ua-in-polish\/bezplatny-webinar-smierc-przedsiebiorcy-co-dalej-z-firma\/"},"wordCount":326,"image":{"@id":"https:\/\/upmp.news\/pl\/ua-in-polish\/bezplatny-webinar-smierc-przedsiebiorcy-co-dalej-z-firma\/#primaryimage"},"thumbnailUrl":"https:\/\/upmp.news\/wp-content\/uploads\/2020\/04\/unnamed.jpg","keywords":["Mariusz Tywoniuk"],"articleSection":["\u0412 \u041f\u043e\u043b\u044c\u0449\u0456","\u0421\u0443\u0441\u043f\u0456\u043b\u044c\u0441\u0442\u0432\u043e"],"inLanguage":"pl-PL"},{"@type":"WebPage","@id":"https:\/\/upmp.news\/pl\/ua-in-polish\/bezplatny-webinar-smierc-przedsiebiorcy-co-dalej-z-firma\/","url":"https:\/\/upmp.news\/pl\/ua-in-polish\/bezplatny-webinar-smierc-przedsiebiorcy-co-dalej-z-firma\/","name":"BEZP\u0141ATNY WEBINAR. \u015amier\u0107 przedsi\u0119biorcy, co dalej z firm\u0105? &#8211; U.P.M.P","isPartOf":{"@id":"https:\/\/upmp.news\/#website"},"primaryImageOfPage":{"@id":"https:\/\/upmp.news\/pl\/ua-in-polish\/bezplatny-webinar-smierc-przedsiebiorcy-co-dalej-z-firma\/#primaryimage"},"image":{"@id":"https:\/\/upmp.news\/pl\/ua-in-polish\/bezplatny-webinar-smierc-przedsiebiorcy-co-dalej-z-firma\/#primaryimage"},"thumbnailUrl":"https:\/\/upmp.news\/wp-content\/uploads\/2020\/04\/unnamed.jpg","datePublished":"2020-04-23T08:01:49+00:00","dateModified":"2020-04-23T08:02:34+00:00","author":{"@id":"https:\/\/upmp.news\/#\/schema\/person\/cebd3113030eb01f184505010f519d71"},"description":"Mariusz Tywoniuk: BEZP\u0141ATNY WEBINAR. \u015amier\u0107 przedsi\u0119biorcy, co dalej z firm\u0105?","breadcrumb":{"@id":"https:\/\/upmp.news\/pl\/ua-in-polish\/bezplatny-webinar-smierc-przedsiebiorcy-co-dalej-z-firma\/#breadcrumb"},"inLanguage":"pl-PL","potentialAction":[{"@type":"ReadAction","target":["https:\/\/upmp.news\/pl\/ua-in-polish\/bezplatny-webinar-smierc-przedsiebiorcy-co-dalej-z-firma\/"]}]},{"@type":"ImageObject","inLanguage":"pl-PL","@id":"https:\/\/upmp.news\/pl\/ua-in-polish\/bezplatny-webinar-smierc-przedsiebiorcy-co-dalej-z-firma\/#primaryimage","url":"https:\/\/upmp.news\/wp-content\/uploads\/2020\/04\/unnamed.jpg","contentUrl":"https:\/\/upmp.news\/wp-content\/uploads\/2020\/04\/unnamed.jpg","width":600,"height":314},{"@type":"BreadcrumbList","@id":"https:\/\/upmp.news\/pl\/ua-in-polish\/bezplatny-webinar-smierc-przedsiebiorcy-co-dalej-z-firma\/#breadcrumb","itemListElement":[{"@type":"ListItem","position":1,"name":"Home","item":"https:\/\/upmp.news\/"},{"@type":"ListItem","position":2,"name":"BEZP\u0141ATNY WEBINAR. \u015amier\u0107 przedsi\u0119biorcy, co dalej z firm\u0105?"}]},{"@type":"WebSite","@id":"https:\/\/upmp.news\/#website","url":"https:\/\/upmp.news\/","name":"U.P.M.P","description":"\u0423\u043a\u0440\u0430\u0457\u043d\u043e-\u043f\u043e\u043b\u044c\u0441\u044c\u043a\u0430 \u043c\u0435\u0434\u0456\u0430\u043f\u043b\u0430\u0442\u0444\u043e\u0440\u043c\u0430","potentialAction":[{"@type":"SearchAction","target":{"@type":"EntryPoint","urlTemplate":"https:\/\/upmp.news\/?s={search_term_string}"},"query-input":{"@type":"PropertyValueSpecification","valueRequired":true,"valueName":"search_term_string"}}],"inLanguage":"pl-PL"},{"@type":"Person","@id":"https:\/\/upmp.news\/#\/schema\/person\/cebd3113030eb01f184505010f519d71","name":"vladimyr","image":{"@type":"ImageObject","inLanguage":"pl-PL","@id":"https:\/\/upmp.news\/wp-content\/uploads\/2017\/12\/ava.png","url":"https:\/\/upmp.news\/wp-content\/uploads\/2017\/12\/ava.png","contentUrl":"https:\/\/upmp.news\/wp-content\/uploads\/2017\/12\/ava.png","caption":"vladimyr"},"url":"https:\/\/upmp.news\/pl\/author\/vladimyr\/"}]}},"_links":{"self":[{"href":"https:\/\/upmp.news\/pl\/wp-json\/wp\/v2\/posts\/77165","targetHints":{"allow":["GET"]}}],"collection":[{"href":"https:\/\/upmp.news\/pl\/wp-json\/wp\/v2\/posts"}],"about":[{"href":"https:\/\/upmp.news\/pl\/wp-json\/wp\/v2\/types\/post"}],"author":[{"embeddable":true,"href":"https:\/\/upmp.news\/pl\/wp-json\/wp\/v2\/users\/27"}],"replies":[{"embeddable":true,"href":"https:\/\/upmp.news\/pl\/wp-json\/wp\/v2\/comments?post=77165"}],"version-history":[{"count":1,"href":"https:\/\/upmp.news\/pl\/wp-json\/wp\/v2\/posts\/77165\/revisions"}],"predecessor-version":[{"id":77167,"href":"https:\/\/upmp.news\/pl\/wp-json\/wp\/v2\/posts\/77165\/revisions\/77167"}],"wp:featuredmedia":[{"embeddable":true,"href":"https:\/\/upmp.news\/pl\/wp-json\/wp\/v2\/media\/77160"}],"wp:attachment":[{"href":"https:\/\/upmp.news\/pl\/wp-json\/wp\/v2\/media?parent=77165"}],"wp:term":[{"taxonomy":"category","embeddable":true,"href":"https:\/\/upmp.news\/pl\/wp-json\/wp\/v2\/categories?post=77165"},{"taxonomy":"post_tag","embeddable":true,"href":"https:\/\/upmp.news\/pl\/wp-json\/wp\/v2\/tags?post=77165"}],"curies":[{"name":"wp","href":"https:\/\/api.w.org\/{rel}","templated":true}]}}